{"id":196313,"date":"2019-02-03T09:02:56","date_gmt":"2019-02-03T08:02:56","guid":{"rendered":"http:\/\/kapitalis.com\/tunisie\/?p=196313"},"modified":"2019-02-03T09:02:56","modified_gmt":"2019-02-03T08:02:56","slug":"le-poeme-du-dimanche-les-quatrains-valaisans-de-rainer-maria-rilke","status":"publish","type":"post","link":"https:\/\/kapitalis.com\/tunisie\/2019\/02\/03\/le-poeme-du-dimanche-les-quatrains-valaisans-de-rainer-maria-rilke\/","title":{"rendered":"Le po\u00e8me du dimanche : \u2018\u2018Les quatrains valaisans\u2019\u2019 de Rainer Maria Rilke"},"content":{"rendered":"<p style=\"text-align: center;\"><img loading=\"lazy\" decoding=\"async\" class=\"alignnone size-full wp-image-196314\" src=\"http:\/\/kapitalis.com\/tunisie\/wp-content\/uploads\/2019\/02\/Rainer-Maria-Rilke.jpg\" alt=\"\" width=\"626\" height=\"380\" \/><\/p>\n<p><em><strong>Rainer Maria Rilke est un \u00e9crivain autrichien. Il est surtout connu comme po\u00e8te, bien qu\u2019il ait \u00e9galement \u00e9crit un roman, \u2018\u2018Les cahiers de Malte Laurids Brigge\u2019\u2019, ainsi que des nouvelles et des pi\u00e8ces de th\u00e9\u00e2tre.<\/strong><\/em><\/p>\n<p><!--more--><\/p>\n<p>N\u00e9 le 4 d\u00e9cembre 1875 \u00e0 Prague, dans une famille qui le destine tr\u00e8s rapidement \u00e0 la carri\u00e8re des armes, mais qu\u2019il dut d\u00e9cevoir pour faire du journalisme, et mort le 30 d\u00e9cembre 1926 \u00e0 Montreux, en Suisse. Il v\u00e9cut \u00e0 Veyras de 1921 \u00e0 sa mort.<\/p>\n<p>Son amour enflamm\u00e9 pour Lou Andreas-Salom\u00e9, rencontr\u00e9e en 1896 \u2013 elle avait trente-six ans et lui vingt et un \u2013 lui inspirera ses premiers po\u00e8mes. Une amiti\u00e9 les liera jusqu\u2019\u00e0 la fin de sa vie. Il voyage en Italie puis en Russie avec Lou et son mari. Il rencontre \u00e0 cette occasion en 1899 L\u00e9on Tolsto\u00ef. Il s\u00e9journe aussi \u00e0 Paris, o\u00f9 il devient en 1905 le secr\u00e9taire de Rodin.<\/p>\n<p>De 1907 \u00e0 1910, il voyage en Alg\u00e9rie, en Tunisie et en Egypte, puis s\u00e9journe \u00e0 Berlin, en Espagne, \u00e0 Venise, \u00e0 Aix-en-Provence, Arles et Avignon (en France). Il vivra gr\u00e2ce \u00e0 l\u2019aide de plusieurs m\u00e9c\u00e8nes et, \u00e0 partir de 1919, il s\u2019installe en Suisse et compose plusieurs recueils de po\u00e9sies en fran\u00e7ais.<\/p>\n<p style=\"text-align: center;\">* * *<\/p>\n<p style=\"text-align: center;\"><strong>Avant que vous comptiez dix<\/strong><\/p>\n<p>Avant que vous comptiez dix<br \/>\ntout change : le vent \u00f4te<br \/>\ncette clart\u00e9 des hautes<br \/>\ntiges de ma\u00efs,<\/p>\n<p>pour la jeter ailleurs ;<br \/>\nelle vole, elle glisse<br \/>\nle long d&rsquo;un pr\u00e9cipice<br \/>\nvers une clart\u00e9 soeur<\/p>\n<p>qui d\u00e9j\u00e0, \u00e0 son tour,<br \/>\nprise par ce jeu rude,<br \/>\nse d\u00e9place pour<br \/>\nd&rsquo;autres altitudes.<\/p>\n<p>Et comme caress\u00e9e<br \/>\nla vaste surface reste<br \/>\n\u00e9blouie sous ces gestes<br \/>\nqui l&rsquo;avaient peut-\u00eatre form\u00e9e.<\/p>\n<p>C&rsquo;est presque l&rsquo;invisible qui luit<br \/>\nC&rsquo;est presque l&rsquo;invisible qui luit<br \/>\nau-dessus de la pente ail\u00e9e ;<br \/>\nil reste un peu d&rsquo;une claire nuit<br \/>\n\u00e0 ce jour en argent m\u00eal\u00e9e.<\/p>\n<p>Vois, la lumi\u00e8re ne p\u00e8se point<br \/>\nsur ces ob\u00e9issants contours<br \/>\net, l\u00e0-bas, ces hameaux, d&rsquo;\u00eatre loin,<br \/>\nquelqu&rsquo;un les console toujours.<\/p>\n<p style=\"text-align: center;\"><strong>Comment encore reconna\u00eetre<\/strong><\/p>\n<p>Comment encore reconna\u00eetre<br \/>\nce que fut la douce vie ?<br \/>\nEn contemplant peut-\u00eatre<br \/>\ndans ma paume l&rsquo;imagerie<\/p>\n<p>de ces lignes et de ces rides<br \/>\nque l&rsquo;on entretient<br \/>\nen fermant sur le vide<br \/>\ncette main de rien.<\/p>\n<p style=\"text-align: center;\"><strong>Comme un verre de Venise<\/strong><\/p>\n<p>Comme un verre de Venise<br \/>\nsait en naissant ce gris<br \/>\net la clart\u00e9 ind\u00e9cise<br \/>\ndont il sera \u00e9pris,<\/p>\n<p style=\"text-align: left;\">ainsi tes tendres mains<br \/>\navaient r\u00eav\u00e9 d&rsquo;avance<br \/>\nd&rsquo;\u00eatre la lente balance<br \/>\nde nos moments trop pleins.<\/p>\n<p style=\"text-align: center;\"><strong>Contr\u00e9e ancienne<\/strong><\/p>\n<p>Contr\u00e9e ancienne, aux tours qui insistent<br \/>\ntant que les carillons se souviennent -,<br \/>\naux regards qui, sans \u00eatre tristes,<br \/>\ntristement montrent leurs ombres anciennes.<\/p>\n<p>Vignes o\u00f9 tant de forces s&rsquo;\u00e9puisent<br \/>\nlorsqu&rsquo;un soleil terrible les dore &#8230;<br \/>\nEt, au loin, ces espaces qui luisent<br \/>\ncomme des avenirs qu&rsquo;on ignore.<\/p>\n<p style=\"text-align: center;\"><strong>Eros (III)<\/strong><\/p>\n<p>L\u00e0, sous la treille, parmi le feuillage<br \/>\nil nous arrive de le deviner :<br \/>\nson front rustique d&rsquo;enfant sauvage,<br \/>\net son antique bouche mutil\u00e9e &#8230;<\/p>\n<p>La grappe devant lui devient pesante<br \/>\net semble fatigu\u00e9e de sa lourdeur,<br \/>\nun court moment on fr\u00f4le l&rsquo;\u00e9pouvante<br \/>\nde cet heureux \u00e9t\u00e9 trompeur.<\/p>\n<p>Et son sourire cru, comme il l&rsquo;infuse<br \/>\n\u00e0 tous les fruits de son fier d\u00e9cor ;<br \/>\npartout autour il reconna\u00eet sa ruse<br \/>\nqui doucement le berce et l&rsquo;endort.<\/p>\n<p><em><strong>Extraits des<\/strong><\/em>\u00a0<strong><em>\u2018\u2018Quatrains valaisans\u2019\u2019.<\/em><\/strong><\/p>\n<blockquote class=\"wp-embedded-content\" data-secret=\"a2iDrHgXD6\"><p><a href=\"https:\/\/kapitalis.com\/tunisie\/2019\/01\/27\/le-poeme-du-dimanche-mithistorima-v-de-georges-seferis\/\">Le po\u00e8me du dimanche : \u2018\u2018Mithistorima V\u2019\u2019 de Georges Seferis<\/a><\/p><\/blockquote>\n<p><iframe loading=\"lazy\" class=\"wp-embedded-content\" sandbox=\"allow-scripts\" security=\"restricted\" style=\"position: absolute; clip: rect(1px, 1px, 1px, 1px);\" title=\"\u00ab\u00a0Le po\u00e8me du dimanche : \u2018\u2018Mithistorima V\u2019\u2019 de Georges Seferis\u00a0\u00bb &#8212; Kapitalis\" src=\"https:\/\/kapitalis.com\/tunisie\/2019\/01\/27\/le-poeme-du-dimanche-mithistorima-v-de-georges-seferis\/embed\/#?secret=65zueDNsf9#?secret=a2iDrHgXD6\" data-secret=\"a2iDrHgXD6\" width=\"600\" height=\"338\" frameborder=\"0\" marginwidth=\"0\" marginheight=\"0\" scrolling=\"no\"><\/iframe><\/p>\n<blockquote class=\"wp-embedded-content\" data-secret=\"jbB05tOc7M\"><p><a href=\"https:\/\/kapitalis.com\/tunisie\/2019\/01\/20\/le-poeme-du-dimanche-trois-poemes-de-georges-schehade\/\">Le po\u00e8me du dimanche : Trois po\u00e8mes de Georges Schehad\u00e9<\/a><\/p><\/blockquote>\n<p><iframe loading=\"lazy\" class=\"wp-embedded-content\" sandbox=\"allow-scripts\" security=\"restricted\" style=\"position: absolute; clip: rect(1px, 1px, 1px, 1px);\" title=\"\u00ab\u00a0Le po\u00e8me du dimanche : Trois po\u00e8mes de Georges Schehad\u00e9\u00a0\u00bb &#8212; Kapitalis\" src=\"https:\/\/kapitalis.com\/tunisie\/2019\/01\/20\/le-poeme-du-dimanche-trois-poemes-de-georges-schehade\/embed\/#?secret=0PgMlKaXRw#?secret=jbB05tOc7M\" data-secret=\"jbB05tOc7M\" width=\"600\" height=\"338\" frameborder=\"0\" marginwidth=\"0\" marginheight=\"0\" scrolling=\"no\"><\/iframe><\/p>\n<blockquote class=\"wp-embedded-content\" data-secret=\"lyz6Q7TuIq\"><p><a href=\"https:\/\/kapitalis.com\/tunisie\/2019\/01\/13\/le-poeme-du-dimanche-index-des-travaux-du-vent-dadonis\/\">Le po\u00e8me du dimanche : \u2018\u2018Index des travaux du vent\u2019\u2019 d\u2019Adonis<\/a><\/p><\/blockquote>\n<p><iframe loading=\"lazy\" class=\"wp-embedded-content\" sandbox=\"allow-scripts\" security=\"restricted\" style=\"position: absolute; clip: rect(1px, 1px, 1px, 1px);\" title=\"\u00ab\u00a0Le po\u00e8me du dimanche : \u2018\u2018Index des travaux du vent\u2019\u2019 d\u2019Adonis\u00a0\u00bb &#8212; Kapitalis\" src=\"https:\/\/kapitalis.com\/tunisie\/2019\/01\/13\/le-poeme-du-dimanche-index-des-travaux-du-vent-dadonis\/embed\/#?secret=TA3Kibq6km#?secret=lyz6Q7TuIq\" data-secret=\"lyz6Q7TuIq\" width=\"600\" height=\"338\" frameborder=\"0\" marginwidth=\"0\" marginheight=\"0\" scrolling=\"no\"><\/iframe><\/p>\n","protected":false},"excerpt":{"rendered":"<p>Rainer Maria Rilke est un \u00e9crivain autrichien. Il est surtout connu comme po\u00e8te, bien qu\u2019il ait \u00e9galement \u00e9crit un roman, \u2018\u2018Les cahiers de Malte Laurids Brigge\u2019\u2019, ainsi que des nouvelles et des pi\u00e8ces de th\u00e9\u00e2tre.<\/p>\n","protected":false},"author":8,"featured_media":196314,"comment_status":"open","ping_status":"open","sticky":false,"template":"","format":"standard","meta":{"footnotes":""},"categories":[992,994],"tags":[],"class_list":["post-196313","post","type-post","status-publish","format-standard","has-post-thumbnail","hentry","category-a-la-une","category-culture"],"yoast_head":"<!-- This site is optimized with the Yoast SEO plugin v26.6 - https:\/\/yoast.com\/wordpress\/plugins\/seo\/ -->\n<title>Le po\u00e8me du dimanche : \u2018\u2018Les quatrains valaisans\u2019\u2019 de Rainer Maria Rilke - Kapitalis<\/title>\n<meta name=\"robots\" content=\"index, follow, max-snippet:-1, max-image-preview:large, max-video-preview:-1\" \/>\n<link rel=\"canonical\" href=\"https:\/\/kapitalis.com\/tunisie\/2019\/02\/03\/le-poeme-du-dimanche-les-quatrains-valaisans-de-rainer-maria-rilke\/\" \/>\n<meta property=\"og:locale\" content=\"fr_FR\" \/>\n<meta property=\"og:type\" content=\"article\" \/>\n<meta property=\"og:title\" content=\"Le po\u00e8me du dimanche : \u2018\u2018Les quatrains valaisans\u2019\u2019 de Rainer Maria Rilke - Kapitalis\" \/>\n<meta property=\"og:description\" content=\"Rainer Maria Rilke est un \u00e9crivain autrichien. Il est surtout connu comme po\u00e8te, bien qu\u2019il ait \u00e9galement \u00e9crit un roman, \u2018\u2018Les cahiers de Malte Laurids Brigge\u2019\u2019, ainsi que des nouvelles et des pi\u00e8ces de th\u00e9\u00e2tre.\" \/>\n<meta property=\"og:url\" content=\"https:\/\/kapitalis.com\/tunisie\/2019\/02\/03\/le-poeme-du-dimanche-les-quatrains-valaisans-de-rainer-maria-rilke\/\" \/>\n<meta property=\"og:site_name\" content=\"Kapitalis\" \/>\n<meta property=\"article:publisher\" content=\"https:\/\/www.facebook.com\/KapitalisInfo\/\" \/>\n<meta property=\"article:published_time\" content=\"2019-02-03T08:02:56+00:00\" \/>\n<meta property=\"og:image\" content=\"https:\/\/kapitalis.com\/tunisie\/wp-content\/uploads\/2022\/05\/kapitalis-logo-fb.png\" \/>\n\t<meta property=\"og:image:width\" content=\"1200\" \/>\n\t<meta property=\"og:image:height\" content=\"630\" \/>\n\t<meta property=\"og:image:type\" content=\"image\/png\" \/>\n<meta name=\"author\" content=\"webmaster kapitalis\" \/>\n<meta name=\"twitter:card\" content=\"summary_large_image\" \/>\n<meta name=\"twitter:creator\" content=\"@KapitalisInfo\" \/>\n<meta name=\"twitter:site\" content=\"@KapitalisInfo\" \/>\n<meta name=\"twitter:label1\" content=\"\u00c9crit par\" \/>\n\t<meta name=\"twitter:data1\" content=\"webmaster kapitalis\" \/>\n\t<meta name=\"twitter:label2\" content=\"Dur\u00e9e de lecture estim\u00e9e\" \/>\n\t<meta name=\"twitter:data2\" content=\"3 minutes\" \/>\n<script type=\"application\/ld+json\" class=\"yoast-schema-graph\">{\"@context\":\"https:\/\/schema.org\",\"@graph\":[{\"@type\":\"Article\",\"@id\":\"https:\/\/kapitalis.com\/tunisie\/2019\/02\/03\/le-poeme-du-dimanche-les-quatrains-valaisans-de-rainer-maria-rilke\/#article\",\"isPartOf\":{\"@id\":\"https:\/\/kapitalis.com\/tunisie\/2019\/02\/03\/le-poeme-du-dimanche-les-quatrains-valaisans-de-rainer-maria-rilke\/\"},\"author\":{\"name\":\"webmaster kapitalis\",\"@id\":\"https:\/\/kapitalis.com\/tunisie\/#\/schema\/person\/d71f33a9ca44f7bad4698210b480c8e9\"},\"headline\":\"Le po\u00e8me du dimanche : \u2018\u2018Les quatrains valaisans\u2019\u2019 de Rainer Maria Rilke\",\"datePublished\":\"2019-02-03T08:02:56+00:00\",\"mainEntityOfPage\":{\"@id\":\"https:\/\/kapitalis.com\/tunisie\/2019\/02\/03\/le-poeme-du-dimanche-les-quatrains-valaisans-de-rainer-maria-rilke\/\"},\"wordCount\":579,\"commentCount\":0,\"publisher\":{\"@id\":\"https:\/\/kapitalis.com\/tunisie\/#organization\"},\"image\":{\"@id\":\"https:\/\/kapitalis.com\/tunisie\/2019\/02\/03\/le-poeme-du-dimanche-les-quatrains-valaisans-de-rainer-maria-rilke\/#primaryimage\"},\"thumbnailUrl\":\"\",\"articleSection\":[\"A LA UNE\",\"CULTURE\"],\"inLanguage\":\"fr-FR\",\"potentialAction\":[{\"@type\":\"CommentAction\",\"name\":\"Comment\",\"target\":[\"https:\/\/kapitalis.com\/tunisie\/2019\/02\/03\/le-poeme-du-dimanche-les-quatrains-valaisans-de-rainer-maria-rilke\/#respond\"]}]},{\"@type\":\"WebPage\",\"@id\":\"https:\/\/kapitalis.com\/tunisie\/2019\/02\/03\/le-poeme-du-dimanche-les-quatrains-valaisans-de-rainer-maria-rilke\/\",\"url\":\"https:\/\/kapitalis.com\/tunisie\/2019\/02\/03\/le-poeme-du-dimanche-les-quatrains-valaisans-de-rainer-maria-rilke\/\",\"name\":\"Le po\u00e8me du dimanche : \u2018\u2018Les quatrains valaisans\u2019\u2019 de Rainer Maria Rilke - Kapitalis\",\"isPartOf\":{\"@id\":\"https:\/\/kapitalis.com\/tunisie\/#website\"},\"primaryImageOfPage\":{\"@id\":\"https:\/\/kapitalis.com\/tunisie\/2019\/02\/03\/le-poeme-du-dimanche-les-quatrains-valaisans-de-rainer-maria-rilke\/#primaryimage\"},\"image\":{\"@id\":\"https:\/\/kapitalis.com\/tunisie\/2019\/02\/03\/le-poeme-du-dimanche-les-quatrains-valaisans-de-rainer-maria-rilke\/#primaryimage\"},\"thumbnailUrl\":\"\",\"datePublished\":\"2019-02-03T08:02:56+00:00\",\"breadcrumb\":{\"@id\":\"https:\/\/kapitalis.com\/tunisie\/2019\/02\/03\/le-poeme-du-dimanche-les-quatrains-valaisans-de-rainer-maria-rilke\/#breadcrumb\"},\"inLanguage\":\"fr-FR\",\"potentialAction\":[{\"@type\":\"ReadAction\",\"target\":[\"https:\/\/kapitalis.com\/tunisie\/2019\/02\/03\/le-poeme-du-dimanche-les-quatrains-valaisans-de-rainer-maria-rilke\/\"]}]},{\"@type\":\"ImageObject\",\"inLanguage\":\"fr-FR\",\"@id\":\"https:\/\/kapitalis.com\/tunisie\/2019\/02\/03\/le-poeme-du-dimanche-les-quatrains-valaisans-de-rainer-maria-rilke\/#primaryimage\",\"url\":\"\",\"contentUrl\":\"\"},{\"@type\":\"BreadcrumbList\",\"@id\":\"https:\/\/kapitalis.com\/tunisie\/2019\/02\/03\/le-poeme-du-dimanche-les-quatrains-valaisans-de-rainer-maria-rilke\/#breadcrumb\",\"itemListElement\":[{\"@type\":\"ListItem\",\"position\":1,\"name\":\"Accueil\",\"item\":\"https:\/\/kapitalis.com\/tunisie\/\"},{\"@type\":\"ListItem\",\"position\":2,\"name\":\"Le po\u00e8me du dimanche : \u2018\u2018Les quatrains valaisans\u2019\u2019 de Rainer Maria Rilke\"}]},{\"@type\":\"WebSite\",\"@id\":\"https:\/\/kapitalis.com\/tunisie\/#website\",\"url\":\"https:\/\/kapitalis.com\/tunisie\/\",\"name\":\"Kapitalis\",\"description\":\"L&#039;actualit\u00e9 en Tunisie et dans le monde\",\"publisher\":{\"@id\":\"https:\/\/kapitalis.com\/tunisie\/#organization\"},\"potentialAction\":[{\"@type\":\"SearchAction\",\"target\":{\"@type\":\"EntryPoint\",\"urlTemplate\":\"https:\/\/kapitalis.com\/tunisie\/?s={search_term_string}\"},\"query-input\":{\"@type\":\"PropertyValueSpecification\",\"valueRequired\":true,\"valueName\":\"search_term_string\"}}],\"inLanguage\":\"fr-FR\"},{\"@type\":\"Organization\",\"@id\":\"https:\/\/kapitalis.com\/tunisie\/#organization\",\"name\":\"Kapitalis\",\"url\":\"https:\/\/kapitalis.com\/tunisie\/\",\"logo\":{\"@type\":\"ImageObject\",\"inLanguage\":\"fr-FR\",\"@id\":\"https:\/\/kapitalis.com\/tunisie\/#\/schema\/logo\/image\/\",\"url\":\"https:\/\/kapitalis.com\/tunisie\/wp-content\/uploads\/2022\/05\/Kapitalis-big-size.png\",\"contentUrl\":\"https:\/\/kapitalis.com\/tunisie\/wp-content\/uploads\/2022\/05\/Kapitalis-big-size.png\",\"width\":5000,\"height\":1500,\"caption\":\"Kapitalis\"},\"image\":{\"@id\":\"https:\/\/kapitalis.com\/tunisie\/#\/schema\/logo\/image\/\"},\"sameAs\":[\"https:\/\/www.facebook.com\/KapitalisInfo\/\",\"https:\/\/x.com\/KapitalisInfo\",\"https:\/\/www.youtube.com\/channel\/UC-yDYrHyfFBWWZaOw3FPg9Q\"]},{\"@type\":\"Person\",\"@id\":\"https:\/\/kapitalis.com\/tunisie\/#\/schema\/person\/d71f33a9ca44f7bad4698210b480c8e9\",\"name\":\"webmaster kapitalis\",\"url\":\"https:\/\/kapitalis.com\/tunisie\/author\/webmaster-kapitalis\/\"}]}<\/script>\n<!-- \/ Yoast SEO plugin. -->","yoast_head_json":{"title":"Le po\u00e8me du dimanche : \u2018\u2018Les quatrains valaisans\u2019\u2019 de Rainer Maria Rilke - Kapitalis","robots":{"index":"index","follow":"follow","max-snippet":"max-snippet:-1","max-image-preview":"max-image-preview:large","max-video-preview":"max-video-preview:-1"},"canonical":"https:\/\/kapitalis.com\/tunisie\/2019\/02\/03\/le-poeme-du-dimanche-les-quatrains-valaisans-de-rainer-maria-rilke\/","og_locale":"fr_FR","og_type":"article","og_title":"Le po\u00e8me du dimanche : \u2018\u2018Les quatrains valaisans\u2019\u2019 de Rainer Maria Rilke - Kapitalis","og_description":"Rainer Maria Rilke est un \u00e9crivain autrichien. Il est surtout connu comme po\u00e8te, bien qu\u2019il ait \u00e9galement \u00e9crit un roman, \u2018\u2018Les cahiers de Malte Laurids Brigge\u2019\u2019, ainsi que des nouvelles et des pi\u00e8ces de th\u00e9\u00e2tre.","og_url":"https:\/\/kapitalis.com\/tunisie\/2019\/02\/03\/le-poeme-du-dimanche-les-quatrains-valaisans-de-rainer-maria-rilke\/","og_site_name":"Kapitalis","article_publisher":"https:\/\/www.facebook.com\/KapitalisInfo\/","article_published_time":"2019-02-03T08:02:56+00:00","og_image":[{"width":1200,"height":630,"url":"https:\/\/kapitalis.com\/tunisie\/wp-content\/uploads\/2022\/05\/kapitalis-logo-fb.png","type":"image\/png"}],"author":"webmaster kapitalis","twitter_card":"summary_large_image","twitter_creator":"@KapitalisInfo","twitter_site":"@KapitalisInfo","twitter_misc":{"\u00c9crit par":"webmaster kapitalis","Dur\u00e9e de lecture estim\u00e9e":"3 minutes"},"schema":{"@context":"https:\/\/schema.org","@graph":[{"@type":"Article","@id":"https:\/\/kapitalis.com\/tunisie\/2019\/02\/03\/le-poeme-du-dimanche-les-quatrains-valaisans-de-rainer-maria-rilke\/#article","isPartOf":{"@id":"https:\/\/kapitalis.com\/tunisie\/2019\/02\/03\/le-poeme-du-dimanche-les-quatrains-valaisans-de-rainer-maria-rilke\/"},"author":{"name":"webmaster kapitalis","@id":"https:\/\/kapitalis.com\/tunisie\/#\/schema\/person\/d71f33a9ca44f7bad4698210b480c8e9"},"headline":"Le po\u00e8me du dimanche : \u2018\u2018Les quatrains valaisans\u2019\u2019 de Rainer Maria Rilke","datePublished":"2019-02-03T08:02:56+00:00","mainEntityOfPage":{"@id":"https:\/\/kapitalis.com\/tunisie\/2019\/02\/03\/le-poeme-du-dimanche-les-quatrains-valaisans-de-rainer-maria-rilke\/"},"wordCount":579,"commentCount":0,"publisher":{"@id":"https:\/\/kapitalis.com\/tunisie\/#organization"},"image":{"@id":"https:\/\/kapitalis.com\/tunisie\/2019\/02\/03\/le-poeme-du-dimanche-les-quatrains-valaisans-de-rainer-maria-rilke\/#primaryimage"},"thumbnailUrl":"","articleSection":["A LA UNE","CULTURE"],"inLanguage":"fr-FR","potentialAction":[{"@type":"CommentAction","name":"Comment","target":["https:\/\/kapitalis.com\/tunisie\/2019\/02\/03\/le-poeme-du-dimanche-les-quatrains-valaisans-de-rainer-maria-rilke\/#respond"]}]},{"@type":"WebPage","@id":"https:\/\/kapitalis.com\/tunisie\/2019\/02\/03\/le-poeme-du-dimanche-les-quatrains-valaisans-de-rainer-maria-rilke\/","url":"https:\/\/kapitalis.com\/tunisie\/2019\/02\/03\/le-poeme-du-dimanche-les-quatrains-valaisans-de-rainer-maria-rilke\/","name":"Le po\u00e8me du dimanche : \u2018\u2018Les quatrains valaisans\u2019\u2019 de Rainer Maria Rilke - Kapitalis","isPartOf":{"@id":"https:\/\/kapitalis.com\/tunisie\/#website"},"primaryImageOfPage":{"@id":"https:\/\/kapitalis.com\/tunisie\/2019\/02\/03\/le-poeme-du-dimanche-les-quatrains-valaisans-de-rainer-maria-rilke\/#primaryimage"},"image":{"@id":"https:\/\/kapitalis.com\/tunisie\/2019\/02\/03\/le-poeme-du-dimanche-les-quatrains-valaisans-de-rainer-maria-rilke\/#primaryimage"},"thumbnailUrl":"","datePublished":"2019-02-03T08:02:56+00:00","breadcrumb":{"@id":"https:\/\/kapitalis.com\/tunisie\/2019\/02\/03\/le-poeme-du-dimanche-les-quatrains-valaisans-de-rainer-maria-rilke\/#breadcrumb"},"inLanguage":"fr-FR","potentialAction":[{"@type":"ReadAction","target":["https:\/\/kapitalis.com\/tunisie\/2019\/02\/03\/le-poeme-du-dimanche-les-quatrains-valaisans-de-rainer-maria-rilke\/"]}]},{"@type":"ImageObject","inLanguage":"fr-FR","@id":"https:\/\/kapitalis.com\/tunisie\/2019\/02\/03\/le-poeme-du-dimanche-les-quatrains-valaisans-de-rainer-maria-rilke\/#primaryimage","url":"","contentUrl":""},{"@type":"BreadcrumbList","@id":"https:\/\/kapitalis.com\/tunisie\/2019\/02\/03\/le-poeme-du-dimanche-les-quatrains-valaisans-de-rainer-maria-rilke\/#breadcrumb","itemListElement":[{"@type":"ListItem","position":1,"name":"Accueil","item":"https:\/\/kapitalis.com\/tunisie\/"},{"@type":"ListItem","position":2,"name":"Le po\u00e8me du dimanche : \u2018\u2018Les quatrains valaisans\u2019\u2019 de Rainer Maria Rilke"}]},{"@type":"WebSite","@id":"https:\/\/kapitalis.com\/tunisie\/#website","url":"https:\/\/kapitalis.com\/tunisie\/","name":"Kapitalis","description":"L&#039;actualit\u00e9 en Tunisie et dans le monde","publisher":{"@id":"https:\/\/kapitalis.com\/tunisie\/#organization"},"potentialAction":[{"@type":"SearchAction","target":{"@type":"EntryPoint","urlTemplate":"https:\/\/kapitalis.com\/tunisie\/?s={search_term_string}"},"query-input":{"@type":"PropertyValueSpecification","valueRequired":true,"valueName":"search_term_string"}}],"inLanguage":"fr-FR"},{"@type":"Organization","@id":"https:\/\/kapitalis.com\/tunisie\/#organization","name":"Kapitalis","url":"https:\/\/kapitalis.com\/tunisie\/","logo":{"@type":"ImageObject","inLanguage":"fr-FR","@id":"https:\/\/kapitalis.com\/tunisie\/#\/schema\/logo\/image\/","url":"https:\/\/kapitalis.com\/tunisie\/wp-content\/uploads\/2022\/05\/Kapitalis-big-size.png","contentUrl":"https:\/\/kapitalis.com\/tunisie\/wp-content\/uploads\/2022\/05\/Kapitalis-big-size.png","width":5000,"height":1500,"caption":"Kapitalis"},"image":{"@id":"https:\/\/kapitalis.com\/tunisie\/#\/schema\/logo\/image\/"},"sameAs":["https:\/\/www.facebook.com\/KapitalisInfo\/","https:\/\/x.com\/KapitalisInfo","https:\/\/www.youtube.com\/channel\/UC-yDYrHyfFBWWZaOw3FPg9Q"]},{"@type":"Person","@id":"https:\/\/kapitalis.com\/tunisie\/#\/schema\/person\/d71f33a9ca44f7bad4698210b480c8e9","name":"webmaster kapitalis","url":"https:\/\/kapitalis.com\/tunisie\/author\/webmaster-kapitalis\/"}]}},"_links":{"self":[{"href":"https:\/\/kapitalis.com\/tunisie\/wp-json\/wp\/v2\/posts\/196313","targetHints":{"allow":["GET"]}}],"collection":[{"href":"https:\/\/kapitalis.com\/tunisie\/wp-json\/wp\/v2\/posts"}],"about":[{"href":"https:\/\/kapitalis.com\/tunisie\/wp-json\/wp\/v2\/types\/post"}],"author":[{"embeddable":true,"href":"https:\/\/kapitalis.com\/tunisie\/wp-json\/wp\/v2\/users\/8"}],"replies":[{"embeddable":true,"href":"https:\/\/kapitalis.com\/tunisie\/wp-json\/wp\/v2\/comments?post=196313"}],"version-history":[{"count":0,"href":"https:\/\/kapitalis.com\/tunisie\/wp-json\/wp\/v2\/posts\/196313\/revisions"}],"wp:featuredmedia":[{"embeddable":true,"href":"https:\/\/kapitalis.com\/tunisie\/wp-json\/wp\/v2\/media\/196314"}],"wp:attachment":[{"href":"https:\/\/kapitalis.com\/tunisie\/wp-json\/wp\/v2\/media?parent=196313"}],"wp:term":[{"taxonomy":"category","embeddable":true,"href":"https:\/\/kapitalis.com\/tunisie\/wp-json\/wp\/v2\/categories?post=196313"},{"taxonomy":"post_tag","embeddable":true,"href":"https:\/\/kapitalis.com\/tunisie\/wp-json\/wp\/v2\/tags?post=196313"}],"curies":[{"name":"wp","href":"https:\/\/api.w.org\/{rel}","templated":true}]}}