{"id":1964409,"date":"2022-07-05T10:25:45","date_gmt":"2022-07-05T09:25:45","guid":{"rendered":"https:\/\/kapitalis.com\/tunisie\/?p=1964409"},"modified":"2022-07-05T10:25:48","modified_gmt":"2022-07-05T09:25:48","slug":"le-tenor-tunisien-hassen-doss-au-festival-international-de-musique-symphonique-del-jem-cet-ete","status":"publish","type":"post","link":"https:\/\/kapitalis.com\/tunisie\/2022\/07\/05\/le-tenor-tunisien-hassen-doss-au-festival-international-de-musique-symphonique-del-jem-cet-ete\/","title":{"rendered":"Le t\u00e9nor tunisien Hassen Doss au Festival international de musique symphonique d\u2019El Jem cet \u00e9t\u00e9"},"content":{"rendered":"\n<p><em><strong>Le chanteur d\u2019op\u00e9ra Hassen Doss fera cet \u00e9t\u00e9 partie de la programmation de la 35<sup>e<\/sup> \u00e9dition du Festival international de musique symphonique d\u2019El Jem. \u00c7a sera sa premi\u00e8re apparition sur sc\u00e8ne de l\u2019ann\u00e9e 2022.<\/strong><\/em><\/p>\n\n\n\n<!--more-->\n\n\n\n<p>Chanteur d\u2019op\u00e9ra, musicien et homme de spectacle, Hassen Doss est un artiste qui a su cr\u00e9er son propre univers artistique au milieu de la nouvelle sc\u00e8ne musicale tunisienne.<\/p>\n\n\n\n<p>Hassen Doss s\u2019est d\u00e9j\u00e0 produit sur les plus grandes sc\u00e8nes en Tunisie&nbsp;: Festival international de Carthage, Festival international de Hammamet ou encore le Festival de musique symphonique d\u2019El Jem, il sera cet \u00e9t\u00e9 de retour sur ce dernier avec une nouvelle cr\u00e9ation le 30 juillet.<\/p>\n\n\n\n<p>\u00ab&nbsp;C&rsquo;est avec une grande joie, je vous annonce que ma premi\u00e8re grande date cette ann\u00e9e sera au prestigieux festival international de musique symphonique d&rsquo;El jam. Avec mon nouveau spectacle symphonique&#8230; Avec une touche personnelle&nbsp;\u00bb, a-t-il annonc\u00e9 sur sa page Facebook.<\/p>\n\n\n\n<p>Le Festival de musique symphonique d\u2019El Jem aura lieu du 12 juillet au 13 ao\u00fbt. Cette 35<sup>e<\/sup> \u00e9dition marquera le grand retour du festival apr\u00e8s deux \u00e9ditions annul\u00e9es \u00e0 cause e la pand\u00e9mie du Coronaavirus (Covid-19).<\/p>\n\n\n\n<p class=\"has-text-align-right\"><strong>F.B<\/strong><\/p>\n","protected":false},"excerpt":{"rendered":"<p>Le chanteur d\u2019op\u00e9ra Hassen Doss fera cet \u00e9t\u00e9 partie de la programmation de la 35e \u00e9dition du Festival international de musique symphonique d\u2019El Jem. \u00c7a sera sa premi\u00e8re apparition sur sc\u00e8ne de l\u2019ann\u00e9e 2022.<\/p>\n","protected":false},"author":26,"featured_media":1965121,"comment_status":"open","ping_status":"open","sticky":false,"template":"","format":"standard","meta":{"footnotes":""},"categories":[994,2433],"tags":[101176,33212,19945,62643],"class_list":["post-1964409","post","type-post","status-publish","format-standard","has-post-thumbnail","hentry","category-culture","category-tunisie","tag-el-jem-2022","tag-festival-international-de-musique-symphonique-del-jem","tag-hassen-doss","tag-tunisie"],"yoast_head":"<!-- This site is optimized with the Yoast SEO plugin v26.6 - https:\/\/yoast.com\/wordpress\/plugins\/seo\/ -->\n<title>Le t\u00e9nor tunisien Hassen Doss au Festival international de musique symphonique d\u2019El Jem cet \u00e9t\u00e9 - Kapitalis<\/title>\n<meta name=\"robots\" content=\"index, follow, max-snippet:-1, max-image-preview:large, max-video-preview:-1\" \/>\n<link rel=\"canonical\" href=\"https:\/\/kapitalis.com\/tunisie\/2022\/07\/05\/le-tenor-tunisien-hassen-doss-au-festival-international-de-musique-symphonique-del-jem-cet-ete\/\" \/>\n<meta property=\"og:locale\" content=\"fr_FR\" \/>\n<meta property=\"og:type\" content=\"article\" \/>\n<meta property=\"og:title\" content=\"Le t\u00e9nor tunisien Hassen Doss au Festival international de musique symphonique d\u2019El Jem cet \u00e9t\u00e9 - Kapitalis\" \/>\n<meta property=\"og:description\" content=\"Le chanteur d\u2019op\u00e9ra Hassen Doss fera cet \u00e9t\u00e9 partie de la programmation de la 35e \u00e9dition du Festival international de musique symphonique d\u2019El Jem. \u00c7a sera sa premi\u00e8re apparition sur sc\u00e8ne de l\u2019ann\u00e9e 2022.\" \/>\n<meta property=\"og:url\" content=\"https:\/\/kapitalis.com\/tunisie\/2022\/07\/05\/le-tenor-tunisien-hassen-doss-au-festival-international-de-musique-symphonique-del-jem-cet-ete\/\" \/>\n<meta property=\"og:site_name\" content=\"Kapitalis\" \/>\n<meta property=\"article:publisher\" content=\"https:\/\/www.facebook.com\/KapitalisInfo\/\" \/>\n<meta property=\"article:published_time\" content=\"2022-07-05T09:25:45+00:00\" \/>\n<meta property=\"article:modified_time\" content=\"2022-07-05T09:25:48+00:00\" \/>\n<meta property=\"og:image\" content=\"https:\/\/kapitalis.com\/tunisie\/wp-content\/uploads\/2022\/07\/Hassen-Doss-_-El-Jem.jpg\" \/>\n\t<meta property=\"og:image:width\" content=\"1200\" \/>\n\t<meta property=\"og:image:height\" content=\"630\" \/>\n\t<meta property=\"og:image:type\" content=\"image\/jpeg\" \/>\n<meta name=\"author\" content=\"Fawz BenAli\" \/>\n<meta name=\"twitter:card\" content=\"summary_large_image\" \/>\n<meta name=\"twitter:creator\" content=\"@KapitalisInfo\" \/>\n<meta name=\"twitter:site\" content=\"@KapitalisInfo\" \/>\n<meta name=\"twitter:label1\" content=\"\u00c9crit par\" \/>\n\t<meta name=\"twitter:data1\" content=\"Fawz BenAli\" \/>\n\t<meta name=\"twitter:label2\" content=\"Dur\u00e9e de lecture estim\u00e9e\" \/>\n\t<meta name=\"twitter:data2\" content=\"1 minute\" \/>\n<script type=\"application\/ld+json\" class=\"yoast-schema-graph\">{\"@context\":\"https:\/\/schema.org\",\"@graph\":[{\"@type\":\"Article\",\"@id\":\"https:\/\/kapitalis.com\/tunisie\/2022\/07\/05\/le-tenor-tunisien-hassen-doss-au-festival-international-de-musique-symphonique-del-jem-cet-ete\/#article\",\"isPartOf\":{\"@id\":\"https:\/\/kapitalis.com\/tunisie\/2022\/07\/05\/le-tenor-tunisien-hassen-doss-au-festival-international-de-musique-symphonique-del-jem-cet-ete\/\"},\"author\":{\"name\":\"Fawz BenAli\",\"@id\":\"https:\/\/kapitalis.com\/tunisie\/#\/schema\/person\/73a5ecc1f6ae540c6ed91342eadca948\"},\"headline\":\"Le t\u00e9nor tunisien Hassen Doss au Festival international de musique symphonique d\u2019El Jem cet \u00e9t\u00e9\",\"datePublished\":\"2022-07-05T09:25:45+00:00\",\"dateModified\":\"2022-07-05T09:25:48+00:00\",\"mainEntityOfPage\":{\"@id\":\"https:\/\/kapitalis.com\/tunisie\/2022\/07\/05\/le-tenor-tunisien-hassen-doss-au-festival-international-de-musique-symphonique-del-jem-cet-ete\/\"},\"wordCount\":223,\"commentCount\":0,\"publisher\":{\"@id\":\"https:\/\/kapitalis.com\/tunisie\/#organization\"},\"image\":{\"@id\":\"https:\/\/kapitalis.com\/tunisie\/2022\/07\/05\/le-tenor-tunisien-hassen-doss-au-festival-international-de-musique-symphonique-del-jem-cet-ete\/#primaryimage\"},\"thumbnailUrl\":\"https:\/\/kapitalis.com\/tunisie\/wp-content\/uploads\/2022\/07\/Hassen-Doss-_-El-Jem.jpg\",\"keywords\":[\"El Jem 2022\",\"Festival international de musique symphonique d\u2019El Jem\",\"Hassen Doss\",\"Tunisie\"],\"articleSection\":[\"CULTURE\",\"Tunisie\"],\"inLanguage\":\"fr-FR\",\"potentialAction\":[{\"@type\":\"CommentAction\",\"name\":\"Comment\",\"target\":[\"https:\/\/kapitalis.com\/tunisie\/2022\/07\/05\/le-tenor-tunisien-hassen-doss-au-festival-international-de-musique-symphonique-del-jem-cet-ete\/#respond\"]}]},{\"@type\":\"WebPage\",\"@id\":\"https:\/\/kapitalis.com\/tunisie\/2022\/07\/05\/le-tenor-tunisien-hassen-doss-au-festival-international-de-musique-symphonique-del-jem-cet-ete\/\",\"url\":\"https:\/\/kapitalis.com\/tunisie\/2022\/07\/05\/le-tenor-tunisien-hassen-doss-au-festival-international-de-musique-symphonique-del-jem-cet-ete\/\",\"name\":\"Le t\u00e9nor tunisien Hassen Doss au Festival international de musique symphonique d\u2019El Jem cet \u00e9t\u00e9 - Kapitalis\",\"isPartOf\":{\"@id\":\"https:\/\/kapitalis.com\/tunisie\/#website\"},\"primaryImageOfPage\":{\"@id\":\"https:\/\/kapitalis.com\/tunisie\/2022\/07\/05\/le-tenor-tunisien-hassen-doss-au-festival-international-de-musique-symphonique-del-jem-cet-ete\/#primaryimage\"},\"image\":{\"@id\":\"https:\/\/kapitalis.com\/tunisie\/2022\/07\/05\/le-tenor-tunisien-hassen-doss-au-festival-international-de-musique-symphonique-del-jem-cet-ete\/#primaryimage\"},\"thumbnailUrl\":\"https:\/\/kapitalis.com\/tunisie\/wp-content\/uploads\/2022\/07\/Hassen-Doss-_-El-Jem.jpg\",\"datePublished\":\"2022-07-05T09:25:45+00:00\",\"dateModified\":\"2022-07-05T09:25:48+00:00\",\"breadcrumb\":{\"@id\":\"https:\/\/kapitalis.com\/tunisie\/2022\/07\/05\/le-tenor-tunisien-hassen-doss-au-festival-international-de-musique-symphonique-del-jem-cet-ete\/#breadcrumb\"},\"inLanguage\":\"fr-FR\",\"potentialAction\":[{\"@type\":\"ReadAction\",\"target\":[\"https:\/\/kapitalis.com\/tunisie\/2022\/07\/05\/le-tenor-tunisien-hassen-doss-au-festival-international-de-musique-symphonique-del-jem-cet-ete\/\"]}]},{\"@type\":\"ImageObject\",\"inLanguage\":\"fr-FR\",\"@id\":\"https:\/\/kapitalis.com\/tunisie\/2022\/07\/05\/le-tenor-tunisien-hassen-doss-au-festival-international-de-musique-symphonique-del-jem-cet-ete\/#primaryimage\",\"url\":\"https:\/\/kapitalis.com\/tunisie\/wp-content\/uploads\/2022\/07\/Hassen-Doss-_-El-Jem.jpg\",\"contentUrl\":\"https:\/\/kapitalis.com\/tunisie\/wp-content\/uploads\/2022\/07\/Hassen-Doss-_-El-Jem.jpg\",\"width\":1200,\"height\":630},{\"@type\":\"BreadcrumbList\",\"@id\":\"https:\/\/kapitalis.com\/tunisie\/2022\/07\/05\/le-tenor-tunisien-hassen-doss-au-festival-international-de-musique-symphonique-del-jem-cet-ete\/#breadcrumb\",\"itemListElement\":[{\"@type\":\"ListItem\",\"position\":1,\"name\":\"Accueil\",\"item\":\"https:\/\/kapitalis.com\/tunisie\/\"},{\"@type\":\"ListItem\",\"position\":2,\"name\":\"Le t\u00e9nor tunisien Hassen Doss au Festival international de musique symphonique d\u2019El Jem cet \u00e9t\u00e9\"}]},{\"@type\":\"WebSite\",\"@id\":\"https:\/\/kapitalis.com\/tunisie\/#website\",\"url\":\"https:\/\/kapitalis.com\/tunisie\/\",\"name\":\"Kapitalis\",\"description\":\"L&#039;actualit\u00e9 en Tunisie et dans le monde\",\"publisher\":{\"@id\":\"https:\/\/kapitalis.com\/tunisie\/#organization\"},\"potentialAction\":[{\"@type\":\"SearchAction\",\"target\":{\"@type\":\"EntryPoint\",\"urlTemplate\":\"https:\/\/kapitalis.com\/tunisie\/?s={search_term_string}\"},\"query-input\":{\"@type\":\"PropertyValueSpecification\",\"valueRequired\":true,\"valueName\":\"search_term_string\"}}],\"inLanguage\":\"fr-FR\"},{\"@type\":\"Organization\",\"@id\":\"https:\/\/kapitalis.com\/tunisie\/#organization\",\"name\":\"Kapitalis\",\"url\":\"https:\/\/kapitalis.com\/tunisie\/\",\"logo\":{\"@type\":\"ImageObject\",\"inLanguage\":\"fr-FR\",\"@id\":\"https:\/\/kapitalis.com\/tunisie\/#\/schema\/logo\/image\/\",\"url\":\"https:\/\/kapitalis.com\/tunisie\/wp-content\/uploads\/2022\/05\/Kapitalis-big-size.png\",\"contentUrl\":\"https:\/\/kapitalis.com\/tunisie\/wp-content\/uploads\/2022\/05\/Kapitalis-big-size.png\",\"width\":5000,\"height\":1500,\"caption\":\"Kapitalis\"},\"image\":{\"@id\":\"https:\/\/kapitalis.com\/tunisie\/#\/schema\/logo\/image\/\"},\"sameAs\":[\"https:\/\/www.facebook.com\/KapitalisInfo\/\",\"https:\/\/x.com\/KapitalisInfo\",\"https:\/\/www.youtube.com\/channel\/UC-yDYrHyfFBWWZaOw3FPg9Q\"]},{\"@type\":\"Person\",\"@id\":\"https:\/\/kapitalis.com\/tunisie\/#\/schema\/person\/73a5ecc1f6ae540c6ed91342eadca948\",\"name\":\"Fawz BenAli\",\"url\":\"https:\/\/kapitalis.com\/tunisie\/author\/fawz\/\"}]}<\/script>\n<!-- \/ Yoast SEO plugin. -->","yoast_head_json":{"title":"Le t\u00e9nor tunisien Hassen Doss au Festival international de musique symphonique d\u2019El Jem cet \u00e9t\u00e9 - Kapitalis","robots":{"index":"index","follow":"follow","max-snippet":"max-snippet:-1","max-image-preview":"max-image-preview:large","max-video-preview":"max-video-preview:-1"},"canonical":"https:\/\/kapitalis.com\/tunisie\/2022\/07\/05\/le-tenor-tunisien-hassen-doss-au-festival-international-de-musique-symphonique-del-jem-cet-ete\/","og_locale":"fr_FR","og_type":"article","og_title":"Le t\u00e9nor tunisien Hassen Doss au Festival international de musique symphonique d\u2019El Jem cet \u00e9t\u00e9 - Kapitalis","og_description":"Le chanteur d\u2019op\u00e9ra Hassen Doss fera cet \u00e9t\u00e9 partie de la programmation de la 35e \u00e9dition du Festival international de musique symphonique d\u2019El Jem. \u00c7a sera sa premi\u00e8re apparition sur sc\u00e8ne de l\u2019ann\u00e9e 2022.","og_url":"https:\/\/kapitalis.com\/tunisie\/2022\/07\/05\/le-tenor-tunisien-hassen-doss-au-festival-international-de-musique-symphonique-del-jem-cet-ete\/","og_site_name":"Kapitalis","article_publisher":"https:\/\/www.facebook.com\/KapitalisInfo\/","article_published_time":"2022-07-05T09:25:45+00:00","article_modified_time":"2022-07-05T09:25:48+00:00","og_image":[{"width":1200,"height":630,"url":"https:\/\/kapitalis.com\/tunisie\/wp-content\/uploads\/2022\/07\/Hassen-Doss-_-El-Jem.jpg","type":"image\/jpeg"}],"author":"Fawz BenAli","twitter_card":"summary_large_image","twitter_creator":"@KapitalisInfo","twitter_site":"@KapitalisInfo","twitter_misc":{"\u00c9crit par":"Fawz BenAli","Dur\u00e9e de lecture estim\u00e9e":"1 minute"},"schema":{"@context":"https:\/\/schema.org","@graph":[{"@type":"Article","@id":"https:\/\/kapitalis.com\/tunisie\/2022\/07\/05\/le-tenor-tunisien-hassen-doss-au-festival-international-de-musique-symphonique-del-jem-cet-ete\/#article","isPartOf":{"@id":"https:\/\/kapitalis.com\/tunisie\/2022\/07\/05\/le-tenor-tunisien-hassen-doss-au-festival-international-de-musique-symphonique-del-jem-cet-ete\/"},"author":{"name":"Fawz BenAli","@id":"https:\/\/kapitalis.com\/tunisie\/#\/schema\/person\/73a5ecc1f6ae540c6ed91342eadca948"},"headline":"Le t\u00e9nor tunisien Hassen Doss au Festival international de musique symphonique d\u2019El Jem cet \u00e9t\u00e9","datePublished":"2022-07-05T09:25:45+00:00","dateModified":"2022-07-05T09:25:48+00:00","mainEntityOfPage":{"@id":"https:\/\/kapitalis.com\/tunisie\/2022\/07\/05\/le-tenor-tunisien-hassen-doss-au-festival-international-de-musique-symphonique-del-jem-cet-ete\/"},"wordCount":223,"commentCount":0,"publisher":{"@id":"https:\/\/kapitalis.com\/tunisie\/#organization"},"image":{"@id":"https:\/\/kapitalis.com\/tunisie\/2022\/07\/05\/le-tenor-tunisien-hassen-doss-au-festival-international-de-musique-symphonique-del-jem-cet-ete\/#primaryimage"},"thumbnailUrl":"https:\/\/kapitalis.com\/tunisie\/wp-content\/uploads\/2022\/07\/Hassen-Doss-_-El-Jem.jpg","keywords":["El Jem 2022","Festival international de musique symphonique d\u2019El Jem","Hassen Doss","Tunisie"],"articleSection":["CULTURE","Tunisie"],"inLanguage":"fr-FR","potentialAction":[{"@type":"CommentAction","name":"Comment","target":["https:\/\/kapitalis.com\/tunisie\/2022\/07\/05\/le-tenor-tunisien-hassen-doss-au-festival-international-de-musique-symphonique-del-jem-cet-ete\/#respond"]}]},{"@type":"WebPage","@id":"https:\/\/kapitalis.com\/tunisie\/2022\/07\/05\/le-tenor-tunisien-hassen-doss-au-festival-international-de-musique-symphonique-del-jem-cet-ete\/","url":"https:\/\/kapitalis.com\/tunisie\/2022\/07\/05\/le-tenor-tunisien-hassen-doss-au-festival-international-de-musique-symphonique-del-jem-cet-ete\/","name":"Le t\u00e9nor tunisien Hassen Doss au Festival international de musique symphonique d\u2019El Jem cet \u00e9t\u00e9 - Kapitalis","isPartOf":{"@id":"https:\/\/kapitalis.com\/tunisie\/#website"},"primaryImageOfPage":{"@id":"https:\/\/kapitalis.com\/tunisie\/2022\/07\/05\/le-tenor-tunisien-hassen-doss-au-festival-international-de-musique-symphonique-del-jem-cet-ete\/#primaryimage"},"image":{"@id":"https:\/\/kapitalis.com\/tunisie\/2022\/07\/05\/le-tenor-tunisien-hassen-doss-au-festival-international-de-musique-symphonique-del-jem-cet-ete\/#primaryimage"},"thumbnailUrl":"https:\/\/kapitalis.com\/tunisie\/wp-content\/uploads\/2022\/07\/Hassen-Doss-_-El-Jem.jpg","datePublished":"2022-07-05T09:25:45+00:00","dateModified":"2022-07-05T09:25:48+00:00","breadcrumb":{"@id":"https:\/\/kapitalis.com\/tunisie\/2022\/07\/05\/le-tenor-tunisien-hassen-doss-au-festival-international-de-musique-symphonique-del-jem-cet-ete\/#breadcrumb"},"inLanguage":"fr-FR","potentialAction":[{"@type":"ReadAction","target":["https:\/\/kapitalis.com\/tunisie\/2022\/07\/05\/le-tenor-tunisien-hassen-doss-au-festival-international-de-musique-symphonique-del-jem-cet-ete\/"]}]},{"@type":"ImageObject","inLanguage":"fr-FR","@id":"https:\/\/kapitalis.com\/tunisie\/2022\/07\/05\/le-tenor-tunisien-hassen-doss-au-festival-international-de-musique-symphonique-del-jem-cet-ete\/#primaryimage","url":"https:\/\/kapitalis.com\/tunisie\/wp-content\/uploads\/2022\/07\/Hassen-Doss-_-El-Jem.jpg","contentUrl":"https:\/\/kapitalis.com\/tunisie\/wp-content\/uploads\/2022\/07\/Hassen-Doss-_-El-Jem.jpg","width":1200,"height":630},{"@type":"BreadcrumbList","@id":"https:\/\/kapitalis.com\/tunisie\/2022\/07\/05\/le-tenor-tunisien-hassen-doss-au-festival-international-de-musique-symphonique-del-jem-cet-ete\/#breadcrumb","itemListElement":[{"@type":"ListItem","position":1,"name":"Accueil","item":"https:\/\/kapitalis.com\/tunisie\/"},{"@type":"ListItem","position":2,"name":"Le t\u00e9nor tunisien Hassen Doss au Festival international de musique symphonique d\u2019El Jem cet \u00e9t\u00e9"}]},{"@type":"WebSite","@id":"https:\/\/kapitalis.com\/tunisie\/#website","url":"https:\/\/kapitalis.com\/tunisie\/","name":"Kapitalis","description":"L&#039;actualit\u00e9 en Tunisie et dans le monde","publisher":{"@id":"https:\/\/kapitalis.com\/tunisie\/#organization"},"potentialAction":[{"@type":"SearchAction","target":{"@type":"EntryPoint","urlTemplate":"https:\/\/kapitalis.com\/tunisie\/?s={search_term_string}"},"query-input":{"@type":"PropertyValueSpecification","valueRequired":true,"valueName":"search_term_string"}}],"inLanguage":"fr-FR"},{"@type":"Organization","@id":"https:\/\/kapitalis.com\/tunisie\/#organization","name":"Kapitalis","url":"https:\/\/kapitalis.com\/tunisie\/","logo":{"@type":"ImageObject","inLanguage":"fr-FR","@id":"https:\/\/kapitalis.com\/tunisie\/#\/schema\/logo\/image\/","url":"https:\/\/kapitalis.com\/tunisie\/wp-content\/uploads\/2022\/05\/Kapitalis-big-size.png","contentUrl":"https:\/\/kapitalis.com\/tunisie\/wp-content\/uploads\/2022\/05\/Kapitalis-big-size.png","width":5000,"height":1500,"caption":"Kapitalis"},"image":{"@id":"https:\/\/kapitalis.com\/tunisie\/#\/schema\/logo\/image\/"},"sameAs":["https:\/\/www.facebook.com\/KapitalisInfo\/","https:\/\/x.com\/KapitalisInfo","https:\/\/www.youtube.com\/channel\/UC-yDYrHyfFBWWZaOw3FPg9Q"]},{"@type":"Person","@id":"https:\/\/kapitalis.com\/tunisie\/#\/schema\/person\/73a5ecc1f6ae540c6ed91342eadca948","name":"Fawz BenAli","url":"https:\/\/kapitalis.com\/tunisie\/author\/fawz\/"}]}},"_links":{"self":[{"href":"https:\/\/kapitalis.com\/tunisie\/wp-json\/wp\/v2\/posts\/1964409","targetHints":{"allow":["GET"]}}],"collection":[{"href":"https:\/\/kapitalis.com\/tunisie\/wp-json\/wp\/v2\/posts"}],"about":[{"href":"https:\/\/kapitalis.com\/tunisie\/wp-json\/wp\/v2\/types\/post"}],"author":[{"embeddable":true,"href":"https:\/\/kapitalis.com\/tunisie\/wp-json\/wp\/v2\/users\/26"}],"replies":[{"embeddable":true,"href":"https:\/\/kapitalis.com\/tunisie\/wp-json\/wp\/v2\/comments?post=1964409"}],"version-history":[{"count":0,"href":"https:\/\/kapitalis.com\/tunisie\/wp-json\/wp\/v2\/posts\/1964409\/revisions"}],"wp:featuredmedia":[{"embeddable":true,"href":"https:\/\/kapitalis.com\/tunisie\/wp-json\/wp\/v2\/media\/1965121"}],"wp:attachment":[{"href":"https:\/\/kapitalis.com\/tunisie\/wp-json\/wp\/v2\/media?parent=1964409"}],"wp:term":[{"taxonomy":"category","embeddable":true,"href":"https:\/\/kapitalis.com\/tunisie\/wp-json\/wp\/v2\/categories?post=1964409"},{"taxonomy":"post_tag","embeddable":true,"href":"https:\/\/kapitalis.com\/tunisie\/wp-json\/wp\/v2\/tags?post=1964409"}],"curies":[{"name":"wp","href":"https:\/\/api.w.org\/{rel}","templated":true}]}}