{"id":196466,"date":"2019-02-04T14:10:24","date_gmt":"2019-02-04T13:10:24","guid":{"rendered":"http:\/\/kapitalis.com\/tunisie\/?p=196466"},"modified":"2019-02-04T14:10:24","modified_gmt":"2019-02-04T13:10:24","slug":"orphelinat-diar-essebil-nessma-tv-nous-doit-de-largent","status":"publish","type":"post","link":"https:\/\/kapitalis.com\/tunisie\/2019\/02\/04\/orphelinat-diar-essebil-nessma-tv-nous-doit-de-largent\/","title":{"rendered":"Orphelinat Diar Essebil : \u00abNessma TV nous doit de l\u2019argent !\u00bb"},"content":{"rendered":"<p style=\"text-align: center;\"><img loading=\"lazy\" decoding=\"async\" class=\"alignnone size-full wp-image-196472\" src=\"http:\/\/kapitalis.com\/tunisie\/wp-content\/uploads\/2019\/02\/Nabil-Karoui-enfant.jpg\" alt=\"\" width=\"626\" height=\"380\" \/><\/p>\n<p><em><strong>Nessma TV, la cha\u00eene priv\u00e9e de Nabil Karoui, avait annonc\u00e9, depuis plus de 3 ans, que l\u2019orphelinat Diar Essebil\u00a0a gagn\u00e9 une somme d\u2019argent, mais celle-ci ne lui a jamais \u00e9t\u00e9 remise\u00a0!<\/strong><\/em><!--more--><\/p>\n<p>Apr\u00e8s avoir contact\u00e9 la cha\u00eene \u00e0 maintes reprises, sans r\u00e9sultat, l\u2019orphelinat a d\u00e9cid\u00e9 de rendre cette affaire publique. Bien que la somme ne soit pas extraordinaire, il s\u2019agit d\u2019un principe et c&rsquo;est surtout <em>\u00abl&rsquo;argent des orphelins\u00bb<\/em>, d\u00e9plore Diar Essebil en pr\u00e9cisant\u00a0: <em>\u00abC&rsquo;est apr\u00e8s beaucoup d&rsquo;attente et apr\u00e8s une bonne r\u00e9flexion qu&rsquo;on d\u00e9cide, aujourd\u2019hui, de partager ce message, peut-\u00eatre qu&rsquo;il y a des gens qui peuvent nous donner une explication\u00bb.<\/em><\/p>\n<p>L\u2019orphelinat pr\u00e9cise que, le 31 d\u00e9cembre 2015, Nessma TV a contact\u00e9 l&rsquo;administration de Diar Essebil, pour l\u2019informer que ses b\u00e9b\u00e9s ont gagn\u00e9 3.800 dinars tunisiens (DT) au cours de l&rsquo;\u00e9mission de TT Cash, avec la participation d&rsquo;une star tunisienne (dont le nom n\u2019a pas \u00e9t\u00e9 cit\u00e9).<\/p>\n<p><em>\u00abOn a tous regard\u00e9 l&rsquo;\u00e9mission le soir m\u00eame et c&rsquo;est vrai on a gagn\u00e9 3.800 DT\u2026 devant le public\u00a0! Mais jusqu&rsquo;\u00e0 aujourd&rsquo;hui les b\u00e9b\u00e9s n&rsquo;ont rien re\u00e7u et Nessma TV refuse de nous r\u00e9pondre\u00bb<\/em>, d\u00e9plore l\u2019orphelinat.<\/p>\n<p>Apr\u00e8s la diffusion de ce message d\u2019autres associations, telles Maram et Selima (lutte contre le cancer), ont assur\u00e9 avoir v\u00e9cu la m\u00eame mauvaise exp\u00e9rience, ce qui a provoqu\u00e9 la col\u00e8re des Tunisiens qui reprochent \u00e0 Nabil Karoui de se donner une image d&rsquo;homme honn\u00eate et g\u00e9n\u00e9reux, sur le dos de ceux dans le besoin, trouvant ces pratiques honteuses et impardonnables, selon leurs dires.<\/p>\n<p>On notera que ce n\u2019est pas la premi\u00e8re fois que Nessma TV est point\u00e9e du doigt et accus\u00e9e de \u00ab<em>fausse charit\u00e9<\/em>\u00bb. D\u2019ailleurs, le 25 janvier courant, la Haute autorit\u00e9 ind\u00e9pendante de la communication audiovisuelle (Haica) a accus\u00e9 la cha\u00eene, qui diffuse sans autorisation depuis juillet 2018, d\u2019\u00eatre un outil de propagande et de manipulation et d\u2019exploiter la situation des personnes en situation de pr\u00e9carit\u00e9 pour faire fructifier son business.<\/p>\n<p style=\"text-align: right;\"><strong>Y. N.<\/strong><\/p>\n<blockquote class=\"wp-embedded-content\" data-secret=\"HTRkXuRJLH\"><p><a href=\"https:\/\/kapitalis.com\/tunisie\/2019\/01\/26\/haica-nessma-tv-outil-de-propagande-et-de-manipulation\/\">Haica : \u00abNessma TV, outil de propagande et de manipulation\u00bb<\/a><\/p><\/blockquote>\n<p><iframe loading=\"lazy\" class=\"wp-embedded-content\" sandbox=\"allow-scripts\" security=\"restricted\" style=\"position: absolute; clip: rect(1px, 1px, 1px, 1px);\" title=\"\u00ab\u00a0Haica : \u00abNessma TV, outil de propagande et de manipulation\u00bb\u00a0\u00bb &#8212; Kapitalis\" src=\"https:\/\/kapitalis.com\/tunisie\/2019\/01\/26\/haica-nessma-tv-outil-de-propagande-et-de-manipulation\/embed\/#?secret=T0Ds15MP5x#?secret=HTRkXuRJLH\" data-secret=\"HTRkXuRJLH\" width=\"600\" height=\"338\" frameborder=\"0\" marginwidth=\"0\" marginheight=\"0\" scrolling=\"no\"><\/iframe><\/p>\n<blockquote class=\"wp-embedded-content\" data-secret=\"Z6ZD8nhZnL\"><p><a href=\"https:\/\/kapitalis.com\/tunisie\/2015\/07\/16\/nabil-karoui-le-coeur-au-service-des-ambitions\/\">Nabil Karoui: Le coeur au service des ambitions<\/a><\/p><\/blockquote>\n<p><iframe loading=\"lazy\" class=\"wp-embedded-content\" sandbox=\"allow-scripts\" security=\"restricted\" style=\"position: absolute; clip: rect(1px, 1px, 1px, 1px);\" title=\"\u00ab\u00a0Nabil Karoui: Le coeur au service des ambitions\u00a0\u00bb &#8212; Kapitalis\" src=\"https:\/\/kapitalis.com\/tunisie\/2015\/07\/16\/nabil-karoui-le-coeur-au-service-des-ambitions\/embed\/#?secret=W5ysAjxUw9#?secret=Z6ZD8nhZnL\" data-secret=\"Z6ZD8nhZnL\" width=\"600\" height=\"338\" frameborder=\"0\" marginwidth=\"0\" marginheight=\"0\" scrolling=\"no\"><\/iframe><\/p>\n","protected":false},"excerpt":{"rendered":"<p>Nessma TV, la cha\u00eene priv\u00e9e de Nabil Karoui, avait annonc\u00e9, depuis plus de 3 ans, que l\u2019orphelinat Diar Essebil\u00a0a gagn\u00e9 une somme d\u2019argent, mais celle-ci ne lui a jamais \u00e9t\u00e9 remise\u00a0!<\/p>\n","protected":false},"author":6,"featured_media":196472,"comment_status":"open","ping_status":"open","sticky":false,"template":"","format":"standard","meta":{"footnotes":""},"categories":[998,2433],"tags":[1028,29615,21906,1843,657],"class_list":["post-196466","post","type-post","status-publish","format-standard","has-post-thumbnail","hentry","category-societe","category-tunisie","tag-argent","tag-association-maram","tag-charite","tag-haica","tag-nessma-tv"],"yoast_head":"<!-- This site is optimized with the Yoast SEO plugin v26.6 - https:\/\/yoast.com\/wordpress\/plugins\/seo\/ -->\n<title>Orphelinat Diar Essebil : \u00abNessma TV nous doit de l\u2019argent !\u00bb - Kapitalis<\/title>\n<meta name=\"robots\" content=\"index, follow, max-snippet:-1, max-image-preview:large, max-video-preview:-1\" \/>\n<link rel=\"canonical\" href=\"https:\/\/kapitalis.com\/tunisie\/2019\/02\/04\/orphelinat-diar-essebil-nessma-tv-nous-doit-de-largent\/\" \/>\n<meta property=\"og:locale\" content=\"fr_FR\" \/>\n<meta property=\"og:type\" content=\"article\" \/>\n<meta property=\"og:title\" content=\"Orphelinat Diar Essebil : \u00abNessma TV nous doit de l\u2019argent !\u00bb - Kapitalis\" \/>\n<meta property=\"og:description\" content=\"Nessma TV, la cha\u00eene priv\u00e9e de Nabil Karoui, avait annonc\u00e9, depuis plus de 3 ans, que l\u2019orphelinat Diar Essebil\u00a0a gagn\u00e9 une somme d\u2019argent, mais celle-ci ne lui a jamais \u00e9t\u00e9 remise\u00a0!\" \/>\n<meta property=\"og:url\" content=\"https:\/\/kapitalis.com\/tunisie\/2019\/02\/04\/orphelinat-diar-essebil-nessma-tv-nous-doit-de-largent\/\" \/>\n<meta property=\"og:site_name\" content=\"Kapitalis\" \/>\n<meta property=\"article:publisher\" content=\"https:\/\/www.facebook.com\/KapitalisInfo\/\" \/>\n<meta property=\"article:published_time\" content=\"2019-02-04T13:10:24+00:00\" \/>\n<meta property=\"og:image\" content=\"https:\/\/kapitalis.com\/tunisie\/wp-content\/uploads\/2022\/05\/kapitalis-logo-fb.png\" \/>\n\t<meta property=\"og:image:width\" content=\"1200\" \/>\n\t<meta property=\"og:image:height\" content=\"630\" \/>\n\t<meta property=\"og:image:type\" content=\"image\/png\" \/>\n<meta name=\"author\" content=\"Yusra NY\" \/>\n<meta name=\"twitter:card\" content=\"summary_large_image\" \/>\n<meta name=\"twitter:creator\" content=\"@KapitalisInfo\" \/>\n<meta name=\"twitter:site\" content=\"@KapitalisInfo\" \/>\n<meta name=\"twitter:label1\" content=\"\u00c9crit par\" \/>\n\t<meta name=\"twitter:data1\" content=\"Yusra NY\" \/>\n\t<meta name=\"twitter:label2\" content=\"Dur\u00e9e de lecture estim\u00e9e\" \/>\n\t<meta name=\"twitter:data2\" content=\"2 minutes\" \/>\n<script type=\"application\/ld+json\" class=\"yoast-schema-graph\">{\"@context\":\"https:\/\/schema.org\",\"@graph\":[{\"@type\":\"Article\",\"@id\":\"https:\/\/kapitalis.com\/tunisie\/2019\/02\/04\/orphelinat-diar-essebil-nessma-tv-nous-doit-de-largent\/#article\",\"isPartOf\":{\"@id\":\"https:\/\/kapitalis.com\/tunisie\/2019\/02\/04\/orphelinat-diar-essebil-nessma-tv-nous-doit-de-largent\/\"},\"author\":{\"name\":\"Yusra NY\",\"@id\":\"https:\/\/kapitalis.com\/tunisie\/#\/schema\/person\/74bbde0154d49d790a92aaeac5bc01d5\"},\"headline\":\"Orphelinat Diar Essebil : \u00abNessma TV nous doit de l\u2019argent !\u00bb\",\"datePublished\":\"2019-02-04T13:10:24+00:00\",\"mainEntityOfPage\":{\"@id\":\"https:\/\/kapitalis.com\/tunisie\/2019\/02\/04\/orphelinat-diar-essebil-nessma-tv-nous-doit-de-largent\/\"},\"wordCount\":382,\"commentCount\":1,\"publisher\":{\"@id\":\"https:\/\/kapitalis.com\/tunisie\/#organization\"},\"image\":{\"@id\":\"https:\/\/kapitalis.com\/tunisie\/2019\/02\/04\/orphelinat-diar-essebil-nessma-tv-nous-doit-de-largent\/#primaryimage\"},\"thumbnailUrl\":\"\",\"keywords\":[\"argent\",\"association Maram\",\"charit\u00e9\",\"Haica\",\"Nessma TV\"],\"articleSection\":[\"SOCIETE\",\"Tunisie\"],\"inLanguage\":\"fr-FR\",\"potentialAction\":[{\"@type\":\"CommentAction\",\"name\":\"Comment\",\"target\":[\"https:\/\/kapitalis.com\/tunisie\/2019\/02\/04\/orphelinat-diar-essebil-nessma-tv-nous-doit-de-largent\/#respond\"]}]},{\"@type\":\"WebPage\",\"@id\":\"https:\/\/kapitalis.com\/tunisie\/2019\/02\/04\/orphelinat-diar-essebil-nessma-tv-nous-doit-de-largent\/\",\"url\":\"https:\/\/kapitalis.com\/tunisie\/2019\/02\/04\/orphelinat-diar-essebil-nessma-tv-nous-doit-de-largent\/\",\"name\":\"Orphelinat Diar Essebil : \u00abNessma TV nous doit de l\u2019argent !\u00bb - Kapitalis\",\"isPartOf\":{\"@id\":\"https:\/\/kapitalis.com\/tunisie\/#website\"},\"primaryImageOfPage\":{\"@id\":\"https:\/\/kapitalis.com\/tunisie\/2019\/02\/04\/orphelinat-diar-essebil-nessma-tv-nous-doit-de-largent\/#primaryimage\"},\"image\":{\"@id\":\"https:\/\/kapitalis.com\/tunisie\/2019\/02\/04\/orphelinat-diar-essebil-nessma-tv-nous-doit-de-largent\/#primaryimage\"},\"thumbnailUrl\":\"\",\"datePublished\":\"2019-02-04T13:10:24+00:00\",\"breadcrumb\":{\"@id\":\"https:\/\/kapitalis.com\/tunisie\/2019\/02\/04\/orphelinat-diar-essebil-nessma-tv-nous-doit-de-largent\/#breadcrumb\"},\"inLanguage\":\"fr-FR\",\"potentialAction\":[{\"@type\":\"ReadAction\",\"target\":[\"https:\/\/kapitalis.com\/tunisie\/2019\/02\/04\/orphelinat-diar-essebil-nessma-tv-nous-doit-de-largent\/\"]}]},{\"@type\":\"ImageObject\",\"inLanguage\":\"fr-FR\",\"@id\":\"https:\/\/kapitalis.com\/tunisie\/2019\/02\/04\/orphelinat-diar-essebil-nessma-tv-nous-doit-de-largent\/#primaryimage\",\"url\":\"\",\"contentUrl\":\"\"},{\"@type\":\"BreadcrumbList\",\"@id\":\"https:\/\/kapitalis.com\/tunisie\/2019\/02\/04\/orphelinat-diar-essebil-nessma-tv-nous-doit-de-largent\/#breadcrumb\",\"itemListElement\":[{\"@type\":\"ListItem\",\"position\":1,\"name\":\"Accueil\",\"item\":\"https:\/\/kapitalis.com\/tunisie\/\"},{\"@type\":\"ListItem\",\"position\":2,\"name\":\"Orphelinat Diar Essebil : \u00abNessma TV nous doit de l\u2019argent !\u00bb\"}]},{\"@type\":\"WebSite\",\"@id\":\"https:\/\/kapitalis.com\/tunisie\/#website\",\"url\":\"https:\/\/kapitalis.com\/tunisie\/\",\"name\":\"Kapitalis\",\"description\":\"L&#039;actualit\u00e9 en Tunisie et dans le monde\",\"publisher\":{\"@id\":\"https:\/\/kapitalis.com\/tunisie\/#organization\"},\"potentialAction\":[{\"@type\":\"SearchAction\",\"target\":{\"@type\":\"EntryPoint\",\"urlTemplate\":\"https:\/\/kapitalis.com\/tunisie\/?s={search_term_string}\"},\"query-input\":{\"@type\":\"PropertyValueSpecification\",\"valueRequired\":true,\"valueName\":\"search_term_string\"}}],\"inLanguage\":\"fr-FR\"},{\"@type\":\"Organization\",\"@id\":\"https:\/\/kapitalis.com\/tunisie\/#organization\",\"name\":\"Kapitalis\",\"url\":\"https:\/\/kapitalis.com\/tunisie\/\",\"logo\":{\"@type\":\"ImageObject\",\"inLanguage\":\"fr-FR\",\"@id\":\"https:\/\/kapitalis.com\/tunisie\/#\/schema\/logo\/image\/\",\"url\":\"https:\/\/kapitalis.com\/tunisie\/wp-content\/uploads\/2022\/05\/Kapitalis-big-size.png\",\"contentUrl\":\"https:\/\/kapitalis.com\/tunisie\/wp-content\/uploads\/2022\/05\/Kapitalis-big-size.png\",\"width\":5000,\"height\":1500,\"caption\":\"Kapitalis\"},\"image\":{\"@id\":\"https:\/\/kapitalis.com\/tunisie\/#\/schema\/logo\/image\/\"},\"sameAs\":[\"https:\/\/www.facebook.com\/KapitalisInfo\/\",\"https:\/\/x.com\/KapitalisInfo\",\"https:\/\/www.youtube.com\/channel\/UC-yDYrHyfFBWWZaOw3FPg9Q\"]},{\"@type\":\"Person\",\"@id\":\"https:\/\/kapitalis.com\/tunisie\/#\/schema\/person\/74bbde0154d49d790a92aaeac5bc01d5\",\"name\":\"Yusra NY\",\"url\":\"https:\/\/kapitalis.com\/tunisie\/author\/yuza_adam\/\"}]}<\/script>\n<!-- \/ Yoast SEO plugin. -->","yoast_head_json":{"title":"Orphelinat Diar Essebil : \u00abNessma TV nous doit de l\u2019argent !\u00bb - Kapitalis","robots":{"index":"index","follow":"follow","max-snippet":"max-snippet:-1","max-image-preview":"max-image-preview:large","max-video-preview":"max-video-preview:-1"},"canonical":"https:\/\/kapitalis.com\/tunisie\/2019\/02\/04\/orphelinat-diar-essebil-nessma-tv-nous-doit-de-largent\/","og_locale":"fr_FR","og_type":"article","og_title":"Orphelinat Diar Essebil : \u00abNessma TV nous doit de l\u2019argent !\u00bb - Kapitalis","og_description":"Nessma TV, la cha\u00eene priv\u00e9e de Nabil Karoui, avait annonc\u00e9, depuis plus de 3 ans, que l\u2019orphelinat Diar Essebil\u00a0a gagn\u00e9 une somme d\u2019argent, mais celle-ci ne lui a jamais \u00e9t\u00e9 remise\u00a0!","og_url":"https:\/\/kapitalis.com\/tunisie\/2019\/02\/04\/orphelinat-diar-essebil-nessma-tv-nous-doit-de-largent\/","og_site_name":"Kapitalis","article_publisher":"https:\/\/www.facebook.com\/KapitalisInfo\/","article_published_time":"2019-02-04T13:10:24+00:00","og_image":[{"width":1200,"height":630,"url":"https:\/\/kapitalis.com\/tunisie\/wp-content\/uploads\/2022\/05\/kapitalis-logo-fb.png","type":"image\/png"}],"author":"Yusra NY","twitter_card":"summary_large_image","twitter_creator":"@KapitalisInfo","twitter_site":"@KapitalisInfo","twitter_misc":{"\u00c9crit par":"Yusra NY","Dur\u00e9e de lecture estim\u00e9e":"2 minutes"},"schema":{"@context":"https:\/\/schema.org","@graph":[{"@type":"Article","@id":"https:\/\/kapitalis.com\/tunisie\/2019\/02\/04\/orphelinat-diar-essebil-nessma-tv-nous-doit-de-largent\/#article","isPartOf":{"@id":"https:\/\/kapitalis.com\/tunisie\/2019\/02\/04\/orphelinat-diar-essebil-nessma-tv-nous-doit-de-largent\/"},"author":{"name":"Yusra NY","@id":"https:\/\/kapitalis.com\/tunisie\/#\/schema\/person\/74bbde0154d49d790a92aaeac5bc01d5"},"headline":"Orphelinat Diar Essebil : \u00abNessma TV nous doit de l\u2019argent !\u00bb","datePublished":"2019-02-04T13:10:24+00:00","mainEntityOfPage":{"@id":"https:\/\/kapitalis.com\/tunisie\/2019\/02\/04\/orphelinat-diar-essebil-nessma-tv-nous-doit-de-largent\/"},"wordCount":382,"commentCount":1,"publisher":{"@id":"https:\/\/kapitalis.com\/tunisie\/#organization"},"image":{"@id":"https:\/\/kapitalis.com\/tunisie\/2019\/02\/04\/orphelinat-diar-essebil-nessma-tv-nous-doit-de-largent\/#primaryimage"},"thumbnailUrl":"","keywords":["argent","association Maram","charit\u00e9","Haica","Nessma TV"],"articleSection":["SOCIETE","Tunisie"],"inLanguage":"fr-FR","potentialAction":[{"@type":"CommentAction","name":"Comment","target":["https:\/\/kapitalis.com\/tunisie\/2019\/02\/04\/orphelinat-diar-essebil-nessma-tv-nous-doit-de-largent\/#respond"]}]},{"@type":"WebPage","@id":"https:\/\/kapitalis.com\/tunisie\/2019\/02\/04\/orphelinat-diar-essebil-nessma-tv-nous-doit-de-largent\/","url":"https:\/\/kapitalis.com\/tunisie\/2019\/02\/04\/orphelinat-diar-essebil-nessma-tv-nous-doit-de-largent\/","name":"Orphelinat Diar Essebil : \u00abNessma TV nous doit de l\u2019argent !\u00bb - Kapitalis","isPartOf":{"@id":"https:\/\/kapitalis.com\/tunisie\/#website"},"primaryImageOfPage":{"@id":"https:\/\/kapitalis.com\/tunisie\/2019\/02\/04\/orphelinat-diar-essebil-nessma-tv-nous-doit-de-largent\/#primaryimage"},"image":{"@id":"https:\/\/kapitalis.com\/tunisie\/2019\/02\/04\/orphelinat-diar-essebil-nessma-tv-nous-doit-de-largent\/#primaryimage"},"thumbnailUrl":"","datePublished":"2019-02-04T13:10:24+00:00","breadcrumb":{"@id":"https:\/\/kapitalis.com\/tunisie\/2019\/02\/04\/orphelinat-diar-essebil-nessma-tv-nous-doit-de-largent\/#breadcrumb"},"inLanguage":"fr-FR","potentialAction":[{"@type":"ReadAction","target":["https:\/\/kapitalis.com\/tunisie\/2019\/02\/04\/orphelinat-diar-essebil-nessma-tv-nous-doit-de-largent\/"]}]},{"@type":"ImageObject","inLanguage":"fr-FR","@id":"https:\/\/kapitalis.com\/tunisie\/2019\/02\/04\/orphelinat-diar-essebil-nessma-tv-nous-doit-de-largent\/#primaryimage","url":"","contentUrl":""},{"@type":"BreadcrumbList","@id":"https:\/\/kapitalis.com\/tunisie\/2019\/02\/04\/orphelinat-diar-essebil-nessma-tv-nous-doit-de-largent\/#breadcrumb","itemListElement":[{"@type":"ListItem","position":1,"name":"Accueil","item":"https:\/\/kapitalis.com\/tunisie\/"},{"@type":"ListItem","position":2,"name":"Orphelinat Diar Essebil : \u00abNessma TV nous doit de l\u2019argent !\u00bb"}]},{"@type":"WebSite","@id":"https:\/\/kapitalis.com\/tunisie\/#website","url":"https:\/\/kapitalis.com\/tunisie\/","name":"Kapitalis","description":"L&#039;actualit\u00e9 en Tunisie et dans le monde","publisher":{"@id":"https:\/\/kapitalis.com\/tunisie\/#organization"},"potentialAction":[{"@type":"SearchAction","target":{"@type":"EntryPoint","urlTemplate":"https:\/\/kapitalis.com\/tunisie\/?s={search_term_string}"},"query-input":{"@type":"PropertyValueSpecification","valueRequired":true,"valueName":"search_term_string"}}],"inLanguage":"fr-FR"},{"@type":"Organization","@id":"https:\/\/kapitalis.com\/tunisie\/#organization","name":"Kapitalis","url":"https:\/\/kapitalis.com\/tunisie\/","logo":{"@type":"ImageObject","inLanguage":"fr-FR","@id":"https:\/\/kapitalis.com\/tunisie\/#\/schema\/logo\/image\/","url":"https:\/\/kapitalis.com\/tunisie\/wp-content\/uploads\/2022\/05\/Kapitalis-big-size.png","contentUrl":"https:\/\/kapitalis.com\/tunisie\/wp-content\/uploads\/2022\/05\/Kapitalis-big-size.png","width":5000,"height":1500,"caption":"Kapitalis"},"image":{"@id":"https:\/\/kapitalis.com\/tunisie\/#\/schema\/logo\/image\/"},"sameAs":["https:\/\/www.facebook.com\/KapitalisInfo\/","https:\/\/x.com\/KapitalisInfo","https:\/\/www.youtube.com\/channel\/UC-yDYrHyfFBWWZaOw3FPg9Q"]},{"@type":"Person","@id":"https:\/\/kapitalis.com\/tunisie\/#\/schema\/person\/74bbde0154d49d790a92aaeac5bc01d5","name":"Yusra NY","url":"https:\/\/kapitalis.com\/tunisie\/author\/yuza_adam\/"}]}},"_links":{"self":[{"href":"https:\/\/kapitalis.com\/tunisie\/wp-json\/wp\/v2\/posts\/196466","targetHints":{"allow":["GET"]}}],"collection":[{"href":"https:\/\/kapitalis.com\/tunisie\/wp-json\/wp\/v2\/posts"}],"about":[{"href":"https:\/\/kapitalis.com\/tunisie\/wp-json\/wp\/v2\/types\/post"}],"author":[{"embeddable":true,"href":"https:\/\/kapitalis.com\/tunisie\/wp-json\/wp\/v2\/users\/6"}],"replies":[{"embeddable":true,"href":"https:\/\/kapitalis.com\/tunisie\/wp-json\/wp\/v2\/comments?post=196466"}],"version-history":[{"count":0,"href":"https:\/\/kapitalis.com\/tunisie\/wp-json\/wp\/v2\/posts\/196466\/revisions"}],"wp:featuredmedia":[{"embeddable":true,"href":"https:\/\/kapitalis.com\/tunisie\/wp-json\/wp\/v2\/media\/196472"}],"wp:attachment":[{"href":"https:\/\/kapitalis.com\/tunisie\/wp-json\/wp\/v2\/media?parent=196466"}],"wp:term":[{"taxonomy":"category","embeddable":true,"href":"https:\/\/kapitalis.com\/tunisie\/wp-json\/wp\/v2\/categories?post=196466"},{"taxonomy":"post_tag","embeddable":true,"href":"https:\/\/kapitalis.com\/tunisie\/wp-json\/wp\/v2\/tags?post=196466"}],"curies":[{"name":"wp","href":"https:\/\/api.w.org\/{rel}","templated":true}]}}