{"id":196501,"date":"2019-02-04T17:06:47","date_gmt":"2019-02-04T16:06:47","guid":{"rendered":"http:\/\/kapitalis.com\/tunisie\/?p=196501"},"modified":"2019-02-04T17:10:45","modified_gmt":"2019-02-04T16:10:45","slug":"nasfi-les-enfants-du-centre-de-regueb-pourraient-devenir-une-menace","status":"publish","type":"post","link":"https:\/\/kapitalis.com\/tunisie\/2019\/02\/04\/nasfi-les-enfants-du-centre-de-regueb-pourraient-devenir-une-menace\/","title":{"rendered":"Nasfi : Les enfants du centre de Regueb pourraient devenir une menace"},"content":{"rendered":"<p style=\"text-align: center;\"><img loading=\"lazy\" decoding=\"async\" class=\"alignnone size-full wp-image-196503\" src=\"http:\/\/kapitalis.com\/tunisie\/wp-content\/uploads\/2019\/02\/Hassouna-Nasfi_Regueb.jpg\" alt=\"\" width=\"626\" height=\"380\" \/><\/p>\n<p><em><strong>Hassouna Nasfi, pr\u00e9sident du bloc parlementaire Al-Horra (Machrou Tounes), a appel\u00e9 au limogeage du gouverneur de Sidi Bouzid et du d\u00e9l\u00e9gu\u00e9 de Regueb suite \u00e0 l&rsquo;\u00e9clatement de l&rsquo;affaire du centre coranique de Regueb o\u00f9 plusieurs enfants auraient subi des abus sexuels.<\/strong><\/em><!--more--><\/p>\n<p>\u00ab<em>Je suis vraiment surpris qu&rsquo;aucune mesure administrative n&rsquo;ait \u00e9t\u00e9 prise contre les personnes qui \u00e9taient au courant de tout ce qui se passait dans ce centre coranique qui n&rsquo;avait m\u00eame pas de licence. C&rsquo;est un crime contre l&rsquo;enfance. Les enfants pensionnaires ont \u00e9t\u00e9 non seulement exploit\u00e9s \u00e9conomiquement mais ils auraient aussi \u00e9t\u00e9 abus\u00e9s sexuellement, selon de s\u00e9rieuses suspicions<\/em>\u00bb, a d\u00e9clar\u00e9 le d\u00e9put\u00e9 lors de son passage \u00e0 \u00ab\u00a0<em>Houna Shems<\/em>\u00a0\u00bb sur Shems FM, aujourd&rsquo;hui, lundi 4 f\u00e9vrier 2019, ajoutant :\u00a0\u00ab<em>L&rsquo;Etat est tenu de prot\u00e9ger les mineurs, et ce conform\u00e9ment aux dispositions de la nouvelle constitution. Si ces enfants n&rsquo;avaient pas \u00e9t\u00e9 sortis de ce centre, ils auraient pu devenir un vrai danger pour le pays. Ils pourraient \u00eatre envoy\u00e9s dans les zones de conflit ou aller combattre nos soldats et agents de s\u00e9curit\u00e9!\u00bb.\u00a0<\/em><\/p>\n<p>Le parlementaire a \u00e9galement indiqu\u00e9 que la pratique du test anal sur les 42 enfants, \u00e2g\u00e9s de 10 \u00e0 18 ans, inscrits dans cette \u00e9cole coranique \u00e0 Regueb, est n\u00e9cessaire pour prouver s&rsquo;ils ont ou pas subi\u00a0des abus sexuels.<\/p>\n<p>\u00ab<em>Si des mesures fermes ne sont pas prises dans cette affaire, nous quitterions le gouvernement!\u00bb<\/em>, a-t-il lanc\u00e9.<\/p>\n<p>Dans un autre contexte, M. Nasfi a indiqu\u00e9 que des concertations sont actuellement en cours avec Tahia Tounes et Nidaa Tounes, et ce pour rassembler la famille centriste moderniste en vue de\u00a0 pr\u00e9parer dans les meilleurs dispositions les prochaines \u00e9lections, pr\u00e9vues fin 2019.<\/p>\n<p style=\"text-align: right;\"><strong>E. B. A.<\/strong><\/p>\n<blockquote class=\"wp-embedded-content\" data-secret=\"c1WlYuOl2a\"><p><a href=\"https:\/\/kapitalis.com\/tunisie\/2019\/02\/04\/mekki-estime-quon-ne-doit-pas-recourir-au-test-anal-sur-les-enfants\/\">Mekki estime qu&rsquo;on ne doit pas recourir au test anal sur les enfants !<\/a><\/p><\/blockquote>\n<p><iframe loading=\"lazy\" class=\"wp-embedded-content\" sandbox=\"allow-scripts\" security=\"restricted\" style=\"position: absolute; clip: rect(1px, 1px, 1px, 1px);\" title=\"\u00ab\u00a0Mekki estime qu&rsquo;on ne doit pas recourir au test anal sur les enfants !\u00a0\u00bb &#8212; Kapitalis\" src=\"https:\/\/kapitalis.com\/tunisie\/2019\/02\/04\/mekki-estime-quon-ne-doit-pas-recourir-au-test-anal-sur-les-enfants\/embed\/#?secret=3YnXVKp3wk#?secret=c1WlYuOl2a\" data-secret=\"c1WlYuOl2a\" width=\"600\" height=\"338\" frameborder=\"0\" marginwidth=\"0\" marginheight=\"0\" scrolling=\"no\"><\/iframe><\/p>\n<blockquote class=\"wp-embedded-content\" data-secret=\"Sbj7oj16Eg\"><p><a href=\"https:\/\/kapitalis.com\/tunisie\/2019\/02\/04\/ecole-coranique-a-regueb-une-deputee-appelle-a-larrestation-des-parents\/\">Ecole coranique \u00e0 Regueb : Une d\u00e9put\u00e9e appelle \u00e0 l&rsquo;arrestation des parents<\/a><\/p><\/blockquote>\n<p><iframe loading=\"lazy\" class=\"wp-embedded-content\" sandbox=\"allow-scripts\" security=\"restricted\" style=\"position: absolute; clip: rect(1px, 1px, 1px, 1px);\" title=\"\u00ab\u00a0Ecole coranique \u00e0 Regueb : Une d\u00e9put\u00e9e appelle \u00e0 l&rsquo;arrestation des parents\u00a0\u00bb &#8212; Kapitalis\" src=\"https:\/\/kapitalis.com\/tunisie\/2019\/02\/04\/ecole-coranique-a-regueb-une-deputee-appelle-a-larrestation-des-parents\/embed\/#?secret=4JMhmnn4K2#?secret=Sbj7oj16Eg\" data-secret=\"Sbj7oj16Eg\" width=\"600\" height=\"338\" frameborder=\"0\" marginwidth=\"0\" marginheight=\"0\" scrolling=\"no\"><\/iframe><\/p>\n","protected":false},"excerpt":{"rendered":"<p>Hassouna Nasfi, pr\u00e9sident du bloc parlementaire Al-Horra (Machrou Tounes), a appel\u00e9 au limogeage du gouverneur de Sidi Bouzid et du d\u00e9l\u00e9gu\u00e9 de Regueb suite \u00e0 l&rsquo;\u00e9clatement de l&rsquo;affaire du centre coranique de Regueb o\u00f9 plusieurs enfants auraient subi des abus sexuels.<\/p>\n","protected":false},"author":16,"featured_media":196503,"comment_status":"open","ping_status":"open","sticky":false,"template":"","format":"standard","meta":{"footnotes":""},"categories":[998,2433],"tags":[17173,12461,49571,778,828,54992],"class_list":["post-196501","post","type-post","status-publish","format-standard","has-post-thumbnail","hentry","category-societe","category-tunisie","tag-abus-sexuel","tag-hassouna-nasfi","tag-nidaa-tounes","tag-regueb","tag-sidi-bouzid","tag-tahia-tounes"],"yoast_head":"<!-- This site is optimized with the Yoast SEO plugin v26.6 - https:\/\/yoast.com\/wordpress\/plugins\/seo\/ -->\n<title>Nasfi : Les enfants du centre de Regueb pourraient devenir une menace - Kapitalis<\/title>\n<meta name=\"robots\" content=\"index, follow, max-snippet:-1, max-image-preview:large, max-video-preview:-1\" \/>\n<link rel=\"canonical\" href=\"https:\/\/kapitalis.com\/tunisie\/2019\/02\/04\/nasfi-les-enfants-du-centre-de-regueb-pourraient-devenir-une-menace\/\" \/>\n<meta property=\"og:locale\" content=\"fr_FR\" \/>\n<meta property=\"og:type\" content=\"article\" \/>\n<meta property=\"og:title\" content=\"Nasfi : Les enfants du centre de Regueb pourraient devenir une menace - Kapitalis\" \/>\n<meta property=\"og:description\" content=\"Hassouna Nasfi, pr\u00e9sident du bloc parlementaire Al-Horra (Machrou Tounes), a appel\u00e9 au limogeage du gouverneur de Sidi Bouzid et du d\u00e9l\u00e9gu\u00e9 de Regueb suite \u00e0 l&rsquo;\u00e9clatement de l&rsquo;affaire du centre coranique de Regueb o\u00f9 plusieurs enfants auraient subi des abus sexuels.\" \/>\n<meta property=\"og:url\" content=\"https:\/\/kapitalis.com\/tunisie\/2019\/02\/04\/nasfi-les-enfants-du-centre-de-regueb-pourraient-devenir-une-menace\/\" \/>\n<meta property=\"og:site_name\" content=\"Kapitalis\" \/>\n<meta property=\"article:publisher\" content=\"https:\/\/www.facebook.com\/KapitalisInfo\/\" \/>\n<meta property=\"article:published_time\" content=\"2019-02-04T16:06:47+00:00\" \/>\n<meta property=\"article:modified_time\" content=\"2019-02-04T16:10:45+00:00\" \/>\n<meta property=\"og:image\" content=\"https:\/\/kapitalis.com\/tunisie\/wp-content\/uploads\/2022\/05\/kapitalis-logo-fb.png\" \/>\n\t<meta property=\"og:image:width\" content=\"1200\" \/>\n\t<meta property=\"og:image:height\" content=\"630\" \/>\n\t<meta property=\"og:image:type\" content=\"image\/png\" \/>\n<meta name=\"author\" content=\"emna benabdallah\" \/>\n<meta name=\"twitter:card\" content=\"summary_large_image\" \/>\n<meta name=\"twitter:creator\" content=\"@KapitalisInfo\" \/>\n<meta name=\"twitter:site\" content=\"@KapitalisInfo\" \/>\n<meta name=\"twitter:label1\" content=\"\u00c9crit par\" \/>\n\t<meta name=\"twitter:data1\" content=\"emna benabdallah\" \/>\n\t<meta name=\"twitter:label2\" content=\"Dur\u00e9e de lecture estim\u00e9e\" \/>\n\t<meta name=\"twitter:data2\" content=\"1 minute\" \/>\n<script type=\"application\/ld+json\" class=\"yoast-schema-graph\">{\"@context\":\"https:\/\/schema.org\",\"@graph\":[{\"@type\":\"Article\",\"@id\":\"https:\/\/kapitalis.com\/tunisie\/2019\/02\/04\/nasfi-les-enfants-du-centre-de-regueb-pourraient-devenir-une-menace\/#article\",\"isPartOf\":{\"@id\":\"https:\/\/kapitalis.com\/tunisie\/2019\/02\/04\/nasfi-les-enfants-du-centre-de-regueb-pourraient-devenir-une-menace\/\"},\"author\":{\"name\":\"emna benabdallah\",\"@id\":\"https:\/\/kapitalis.com\/tunisie\/#\/schema\/person\/2c6e134b2f3369dffcd1daf5f087d28b\"},\"headline\":\"Nasfi : Les enfants du centre de Regueb pourraient devenir une menace\",\"datePublished\":\"2019-02-04T16:06:47+00:00\",\"dateModified\":\"2019-02-04T16:10:45+00:00\",\"mainEntityOfPage\":{\"@id\":\"https:\/\/kapitalis.com\/tunisie\/2019\/02\/04\/nasfi-les-enfants-du-centre-de-regueb-pourraient-devenir-une-menace\/\"},\"wordCount\":306,\"commentCount\":1,\"publisher\":{\"@id\":\"https:\/\/kapitalis.com\/tunisie\/#organization\"},\"image\":{\"@id\":\"https:\/\/kapitalis.com\/tunisie\/2019\/02\/04\/nasfi-les-enfants-du-centre-de-regueb-pourraient-devenir-une-menace\/#primaryimage\"},\"thumbnailUrl\":\"\",\"keywords\":[\"abus sexuel\",\"Hassouna NAsfi\",\"Nidaa Tounes\",\"Regueb\",\"Sidi Bouzid\",\"Tahia Tounes\"],\"articleSection\":[\"SOCIETE\",\"Tunisie\"],\"inLanguage\":\"fr-FR\",\"potentialAction\":[{\"@type\":\"CommentAction\",\"name\":\"Comment\",\"target\":[\"https:\/\/kapitalis.com\/tunisie\/2019\/02\/04\/nasfi-les-enfants-du-centre-de-regueb-pourraient-devenir-une-menace\/#respond\"]}]},{\"@type\":\"WebPage\",\"@id\":\"https:\/\/kapitalis.com\/tunisie\/2019\/02\/04\/nasfi-les-enfants-du-centre-de-regueb-pourraient-devenir-une-menace\/\",\"url\":\"https:\/\/kapitalis.com\/tunisie\/2019\/02\/04\/nasfi-les-enfants-du-centre-de-regueb-pourraient-devenir-une-menace\/\",\"name\":\"Nasfi : Les enfants du centre de Regueb pourraient devenir une menace - Kapitalis\",\"isPartOf\":{\"@id\":\"https:\/\/kapitalis.com\/tunisie\/#website\"},\"primaryImageOfPage\":{\"@id\":\"https:\/\/kapitalis.com\/tunisie\/2019\/02\/04\/nasfi-les-enfants-du-centre-de-regueb-pourraient-devenir-une-menace\/#primaryimage\"},\"image\":{\"@id\":\"https:\/\/kapitalis.com\/tunisie\/2019\/02\/04\/nasfi-les-enfants-du-centre-de-regueb-pourraient-devenir-une-menace\/#primaryimage\"},\"thumbnailUrl\":\"\",\"datePublished\":\"2019-02-04T16:06:47+00:00\",\"dateModified\":\"2019-02-04T16:10:45+00:00\",\"breadcrumb\":{\"@id\":\"https:\/\/kapitalis.com\/tunisie\/2019\/02\/04\/nasfi-les-enfants-du-centre-de-regueb-pourraient-devenir-une-menace\/#breadcrumb\"},\"inLanguage\":\"fr-FR\",\"potentialAction\":[{\"@type\":\"ReadAction\",\"target\":[\"https:\/\/kapitalis.com\/tunisie\/2019\/02\/04\/nasfi-les-enfants-du-centre-de-regueb-pourraient-devenir-une-menace\/\"]}]},{\"@type\":\"ImageObject\",\"inLanguage\":\"fr-FR\",\"@id\":\"https:\/\/kapitalis.com\/tunisie\/2019\/02\/04\/nasfi-les-enfants-du-centre-de-regueb-pourraient-devenir-une-menace\/#primaryimage\",\"url\":\"\",\"contentUrl\":\"\"},{\"@type\":\"BreadcrumbList\",\"@id\":\"https:\/\/kapitalis.com\/tunisie\/2019\/02\/04\/nasfi-les-enfants-du-centre-de-regueb-pourraient-devenir-une-menace\/#breadcrumb\",\"itemListElement\":[{\"@type\":\"ListItem\",\"position\":1,\"name\":\"Accueil\",\"item\":\"https:\/\/kapitalis.com\/tunisie\/\"},{\"@type\":\"ListItem\",\"position\":2,\"name\":\"Nasfi : Les enfants du centre de Regueb pourraient devenir une menace\"}]},{\"@type\":\"WebSite\",\"@id\":\"https:\/\/kapitalis.com\/tunisie\/#website\",\"url\":\"https:\/\/kapitalis.com\/tunisie\/\",\"name\":\"Kapitalis\",\"description\":\"L&#039;actualit\u00e9 en Tunisie et dans le monde\",\"publisher\":{\"@id\":\"https:\/\/kapitalis.com\/tunisie\/#organization\"},\"potentialAction\":[{\"@type\":\"SearchAction\",\"target\":{\"@type\":\"EntryPoint\",\"urlTemplate\":\"https:\/\/kapitalis.com\/tunisie\/?s={search_term_string}\"},\"query-input\":{\"@type\":\"PropertyValueSpecification\",\"valueRequired\":true,\"valueName\":\"search_term_string\"}}],\"inLanguage\":\"fr-FR\"},{\"@type\":\"Organization\",\"@id\":\"https:\/\/kapitalis.com\/tunisie\/#organization\",\"name\":\"Kapitalis\",\"url\":\"https:\/\/kapitalis.com\/tunisie\/\",\"logo\":{\"@type\":\"ImageObject\",\"inLanguage\":\"fr-FR\",\"@id\":\"https:\/\/kapitalis.com\/tunisie\/#\/schema\/logo\/image\/\",\"url\":\"https:\/\/kapitalis.com\/tunisie\/wp-content\/uploads\/2022\/05\/Kapitalis-big-size.png\",\"contentUrl\":\"https:\/\/kapitalis.com\/tunisie\/wp-content\/uploads\/2022\/05\/Kapitalis-big-size.png\",\"width\":5000,\"height\":1500,\"caption\":\"Kapitalis\"},\"image\":{\"@id\":\"https:\/\/kapitalis.com\/tunisie\/#\/schema\/logo\/image\/\"},\"sameAs\":[\"https:\/\/www.facebook.com\/KapitalisInfo\/\",\"https:\/\/x.com\/KapitalisInfo\",\"https:\/\/www.youtube.com\/channel\/UC-yDYrHyfFBWWZaOw3FPg9Q\"]},{\"@type\":\"Person\",\"@id\":\"https:\/\/kapitalis.com\/tunisie\/#\/schema\/person\/2c6e134b2f3369dffcd1daf5f087d28b\",\"name\":\"emna benabdallah\",\"url\":\"https:\/\/kapitalis.com\/tunisie\/author\/emna\/\"}]}<\/script>\n<!-- \/ Yoast SEO plugin. -->","yoast_head_json":{"title":"Nasfi : Les enfants du centre de Regueb pourraient devenir une menace - Kapitalis","robots":{"index":"index","follow":"follow","max-snippet":"max-snippet:-1","max-image-preview":"max-image-preview:large","max-video-preview":"max-video-preview:-1"},"canonical":"https:\/\/kapitalis.com\/tunisie\/2019\/02\/04\/nasfi-les-enfants-du-centre-de-regueb-pourraient-devenir-une-menace\/","og_locale":"fr_FR","og_type":"article","og_title":"Nasfi : Les enfants du centre de Regueb pourraient devenir une menace - Kapitalis","og_description":"Hassouna Nasfi, pr\u00e9sident du bloc parlementaire Al-Horra (Machrou Tounes), a appel\u00e9 au limogeage du gouverneur de Sidi Bouzid et du d\u00e9l\u00e9gu\u00e9 de Regueb suite \u00e0 l&rsquo;\u00e9clatement de l&rsquo;affaire du centre coranique de Regueb o\u00f9 plusieurs enfants auraient subi des abus sexuels.","og_url":"https:\/\/kapitalis.com\/tunisie\/2019\/02\/04\/nasfi-les-enfants-du-centre-de-regueb-pourraient-devenir-une-menace\/","og_site_name":"Kapitalis","article_publisher":"https:\/\/www.facebook.com\/KapitalisInfo\/","article_published_time":"2019-02-04T16:06:47+00:00","article_modified_time":"2019-02-04T16:10:45+00:00","og_image":[{"width":1200,"height":630,"url":"https:\/\/kapitalis.com\/tunisie\/wp-content\/uploads\/2022\/05\/kapitalis-logo-fb.png","type":"image\/png"}],"author":"emna benabdallah","twitter_card":"summary_large_image","twitter_creator":"@KapitalisInfo","twitter_site":"@KapitalisInfo","twitter_misc":{"\u00c9crit par":"emna benabdallah","Dur\u00e9e de lecture estim\u00e9e":"1 minute"},"schema":{"@context":"https:\/\/schema.org","@graph":[{"@type":"Article","@id":"https:\/\/kapitalis.com\/tunisie\/2019\/02\/04\/nasfi-les-enfants-du-centre-de-regueb-pourraient-devenir-une-menace\/#article","isPartOf":{"@id":"https:\/\/kapitalis.com\/tunisie\/2019\/02\/04\/nasfi-les-enfants-du-centre-de-regueb-pourraient-devenir-une-menace\/"},"author":{"name":"emna benabdallah","@id":"https:\/\/kapitalis.com\/tunisie\/#\/schema\/person\/2c6e134b2f3369dffcd1daf5f087d28b"},"headline":"Nasfi : Les enfants du centre de Regueb pourraient devenir une menace","datePublished":"2019-02-04T16:06:47+00:00","dateModified":"2019-02-04T16:10:45+00:00","mainEntityOfPage":{"@id":"https:\/\/kapitalis.com\/tunisie\/2019\/02\/04\/nasfi-les-enfants-du-centre-de-regueb-pourraient-devenir-une-menace\/"},"wordCount":306,"commentCount":1,"publisher":{"@id":"https:\/\/kapitalis.com\/tunisie\/#organization"},"image":{"@id":"https:\/\/kapitalis.com\/tunisie\/2019\/02\/04\/nasfi-les-enfants-du-centre-de-regueb-pourraient-devenir-une-menace\/#primaryimage"},"thumbnailUrl":"","keywords":["abus sexuel","Hassouna NAsfi","Nidaa Tounes","Regueb","Sidi Bouzid","Tahia Tounes"],"articleSection":["SOCIETE","Tunisie"],"inLanguage":"fr-FR","potentialAction":[{"@type":"CommentAction","name":"Comment","target":["https:\/\/kapitalis.com\/tunisie\/2019\/02\/04\/nasfi-les-enfants-du-centre-de-regueb-pourraient-devenir-une-menace\/#respond"]}]},{"@type":"WebPage","@id":"https:\/\/kapitalis.com\/tunisie\/2019\/02\/04\/nasfi-les-enfants-du-centre-de-regueb-pourraient-devenir-une-menace\/","url":"https:\/\/kapitalis.com\/tunisie\/2019\/02\/04\/nasfi-les-enfants-du-centre-de-regueb-pourraient-devenir-une-menace\/","name":"Nasfi : Les enfants du centre de Regueb pourraient devenir une menace - Kapitalis","isPartOf":{"@id":"https:\/\/kapitalis.com\/tunisie\/#website"},"primaryImageOfPage":{"@id":"https:\/\/kapitalis.com\/tunisie\/2019\/02\/04\/nasfi-les-enfants-du-centre-de-regueb-pourraient-devenir-une-menace\/#primaryimage"},"image":{"@id":"https:\/\/kapitalis.com\/tunisie\/2019\/02\/04\/nasfi-les-enfants-du-centre-de-regueb-pourraient-devenir-une-menace\/#primaryimage"},"thumbnailUrl":"","datePublished":"2019-02-04T16:06:47+00:00","dateModified":"2019-02-04T16:10:45+00:00","breadcrumb":{"@id":"https:\/\/kapitalis.com\/tunisie\/2019\/02\/04\/nasfi-les-enfants-du-centre-de-regueb-pourraient-devenir-une-menace\/#breadcrumb"},"inLanguage":"fr-FR","potentialAction":[{"@type":"ReadAction","target":["https:\/\/kapitalis.com\/tunisie\/2019\/02\/04\/nasfi-les-enfants-du-centre-de-regueb-pourraient-devenir-une-menace\/"]}]},{"@type":"ImageObject","inLanguage":"fr-FR","@id":"https:\/\/kapitalis.com\/tunisie\/2019\/02\/04\/nasfi-les-enfants-du-centre-de-regueb-pourraient-devenir-une-menace\/#primaryimage","url":"","contentUrl":""},{"@type":"BreadcrumbList","@id":"https:\/\/kapitalis.com\/tunisie\/2019\/02\/04\/nasfi-les-enfants-du-centre-de-regueb-pourraient-devenir-une-menace\/#breadcrumb","itemListElement":[{"@type":"ListItem","position":1,"name":"Accueil","item":"https:\/\/kapitalis.com\/tunisie\/"},{"@type":"ListItem","position":2,"name":"Nasfi : Les enfants du centre de Regueb pourraient devenir une menace"}]},{"@type":"WebSite","@id":"https:\/\/kapitalis.com\/tunisie\/#website","url":"https:\/\/kapitalis.com\/tunisie\/","name":"Kapitalis","description":"L&#039;actualit\u00e9 en Tunisie et dans le monde","publisher":{"@id":"https:\/\/kapitalis.com\/tunisie\/#organization"},"potentialAction":[{"@type":"SearchAction","target":{"@type":"EntryPoint","urlTemplate":"https:\/\/kapitalis.com\/tunisie\/?s={search_term_string}"},"query-input":{"@type":"PropertyValueSpecification","valueRequired":true,"valueName":"search_term_string"}}],"inLanguage":"fr-FR"},{"@type":"Organization","@id":"https:\/\/kapitalis.com\/tunisie\/#organization","name":"Kapitalis","url":"https:\/\/kapitalis.com\/tunisie\/","logo":{"@type":"ImageObject","inLanguage":"fr-FR","@id":"https:\/\/kapitalis.com\/tunisie\/#\/schema\/logo\/image\/","url":"https:\/\/kapitalis.com\/tunisie\/wp-content\/uploads\/2022\/05\/Kapitalis-big-size.png","contentUrl":"https:\/\/kapitalis.com\/tunisie\/wp-content\/uploads\/2022\/05\/Kapitalis-big-size.png","width":5000,"height":1500,"caption":"Kapitalis"},"image":{"@id":"https:\/\/kapitalis.com\/tunisie\/#\/schema\/logo\/image\/"},"sameAs":["https:\/\/www.facebook.com\/KapitalisInfo\/","https:\/\/x.com\/KapitalisInfo","https:\/\/www.youtube.com\/channel\/UC-yDYrHyfFBWWZaOw3FPg9Q"]},{"@type":"Person","@id":"https:\/\/kapitalis.com\/tunisie\/#\/schema\/person\/2c6e134b2f3369dffcd1daf5f087d28b","name":"emna benabdallah","url":"https:\/\/kapitalis.com\/tunisie\/author\/emna\/"}]}},"_links":{"self":[{"href":"https:\/\/kapitalis.com\/tunisie\/wp-json\/wp\/v2\/posts\/196501","targetHints":{"allow":["GET"]}}],"collection":[{"href":"https:\/\/kapitalis.com\/tunisie\/wp-json\/wp\/v2\/posts"}],"about":[{"href":"https:\/\/kapitalis.com\/tunisie\/wp-json\/wp\/v2\/types\/post"}],"author":[{"embeddable":true,"href":"https:\/\/kapitalis.com\/tunisie\/wp-json\/wp\/v2\/users\/16"}],"replies":[{"embeddable":true,"href":"https:\/\/kapitalis.com\/tunisie\/wp-json\/wp\/v2\/comments?post=196501"}],"version-history":[{"count":0,"href":"https:\/\/kapitalis.com\/tunisie\/wp-json\/wp\/v2\/posts\/196501\/revisions"}],"wp:featuredmedia":[{"embeddable":true,"href":"https:\/\/kapitalis.com\/tunisie\/wp-json\/wp\/v2\/media\/196503"}],"wp:attachment":[{"href":"https:\/\/kapitalis.com\/tunisie\/wp-json\/wp\/v2\/media?parent=196501"}],"wp:term":[{"taxonomy":"category","embeddable":true,"href":"https:\/\/kapitalis.com\/tunisie\/wp-json\/wp\/v2\/categories?post=196501"},{"taxonomy":"post_tag","embeddable":true,"href":"https:\/\/kapitalis.com\/tunisie\/wp-json\/wp\/v2\/tags?post=196501"}],"curies":[{"name":"wp","href":"https:\/\/api.w.org\/{rel}","templated":true}]}}