{"id":196556,"date":"2019-02-04T20:35:26","date_gmt":"2019-02-04T19:35:26","guid":{"rendered":"http:\/\/kapitalis.com\/tunisie\/?p=196556"},"modified":"2019-02-04T20:35:26","modified_gmt":"2019-02-04T19:35:26","slug":"programme-de-la-10e-edition-du-festival-du-rire-de-tunis","status":"publish","type":"post","link":"https:\/\/kapitalis.com\/tunisie\/2019\/02\/04\/programme-de-la-10e-edition-du-festival-du-rire-de-tunis\/","title":{"rendered":"Programme de la 10e \u00e9dition du Festival du rire de Tunis"},"content":{"rendered":"<p style=\"text-align: center;\"><img loading=\"lazy\" decoding=\"async\" class=\"alignnone size-full wp-image-196557\" src=\"http:\/\/kapitalis.com\/tunisie\/wp-content\/uploads\/2019\/02\/Festival-du-Rire.jpg\" alt=\"\" width=\"626\" height=\"380\" \/><\/p>\n<p><em><strong>La 10e \u00e9dition du Festival du rire de Tunis, rendez-vous annuel d\u00e9di\u00e9 \u00e0 l\u2019humour tunisien et international, se tiendra du 19 au 24 f\u00e9vrier 2019 au Th\u00e9\u00e2tre municipal de Tunis.<\/strong><\/em><\/p>\n<p><!--more--><\/p>\n<p>Comme \u00e0 l\u2019accoutum\u00e9e, cette nouvelle \u00e9dition propose des pi\u00e8ces de th\u00e9\u00e2tre, des one-man-shows, des stand-up, des spectacles d\u00e9cal\u00e9s\u2026 Avec des com\u00e9diens et humoristes tunisiens et francophones.<\/p>\n<p>Au programme de cette ann\u00e9e, on d\u00e9couvre l\u2019adaptation tunisienne du film culte fran\u00e7ais <em>\u2018\u2018Le d\u00eener de cons\u2019\u2019<\/em> (1998) : <em>\u2018\u2018El Mdak\u2019\u2019,<\/em> une mise en sc\u00e8ne sign\u00e9e Sami Montacer, avec les com\u00e9diens Slah Msaddak, Taoufik Bahri, Zouhair Rayes\u2026<\/p>\n<p>L\u2019acteur et humoriste tunisien Nidhal Saadi qu\u2019on a r\u00e9cemment vu \u00e0 la t\u00eate d\u2019affiche du dernier film de Nejib Belkadhi <em>\u2018\u2018Regarde-moi\u2019\u2019<\/em>, revient sur les planches avec un one-man-show d\u00e9cal\u00e9.<\/p>\n<p>Le festival invite pour la premi\u00e8re fois en Tunisie l\u2019humoriste fran\u00e7ais Haroun connu pour ses stand-up \u00e0 l\u2019humour noir et absurde, qui se produira deux dates de suite devant le public tunisien.<\/p>\n<p>Au programme \u00e9galement une incroyable performance de mentalisme et d\u2019hypnose avec le magicien r\u00e9f\u00e9rence en France Jay Kynesios. Le festival sera cl\u00f4tur\u00e9 par un spectacle de magie interactive pour enfants avec le magicien fran\u00e7ais Ilario, \u00e0 l\u2019espace Mad\u2019art \u00e0 Carthage.<\/p>\n<h3>Le programme :<\/h3>\n<p><em><strong>Th\u00e9\u00e2tre municipal de Tunis :<\/strong> <\/em><\/p>\n<p>&#8211; Mardi 19 f\u00e9vrier : <em>\u2018\u2018El Mdak\u2019\u2019<\/em>;<br \/>\n&#8211; Mercredi 20 f\u00e9vrier : Haroun;<br \/>\n&#8211; Jeudi 21 f\u00e9vrier : Haroun;<br \/>\n&#8211; Vendredi 22 f\u00e9vrier : Jay Kynesios;<br \/>\n&#8211; Samedi 23 f\u00e9vrier : Nidhal Saadi;<\/p>\n<p><em><strong>Espace au Mad\u2019art (Carthage) :<\/strong><\/em><\/p>\n<p>&#8211; Dimanche 24 f\u00e9vrier : Ilario (spectacle pour enfants).<\/p>\n<p style=\"text-align: right;\"><strong>Fawz Ben Ali<\/strong><\/p>\n","protected":false},"excerpt":{"rendered":"<p>La 10e \u00e9dition du Festival du rire de Tunis, rendez-vous annuel d\u00e9di\u00e9 \u00e0 l\u2019humour tunisien et international, se tiendra du 19 au 24 f\u00e9vrier 2019 au Th\u00e9\u00e2tre municipal de Tunis.<\/p>\n","protected":false},"author":8,"featured_media":196557,"comment_status":"open","ping_status":"open","sticky":false,"template":"","format":"standard","meta":{"footnotes":""},"categories":[994,2433],"tags":[22200],"class_list":["post-196556","post","type-post","status-publish","format-standard","has-post-thumbnail","hentry","category-culture","category-tunisie","tag-nidhal-saadi"],"yoast_head":"<!-- This site is optimized with the Yoast SEO plugin v26.6 - https:\/\/yoast.com\/wordpress\/plugins\/seo\/ -->\n<title>Programme de la 10e \u00e9dition du Festival du rire de Tunis - Kapitalis<\/title>\n<meta name=\"robots\" content=\"index, follow, max-snippet:-1, max-image-preview:large, max-video-preview:-1\" \/>\n<link rel=\"canonical\" href=\"https:\/\/kapitalis.com\/tunisie\/2019\/02\/04\/programme-de-la-10e-edition-du-festival-du-rire-de-tunis\/\" \/>\n<meta property=\"og:locale\" content=\"fr_FR\" \/>\n<meta property=\"og:type\" content=\"article\" \/>\n<meta property=\"og:title\" content=\"Programme de la 10e \u00e9dition du Festival du rire de Tunis - Kapitalis\" \/>\n<meta property=\"og:description\" content=\"La 10e \u00e9dition du Festival du rire de Tunis, rendez-vous annuel d\u00e9di\u00e9 \u00e0 l\u2019humour tunisien et international, se tiendra du 19 au 24 f\u00e9vrier 2019 au Th\u00e9\u00e2tre municipal de Tunis.\" \/>\n<meta property=\"og:url\" content=\"https:\/\/kapitalis.com\/tunisie\/2019\/02\/04\/programme-de-la-10e-edition-du-festival-du-rire-de-tunis\/\" \/>\n<meta property=\"og:site_name\" content=\"Kapitalis\" \/>\n<meta property=\"article:publisher\" content=\"https:\/\/www.facebook.com\/KapitalisInfo\/\" \/>\n<meta property=\"article:published_time\" content=\"2019-02-04T19:35:26+00:00\" \/>\n<meta property=\"og:image\" content=\"https:\/\/kapitalis.com\/tunisie\/wp-content\/uploads\/2022\/05\/kapitalis-logo-fb.png\" \/>\n\t<meta property=\"og:image:width\" content=\"1200\" \/>\n\t<meta property=\"og:image:height\" content=\"630\" \/>\n\t<meta property=\"og:image:type\" content=\"image\/png\" \/>\n<meta name=\"author\" content=\"webmaster kapitalis\" \/>\n<meta name=\"twitter:card\" content=\"summary_large_image\" \/>\n<meta name=\"twitter:creator\" content=\"@KapitalisInfo\" \/>\n<meta name=\"twitter:site\" content=\"@KapitalisInfo\" \/>\n<meta name=\"twitter:label1\" content=\"\u00c9crit par\" \/>\n\t<meta name=\"twitter:data1\" content=\"webmaster kapitalis\" \/>\n\t<meta name=\"twitter:label2\" content=\"Dur\u00e9e de lecture estim\u00e9e\" \/>\n\t<meta name=\"twitter:data2\" content=\"1 minute\" \/>\n<script type=\"application\/ld+json\" class=\"yoast-schema-graph\">{\"@context\":\"https:\/\/schema.org\",\"@graph\":[{\"@type\":\"Article\",\"@id\":\"https:\/\/kapitalis.com\/tunisie\/2019\/02\/04\/programme-de-la-10e-edition-du-festival-du-rire-de-tunis\/#article\",\"isPartOf\":{\"@id\":\"https:\/\/kapitalis.com\/tunisie\/2019\/02\/04\/programme-de-la-10e-edition-du-festival-du-rire-de-tunis\/\"},\"author\":{\"name\":\"webmaster kapitalis\",\"@id\":\"https:\/\/kapitalis.com\/tunisie\/#\/schema\/person\/d71f33a9ca44f7bad4698210b480c8e9\"},\"headline\":\"Programme de la 10e \u00e9dition du Festival du rire de Tunis\",\"datePublished\":\"2019-02-04T19:35:26+00:00\",\"mainEntityOfPage\":{\"@id\":\"https:\/\/kapitalis.com\/tunisie\/2019\/02\/04\/programme-de-la-10e-edition-du-festival-du-rire-de-tunis\/\"},\"wordCount\":281,\"commentCount\":1,\"publisher\":{\"@id\":\"https:\/\/kapitalis.com\/tunisie\/#organization\"},\"image\":{\"@id\":\"https:\/\/kapitalis.com\/tunisie\/2019\/02\/04\/programme-de-la-10e-edition-du-festival-du-rire-de-tunis\/#primaryimage\"},\"thumbnailUrl\":\"\",\"keywords\":[\"Nidhal Saadi\"],\"articleSection\":[\"CULTURE\",\"Tunisie\"],\"inLanguage\":\"fr-FR\",\"potentialAction\":[{\"@type\":\"CommentAction\",\"name\":\"Comment\",\"target\":[\"https:\/\/kapitalis.com\/tunisie\/2019\/02\/04\/programme-de-la-10e-edition-du-festival-du-rire-de-tunis\/#respond\"]}]},{\"@type\":\"WebPage\",\"@id\":\"https:\/\/kapitalis.com\/tunisie\/2019\/02\/04\/programme-de-la-10e-edition-du-festival-du-rire-de-tunis\/\",\"url\":\"https:\/\/kapitalis.com\/tunisie\/2019\/02\/04\/programme-de-la-10e-edition-du-festival-du-rire-de-tunis\/\",\"name\":\"Programme de la 10e \u00e9dition du Festival du rire de Tunis - Kapitalis\",\"isPartOf\":{\"@id\":\"https:\/\/kapitalis.com\/tunisie\/#website\"},\"primaryImageOfPage\":{\"@id\":\"https:\/\/kapitalis.com\/tunisie\/2019\/02\/04\/programme-de-la-10e-edition-du-festival-du-rire-de-tunis\/#primaryimage\"},\"image\":{\"@id\":\"https:\/\/kapitalis.com\/tunisie\/2019\/02\/04\/programme-de-la-10e-edition-du-festival-du-rire-de-tunis\/#primaryimage\"},\"thumbnailUrl\":\"\",\"datePublished\":\"2019-02-04T19:35:26+00:00\",\"breadcrumb\":{\"@id\":\"https:\/\/kapitalis.com\/tunisie\/2019\/02\/04\/programme-de-la-10e-edition-du-festival-du-rire-de-tunis\/#breadcrumb\"},\"inLanguage\":\"fr-FR\",\"potentialAction\":[{\"@type\":\"ReadAction\",\"target\":[\"https:\/\/kapitalis.com\/tunisie\/2019\/02\/04\/programme-de-la-10e-edition-du-festival-du-rire-de-tunis\/\"]}]},{\"@type\":\"ImageObject\",\"inLanguage\":\"fr-FR\",\"@id\":\"https:\/\/kapitalis.com\/tunisie\/2019\/02\/04\/programme-de-la-10e-edition-du-festival-du-rire-de-tunis\/#primaryimage\",\"url\":\"\",\"contentUrl\":\"\"},{\"@type\":\"BreadcrumbList\",\"@id\":\"https:\/\/kapitalis.com\/tunisie\/2019\/02\/04\/programme-de-la-10e-edition-du-festival-du-rire-de-tunis\/#breadcrumb\",\"itemListElement\":[{\"@type\":\"ListItem\",\"position\":1,\"name\":\"Accueil\",\"item\":\"https:\/\/kapitalis.com\/tunisie\/\"},{\"@type\":\"ListItem\",\"position\":2,\"name\":\"Programme de la 10e \u00e9dition du Festival du rire de Tunis\"}]},{\"@type\":\"WebSite\",\"@id\":\"https:\/\/kapitalis.com\/tunisie\/#website\",\"url\":\"https:\/\/kapitalis.com\/tunisie\/\",\"name\":\"Kapitalis\",\"description\":\"L&#039;actualit\u00e9 en Tunisie et dans le monde\",\"publisher\":{\"@id\":\"https:\/\/kapitalis.com\/tunisie\/#organization\"},\"potentialAction\":[{\"@type\":\"SearchAction\",\"target\":{\"@type\":\"EntryPoint\",\"urlTemplate\":\"https:\/\/kapitalis.com\/tunisie\/?s={search_term_string}\"},\"query-input\":{\"@type\":\"PropertyValueSpecification\",\"valueRequired\":true,\"valueName\":\"search_term_string\"}}],\"inLanguage\":\"fr-FR\"},{\"@type\":\"Organization\",\"@id\":\"https:\/\/kapitalis.com\/tunisie\/#organization\",\"name\":\"Kapitalis\",\"url\":\"https:\/\/kapitalis.com\/tunisie\/\",\"logo\":{\"@type\":\"ImageObject\",\"inLanguage\":\"fr-FR\",\"@id\":\"https:\/\/kapitalis.com\/tunisie\/#\/schema\/logo\/image\/\",\"url\":\"https:\/\/kapitalis.com\/tunisie\/wp-content\/uploads\/2022\/05\/Kapitalis-big-size.png\",\"contentUrl\":\"https:\/\/kapitalis.com\/tunisie\/wp-content\/uploads\/2022\/05\/Kapitalis-big-size.png\",\"width\":5000,\"height\":1500,\"caption\":\"Kapitalis\"},\"image\":{\"@id\":\"https:\/\/kapitalis.com\/tunisie\/#\/schema\/logo\/image\/\"},\"sameAs\":[\"https:\/\/www.facebook.com\/KapitalisInfo\/\",\"https:\/\/x.com\/KapitalisInfo\",\"https:\/\/www.youtube.com\/channel\/UC-yDYrHyfFBWWZaOw3FPg9Q\"]},{\"@type\":\"Person\",\"@id\":\"https:\/\/kapitalis.com\/tunisie\/#\/schema\/person\/d71f33a9ca44f7bad4698210b480c8e9\",\"name\":\"webmaster kapitalis\",\"url\":\"https:\/\/kapitalis.com\/tunisie\/author\/webmaster-kapitalis\/\"}]}<\/script>\n<!-- \/ Yoast SEO plugin. -->","yoast_head_json":{"title":"Programme de la 10e \u00e9dition du Festival du rire de Tunis - Kapitalis","robots":{"index":"index","follow":"follow","max-snippet":"max-snippet:-1","max-image-preview":"max-image-preview:large","max-video-preview":"max-video-preview:-1"},"canonical":"https:\/\/kapitalis.com\/tunisie\/2019\/02\/04\/programme-de-la-10e-edition-du-festival-du-rire-de-tunis\/","og_locale":"fr_FR","og_type":"article","og_title":"Programme de la 10e \u00e9dition du Festival du rire de Tunis - Kapitalis","og_description":"La 10e \u00e9dition du Festival du rire de Tunis, rendez-vous annuel d\u00e9di\u00e9 \u00e0 l\u2019humour tunisien et international, se tiendra du 19 au 24 f\u00e9vrier 2019 au Th\u00e9\u00e2tre municipal de Tunis.","og_url":"https:\/\/kapitalis.com\/tunisie\/2019\/02\/04\/programme-de-la-10e-edition-du-festival-du-rire-de-tunis\/","og_site_name":"Kapitalis","article_publisher":"https:\/\/www.facebook.com\/KapitalisInfo\/","article_published_time":"2019-02-04T19:35:26+00:00","og_image":[{"width":1200,"height":630,"url":"https:\/\/kapitalis.com\/tunisie\/wp-content\/uploads\/2022\/05\/kapitalis-logo-fb.png","type":"image\/png"}],"author":"webmaster kapitalis","twitter_card":"summary_large_image","twitter_creator":"@KapitalisInfo","twitter_site":"@KapitalisInfo","twitter_misc":{"\u00c9crit par":"webmaster kapitalis","Dur\u00e9e de lecture estim\u00e9e":"1 minute"},"schema":{"@context":"https:\/\/schema.org","@graph":[{"@type":"Article","@id":"https:\/\/kapitalis.com\/tunisie\/2019\/02\/04\/programme-de-la-10e-edition-du-festival-du-rire-de-tunis\/#article","isPartOf":{"@id":"https:\/\/kapitalis.com\/tunisie\/2019\/02\/04\/programme-de-la-10e-edition-du-festival-du-rire-de-tunis\/"},"author":{"name":"webmaster kapitalis","@id":"https:\/\/kapitalis.com\/tunisie\/#\/schema\/person\/d71f33a9ca44f7bad4698210b480c8e9"},"headline":"Programme de la 10e \u00e9dition du Festival du rire de Tunis","datePublished":"2019-02-04T19:35:26+00:00","mainEntityOfPage":{"@id":"https:\/\/kapitalis.com\/tunisie\/2019\/02\/04\/programme-de-la-10e-edition-du-festival-du-rire-de-tunis\/"},"wordCount":281,"commentCount":1,"publisher":{"@id":"https:\/\/kapitalis.com\/tunisie\/#organization"},"image":{"@id":"https:\/\/kapitalis.com\/tunisie\/2019\/02\/04\/programme-de-la-10e-edition-du-festival-du-rire-de-tunis\/#primaryimage"},"thumbnailUrl":"","keywords":["Nidhal Saadi"],"articleSection":["CULTURE","Tunisie"],"inLanguage":"fr-FR","potentialAction":[{"@type":"CommentAction","name":"Comment","target":["https:\/\/kapitalis.com\/tunisie\/2019\/02\/04\/programme-de-la-10e-edition-du-festival-du-rire-de-tunis\/#respond"]}]},{"@type":"WebPage","@id":"https:\/\/kapitalis.com\/tunisie\/2019\/02\/04\/programme-de-la-10e-edition-du-festival-du-rire-de-tunis\/","url":"https:\/\/kapitalis.com\/tunisie\/2019\/02\/04\/programme-de-la-10e-edition-du-festival-du-rire-de-tunis\/","name":"Programme de la 10e \u00e9dition du Festival du rire de Tunis - Kapitalis","isPartOf":{"@id":"https:\/\/kapitalis.com\/tunisie\/#website"},"primaryImageOfPage":{"@id":"https:\/\/kapitalis.com\/tunisie\/2019\/02\/04\/programme-de-la-10e-edition-du-festival-du-rire-de-tunis\/#primaryimage"},"image":{"@id":"https:\/\/kapitalis.com\/tunisie\/2019\/02\/04\/programme-de-la-10e-edition-du-festival-du-rire-de-tunis\/#primaryimage"},"thumbnailUrl":"","datePublished":"2019-02-04T19:35:26+00:00","breadcrumb":{"@id":"https:\/\/kapitalis.com\/tunisie\/2019\/02\/04\/programme-de-la-10e-edition-du-festival-du-rire-de-tunis\/#breadcrumb"},"inLanguage":"fr-FR","potentialAction":[{"@type":"ReadAction","target":["https:\/\/kapitalis.com\/tunisie\/2019\/02\/04\/programme-de-la-10e-edition-du-festival-du-rire-de-tunis\/"]}]},{"@type":"ImageObject","inLanguage":"fr-FR","@id":"https:\/\/kapitalis.com\/tunisie\/2019\/02\/04\/programme-de-la-10e-edition-du-festival-du-rire-de-tunis\/#primaryimage","url":"","contentUrl":""},{"@type":"BreadcrumbList","@id":"https:\/\/kapitalis.com\/tunisie\/2019\/02\/04\/programme-de-la-10e-edition-du-festival-du-rire-de-tunis\/#breadcrumb","itemListElement":[{"@type":"ListItem","position":1,"name":"Accueil","item":"https:\/\/kapitalis.com\/tunisie\/"},{"@type":"ListItem","position":2,"name":"Programme de la 10e \u00e9dition du Festival du rire de Tunis"}]},{"@type":"WebSite","@id":"https:\/\/kapitalis.com\/tunisie\/#website","url":"https:\/\/kapitalis.com\/tunisie\/","name":"Kapitalis","description":"L&#039;actualit\u00e9 en Tunisie et dans le monde","publisher":{"@id":"https:\/\/kapitalis.com\/tunisie\/#organization"},"potentialAction":[{"@type":"SearchAction","target":{"@type":"EntryPoint","urlTemplate":"https:\/\/kapitalis.com\/tunisie\/?s={search_term_string}"},"query-input":{"@type":"PropertyValueSpecification","valueRequired":true,"valueName":"search_term_string"}}],"inLanguage":"fr-FR"},{"@type":"Organization","@id":"https:\/\/kapitalis.com\/tunisie\/#organization","name":"Kapitalis","url":"https:\/\/kapitalis.com\/tunisie\/","logo":{"@type":"ImageObject","inLanguage":"fr-FR","@id":"https:\/\/kapitalis.com\/tunisie\/#\/schema\/logo\/image\/","url":"https:\/\/kapitalis.com\/tunisie\/wp-content\/uploads\/2022\/05\/Kapitalis-big-size.png","contentUrl":"https:\/\/kapitalis.com\/tunisie\/wp-content\/uploads\/2022\/05\/Kapitalis-big-size.png","width":5000,"height":1500,"caption":"Kapitalis"},"image":{"@id":"https:\/\/kapitalis.com\/tunisie\/#\/schema\/logo\/image\/"},"sameAs":["https:\/\/www.facebook.com\/KapitalisInfo\/","https:\/\/x.com\/KapitalisInfo","https:\/\/www.youtube.com\/channel\/UC-yDYrHyfFBWWZaOw3FPg9Q"]},{"@type":"Person","@id":"https:\/\/kapitalis.com\/tunisie\/#\/schema\/person\/d71f33a9ca44f7bad4698210b480c8e9","name":"webmaster kapitalis","url":"https:\/\/kapitalis.com\/tunisie\/author\/webmaster-kapitalis\/"}]}},"_links":{"self":[{"href":"https:\/\/kapitalis.com\/tunisie\/wp-json\/wp\/v2\/posts\/196556","targetHints":{"allow":["GET"]}}],"collection":[{"href":"https:\/\/kapitalis.com\/tunisie\/wp-json\/wp\/v2\/posts"}],"about":[{"href":"https:\/\/kapitalis.com\/tunisie\/wp-json\/wp\/v2\/types\/post"}],"author":[{"embeddable":true,"href":"https:\/\/kapitalis.com\/tunisie\/wp-json\/wp\/v2\/users\/8"}],"replies":[{"embeddable":true,"href":"https:\/\/kapitalis.com\/tunisie\/wp-json\/wp\/v2\/comments?post=196556"}],"version-history":[{"count":0,"href":"https:\/\/kapitalis.com\/tunisie\/wp-json\/wp\/v2\/posts\/196556\/revisions"}],"wp:featuredmedia":[{"embeddable":true,"href":"https:\/\/kapitalis.com\/tunisie\/wp-json\/wp\/v2\/media\/196557"}],"wp:attachment":[{"href":"https:\/\/kapitalis.com\/tunisie\/wp-json\/wp\/v2\/media?parent=196556"}],"wp:term":[{"taxonomy":"category","embeddable":true,"href":"https:\/\/kapitalis.com\/tunisie\/wp-json\/wp\/v2\/categories?post=196556"},{"taxonomy":"post_tag","embeddable":true,"href":"https:\/\/kapitalis.com\/tunisie\/wp-json\/wp\/v2\/tags?post=196556"}],"curies":[{"name":"wp","href":"https:\/\/api.w.org\/{rel}","templated":true}]}}