{"id":196655,"date":"2019-02-05T14:38:04","date_gmt":"2019-02-05T13:38:04","guid":{"rendered":"http:\/\/kapitalis.com\/tunisie\/?p=196655"},"modified":"2019-02-05T14:41:47","modified_gmt":"2019-02-05T13:41:47","slug":"affaire-regueb-un-eleve-et-un-instructeur-ont-abuse-sexuellement-de-2-mineurs","status":"publish","type":"post","link":"https:\/\/kapitalis.com\/tunisie\/2019\/02\/05\/affaire-regueb-un-eleve-et-un-instructeur-ont-abuse-sexuellement-de-2-mineurs\/","title":{"rendered":"Affaire Regueb : Un \u00e9l\u00e8ve et un instructeur ont abus\u00e9 sexuellement de 2 mineurs"},"content":{"rendered":"<p style=\"text-align: center;\"><img loading=\"lazy\" decoding=\"async\" class=\"alignnone size-full wp-image-196661\" src=\"http:\/\/kapitalis.com\/tunisie\/wp-content\/uploads\/2019\/02\/Regueb_Cheikh-Farouk.jpg\" alt=\"\" width=\"626\" height=\"380\" \/><\/p>\n<p><em><strong>Houcine Jerbi, procureur de la r\u00e9publique de Sidi Bouzid, a confirm\u00e9 l&rsquo;information selon laquelle Farouk Zribi alias \u00ab\u00a0Cheikh Farouk\u00a0\u00bb a une fortune personnelle de 2 millions de dinars tunisiens plac\u00e9s sur un compte bancaire.<\/strong><\/em><!--more--><\/p>\n<p>Le directeur du centre coranique de Regueb (Sidi Bouzid), ferm\u00e9 la semaine derni\u00e8re,\u00a0est un extr\u00e9miste religieux soup\u00e7onn\u00e9 de liens avec des groupes terroristes. Il est poursuivi pour activit\u00e9s ill\u00e9gales, traite des personnes et mariage ill\u00e9gal avec une seconde \u00e9pouse.<\/p>\n<p>\u00ab<em>Nous ne savons toujours pas comment le suspect a obtenu tout l&rsquo;argent en sa possession. Il n&rsquo;avait pas une autre fonction que celle de directeur de ce centre coranique. Le co\u00fbt de l&rsquo;inscription des \u00e9l\u00e8ves varie de 35 \u00e0 40 DT par mois. L&rsquo;enqu\u00eate n&rsquo;a toutefois pas confirm\u00e9 si le pr\u00e9venu \u00e9tait en contact avec des dirigeants politiques<\/em><em>\u00bb<\/em>, a d\u00e9clar\u00e9 le procureur de la r\u00e9publique de Sidi Bouzid sur IFM aujourd&rsquo;hui, mardi 5 f\u00e9vrier 2019.<\/p>\n<p>Il a \u00e9galement indiqu\u00e9 qu&rsquo;un \u00e9l\u00e8ve et un instructeur de cette \u00e9cole coranique ont fait l&rsquo;objet de mandats de d\u00e9p\u00f4t. Ils sont accus\u00e9s d&rsquo;avoir abus\u00e9 sexuellement de 2 pensionnaires mineurs, accusation fond\u00e9e sur des examens m\u00e9dicaux.<\/p>\n<p><em>\u00abHabituellement, les adultes et les enfants dormaient dans des chambres s\u00e9par\u00e9es. Or, ce ne fut pas le cas dans ce centre o\u00f9 ils dormaient ensemble dans les m\u00eames chambres\u00bb<\/em>, a d\u00e9clar\u00e9 M. Jerbi.<\/p>\n<p style=\"text-align: right;\"><strong>E. B. A.<\/strong><\/p>\n<blockquote class=\"wp-embedded-content\" data-secret=\"BSNq6Lwlfj\"><p><a href=\"https:\/\/kapitalis.com\/tunisie\/2019\/02\/02\/ecole-coranique-de-regueb-suspicion-dabus-sexuel-sur-les-enfants\/\">Ecole coranique de Regueb : Suspicion d\u2019abus sexuel sur les enfants (Vid\u00e9o)<\/a><\/p><\/blockquote>\n<p><iframe loading=\"lazy\" class=\"wp-embedded-content\" sandbox=\"allow-scripts\" security=\"restricted\" style=\"position: absolute; clip: rect(1px, 1px, 1px, 1px);\" title=\"\u00ab\u00a0Ecole coranique de Regueb : Suspicion d\u2019abus sexuel sur les enfants (Vid\u00e9o)\u00a0\u00bb &#8212; Kapitalis\" src=\"https:\/\/kapitalis.com\/tunisie\/2019\/02\/02\/ecole-coranique-de-regueb-suspicion-dabus-sexuel-sur-les-enfants\/embed\/#?secret=fRhtZHPufH#?secret=BSNq6Lwlfj\" data-secret=\"BSNq6Lwlfj\" width=\"600\" height=\"338\" frameborder=\"0\" marginwidth=\"0\" marginheight=\"0\" scrolling=\"no\"><\/iframe><\/p>\n<blockquote class=\"wp-embedded-content\" data-secret=\"MvIpE2YiU3\"><p><a href=\"https:\/\/kapitalis.com\/tunisie\/2019\/02\/05\/regueb-plainte-contre-cheikh-farouk-pour-envoi-de-jeunes-au-jihad\/\">Regueb : Plainte contre \u00abCheikh Farouk\u00bb pour envoi de jeunes au jihad<\/a><\/p><\/blockquote>\n<p><iframe loading=\"lazy\" class=\"wp-embedded-content\" sandbox=\"allow-scripts\" security=\"restricted\" style=\"position: absolute; clip: rect(1px, 1px, 1px, 1px);\" title=\"\u00ab\u00a0Regueb : Plainte contre \u00abCheikh Farouk\u00bb pour envoi de jeunes au jihad\u00a0\u00bb &#8212; Kapitalis\" src=\"https:\/\/kapitalis.com\/tunisie\/2019\/02\/05\/regueb-plainte-contre-cheikh-farouk-pour-envoi-de-jeunes-au-jihad\/embed\/#?secret=742U2Oau8m#?secret=MvIpE2YiU3\" data-secret=\"MvIpE2YiU3\" width=\"600\" height=\"338\" frameborder=\"0\" marginwidth=\"0\" marginheight=\"0\" scrolling=\"no\"><\/iframe><\/p>\n","protected":false},"excerpt":{"rendered":"<p>Houcine Jerbi, procureur de la r\u00e9publique de Sidi Bouzid, a confirm\u00e9 l&rsquo;information selon laquelle Farouk Zribi alias \u00ab\u00a0Cheikh Farouk\u00a0\u00bb a une fortune personnelle de 2 millions de dinars tunisiens plac\u00e9s sur un compte bancaire.<\/p>\n","protected":false},"author":16,"featured_media":196661,"comment_status":"open","ping_status":"open","sticky":false,"template":"","format":"standard","meta":{"footnotes":""},"categories":[998,2433],"tags":[778,828,6776],"class_list":["post-196655","post","type-post","status-publish","format-standard","has-post-thumbnail","hentry","category-societe","category-tunisie","tag-regueb","tag-sidi-bouzid","tag-test-anal"],"yoast_head":"<!-- This site is optimized with the Yoast SEO plugin v26.6 - https:\/\/yoast.com\/wordpress\/plugins\/seo\/ -->\n<title>Affaire Regueb : Un \u00e9l\u00e8ve et un instructeur ont abus\u00e9 sexuellement de 2 mineurs - Kapitalis<\/title>\n<meta name=\"robots\" content=\"index, follow, max-snippet:-1, max-image-preview:large, max-video-preview:-1\" \/>\n<link rel=\"canonical\" href=\"https:\/\/kapitalis.com\/tunisie\/2019\/02\/05\/affaire-regueb-un-eleve-et-un-instructeur-ont-abuse-sexuellement-de-2-mineurs\/\" \/>\n<meta property=\"og:locale\" content=\"fr_FR\" \/>\n<meta property=\"og:type\" content=\"article\" \/>\n<meta property=\"og:title\" content=\"Affaire Regueb : Un \u00e9l\u00e8ve et un instructeur ont abus\u00e9 sexuellement de 2 mineurs - Kapitalis\" \/>\n<meta property=\"og:description\" content=\"Houcine Jerbi, procureur de la r\u00e9publique de Sidi Bouzid, a confirm\u00e9 l&rsquo;information selon laquelle Farouk Zribi alias \u00ab\u00a0Cheikh Farouk\u00a0\u00bb a une fortune personnelle de 2 millions de dinars tunisiens plac\u00e9s sur un compte bancaire.\" \/>\n<meta property=\"og:url\" content=\"https:\/\/kapitalis.com\/tunisie\/2019\/02\/05\/affaire-regueb-un-eleve-et-un-instructeur-ont-abuse-sexuellement-de-2-mineurs\/\" \/>\n<meta property=\"og:site_name\" content=\"Kapitalis\" \/>\n<meta property=\"article:publisher\" content=\"https:\/\/www.facebook.com\/KapitalisInfo\/\" \/>\n<meta property=\"article:published_time\" content=\"2019-02-05T13:38:04+00:00\" \/>\n<meta property=\"article:modified_time\" content=\"2019-02-05T13:41:47+00:00\" \/>\n<meta property=\"og:image\" content=\"https:\/\/kapitalis.com\/tunisie\/wp-content\/uploads\/2022\/05\/kapitalis-logo-fb.png\" \/>\n\t<meta property=\"og:image:width\" content=\"1200\" \/>\n\t<meta property=\"og:image:height\" content=\"630\" \/>\n\t<meta property=\"og:image:type\" content=\"image\/png\" \/>\n<meta name=\"author\" content=\"emna benabdallah\" \/>\n<meta name=\"twitter:card\" content=\"summary_large_image\" \/>\n<meta name=\"twitter:creator\" content=\"@KapitalisInfo\" \/>\n<meta name=\"twitter:site\" content=\"@KapitalisInfo\" \/>\n<meta name=\"twitter:label1\" content=\"\u00c9crit par\" \/>\n\t<meta name=\"twitter:data1\" content=\"emna benabdallah\" \/>\n\t<meta name=\"twitter:label2\" content=\"Dur\u00e9e de lecture estim\u00e9e\" \/>\n\t<meta name=\"twitter:data2\" content=\"1 minute\" \/>\n<script type=\"application\/ld+json\" class=\"yoast-schema-graph\">{\"@context\":\"https:\/\/schema.org\",\"@graph\":[{\"@type\":\"Article\",\"@id\":\"https:\/\/kapitalis.com\/tunisie\/2019\/02\/05\/affaire-regueb-un-eleve-et-un-instructeur-ont-abuse-sexuellement-de-2-mineurs\/#article\",\"isPartOf\":{\"@id\":\"https:\/\/kapitalis.com\/tunisie\/2019\/02\/05\/affaire-regueb-un-eleve-et-un-instructeur-ont-abuse-sexuellement-de-2-mineurs\/\"},\"author\":{\"name\":\"emna benabdallah\",\"@id\":\"https:\/\/kapitalis.com\/tunisie\/#\/schema\/person\/2c6e134b2f3369dffcd1daf5f087d28b\"},\"headline\":\"Affaire Regueb : Un \u00e9l\u00e8ve et un instructeur ont abus\u00e9 sexuellement de 2 mineurs\",\"datePublished\":\"2019-02-05T13:38:04+00:00\",\"dateModified\":\"2019-02-05T13:41:47+00:00\",\"mainEntityOfPage\":{\"@id\":\"https:\/\/kapitalis.com\/tunisie\/2019\/02\/05\/affaire-regueb-un-eleve-et-un-instructeur-ont-abuse-sexuellement-de-2-mineurs\/\"},\"wordCount\":262,\"commentCount\":2,\"publisher\":{\"@id\":\"https:\/\/kapitalis.com\/tunisie\/#organization\"},\"image\":{\"@id\":\"https:\/\/kapitalis.com\/tunisie\/2019\/02\/05\/affaire-regueb-un-eleve-et-un-instructeur-ont-abuse-sexuellement-de-2-mineurs\/#primaryimage\"},\"thumbnailUrl\":\"\",\"keywords\":[\"Regueb\",\"Sidi Bouzid\",\"test anal\"],\"articleSection\":[\"SOCIETE\",\"Tunisie\"],\"inLanguage\":\"fr-FR\",\"potentialAction\":[{\"@type\":\"CommentAction\",\"name\":\"Comment\",\"target\":[\"https:\/\/kapitalis.com\/tunisie\/2019\/02\/05\/affaire-regueb-un-eleve-et-un-instructeur-ont-abuse-sexuellement-de-2-mineurs\/#respond\"]}]},{\"@type\":\"WebPage\",\"@id\":\"https:\/\/kapitalis.com\/tunisie\/2019\/02\/05\/affaire-regueb-un-eleve-et-un-instructeur-ont-abuse-sexuellement-de-2-mineurs\/\",\"url\":\"https:\/\/kapitalis.com\/tunisie\/2019\/02\/05\/affaire-regueb-un-eleve-et-un-instructeur-ont-abuse-sexuellement-de-2-mineurs\/\",\"name\":\"Affaire Regueb : Un \u00e9l\u00e8ve et un instructeur ont abus\u00e9 sexuellement de 2 mineurs - Kapitalis\",\"isPartOf\":{\"@id\":\"https:\/\/kapitalis.com\/tunisie\/#website\"},\"primaryImageOfPage\":{\"@id\":\"https:\/\/kapitalis.com\/tunisie\/2019\/02\/05\/affaire-regueb-un-eleve-et-un-instructeur-ont-abuse-sexuellement-de-2-mineurs\/#primaryimage\"},\"image\":{\"@id\":\"https:\/\/kapitalis.com\/tunisie\/2019\/02\/05\/affaire-regueb-un-eleve-et-un-instructeur-ont-abuse-sexuellement-de-2-mineurs\/#primaryimage\"},\"thumbnailUrl\":\"\",\"datePublished\":\"2019-02-05T13:38:04+00:00\",\"dateModified\":\"2019-02-05T13:41:47+00:00\",\"breadcrumb\":{\"@id\":\"https:\/\/kapitalis.com\/tunisie\/2019\/02\/05\/affaire-regueb-un-eleve-et-un-instructeur-ont-abuse-sexuellement-de-2-mineurs\/#breadcrumb\"},\"inLanguage\":\"fr-FR\",\"potentialAction\":[{\"@type\":\"ReadAction\",\"target\":[\"https:\/\/kapitalis.com\/tunisie\/2019\/02\/05\/affaire-regueb-un-eleve-et-un-instructeur-ont-abuse-sexuellement-de-2-mineurs\/\"]}]},{\"@type\":\"ImageObject\",\"inLanguage\":\"fr-FR\",\"@id\":\"https:\/\/kapitalis.com\/tunisie\/2019\/02\/05\/affaire-regueb-un-eleve-et-un-instructeur-ont-abuse-sexuellement-de-2-mineurs\/#primaryimage\",\"url\":\"\",\"contentUrl\":\"\"},{\"@type\":\"BreadcrumbList\",\"@id\":\"https:\/\/kapitalis.com\/tunisie\/2019\/02\/05\/affaire-regueb-un-eleve-et-un-instructeur-ont-abuse-sexuellement-de-2-mineurs\/#breadcrumb\",\"itemListElement\":[{\"@type\":\"ListItem\",\"position\":1,\"name\":\"Accueil\",\"item\":\"https:\/\/kapitalis.com\/tunisie\/\"},{\"@type\":\"ListItem\",\"position\":2,\"name\":\"Affaire Regueb : Un \u00e9l\u00e8ve et un instructeur ont abus\u00e9 sexuellement de 2 mineurs\"}]},{\"@type\":\"WebSite\",\"@id\":\"https:\/\/kapitalis.com\/tunisie\/#website\",\"url\":\"https:\/\/kapitalis.com\/tunisie\/\",\"name\":\"Kapitalis\",\"description\":\"L&#039;actualit\u00e9 en Tunisie et dans le monde\",\"publisher\":{\"@id\":\"https:\/\/kapitalis.com\/tunisie\/#organization\"},\"potentialAction\":[{\"@type\":\"SearchAction\",\"target\":{\"@type\":\"EntryPoint\",\"urlTemplate\":\"https:\/\/kapitalis.com\/tunisie\/?s={search_term_string}\"},\"query-input\":{\"@type\":\"PropertyValueSpecification\",\"valueRequired\":true,\"valueName\":\"search_term_string\"}}],\"inLanguage\":\"fr-FR\"},{\"@type\":\"Organization\",\"@id\":\"https:\/\/kapitalis.com\/tunisie\/#organization\",\"name\":\"Kapitalis\",\"url\":\"https:\/\/kapitalis.com\/tunisie\/\",\"logo\":{\"@type\":\"ImageObject\",\"inLanguage\":\"fr-FR\",\"@id\":\"https:\/\/kapitalis.com\/tunisie\/#\/schema\/logo\/image\/\",\"url\":\"https:\/\/kapitalis.com\/tunisie\/wp-content\/uploads\/2022\/05\/Kapitalis-big-size.png\",\"contentUrl\":\"https:\/\/kapitalis.com\/tunisie\/wp-content\/uploads\/2022\/05\/Kapitalis-big-size.png\",\"width\":5000,\"height\":1500,\"caption\":\"Kapitalis\"},\"image\":{\"@id\":\"https:\/\/kapitalis.com\/tunisie\/#\/schema\/logo\/image\/\"},\"sameAs\":[\"https:\/\/www.facebook.com\/KapitalisInfo\/\",\"https:\/\/x.com\/KapitalisInfo\",\"https:\/\/www.youtube.com\/channel\/UC-yDYrHyfFBWWZaOw3FPg9Q\"]},{\"@type\":\"Person\",\"@id\":\"https:\/\/kapitalis.com\/tunisie\/#\/schema\/person\/2c6e134b2f3369dffcd1daf5f087d28b\",\"name\":\"emna benabdallah\",\"url\":\"https:\/\/kapitalis.com\/tunisie\/author\/emna\/\"}]}<\/script>\n<!-- \/ Yoast SEO plugin. -->","yoast_head_json":{"title":"Affaire Regueb : Un \u00e9l\u00e8ve et un instructeur ont abus\u00e9 sexuellement de 2 mineurs - Kapitalis","robots":{"index":"index","follow":"follow","max-snippet":"max-snippet:-1","max-image-preview":"max-image-preview:large","max-video-preview":"max-video-preview:-1"},"canonical":"https:\/\/kapitalis.com\/tunisie\/2019\/02\/05\/affaire-regueb-un-eleve-et-un-instructeur-ont-abuse-sexuellement-de-2-mineurs\/","og_locale":"fr_FR","og_type":"article","og_title":"Affaire Regueb : Un \u00e9l\u00e8ve et un instructeur ont abus\u00e9 sexuellement de 2 mineurs - Kapitalis","og_description":"Houcine Jerbi, procureur de la r\u00e9publique de Sidi Bouzid, a confirm\u00e9 l&rsquo;information selon laquelle Farouk Zribi alias \u00ab\u00a0Cheikh Farouk\u00a0\u00bb a une fortune personnelle de 2 millions de dinars tunisiens plac\u00e9s sur un compte bancaire.","og_url":"https:\/\/kapitalis.com\/tunisie\/2019\/02\/05\/affaire-regueb-un-eleve-et-un-instructeur-ont-abuse-sexuellement-de-2-mineurs\/","og_site_name":"Kapitalis","article_publisher":"https:\/\/www.facebook.com\/KapitalisInfo\/","article_published_time":"2019-02-05T13:38:04+00:00","article_modified_time":"2019-02-05T13:41:47+00:00","og_image":[{"width":1200,"height":630,"url":"https:\/\/kapitalis.com\/tunisie\/wp-content\/uploads\/2022\/05\/kapitalis-logo-fb.png","type":"image\/png"}],"author":"emna benabdallah","twitter_card":"summary_large_image","twitter_creator":"@KapitalisInfo","twitter_site":"@KapitalisInfo","twitter_misc":{"\u00c9crit par":"emna benabdallah","Dur\u00e9e de lecture estim\u00e9e":"1 minute"},"schema":{"@context":"https:\/\/schema.org","@graph":[{"@type":"Article","@id":"https:\/\/kapitalis.com\/tunisie\/2019\/02\/05\/affaire-regueb-un-eleve-et-un-instructeur-ont-abuse-sexuellement-de-2-mineurs\/#article","isPartOf":{"@id":"https:\/\/kapitalis.com\/tunisie\/2019\/02\/05\/affaire-regueb-un-eleve-et-un-instructeur-ont-abuse-sexuellement-de-2-mineurs\/"},"author":{"name":"emna benabdallah","@id":"https:\/\/kapitalis.com\/tunisie\/#\/schema\/person\/2c6e134b2f3369dffcd1daf5f087d28b"},"headline":"Affaire Regueb : Un \u00e9l\u00e8ve et un instructeur ont abus\u00e9 sexuellement de 2 mineurs","datePublished":"2019-02-05T13:38:04+00:00","dateModified":"2019-02-05T13:41:47+00:00","mainEntityOfPage":{"@id":"https:\/\/kapitalis.com\/tunisie\/2019\/02\/05\/affaire-regueb-un-eleve-et-un-instructeur-ont-abuse-sexuellement-de-2-mineurs\/"},"wordCount":262,"commentCount":2,"publisher":{"@id":"https:\/\/kapitalis.com\/tunisie\/#organization"},"image":{"@id":"https:\/\/kapitalis.com\/tunisie\/2019\/02\/05\/affaire-regueb-un-eleve-et-un-instructeur-ont-abuse-sexuellement-de-2-mineurs\/#primaryimage"},"thumbnailUrl":"","keywords":["Regueb","Sidi Bouzid","test anal"],"articleSection":["SOCIETE","Tunisie"],"inLanguage":"fr-FR","potentialAction":[{"@type":"CommentAction","name":"Comment","target":["https:\/\/kapitalis.com\/tunisie\/2019\/02\/05\/affaire-regueb-un-eleve-et-un-instructeur-ont-abuse-sexuellement-de-2-mineurs\/#respond"]}]},{"@type":"WebPage","@id":"https:\/\/kapitalis.com\/tunisie\/2019\/02\/05\/affaire-regueb-un-eleve-et-un-instructeur-ont-abuse-sexuellement-de-2-mineurs\/","url":"https:\/\/kapitalis.com\/tunisie\/2019\/02\/05\/affaire-regueb-un-eleve-et-un-instructeur-ont-abuse-sexuellement-de-2-mineurs\/","name":"Affaire Regueb : Un \u00e9l\u00e8ve et un instructeur ont abus\u00e9 sexuellement de 2 mineurs - Kapitalis","isPartOf":{"@id":"https:\/\/kapitalis.com\/tunisie\/#website"},"primaryImageOfPage":{"@id":"https:\/\/kapitalis.com\/tunisie\/2019\/02\/05\/affaire-regueb-un-eleve-et-un-instructeur-ont-abuse-sexuellement-de-2-mineurs\/#primaryimage"},"image":{"@id":"https:\/\/kapitalis.com\/tunisie\/2019\/02\/05\/affaire-regueb-un-eleve-et-un-instructeur-ont-abuse-sexuellement-de-2-mineurs\/#primaryimage"},"thumbnailUrl":"","datePublished":"2019-02-05T13:38:04+00:00","dateModified":"2019-02-05T13:41:47+00:00","breadcrumb":{"@id":"https:\/\/kapitalis.com\/tunisie\/2019\/02\/05\/affaire-regueb-un-eleve-et-un-instructeur-ont-abuse-sexuellement-de-2-mineurs\/#breadcrumb"},"inLanguage":"fr-FR","potentialAction":[{"@type":"ReadAction","target":["https:\/\/kapitalis.com\/tunisie\/2019\/02\/05\/affaire-regueb-un-eleve-et-un-instructeur-ont-abuse-sexuellement-de-2-mineurs\/"]}]},{"@type":"ImageObject","inLanguage":"fr-FR","@id":"https:\/\/kapitalis.com\/tunisie\/2019\/02\/05\/affaire-regueb-un-eleve-et-un-instructeur-ont-abuse-sexuellement-de-2-mineurs\/#primaryimage","url":"","contentUrl":""},{"@type":"BreadcrumbList","@id":"https:\/\/kapitalis.com\/tunisie\/2019\/02\/05\/affaire-regueb-un-eleve-et-un-instructeur-ont-abuse-sexuellement-de-2-mineurs\/#breadcrumb","itemListElement":[{"@type":"ListItem","position":1,"name":"Accueil","item":"https:\/\/kapitalis.com\/tunisie\/"},{"@type":"ListItem","position":2,"name":"Affaire Regueb : Un \u00e9l\u00e8ve et un instructeur ont abus\u00e9 sexuellement de 2 mineurs"}]},{"@type":"WebSite","@id":"https:\/\/kapitalis.com\/tunisie\/#website","url":"https:\/\/kapitalis.com\/tunisie\/","name":"Kapitalis","description":"L&#039;actualit\u00e9 en Tunisie et dans le monde","publisher":{"@id":"https:\/\/kapitalis.com\/tunisie\/#organization"},"potentialAction":[{"@type":"SearchAction","target":{"@type":"EntryPoint","urlTemplate":"https:\/\/kapitalis.com\/tunisie\/?s={search_term_string}"},"query-input":{"@type":"PropertyValueSpecification","valueRequired":true,"valueName":"search_term_string"}}],"inLanguage":"fr-FR"},{"@type":"Organization","@id":"https:\/\/kapitalis.com\/tunisie\/#organization","name":"Kapitalis","url":"https:\/\/kapitalis.com\/tunisie\/","logo":{"@type":"ImageObject","inLanguage":"fr-FR","@id":"https:\/\/kapitalis.com\/tunisie\/#\/schema\/logo\/image\/","url":"https:\/\/kapitalis.com\/tunisie\/wp-content\/uploads\/2022\/05\/Kapitalis-big-size.png","contentUrl":"https:\/\/kapitalis.com\/tunisie\/wp-content\/uploads\/2022\/05\/Kapitalis-big-size.png","width":5000,"height":1500,"caption":"Kapitalis"},"image":{"@id":"https:\/\/kapitalis.com\/tunisie\/#\/schema\/logo\/image\/"},"sameAs":["https:\/\/www.facebook.com\/KapitalisInfo\/","https:\/\/x.com\/KapitalisInfo","https:\/\/www.youtube.com\/channel\/UC-yDYrHyfFBWWZaOw3FPg9Q"]},{"@type":"Person","@id":"https:\/\/kapitalis.com\/tunisie\/#\/schema\/person\/2c6e134b2f3369dffcd1daf5f087d28b","name":"emna benabdallah","url":"https:\/\/kapitalis.com\/tunisie\/author\/emna\/"}]}},"_links":{"self":[{"href":"https:\/\/kapitalis.com\/tunisie\/wp-json\/wp\/v2\/posts\/196655","targetHints":{"allow":["GET"]}}],"collection":[{"href":"https:\/\/kapitalis.com\/tunisie\/wp-json\/wp\/v2\/posts"}],"about":[{"href":"https:\/\/kapitalis.com\/tunisie\/wp-json\/wp\/v2\/types\/post"}],"author":[{"embeddable":true,"href":"https:\/\/kapitalis.com\/tunisie\/wp-json\/wp\/v2\/users\/16"}],"replies":[{"embeddable":true,"href":"https:\/\/kapitalis.com\/tunisie\/wp-json\/wp\/v2\/comments?post=196655"}],"version-history":[{"count":0,"href":"https:\/\/kapitalis.com\/tunisie\/wp-json\/wp\/v2\/posts\/196655\/revisions"}],"wp:featuredmedia":[{"embeddable":true,"href":"https:\/\/kapitalis.com\/tunisie\/wp-json\/wp\/v2\/media\/196661"}],"wp:attachment":[{"href":"https:\/\/kapitalis.com\/tunisie\/wp-json\/wp\/v2\/media?parent=196655"}],"wp:term":[{"taxonomy":"category","embeddable":true,"href":"https:\/\/kapitalis.com\/tunisie\/wp-json\/wp\/v2\/categories?post=196655"},{"taxonomy":"post_tag","embeddable":true,"href":"https:\/\/kapitalis.com\/tunisie\/wp-json\/wp\/v2\/tags?post=196655"}],"curies":[{"name":"wp","href":"https:\/\/api.w.org\/{rel}","templated":true}]}}