{"id":196674,"date":"2019-02-05T14:22:05","date_gmt":"2019-02-05T13:22:05","guid":{"rendered":"http:\/\/kapitalis.com\/tunisie\/?p=196674"},"modified":"2019-02-05T14:22:05","modified_gmt":"2019-02-05T13:22:05","slug":"le-film-dhorreur-egyptien-122-en-avant-premiere-a-tunis","status":"publish","type":"post","link":"https:\/\/kapitalis.com\/tunisie\/2019\/02\/05\/le-film-dhorreur-egyptien-122-en-avant-premiere-a-tunis\/","title":{"rendered":"Le film d\u2019horreur \u00e9gyptien \u2018\u2018122\u2019\u2019 en avant-premi\u00e8re \u00e0 Tunis"},"content":{"rendered":"<p style=\"text-align: center;\"><img loading=\"lazy\" decoding=\"async\" class=\"alignnone size-full wp-image-196675\" src=\"http:\/\/kapitalis.com\/tunisie\/wp-content\/uploads\/2019\/02\/Film-122.jpg\" alt=\"\" width=\"626\" height=\"380\" \/><\/p>\n<p><em><strong>Le nouveau film d\u2019horreur \u00e9gyptien \u2018\u2018122\u2019\u2019, sera pr\u00e9sent\u00e9 en avant-premi\u00e8re tunisienne \u00e0 la salle Le Colis\u00e9e, le samedi 9 f\u00e9vrier 2019, en pr\u00e9sence de l\u2019\u00e9quipe du film.<\/strong><\/em><\/p>\n<p><!--more--><\/p>\n<p>Apr\u00e8s l\u2019\u00e9norme succ\u00e8s de<em> \u2018\u2018Dachra\u2019\u2019<\/em>, premier film d\u2019horreur tunisien d\u2019Abdelhamid Bouchnak, qui encha\u00eene en ce moment les projections \u00e0 guichets ferm\u00e9s dans les diff\u00e9rentes salles du pays, le public tunisien pourra d\u00e9couvrir une autre p\u00e9pite du genre qui vient d\u2019Egypte.<\/p>\n<p><em>\u2018\u2018122\u2019\u2019<\/em> est un long-m\u00e9trage de fiction r\u00e9alis\u00e9 par l\u2019irakien Yasser El Yassery et \u00e9crit par l\u2019\u00e9gyptien Salah El Jahainy. Ce film d\u2019\u00e9pouvante de 95 minutes est le premier en 4D dans l\u2019histoire du cin\u00e9ma \u00e9gyptien, ce qui accentue les effets sp\u00e9ciaux notamment dans les sc\u00e8nes de grande frayeur. Une exp\u00e9rience particuli\u00e8re que le public tunisien d\u00e9couvrira en avant-premi\u00e8re \u00e0 la reine des salles avec la pr\u00e9sence du r\u00e9alisateur, du producteur et des acteurs Ahmed Fichaoui, Ahmed Daoud et Tarek Lotfi.<\/p>\n<p><em>\u2018\u2018122\u2019\u2019<\/em> est l\u2019histoire d\u2019un jeune couple et de leur lutte tout au long d\u2019une longue nuit o\u00f9 ils essaient de fuir un h\u00f4pital qui s\u2019est av\u00e9r\u00e9 \u00eatre un lieu d\u2019horreur.<\/p>\n<p>Le film sortira dans les salles : Le Colis\u00e9e, Le Palace, Le Mondial (Centre-ville de Tunis), Alhambra (La Marsa), et Cin\u00e9Jamil (Menzah 6).<\/p>\n<p style=\"text-align: right;\"><strong>Fawz Ben Ali<\/strong><\/p>\n<p><a href=\"https:\/\/www.youtube.com\/watch?v=GfFrVE8RFKY\" target=\"_blank\" rel=\"noopener\"><em><strong>Bande-annonce.<\/strong><\/em><\/a><\/p>\n","protected":false},"excerpt":{"rendered":"<p>Le nouveau film d\u2019horreur \u00e9gyptien \u2018\u2018122\u2019\u2019, sera pr\u00e9sent\u00e9 en avant-premi\u00e8re tunisienne \u00e0 la salle Le Colis\u00e9e, le samedi 9 f\u00e9vrier 2019, en pr\u00e9sence de l\u2019\u00e9quipe du film.<\/p>\n","protected":false},"author":8,"featured_media":196675,"comment_status":"open","ping_status":"open","sticky":false,"template":"","format":"standard","meta":{"footnotes":""},"categories":[994,2433],"tags":[34363],"class_list":["post-196674","post","type-post","status-publish","format-standard","has-post-thumbnail","hentry","category-culture","category-tunisie","tag-abdelhamid-bouchnak"],"yoast_head":"<!-- This site is optimized with the Yoast SEO plugin v26.6 - https:\/\/yoast.com\/wordpress\/plugins\/seo\/ -->\n<title>Le film d\u2019horreur \u00e9gyptien \u2018\u2018122\u2019\u2019 en avant-premi\u00e8re \u00e0 Tunis - Kapitalis<\/title>\n<meta name=\"robots\" content=\"index, follow, max-snippet:-1, max-image-preview:large, max-video-preview:-1\" \/>\n<link rel=\"canonical\" href=\"https:\/\/kapitalis.com\/tunisie\/2019\/02\/05\/le-film-dhorreur-egyptien-122-en-avant-premiere-a-tunis\/\" \/>\n<meta property=\"og:locale\" content=\"fr_FR\" \/>\n<meta property=\"og:type\" content=\"article\" \/>\n<meta property=\"og:title\" content=\"Le film d\u2019horreur \u00e9gyptien \u2018\u2018122\u2019\u2019 en avant-premi\u00e8re \u00e0 Tunis - Kapitalis\" \/>\n<meta property=\"og:description\" content=\"Le nouveau film d\u2019horreur \u00e9gyptien \u2018\u2018122\u2019\u2019, sera pr\u00e9sent\u00e9 en avant-premi\u00e8re tunisienne \u00e0 la salle Le Colis\u00e9e, le samedi 9 f\u00e9vrier 2019, en pr\u00e9sence de l\u2019\u00e9quipe du film.\" \/>\n<meta property=\"og:url\" content=\"https:\/\/kapitalis.com\/tunisie\/2019\/02\/05\/le-film-dhorreur-egyptien-122-en-avant-premiere-a-tunis\/\" \/>\n<meta property=\"og:site_name\" content=\"Kapitalis\" \/>\n<meta property=\"article:publisher\" content=\"https:\/\/www.facebook.com\/KapitalisInfo\/\" \/>\n<meta property=\"article:published_time\" content=\"2019-02-05T13:22:05+00:00\" \/>\n<meta property=\"og:image\" content=\"https:\/\/kapitalis.com\/tunisie\/wp-content\/uploads\/2022\/05\/kapitalis-logo-fb.png\" \/>\n\t<meta property=\"og:image:width\" content=\"1200\" \/>\n\t<meta property=\"og:image:height\" content=\"630\" \/>\n\t<meta property=\"og:image:type\" content=\"image\/png\" \/>\n<meta name=\"author\" content=\"webmaster kapitalis\" \/>\n<meta name=\"twitter:card\" content=\"summary_large_image\" \/>\n<meta name=\"twitter:creator\" content=\"@KapitalisInfo\" \/>\n<meta name=\"twitter:site\" content=\"@KapitalisInfo\" \/>\n<meta name=\"twitter:label1\" content=\"\u00c9crit par\" \/>\n\t<meta name=\"twitter:data1\" content=\"webmaster kapitalis\" \/>\n\t<meta name=\"twitter:label2\" content=\"Dur\u00e9e de lecture estim\u00e9e\" \/>\n\t<meta name=\"twitter:data2\" content=\"1 minute\" \/>\n<script type=\"application\/ld+json\" class=\"yoast-schema-graph\">{\"@context\":\"https:\/\/schema.org\",\"@graph\":[{\"@type\":\"Article\",\"@id\":\"https:\/\/kapitalis.com\/tunisie\/2019\/02\/05\/le-film-dhorreur-egyptien-122-en-avant-premiere-a-tunis\/#article\",\"isPartOf\":{\"@id\":\"https:\/\/kapitalis.com\/tunisie\/2019\/02\/05\/le-film-dhorreur-egyptien-122-en-avant-premiere-a-tunis\/\"},\"author\":{\"name\":\"webmaster kapitalis\",\"@id\":\"https:\/\/kapitalis.com\/tunisie\/#\/schema\/person\/d71f33a9ca44f7bad4698210b480c8e9\"},\"headline\":\"Le film d\u2019horreur \u00e9gyptien \u2018\u2018122\u2019\u2019 en avant-premi\u00e8re \u00e0 Tunis\",\"datePublished\":\"2019-02-05T13:22:05+00:00\",\"mainEntityOfPage\":{\"@id\":\"https:\/\/kapitalis.com\/tunisie\/2019\/02\/05\/le-film-dhorreur-egyptien-122-en-avant-premiere-a-tunis\/\"},\"wordCount\":244,\"commentCount\":0,\"publisher\":{\"@id\":\"https:\/\/kapitalis.com\/tunisie\/#organization\"},\"image\":{\"@id\":\"https:\/\/kapitalis.com\/tunisie\/2019\/02\/05\/le-film-dhorreur-egyptien-122-en-avant-premiere-a-tunis\/#primaryimage\"},\"thumbnailUrl\":\"\",\"keywords\":[\"Abdelhamid Bouchnak\"],\"articleSection\":[\"CULTURE\",\"Tunisie\"],\"inLanguage\":\"fr-FR\",\"potentialAction\":[{\"@type\":\"CommentAction\",\"name\":\"Comment\",\"target\":[\"https:\/\/kapitalis.com\/tunisie\/2019\/02\/05\/le-film-dhorreur-egyptien-122-en-avant-premiere-a-tunis\/#respond\"]}]},{\"@type\":\"WebPage\",\"@id\":\"https:\/\/kapitalis.com\/tunisie\/2019\/02\/05\/le-film-dhorreur-egyptien-122-en-avant-premiere-a-tunis\/\",\"url\":\"https:\/\/kapitalis.com\/tunisie\/2019\/02\/05\/le-film-dhorreur-egyptien-122-en-avant-premiere-a-tunis\/\",\"name\":\"Le film d\u2019horreur \u00e9gyptien \u2018\u2018122\u2019\u2019 en avant-premi\u00e8re \u00e0 Tunis - Kapitalis\",\"isPartOf\":{\"@id\":\"https:\/\/kapitalis.com\/tunisie\/#website\"},\"primaryImageOfPage\":{\"@id\":\"https:\/\/kapitalis.com\/tunisie\/2019\/02\/05\/le-film-dhorreur-egyptien-122-en-avant-premiere-a-tunis\/#primaryimage\"},\"image\":{\"@id\":\"https:\/\/kapitalis.com\/tunisie\/2019\/02\/05\/le-film-dhorreur-egyptien-122-en-avant-premiere-a-tunis\/#primaryimage\"},\"thumbnailUrl\":\"\",\"datePublished\":\"2019-02-05T13:22:05+00:00\",\"breadcrumb\":{\"@id\":\"https:\/\/kapitalis.com\/tunisie\/2019\/02\/05\/le-film-dhorreur-egyptien-122-en-avant-premiere-a-tunis\/#breadcrumb\"},\"inLanguage\":\"fr-FR\",\"potentialAction\":[{\"@type\":\"ReadAction\",\"target\":[\"https:\/\/kapitalis.com\/tunisie\/2019\/02\/05\/le-film-dhorreur-egyptien-122-en-avant-premiere-a-tunis\/\"]}]},{\"@type\":\"ImageObject\",\"inLanguage\":\"fr-FR\",\"@id\":\"https:\/\/kapitalis.com\/tunisie\/2019\/02\/05\/le-film-dhorreur-egyptien-122-en-avant-premiere-a-tunis\/#primaryimage\",\"url\":\"\",\"contentUrl\":\"\"},{\"@type\":\"BreadcrumbList\",\"@id\":\"https:\/\/kapitalis.com\/tunisie\/2019\/02\/05\/le-film-dhorreur-egyptien-122-en-avant-premiere-a-tunis\/#breadcrumb\",\"itemListElement\":[{\"@type\":\"ListItem\",\"position\":1,\"name\":\"Accueil\",\"item\":\"https:\/\/kapitalis.com\/tunisie\/\"},{\"@type\":\"ListItem\",\"position\":2,\"name\":\"Le film d\u2019horreur \u00e9gyptien \u2018\u2018122\u2019\u2019 en avant-premi\u00e8re \u00e0 Tunis\"}]},{\"@type\":\"WebSite\",\"@id\":\"https:\/\/kapitalis.com\/tunisie\/#website\",\"url\":\"https:\/\/kapitalis.com\/tunisie\/\",\"name\":\"Kapitalis\",\"description\":\"L&#039;actualit\u00e9 en Tunisie et dans le monde\",\"publisher\":{\"@id\":\"https:\/\/kapitalis.com\/tunisie\/#organization\"},\"potentialAction\":[{\"@type\":\"SearchAction\",\"target\":{\"@type\":\"EntryPoint\",\"urlTemplate\":\"https:\/\/kapitalis.com\/tunisie\/?s={search_term_string}\"},\"query-input\":{\"@type\":\"PropertyValueSpecification\",\"valueRequired\":true,\"valueName\":\"search_term_string\"}}],\"inLanguage\":\"fr-FR\"},{\"@type\":\"Organization\",\"@id\":\"https:\/\/kapitalis.com\/tunisie\/#organization\",\"name\":\"Kapitalis\",\"url\":\"https:\/\/kapitalis.com\/tunisie\/\",\"logo\":{\"@type\":\"ImageObject\",\"inLanguage\":\"fr-FR\",\"@id\":\"https:\/\/kapitalis.com\/tunisie\/#\/schema\/logo\/image\/\",\"url\":\"https:\/\/kapitalis.com\/tunisie\/wp-content\/uploads\/2022\/05\/Kapitalis-big-size.png\",\"contentUrl\":\"https:\/\/kapitalis.com\/tunisie\/wp-content\/uploads\/2022\/05\/Kapitalis-big-size.png\",\"width\":5000,\"height\":1500,\"caption\":\"Kapitalis\"},\"image\":{\"@id\":\"https:\/\/kapitalis.com\/tunisie\/#\/schema\/logo\/image\/\"},\"sameAs\":[\"https:\/\/www.facebook.com\/KapitalisInfo\/\",\"https:\/\/x.com\/KapitalisInfo\",\"https:\/\/www.youtube.com\/channel\/UC-yDYrHyfFBWWZaOw3FPg9Q\"]},{\"@type\":\"Person\",\"@id\":\"https:\/\/kapitalis.com\/tunisie\/#\/schema\/person\/d71f33a9ca44f7bad4698210b480c8e9\",\"name\":\"webmaster kapitalis\",\"url\":\"https:\/\/kapitalis.com\/tunisie\/author\/webmaster-kapitalis\/\"}]}<\/script>\n<!-- \/ Yoast SEO plugin. -->","yoast_head_json":{"title":"Le film d\u2019horreur \u00e9gyptien \u2018\u2018122\u2019\u2019 en avant-premi\u00e8re \u00e0 Tunis - Kapitalis","robots":{"index":"index","follow":"follow","max-snippet":"max-snippet:-1","max-image-preview":"max-image-preview:large","max-video-preview":"max-video-preview:-1"},"canonical":"https:\/\/kapitalis.com\/tunisie\/2019\/02\/05\/le-film-dhorreur-egyptien-122-en-avant-premiere-a-tunis\/","og_locale":"fr_FR","og_type":"article","og_title":"Le film d\u2019horreur \u00e9gyptien \u2018\u2018122\u2019\u2019 en avant-premi\u00e8re \u00e0 Tunis - Kapitalis","og_description":"Le nouveau film d\u2019horreur \u00e9gyptien \u2018\u2018122\u2019\u2019, sera pr\u00e9sent\u00e9 en avant-premi\u00e8re tunisienne \u00e0 la salle Le Colis\u00e9e, le samedi 9 f\u00e9vrier 2019, en pr\u00e9sence de l\u2019\u00e9quipe du film.","og_url":"https:\/\/kapitalis.com\/tunisie\/2019\/02\/05\/le-film-dhorreur-egyptien-122-en-avant-premiere-a-tunis\/","og_site_name":"Kapitalis","article_publisher":"https:\/\/www.facebook.com\/KapitalisInfo\/","article_published_time":"2019-02-05T13:22:05+00:00","og_image":[{"width":1200,"height":630,"url":"https:\/\/kapitalis.com\/tunisie\/wp-content\/uploads\/2022\/05\/kapitalis-logo-fb.png","type":"image\/png"}],"author":"webmaster kapitalis","twitter_card":"summary_large_image","twitter_creator":"@KapitalisInfo","twitter_site":"@KapitalisInfo","twitter_misc":{"\u00c9crit par":"webmaster kapitalis","Dur\u00e9e de lecture estim\u00e9e":"1 minute"},"schema":{"@context":"https:\/\/schema.org","@graph":[{"@type":"Article","@id":"https:\/\/kapitalis.com\/tunisie\/2019\/02\/05\/le-film-dhorreur-egyptien-122-en-avant-premiere-a-tunis\/#article","isPartOf":{"@id":"https:\/\/kapitalis.com\/tunisie\/2019\/02\/05\/le-film-dhorreur-egyptien-122-en-avant-premiere-a-tunis\/"},"author":{"name":"webmaster kapitalis","@id":"https:\/\/kapitalis.com\/tunisie\/#\/schema\/person\/d71f33a9ca44f7bad4698210b480c8e9"},"headline":"Le film d\u2019horreur \u00e9gyptien \u2018\u2018122\u2019\u2019 en avant-premi\u00e8re \u00e0 Tunis","datePublished":"2019-02-05T13:22:05+00:00","mainEntityOfPage":{"@id":"https:\/\/kapitalis.com\/tunisie\/2019\/02\/05\/le-film-dhorreur-egyptien-122-en-avant-premiere-a-tunis\/"},"wordCount":244,"commentCount":0,"publisher":{"@id":"https:\/\/kapitalis.com\/tunisie\/#organization"},"image":{"@id":"https:\/\/kapitalis.com\/tunisie\/2019\/02\/05\/le-film-dhorreur-egyptien-122-en-avant-premiere-a-tunis\/#primaryimage"},"thumbnailUrl":"","keywords":["Abdelhamid Bouchnak"],"articleSection":["CULTURE","Tunisie"],"inLanguage":"fr-FR","potentialAction":[{"@type":"CommentAction","name":"Comment","target":["https:\/\/kapitalis.com\/tunisie\/2019\/02\/05\/le-film-dhorreur-egyptien-122-en-avant-premiere-a-tunis\/#respond"]}]},{"@type":"WebPage","@id":"https:\/\/kapitalis.com\/tunisie\/2019\/02\/05\/le-film-dhorreur-egyptien-122-en-avant-premiere-a-tunis\/","url":"https:\/\/kapitalis.com\/tunisie\/2019\/02\/05\/le-film-dhorreur-egyptien-122-en-avant-premiere-a-tunis\/","name":"Le film d\u2019horreur \u00e9gyptien \u2018\u2018122\u2019\u2019 en avant-premi\u00e8re \u00e0 Tunis - Kapitalis","isPartOf":{"@id":"https:\/\/kapitalis.com\/tunisie\/#website"},"primaryImageOfPage":{"@id":"https:\/\/kapitalis.com\/tunisie\/2019\/02\/05\/le-film-dhorreur-egyptien-122-en-avant-premiere-a-tunis\/#primaryimage"},"image":{"@id":"https:\/\/kapitalis.com\/tunisie\/2019\/02\/05\/le-film-dhorreur-egyptien-122-en-avant-premiere-a-tunis\/#primaryimage"},"thumbnailUrl":"","datePublished":"2019-02-05T13:22:05+00:00","breadcrumb":{"@id":"https:\/\/kapitalis.com\/tunisie\/2019\/02\/05\/le-film-dhorreur-egyptien-122-en-avant-premiere-a-tunis\/#breadcrumb"},"inLanguage":"fr-FR","potentialAction":[{"@type":"ReadAction","target":["https:\/\/kapitalis.com\/tunisie\/2019\/02\/05\/le-film-dhorreur-egyptien-122-en-avant-premiere-a-tunis\/"]}]},{"@type":"ImageObject","inLanguage":"fr-FR","@id":"https:\/\/kapitalis.com\/tunisie\/2019\/02\/05\/le-film-dhorreur-egyptien-122-en-avant-premiere-a-tunis\/#primaryimage","url":"","contentUrl":""},{"@type":"BreadcrumbList","@id":"https:\/\/kapitalis.com\/tunisie\/2019\/02\/05\/le-film-dhorreur-egyptien-122-en-avant-premiere-a-tunis\/#breadcrumb","itemListElement":[{"@type":"ListItem","position":1,"name":"Accueil","item":"https:\/\/kapitalis.com\/tunisie\/"},{"@type":"ListItem","position":2,"name":"Le film d\u2019horreur \u00e9gyptien \u2018\u2018122\u2019\u2019 en avant-premi\u00e8re \u00e0 Tunis"}]},{"@type":"WebSite","@id":"https:\/\/kapitalis.com\/tunisie\/#website","url":"https:\/\/kapitalis.com\/tunisie\/","name":"Kapitalis","description":"L&#039;actualit\u00e9 en Tunisie et dans le monde","publisher":{"@id":"https:\/\/kapitalis.com\/tunisie\/#organization"},"potentialAction":[{"@type":"SearchAction","target":{"@type":"EntryPoint","urlTemplate":"https:\/\/kapitalis.com\/tunisie\/?s={search_term_string}"},"query-input":{"@type":"PropertyValueSpecification","valueRequired":true,"valueName":"search_term_string"}}],"inLanguage":"fr-FR"},{"@type":"Organization","@id":"https:\/\/kapitalis.com\/tunisie\/#organization","name":"Kapitalis","url":"https:\/\/kapitalis.com\/tunisie\/","logo":{"@type":"ImageObject","inLanguage":"fr-FR","@id":"https:\/\/kapitalis.com\/tunisie\/#\/schema\/logo\/image\/","url":"https:\/\/kapitalis.com\/tunisie\/wp-content\/uploads\/2022\/05\/Kapitalis-big-size.png","contentUrl":"https:\/\/kapitalis.com\/tunisie\/wp-content\/uploads\/2022\/05\/Kapitalis-big-size.png","width":5000,"height":1500,"caption":"Kapitalis"},"image":{"@id":"https:\/\/kapitalis.com\/tunisie\/#\/schema\/logo\/image\/"},"sameAs":["https:\/\/www.facebook.com\/KapitalisInfo\/","https:\/\/x.com\/KapitalisInfo","https:\/\/www.youtube.com\/channel\/UC-yDYrHyfFBWWZaOw3FPg9Q"]},{"@type":"Person","@id":"https:\/\/kapitalis.com\/tunisie\/#\/schema\/person\/d71f33a9ca44f7bad4698210b480c8e9","name":"webmaster kapitalis","url":"https:\/\/kapitalis.com\/tunisie\/author\/webmaster-kapitalis\/"}]}},"_links":{"self":[{"href":"https:\/\/kapitalis.com\/tunisie\/wp-json\/wp\/v2\/posts\/196674","targetHints":{"allow":["GET"]}}],"collection":[{"href":"https:\/\/kapitalis.com\/tunisie\/wp-json\/wp\/v2\/posts"}],"about":[{"href":"https:\/\/kapitalis.com\/tunisie\/wp-json\/wp\/v2\/types\/post"}],"author":[{"embeddable":true,"href":"https:\/\/kapitalis.com\/tunisie\/wp-json\/wp\/v2\/users\/8"}],"replies":[{"embeddable":true,"href":"https:\/\/kapitalis.com\/tunisie\/wp-json\/wp\/v2\/comments?post=196674"}],"version-history":[{"count":0,"href":"https:\/\/kapitalis.com\/tunisie\/wp-json\/wp\/v2\/posts\/196674\/revisions"}],"wp:featuredmedia":[{"embeddable":true,"href":"https:\/\/kapitalis.com\/tunisie\/wp-json\/wp\/v2\/media\/196675"}],"wp:attachment":[{"href":"https:\/\/kapitalis.com\/tunisie\/wp-json\/wp\/v2\/media?parent=196674"}],"wp:term":[{"taxonomy":"category","embeddable":true,"href":"https:\/\/kapitalis.com\/tunisie\/wp-json\/wp\/v2\/categories?post=196674"},{"taxonomy":"post_tag","embeddable":true,"href":"https:\/\/kapitalis.com\/tunisie\/wp-json\/wp\/v2\/tags?post=196674"}],"curies":[{"name":"wp","href":"https:\/\/api.w.org\/{rel}","templated":true}]}}