{"id":196763,"date":"2019-02-06T08:08:06","date_gmt":"2019-02-06T07:08:06","guid":{"rendered":"http:\/\/kapitalis.com\/tunisie\/?p=196763"},"modified":"2019-02-06T08:08:06","modified_gmt":"2019-02-06T07:08:06","slug":"jazz-a-carthage-2019-sembarque-dans-un-nouveau-periple-melodieux","status":"publish","type":"post","link":"https:\/\/kapitalis.com\/tunisie\/2019\/02\/06\/jazz-a-carthage-2019-sembarque-dans-un-nouveau-periple-melodieux\/","title":{"rendered":"Jazz \u00e0 Carthage 2019 s&#8217;embarque dans un nouveau p\u00e9riple m\u00e9lodieux"},"content":{"rendered":"<p style=\"text-align: center;\"><img loading=\"lazy\" decoding=\"async\" class=\"alignnone size-full wp-image-196764\" src=\"http:\/\/kapitalis.com\/tunisie\/wp-content\/uploads\/2019\/02\/Jazz-a-Carthage-2019.jpg\" alt=\"\" width=\"626\" height=\"380\" \/><\/p>\n<p><em><strong>Le festival Jazz \u00e0 Carthage vient de r\u00e9v\u00e9ler le programme de la 14e \u00e9dition qui se tiendra du 4 au 14 avril 2019, dans diff\u00e9rents espaces de la capitale.<\/strong><\/em><\/p>\n<p><!--more--><\/p>\n<p>Rendez-vous incontournable pour les amoureux du Jazz et des musiques du monde, Jazz \u00e0 Carthage arrive cette ann\u00e9e \u00e0 son 14e \u00e9pisode plac\u00e9 sous le signe d\u2019un p\u00e9riple m\u00e9lodieux. Une nouvelle \u00e9dition toujours sous l\u2019\u00e9gide de Mourad Mathari, son fondateur, et de Scoop Organisation, mais qui connait cette ann\u00e9e un nouveau tournant puisqu\u2019il quitte le Barcelo pour investir cinq espaces diff\u00e9rents : Le Pavillon de Gammarth (sc\u00e8ne principale), l\u2019Acropolium de Carthage, l\u2019Institut fran\u00e7ais de Tunisie, Alhambra Zephyr \u00e0 la Marsa et Ennejma Ezzahra \u00e0 Sidi Bou Sa\u00efd. Le festival s\u2019\u00e9talera pour la premi\u00e8re fois sur 10 jours et proposera \u00e9galement les <em>\u00abStreet jazz outdoor\u00bb<\/em>, sous forme de concerts de rue \u00e0 la Marsa.<\/p>\n<p>Jazz \u00e0 Carthage annonce \u00e9galement un nouveau partenariat avec l\u2019Union europ\u00e9enne sous le slogan <em>\u00abTunisia meets Europa\u00bb<\/em> qui consiste \u00e0 inviter des artistes europ\u00e9ens comme les Britanniques Kokoroko, les Autrichiens Duo Fuss\/Leichtfriend, les Helv\u00e8tes Marc Perrenoud Trio, le Belge Manuel Hermia, le duo fran\u00e7ais Bumcello, l\u2019Italien Mario Biondi\u2026<\/p>\n<p>En plus du jazz, le festival sera comme chaque ann\u00e9e ouvert sur d\u2019autres registres comme le rock, le folk, la soul, la pop, le trip-hop, et \u00e9videmment une touche tunisienne avec Myryam Toukabri et Omar El Ouaer.<\/p>\n<p>La date phare de cette nouvelle \u00e9dition est sans doute le concert du groupe de trip-hop belge Hooverphonic, connu notamment pour sa chanson plan\u00e9taire \u2018\u2018Mad about you\u2019\u2019. Le trio sera pr\u00e9sent pour la premi\u00e8re fois en Tunisie, et partagera la sc\u00e8ne avec l\u2019auteur-compositeur et interpr\u00e8te am\u00e9ricain Peter Cincotti.<\/p>\n<p>La soir\u00e9e d\u2019ouverture sera tuniso-belge et aura lieu \u00e0 Alhambra Zephyr avec Myryam Toukabri et le quintet Manuel Hermia &amp; Kheireddine Mkachiche.<\/p>\n<p>La cl\u00f4ture se tiendra au Pavillon de Gammarth avec l\u2019am\u00e9ricaine Sarah Maccoy le chanteur et guitariste britannique Charlie Winston qui revient pour la troisi\u00e8me fois en Tunisie apr\u00e8s deux passages \u00e0 Jazz \u00e0 Carthage et au Festival international de Carthage.<\/p>\n<p style=\"text-align: right;\"><strong>Fawz Ben Ali<\/strong><\/p>\n<p><a href=\"http:\/\/2019.jazzacarthage.com\/#!\/\" target=\"_blank\" rel=\"noopener\"><em><strong>Programme.\u00a0<\/strong><\/em><\/a><\/p>\n","protected":false},"excerpt":{"rendered":"<p>Le festival Jazz \u00e0 Carthage vient de r\u00e9v\u00e9ler le programme de la 14e \u00e9dition qui se tiendra du 4 au 14 avril 2019, dans diff\u00e9rents espaces de la capitale.<\/p>\n","protected":false},"author":8,"featured_media":196764,"comment_status":"open","ping_status":"open","sticky":false,"template":"","format":"standard","meta":{"footnotes":""},"categories":[994,2433],"tags":[7486,16818,2991,28695,20388,28696,827],"class_list":["post-196763","post","type-post","status-publish","format-standard","has-post-thumbnail","hentry","category-culture","category-tunisie","tag-acropolium-de-carthage","tag-jazz-a-carthage","tag-la-marsa","tag-mourad-mathari","tag-omar-el-ouaer","tag-scoop-organisation","tag-sidi-bou-said"],"yoast_head":"<!-- This site is optimized with the Yoast SEO plugin v26.6 - https:\/\/yoast.com\/wordpress\/plugins\/seo\/ -->\n<title>Jazz \u00e0 Carthage 2019 s&#039;embarque dans un nouveau p\u00e9riple m\u00e9lodieux - Kapitalis<\/title>\n<meta name=\"robots\" content=\"index, follow, max-snippet:-1, max-image-preview:large, max-video-preview:-1\" \/>\n<link rel=\"canonical\" href=\"https:\/\/kapitalis.com\/tunisie\/2019\/02\/06\/jazz-a-carthage-2019-sembarque-dans-un-nouveau-periple-melodieux\/\" \/>\n<meta property=\"og:locale\" content=\"fr_FR\" \/>\n<meta property=\"og:type\" content=\"article\" \/>\n<meta property=\"og:title\" content=\"Jazz \u00e0 Carthage 2019 s&#039;embarque dans un nouveau p\u00e9riple m\u00e9lodieux - Kapitalis\" \/>\n<meta property=\"og:description\" content=\"Le festival Jazz \u00e0 Carthage vient de r\u00e9v\u00e9ler le programme de la 14e \u00e9dition qui se tiendra du 4 au 14 avril 2019, dans diff\u00e9rents espaces de la capitale.\" \/>\n<meta property=\"og:url\" content=\"https:\/\/kapitalis.com\/tunisie\/2019\/02\/06\/jazz-a-carthage-2019-sembarque-dans-un-nouveau-periple-melodieux\/\" \/>\n<meta property=\"og:site_name\" content=\"Kapitalis\" \/>\n<meta property=\"article:publisher\" content=\"https:\/\/www.facebook.com\/KapitalisInfo\/\" \/>\n<meta property=\"article:published_time\" content=\"2019-02-06T07:08:06+00:00\" \/>\n<meta property=\"og:image\" content=\"https:\/\/kapitalis.com\/tunisie\/wp-content\/uploads\/2022\/05\/kapitalis-logo-fb.png\" \/>\n\t<meta property=\"og:image:width\" content=\"1200\" \/>\n\t<meta property=\"og:image:height\" content=\"630\" \/>\n\t<meta property=\"og:image:type\" content=\"image\/png\" \/>\n<meta name=\"author\" content=\"webmaster kapitalis\" \/>\n<meta name=\"twitter:card\" content=\"summary_large_image\" \/>\n<meta name=\"twitter:creator\" content=\"@KapitalisInfo\" \/>\n<meta name=\"twitter:site\" content=\"@KapitalisInfo\" \/>\n<meta name=\"twitter:label1\" content=\"\u00c9crit par\" \/>\n\t<meta name=\"twitter:data1\" content=\"webmaster kapitalis\" \/>\n\t<meta name=\"twitter:label2\" content=\"Dur\u00e9e de lecture estim\u00e9e\" \/>\n\t<meta name=\"twitter:data2\" content=\"2 minutes\" \/>\n<script type=\"application\/ld+json\" class=\"yoast-schema-graph\">{\"@context\":\"https:\/\/schema.org\",\"@graph\":[{\"@type\":\"Article\",\"@id\":\"https:\/\/kapitalis.com\/tunisie\/2019\/02\/06\/jazz-a-carthage-2019-sembarque-dans-un-nouveau-periple-melodieux\/#article\",\"isPartOf\":{\"@id\":\"https:\/\/kapitalis.com\/tunisie\/2019\/02\/06\/jazz-a-carthage-2019-sembarque-dans-un-nouveau-periple-melodieux\/\"},\"author\":{\"name\":\"webmaster kapitalis\",\"@id\":\"https:\/\/kapitalis.com\/tunisie\/#\/schema\/person\/d71f33a9ca44f7bad4698210b480c8e9\"},\"headline\":\"Jazz \u00e0 Carthage 2019 s&#8217;embarque dans un nouveau p\u00e9riple m\u00e9lodieux\",\"datePublished\":\"2019-02-06T07:08:06+00:00\",\"mainEntityOfPage\":{\"@id\":\"https:\/\/kapitalis.com\/tunisie\/2019\/02\/06\/jazz-a-carthage-2019-sembarque-dans-un-nouveau-periple-melodieux\/\"},\"wordCount\":376,\"commentCount\":0,\"publisher\":{\"@id\":\"https:\/\/kapitalis.com\/tunisie\/#organization\"},\"image\":{\"@id\":\"https:\/\/kapitalis.com\/tunisie\/2019\/02\/06\/jazz-a-carthage-2019-sembarque-dans-un-nouveau-periple-melodieux\/#primaryimage\"},\"thumbnailUrl\":\"\",\"keywords\":[\"Acropolium de Carthage\",\"Jazz \u00e0 Carthage\",\"La Marsa\",\"Mourad Mathari\",\"Omar El-Ouaer\",\"Scoop Organisation\",\"Sidi Bou Sa\u00efd\"],\"articleSection\":[\"CULTURE\",\"Tunisie\"],\"inLanguage\":\"fr-FR\",\"potentialAction\":[{\"@type\":\"CommentAction\",\"name\":\"Comment\",\"target\":[\"https:\/\/kapitalis.com\/tunisie\/2019\/02\/06\/jazz-a-carthage-2019-sembarque-dans-un-nouveau-periple-melodieux\/#respond\"]}]},{\"@type\":\"WebPage\",\"@id\":\"https:\/\/kapitalis.com\/tunisie\/2019\/02\/06\/jazz-a-carthage-2019-sembarque-dans-un-nouveau-periple-melodieux\/\",\"url\":\"https:\/\/kapitalis.com\/tunisie\/2019\/02\/06\/jazz-a-carthage-2019-sembarque-dans-un-nouveau-periple-melodieux\/\",\"name\":\"Jazz \u00e0 Carthage 2019 s'embarque dans un nouveau p\u00e9riple m\u00e9lodieux - Kapitalis\",\"isPartOf\":{\"@id\":\"https:\/\/kapitalis.com\/tunisie\/#website\"},\"primaryImageOfPage\":{\"@id\":\"https:\/\/kapitalis.com\/tunisie\/2019\/02\/06\/jazz-a-carthage-2019-sembarque-dans-un-nouveau-periple-melodieux\/#primaryimage\"},\"image\":{\"@id\":\"https:\/\/kapitalis.com\/tunisie\/2019\/02\/06\/jazz-a-carthage-2019-sembarque-dans-un-nouveau-periple-melodieux\/#primaryimage\"},\"thumbnailUrl\":\"\",\"datePublished\":\"2019-02-06T07:08:06+00:00\",\"breadcrumb\":{\"@id\":\"https:\/\/kapitalis.com\/tunisie\/2019\/02\/06\/jazz-a-carthage-2019-sembarque-dans-un-nouveau-periple-melodieux\/#breadcrumb\"},\"inLanguage\":\"fr-FR\",\"potentialAction\":[{\"@type\":\"ReadAction\",\"target\":[\"https:\/\/kapitalis.com\/tunisie\/2019\/02\/06\/jazz-a-carthage-2019-sembarque-dans-un-nouveau-periple-melodieux\/\"]}]},{\"@type\":\"ImageObject\",\"inLanguage\":\"fr-FR\",\"@id\":\"https:\/\/kapitalis.com\/tunisie\/2019\/02\/06\/jazz-a-carthage-2019-sembarque-dans-un-nouveau-periple-melodieux\/#primaryimage\",\"url\":\"\",\"contentUrl\":\"\"},{\"@type\":\"BreadcrumbList\",\"@id\":\"https:\/\/kapitalis.com\/tunisie\/2019\/02\/06\/jazz-a-carthage-2019-sembarque-dans-un-nouveau-periple-melodieux\/#breadcrumb\",\"itemListElement\":[{\"@type\":\"ListItem\",\"position\":1,\"name\":\"Accueil\",\"item\":\"https:\/\/kapitalis.com\/tunisie\/\"},{\"@type\":\"ListItem\",\"position\":2,\"name\":\"Jazz \u00e0 Carthage 2019 s&#8217;embarque dans un nouveau p\u00e9riple m\u00e9lodieux\"}]},{\"@type\":\"WebSite\",\"@id\":\"https:\/\/kapitalis.com\/tunisie\/#website\",\"url\":\"https:\/\/kapitalis.com\/tunisie\/\",\"name\":\"Kapitalis\",\"description\":\"L&#039;actualit\u00e9 en Tunisie et dans le monde\",\"publisher\":{\"@id\":\"https:\/\/kapitalis.com\/tunisie\/#organization\"},\"potentialAction\":[{\"@type\":\"SearchAction\",\"target\":{\"@type\":\"EntryPoint\",\"urlTemplate\":\"https:\/\/kapitalis.com\/tunisie\/?s={search_term_string}\"},\"query-input\":{\"@type\":\"PropertyValueSpecification\",\"valueRequired\":true,\"valueName\":\"search_term_string\"}}],\"inLanguage\":\"fr-FR\"},{\"@type\":\"Organization\",\"@id\":\"https:\/\/kapitalis.com\/tunisie\/#organization\",\"name\":\"Kapitalis\",\"url\":\"https:\/\/kapitalis.com\/tunisie\/\",\"logo\":{\"@type\":\"ImageObject\",\"inLanguage\":\"fr-FR\",\"@id\":\"https:\/\/kapitalis.com\/tunisie\/#\/schema\/logo\/image\/\",\"url\":\"https:\/\/kapitalis.com\/tunisie\/wp-content\/uploads\/2022\/05\/Kapitalis-big-size.png\",\"contentUrl\":\"https:\/\/kapitalis.com\/tunisie\/wp-content\/uploads\/2022\/05\/Kapitalis-big-size.png\",\"width\":5000,\"height\":1500,\"caption\":\"Kapitalis\"},\"image\":{\"@id\":\"https:\/\/kapitalis.com\/tunisie\/#\/schema\/logo\/image\/\"},\"sameAs\":[\"https:\/\/www.facebook.com\/KapitalisInfo\/\",\"https:\/\/x.com\/KapitalisInfo\",\"https:\/\/www.youtube.com\/channel\/UC-yDYrHyfFBWWZaOw3FPg9Q\"]},{\"@type\":\"Person\",\"@id\":\"https:\/\/kapitalis.com\/tunisie\/#\/schema\/person\/d71f33a9ca44f7bad4698210b480c8e9\",\"name\":\"webmaster kapitalis\",\"url\":\"https:\/\/kapitalis.com\/tunisie\/author\/webmaster-kapitalis\/\"}]}<\/script>\n<!-- \/ Yoast SEO plugin. -->","yoast_head_json":{"title":"Jazz \u00e0 Carthage 2019 s'embarque dans un nouveau p\u00e9riple m\u00e9lodieux - Kapitalis","robots":{"index":"index","follow":"follow","max-snippet":"max-snippet:-1","max-image-preview":"max-image-preview:large","max-video-preview":"max-video-preview:-1"},"canonical":"https:\/\/kapitalis.com\/tunisie\/2019\/02\/06\/jazz-a-carthage-2019-sembarque-dans-un-nouveau-periple-melodieux\/","og_locale":"fr_FR","og_type":"article","og_title":"Jazz \u00e0 Carthage 2019 s'embarque dans un nouveau p\u00e9riple m\u00e9lodieux - Kapitalis","og_description":"Le festival Jazz \u00e0 Carthage vient de r\u00e9v\u00e9ler le programme de la 14e \u00e9dition qui se tiendra du 4 au 14 avril 2019, dans diff\u00e9rents espaces de la capitale.","og_url":"https:\/\/kapitalis.com\/tunisie\/2019\/02\/06\/jazz-a-carthage-2019-sembarque-dans-un-nouveau-periple-melodieux\/","og_site_name":"Kapitalis","article_publisher":"https:\/\/www.facebook.com\/KapitalisInfo\/","article_published_time":"2019-02-06T07:08:06+00:00","og_image":[{"width":1200,"height":630,"url":"https:\/\/kapitalis.com\/tunisie\/wp-content\/uploads\/2022\/05\/kapitalis-logo-fb.png","type":"image\/png"}],"author":"webmaster kapitalis","twitter_card":"summary_large_image","twitter_creator":"@KapitalisInfo","twitter_site":"@KapitalisInfo","twitter_misc":{"\u00c9crit par":"webmaster kapitalis","Dur\u00e9e de lecture estim\u00e9e":"2 minutes"},"schema":{"@context":"https:\/\/schema.org","@graph":[{"@type":"Article","@id":"https:\/\/kapitalis.com\/tunisie\/2019\/02\/06\/jazz-a-carthage-2019-sembarque-dans-un-nouveau-periple-melodieux\/#article","isPartOf":{"@id":"https:\/\/kapitalis.com\/tunisie\/2019\/02\/06\/jazz-a-carthage-2019-sembarque-dans-un-nouveau-periple-melodieux\/"},"author":{"name":"webmaster kapitalis","@id":"https:\/\/kapitalis.com\/tunisie\/#\/schema\/person\/d71f33a9ca44f7bad4698210b480c8e9"},"headline":"Jazz \u00e0 Carthage 2019 s&#8217;embarque dans un nouveau p\u00e9riple m\u00e9lodieux","datePublished":"2019-02-06T07:08:06+00:00","mainEntityOfPage":{"@id":"https:\/\/kapitalis.com\/tunisie\/2019\/02\/06\/jazz-a-carthage-2019-sembarque-dans-un-nouveau-periple-melodieux\/"},"wordCount":376,"commentCount":0,"publisher":{"@id":"https:\/\/kapitalis.com\/tunisie\/#organization"},"image":{"@id":"https:\/\/kapitalis.com\/tunisie\/2019\/02\/06\/jazz-a-carthage-2019-sembarque-dans-un-nouveau-periple-melodieux\/#primaryimage"},"thumbnailUrl":"","keywords":["Acropolium de Carthage","Jazz \u00e0 Carthage","La Marsa","Mourad Mathari","Omar El-Ouaer","Scoop Organisation","Sidi Bou Sa\u00efd"],"articleSection":["CULTURE","Tunisie"],"inLanguage":"fr-FR","potentialAction":[{"@type":"CommentAction","name":"Comment","target":["https:\/\/kapitalis.com\/tunisie\/2019\/02\/06\/jazz-a-carthage-2019-sembarque-dans-un-nouveau-periple-melodieux\/#respond"]}]},{"@type":"WebPage","@id":"https:\/\/kapitalis.com\/tunisie\/2019\/02\/06\/jazz-a-carthage-2019-sembarque-dans-un-nouveau-periple-melodieux\/","url":"https:\/\/kapitalis.com\/tunisie\/2019\/02\/06\/jazz-a-carthage-2019-sembarque-dans-un-nouveau-periple-melodieux\/","name":"Jazz \u00e0 Carthage 2019 s'embarque dans un nouveau p\u00e9riple m\u00e9lodieux - Kapitalis","isPartOf":{"@id":"https:\/\/kapitalis.com\/tunisie\/#website"},"primaryImageOfPage":{"@id":"https:\/\/kapitalis.com\/tunisie\/2019\/02\/06\/jazz-a-carthage-2019-sembarque-dans-un-nouveau-periple-melodieux\/#primaryimage"},"image":{"@id":"https:\/\/kapitalis.com\/tunisie\/2019\/02\/06\/jazz-a-carthage-2019-sembarque-dans-un-nouveau-periple-melodieux\/#primaryimage"},"thumbnailUrl":"","datePublished":"2019-02-06T07:08:06+00:00","breadcrumb":{"@id":"https:\/\/kapitalis.com\/tunisie\/2019\/02\/06\/jazz-a-carthage-2019-sembarque-dans-un-nouveau-periple-melodieux\/#breadcrumb"},"inLanguage":"fr-FR","potentialAction":[{"@type":"ReadAction","target":["https:\/\/kapitalis.com\/tunisie\/2019\/02\/06\/jazz-a-carthage-2019-sembarque-dans-un-nouveau-periple-melodieux\/"]}]},{"@type":"ImageObject","inLanguage":"fr-FR","@id":"https:\/\/kapitalis.com\/tunisie\/2019\/02\/06\/jazz-a-carthage-2019-sembarque-dans-un-nouveau-periple-melodieux\/#primaryimage","url":"","contentUrl":""},{"@type":"BreadcrumbList","@id":"https:\/\/kapitalis.com\/tunisie\/2019\/02\/06\/jazz-a-carthage-2019-sembarque-dans-un-nouveau-periple-melodieux\/#breadcrumb","itemListElement":[{"@type":"ListItem","position":1,"name":"Accueil","item":"https:\/\/kapitalis.com\/tunisie\/"},{"@type":"ListItem","position":2,"name":"Jazz \u00e0 Carthage 2019 s&#8217;embarque dans un nouveau p\u00e9riple m\u00e9lodieux"}]},{"@type":"WebSite","@id":"https:\/\/kapitalis.com\/tunisie\/#website","url":"https:\/\/kapitalis.com\/tunisie\/","name":"Kapitalis","description":"L&#039;actualit\u00e9 en Tunisie et dans le monde","publisher":{"@id":"https:\/\/kapitalis.com\/tunisie\/#organization"},"potentialAction":[{"@type":"SearchAction","target":{"@type":"EntryPoint","urlTemplate":"https:\/\/kapitalis.com\/tunisie\/?s={search_term_string}"},"query-input":{"@type":"PropertyValueSpecification","valueRequired":true,"valueName":"search_term_string"}}],"inLanguage":"fr-FR"},{"@type":"Organization","@id":"https:\/\/kapitalis.com\/tunisie\/#organization","name":"Kapitalis","url":"https:\/\/kapitalis.com\/tunisie\/","logo":{"@type":"ImageObject","inLanguage":"fr-FR","@id":"https:\/\/kapitalis.com\/tunisie\/#\/schema\/logo\/image\/","url":"https:\/\/kapitalis.com\/tunisie\/wp-content\/uploads\/2022\/05\/Kapitalis-big-size.png","contentUrl":"https:\/\/kapitalis.com\/tunisie\/wp-content\/uploads\/2022\/05\/Kapitalis-big-size.png","width":5000,"height":1500,"caption":"Kapitalis"},"image":{"@id":"https:\/\/kapitalis.com\/tunisie\/#\/schema\/logo\/image\/"},"sameAs":["https:\/\/www.facebook.com\/KapitalisInfo\/","https:\/\/x.com\/KapitalisInfo","https:\/\/www.youtube.com\/channel\/UC-yDYrHyfFBWWZaOw3FPg9Q"]},{"@type":"Person","@id":"https:\/\/kapitalis.com\/tunisie\/#\/schema\/person\/d71f33a9ca44f7bad4698210b480c8e9","name":"webmaster kapitalis","url":"https:\/\/kapitalis.com\/tunisie\/author\/webmaster-kapitalis\/"}]}},"_links":{"self":[{"href":"https:\/\/kapitalis.com\/tunisie\/wp-json\/wp\/v2\/posts\/196763","targetHints":{"allow":["GET"]}}],"collection":[{"href":"https:\/\/kapitalis.com\/tunisie\/wp-json\/wp\/v2\/posts"}],"about":[{"href":"https:\/\/kapitalis.com\/tunisie\/wp-json\/wp\/v2\/types\/post"}],"author":[{"embeddable":true,"href":"https:\/\/kapitalis.com\/tunisie\/wp-json\/wp\/v2\/users\/8"}],"replies":[{"embeddable":true,"href":"https:\/\/kapitalis.com\/tunisie\/wp-json\/wp\/v2\/comments?post=196763"}],"version-history":[{"count":0,"href":"https:\/\/kapitalis.com\/tunisie\/wp-json\/wp\/v2\/posts\/196763\/revisions"}],"wp:featuredmedia":[{"embeddable":true,"href":"https:\/\/kapitalis.com\/tunisie\/wp-json\/wp\/v2\/media\/196764"}],"wp:attachment":[{"href":"https:\/\/kapitalis.com\/tunisie\/wp-json\/wp\/v2\/media?parent=196763"}],"wp:term":[{"taxonomy":"category","embeddable":true,"href":"https:\/\/kapitalis.com\/tunisie\/wp-json\/wp\/v2\/categories?post=196763"},{"taxonomy":"post_tag","embeddable":true,"href":"https:\/\/kapitalis.com\/tunisie\/wp-json\/wp\/v2\/tags?post=196763"}],"curies":[{"name":"wp","href":"https:\/\/api.w.org\/{rel}","templated":true}]}}