{"id":196805,"date":"2019-02-06T12:11:09","date_gmt":"2019-02-06T11:11:09","guid":{"rendered":"http:\/\/kapitalis.com\/tunisie\/?p=196805"},"modified":"2019-02-06T12:13:29","modified_gmt":"2019-02-06T11:13:29","slug":"moknine-une-fillette-violee-depuis-decembre-par-un-barbu-tatoue","status":"publish","type":"post","link":"https:\/\/kapitalis.com\/tunisie\/2019\/02\/06\/moknine-une-fillette-violee-depuis-decembre-par-un-barbu-tatoue\/","title":{"rendered":"Moknine : Une fillette viol\u00e9e, depuis d\u00e9cembre, par un \u00abbarbu tatou\u00e9\u00bb"},"content":{"rendered":"<p style=\"text-align: center;\"><img loading=\"lazy\" decoding=\"async\" class=\"alignnone size-full wp-image-102324\" src=\"http:\/\/kapitalis.com\/tunisie\/wp-content\/uploads\/2017\/06\/M\u00e9denine-arrestation-terroriste.jpg\" alt=\"\" width=\"626\" height=\"380\" \/><\/p>\n<p><strong><em>La police a arr\u00eat\u00e9 hier, mardi 5 f\u00e9vrier 2019, \u00e0 Moknine (Monastir), un individu suspect\u00e9 de viols r\u00e9p\u00e9titifs, depuis d\u00e9cembre dernier, d\u2019une fillette de 12 ans. Il a \u00e9t\u00e9 reconnu gr\u00e2ce \u00e0 sa barbe et un tatouage que la fille a remarqu\u00e9s lors des agressions.<\/em><\/strong><!--more--><\/p>\n<p>La m\u00e8re de la victime, originaire de Teboulba, a port\u00e9 plainte, lundi dernier, aupr\u00e8s de la brigade de lutte contre les crimes de violence contre les femmes et les enfants, en pr\u00e9cisant que le violeur emmenait sa fille au cimeti\u00e8re, o\u00f9 il abusait sexuellement d\u2019elle. Il l\u2019a mena\u00e7ait de tuer ses parents si elle leur en parlait, ce qui explique son silence depuis un mois.<\/p>\n<p>La fillette, qui a \u00e9t\u00e9 prise en charge et est suivie psychologiquement, a indiqu\u00e9 aux enqu\u00eateurs que son violeur est barbu et porte un tatouage \u00e0 la main. C\u2019est ainsi que le suspect a \u00e9t\u00e9 identifi\u00e9 et arr\u00eat\u00e9.<\/p>\n<p>Sa victime l\u2019a reconnu et le procureur de la r\u00e9publique a ordonn\u00e9 sa mise en d\u00e9tention et la poursuite de l\u2019enqu\u00eate.<\/p>\n<p style=\"text-align: right;\"><strong>Y. N.<\/strong><\/p>\n","protected":false},"excerpt":{"rendered":"<p>La police a arr\u00eat\u00e9 hier, mardi 5 f\u00e9vrier 2019, \u00e0 Moknine (Monastir), un individu suspect\u00e9 de viols r\u00e9p\u00e9titifs, depuis d\u00e9cembre dernier, d\u2019une fillette de 12 ans. Il a \u00e9t\u00e9 reconnu gr\u00e2ce \u00e0 sa barbe et un tatouage que la fille a remarqu\u00e9s lors des agressions.<\/p>\n","protected":false},"author":6,"featured_media":0,"comment_status":"open","ping_status":"open","sticky":false,"template":"","format":"standard","meta":{"footnotes":""},"categories":[998,2433],"tags":[631,633,883,950],"class_list":["post-196805","post","type-post","status-publish","format-standard","hentry","category-societe","category-tunisie","tag-moknine","tag-monastir","tag-teboulba","tag-viol"],"yoast_head":"<!-- This site is optimized with the Yoast SEO plugin v26.6 - https:\/\/yoast.com\/wordpress\/plugins\/seo\/ -->\n<title>Moknine : Une fillette viol\u00e9e, depuis d\u00e9cembre, par un \u00abbarbu tatou\u00e9\u00bb - Kapitalis<\/title>\n<meta name=\"robots\" content=\"index, follow, max-snippet:-1, max-image-preview:large, max-video-preview:-1\" \/>\n<link rel=\"canonical\" href=\"https:\/\/kapitalis.com\/tunisie\/2019\/02\/06\/moknine-une-fillette-violee-depuis-decembre-par-un-barbu-tatoue\/\" \/>\n<meta property=\"og:locale\" content=\"fr_FR\" \/>\n<meta property=\"og:type\" content=\"article\" \/>\n<meta property=\"og:title\" content=\"Moknine : Une fillette viol\u00e9e, depuis d\u00e9cembre, par un \u00abbarbu tatou\u00e9\u00bb - Kapitalis\" \/>\n<meta property=\"og:description\" content=\"La police a arr\u00eat\u00e9 hier, mardi 5 f\u00e9vrier 2019, \u00e0 Moknine (Monastir), un individu suspect\u00e9 de viols r\u00e9p\u00e9titifs, depuis d\u00e9cembre dernier, d\u2019une fillette de 12 ans. Il a \u00e9t\u00e9 reconnu gr\u00e2ce \u00e0 sa barbe et un tatouage que la fille a remarqu\u00e9s lors des agressions.\" \/>\n<meta property=\"og:url\" content=\"https:\/\/kapitalis.com\/tunisie\/2019\/02\/06\/moknine-une-fillette-violee-depuis-decembre-par-un-barbu-tatoue\/\" \/>\n<meta property=\"og:site_name\" content=\"Kapitalis\" \/>\n<meta property=\"article:publisher\" content=\"https:\/\/www.facebook.com\/KapitalisInfo\/\" \/>\n<meta property=\"article:published_time\" content=\"2019-02-06T11:11:09+00:00\" \/>\n<meta property=\"article:modified_time\" content=\"2019-02-06T11:13:29+00:00\" \/>\n<meta property=\"og:image\" content=\"https:\/\/kapitalis.com\/tunisie\/wp-content\/uploads\/2022\/05\/kapitalis-logo-fb.png\" \/>\n\t<meta property=\"og:image:width\" content=\"1200\" \/>\n\t<meta property=\"og:image:height\" content=\"630\" \/>\n\t<meta property=\"og:image:type\" content=\"image\/png\" \/>\n<meta name=\"author\" content=\"Yusra NY\" \/>\n<meta name=\"twitter:card\" content=\"summary_large_image\" \/>\n<meta name=\"twitter:creator\" content=\"@KapitalisInfo\" \/>\n<meta name=\"twitter:site\" content=\"@KapitalisInfo\" \/>\n<meta name=\"twitter:label1\" content=\"\u00c9crit par\" \/>\n\t<meta name=\"twitter:data1\" content=\"Yusra NY\" \/>\n\t<meta name=\"twitter:label2\" content=\"Dur\u00e9e de lecture estim\u00e9e\" \/>\n\t<meta name=\"twitter:data2\" content=\"1 minute\" \/>\n<script type=\"application\/ld+json\" class=\"yoast-schema-graph\">{\"@context\":\"https:\/\/schema.org\",\"@graph\":[{\"@type\":\"Article\",\"@id\":\"https:\/\/kapitalis.com\/tunisie\/2019\/02\/06\/moknine-une-fillette-violee-depuis-decembre-par-un-barbu-tatoue\/#article\",\"isPartOf\":{\"@id\":\"https:\/\/kapitalis.com\/tunisie\/2019\/02\/06\/moknine-une-fillette-violee-depuis-decembre-par-un-barbu-tatoue\/\"},\"author\":{\"name\":\"Yusra NY\",\"@id\":\"https:\/\/kapitalis.com\/tunisie\/#\/schema\/person\/74bbde0154d49d790a92aaeac5bc01d5\"},\"headline\":\"Moknine : Une fillette viol\u00e9e, depuis d\u00e9cembre, par un \u00abbarbu tatou\u00e9\u00bb\",\"datePublished\":\"2019-02-06T11:11:09+00:00\",\"dateModified\":\"2019-02-06T11:13:29+00:00\",\"mainEntityOfPage\":{\"@id\":\"https:\/\/kapitalis.com\/tunisie\/2019\/02\/06\/moknine-une-fillette-violee-depuis-decembre-par-un-barbu-tatoue\/\"},\"wordCount\":200,\"commentCount\":2,\"publisher\":{\"@id\":\"https:\/\/kapitalis.com\/tunisie\/#organization\"},\"keywords\":[\"Moknine\",\"Monastir\",\"Teboulba\",\"viol\"],\"articleSection\":[\"SOCIETE\",\"Tunisie\"],\"inLanguage\":\"fr-FR\",\"potentialAction\":[{\"@type\":\"CommentAction\",\"name\":\"Comment\",\"target\":[\"https:\/\/kapitalis.com\/tunisie\/2019\/02\/06\/moknine-une-fillette-violee-depuis-decembre-par-un-barbu-tatoue\/#respond\"]}]},{\"@type\":\"WebPage\",\"@id\":\"https:\/\/kapitalis.com\/tunisie\/2019\/02\/06\/moknine-une-fillette-violee-depuis-decembre-par-un-barbu-tatoue\/\",\"url\":\"https:\/\/kapitalis.com\/tunisie\/2019\/02\/06\/moknine-une-fillette-violee-depuis-decembre-par-un-barbu-tatoue\/\",\"name\":\"Moknine : Une fillette viol\u00e9e, depuis d\u00e9cembre, par un \u00abbarbu tatou\u00e9\u00bb - Kapitalis\",\"isPartOf\":{\"@id\":\"https:\/\/kapitalis.com\/tunisie\/#website\"},\"datePublished\":\"2019-02-06T11:11:09+00:00\",\"dateModified\":\"2019-02-06T11:13:29+00:00\",\"breadcrumb\":{\"@id\":\"https:\/\/kapitalis.com\/tunisie\/2019\/02\/06\/moknine-une-fillette-violee-depuis-decembre-par-un-barbu-tatoue\/#breadcrumb\"},\"inLanguage\":\"fr-FR\",\"potentialAction\":[{\"@type\":\"ReadAction\",\"target\":[\"https:\/\/kapitalis.com\/tunisie\/2019\/02\/06\/moknine-une-fillette-violee-depuis-decembre-par-un-barbu-tatoue\/\"]}]},{\"@type\":\"BreadcrumbList\",\"@id\":\"https:\/\/kapitalis.com\/tunisie\/2019\/02\/06\/moknine-une-fillette-violee-depuis-decembre-par-un-barbu-tatoue\/#breadcrumb\",\"itemListElement\":[{\"@type\":\"ListItem\",\"position\":1,\"name\":\"Accueil\",\"item\":\"https:\/\/kapitalis.com\/tunisie\/\"},{\"@type\":\"ListItem\",\"position\":2,\"name\":\"Moknine : Une fillette viol\u00e9e, depuis d\u00e9cembre, par un \u00abbarbu tatou\u00e9\u00bb\"}]},{\"@type\":\"WebSite\",\"@id\":\"https:\/\/kapitalis.com\/tunisie\/#website\",\"url\":\"https:\/\/kapitalis.com\/tunisie\/\",\"name\":\"Kapitalis\",\"description\":\"L&#039;actualit\u00e9 en Tunisie et dans le monde\",\"publisher\":{\"@id\":\"https:\/\/kapitalis.com\/tunisie\/#organization\"},\"potentialAction\":[{\"@type\":\"SearchAction\",\"target\":{\"@type\":\"EntryPoint\",\"urlTemplate\":\"https:\/\/kapitalis.com\/tunisie\/?s={search_term_string}\"},\"query-input\":{\"@type\":\"PropertyValueSpecification\",\"valueRequired\":true,\"valueName\":\"search_term_string\"}}],\"inLanguage\":\"fr-FR\"},{\"@type\":\"Organization\",\"@id\":\"https:\/\/kapitalis.com\/tunisie\/#organization\",\"name\":\"Kapitalis\",\"url\":\"https:\/\/kapitalis.com\/tunisie\/\",\"logo\":{\"@type\":\"ImageObject\",\"inLanguage\":\"fr-FR\",\"@id\":\"https:\/\/kapitalis.com\/tunisie\/#\/schema\/logo\/image\/\",\"url\":\"https:\/\/kapitalis.com\/tunisie\/wp-content\/uploads\/2022\/05\/Kapitalis-big-size.png\",\"contentUrl\":\"https:\/\/kapitalis.com\/tunisie\/wp-content\/uploads\/2022\/05\/Kapitalis-big-size.png\",\"width\":5000,\"height\":1500,\"caption\":\"Kapitalis\"},\"image\":{\"@id\":\"https:\/\/kapitalis.com\/tunisie\/#\/schema\/logo\/image\/\"},\"sameAs\":[\"https:\/\/www.facebook.com\/KapitalisInfo\/\",\"https:\/\/x.com\/KapitalisInfo\",\"https:\/\/www.youtube.com\/channel\/UC-yDYrHyfFBWWZaOw3FPg9Q\"]},{\"@type\":\"Person\",\"@id\":\"https:\/\/kapitalis.com\/tunisie\/#\/schema\/person\/74bbde0154d49d790a92aaeac5bc01d5\",\"name\":\"Yusra NY\",\"url\":\"https:\/\/kapitalis.com\/tunisie\/author\/yuza_adam\/\"}]}<\/script>\n<!-- \/ Yoast SEO plugin. -->","yoast_head_json":{"title":"Moknine : Une fillette viol\u00e9e, depuis d\u00e9cembre, par un \u00abbarbu tatou\u00e9\u00bb - Kapitalis","robots":{"index":"index","follow":"follow","max-snippet":"max-snippet:-1","max-image-preview":"max-image-preview:large","max-video-preview":"max-video-preview:-1"},"canonical":"https:\/\/kapitalis.com\/tunisie\/2019\/02\/06\/moknine-une-fillette-violee-depuis-decembre-par-un-barbu-tatoue\/","og_locale":"fr_FR","og_type":"article","og_title":"Moknine : Une fillette viol\u00e9e, depuis d\u00e9cembre, par un \u00abbarbu tatou\u00e9\u00bb - Kapitalis","og_description":"La police a arr\u00eat\u00e9 hier, mardi 5 f\u00e9vrier 2019, \u00e0 Moknine (Monastir), un individu suspect\u00e9 de viols r\u00e9p\u00e9titifs, depuis d\u00e9cembre dernier, d\u2019une fillette de 12 ans. Il a \u00e9t\u00e9 reconnu gr\u00e2ce \u00e0 sa barbe et un tatouage que la fille a remarqu\u00e9s lors des agressions.","og_url":"https:\/\/kapitalis.com\/tunisie\/2019\/02\/06\/moknine-une-fillette-violee-depuis-decembre-par-un-barbu-tatoue\/","og_site_name":"Kapitalis","article_publisher":"https:\/\/www.facebook.com\/KapitalisInfo\/","article_published_time":"2019-02-06T11:11:09+00:00","article_modified_time":"2019-02-06T11:13:29+00:00","og_image":[{"width":1200,"height":630,"url":"https:\/\/kapitalis.com\/tunisie\/wp-content\/uploads\/2022\/05\/kapitalis-logo-fb.png","type":"image\/png"}],"author":"Yusra NY","twitter_card":"summary_large_image","twitter_creator":"@KapitalisInfo","twitter_site":"@KapitalisInfo","twitter_misc":{"\u00c9crit par":"Yusra NY","Dur\u00e9e de lecture estim\u00e9e":"1 minute"},"schema":{"@context":"https:\/\/schema.org","@graph":[{"@type":"Article","@id":"https:\/\/kapitalis.com\/tunisie\/2019\/02\/06\/moknine-une-fillette-violee-depuis-decembre-par-un-barbu-tatoue\/#article","isPartOf":{"@id":"https:\/\/kapitalis.com\/tunisie\/2019\/02\/06\/moknine-une-fillette-violee-depuis-decembre-par-un-barbu-tatoue\/"},"author":{"name":"Yusra NY","@id":"https:\/\/kapitalis.com\/tunisie\/#\/schema\/person\/74bbde0154d49d790a92aaeac5bc01d5"},"headline":"Moknine : Une fillette viol\u00e9e, depuis d\u00e9cembre, par un \u00abbarbu tatou\u00e9\u00bb","datePublished":"2019-02-06T11:11:09+00:00","dateModified":"2019-02-06T11:13:29+00:00","mainEntityOfPage":{"@id":"https:\/\/kapitalis.com\/tunisie\/2019\/02\/06\/moknine-une-fillette-violee-depuis-decembre-par-un-barbu-tatoue\/"},"wordCount":200,"commentCount":2,"publisher":{"@id":"https:\/\/kapitalis.com\/tunisie\/#organization"},"keywords":["Moknine","Monastir","Teboulba","viol"],"articleSection":["SOCIETE","Tunisie"],"inLanguage":"fr-FR","potentialAction":[{"@type":"CommentAction","name":"Comment","target":["https:\/\/kapitalis.com\/tunisie\/2019\/02\/06\/moknine-une-fillette-violee-depuis-decembre-par-un-barbu-tatoue\/#respond"]}]},{"@type":"WebPage","@id":"https:\/\/kapitalis.com\/tunisie\/2019\/02\/06\/moknine-une-fillette-violee-depuis-decembre-par-un-barbu-tatoue\/","url":"https:\/\/kapitalis.com\/tunisie\/2019\/02\/06\/moknine-une-fillette-violee-depuis-decembre-par-un-barbu-tatoue\/","name":"Moknine : Une fillette viol\u00e9e, depuis d\u00e9cembre, par un \u00abbarbu tatou\u00e9\u00bb - Kapitalis","isPartOf":{"@id":"https:\/\/kapitalis.com\/tunisie\/#website"},"datePublished":"2019-02-06T11:11:09+00:00","dateModified":"2019-02-06T11:13:29+00:00","breadcrumb":{"@id":"https:\/\/kapitalis.com\/tunisie\/2019\/02\/06\/moknine-une-fillette-violee-depuis-decembre-par-un-barbu-tatoue\/#breadcrumb"},"inLanguage":"fr-FR","potentialAction":[{"@type":"ReadAction","target":["https:\/\/kapitalis.com\/tunisie\/2019\/02\/06\/moknine-une-fillette-violee-depuis-decembre-par-un-barbu-tatoue\/"]}]},{"@type":"BreadcrumbList","@id":"https:\/\/kapitalis.com\/tunisie\/2019\/02\/06\/moknine-une-fillette-violee-depuis-decembre-par-un-barbu-tatoue\/#breadcrumb","itemListElement":[{"@type":"ListItem","position":1,"name":"Accueil","item":"https:\/\/kapitalis.com\/tunisie\/"},{"@type":"ListItem","position":2,"name":"Moknine : Une fillette viol\u00e9e, depuis d\u00e9cembre, par un \u00abbarbu tatou\u00e9\u00bb"}]},{"@type":"WebSite","@id":"https:\/\/kapitalis.com\/tunisie\/#website","url":"https:\/\/kapitalis.com\/tunisie\/","name":"Kapitalis","description":"L&#039;actualit\u00e9 en Tunisie et dans le monde","publisher":{"@id":"https:\/\/kapitalis.com\/tunisie\/#organization"},"potentialAction":[{"@type":"SearchAction","target":{"@type":"EntryPoint","urlTemplate":"https:\/\/kapitalis.com\/tunisie\/?s={search_term_string}"},"query-input":{"@type":"PropertyValueSpecification","valueRequired":true,"valueName":"search_term_string"}}],"inLanguage":"fr-FR"},{"@type":"Organization","@id":"https:\/\/kapitalis.com\/tunisie\/#organization","name":"Kapitalis","url":"https:\/\/kapitalis.com\/tunisie\/","logo":{"@type":"ImageObject","inLanguage":"fr-FR","@id":"https:\/\/kapitalis.com\/tunisie\/#\/schema\/logo\/image\/","url":"https:\/\/kapitalis.com\/tunisie\/wp-content\/uploads\/2022\/05\/Kapitalis-big-size.png","contentUrl":"https:\/\/kapitalis.com\/tunisie\/wp-content\/uploads\/2022\/05\/Kapitalis-big-size.png","width":5000,"height":1500,"caption":"Kapitalis"},"image":{"@id":"https:\/\/kapitalis.com\/tunisie\/#\/schema\/logo\/image\/"},"sameAs":["https:\/\/www.facebook.com\/KapitalisInfo\/","https:\/\/x.com\/KapitalisInfo","https:\/\/www.youtube.com\/channel\/UC-yDYrHyfFBWWZaOw3FPg9Q"]},{"@type":"Person","@id":"https:\/\/kapitalis.com\/tunisie\/#\/schema\/person\/74bbde0154d49d790a92aaeac5bc01d5","name":"Yusra NY","url":"https:\/\/kapitalis.com\/tunisie\/author\/yuza_adam\/"}]}},"_links":{"self":[{"href":"https:\/\/kapitalis.com\/tunisie\/wp-json\/wp\/v2\/posts\/196805","targetHints":{"allow":["GET"]}}],"collection":[{"href":"https:\/\/kapitalis.com\/tunisie\/wp-json\/wp\/v2\/posts"}],"about":[{"href":"https:\/\/kapitalis.com\/tunisie\/wp-json\/wp\/v2\/types\/post"}],"author":[{"embeddable":true,"href":"https:\/\/kapitalis.com\/tunisie\/wp-json\/wp\/v2\/users\/6"}],"replies":[{"embeddable":true,"href":"https:\/\/kapitalis.com\/tunisie\/wp-json\/wp\/v2\/comments?post=196805"}],"version-history":[{"count":0,"href":"https:\/\/kapitalis.com\/tunisie\/wp-json\/wp\/v2\/posts\/196805\/revisions"}],"wp:attachment":[{"href":"https:\/\/kapitalis.com\/tunisie\/wp-json\/wp\/v2\/media?parent=196805"}],"wp:term":[{"taxonomy":"category","embeddable":true,"href":"https:\/\/kapitalis.com\/tunisie\/wp-json\/wp\/v2\/categories?post=196805"},{"taxonomy":"post_tag","embeddable":true,"href":"https:\/\/kapitalis.com\/tunisie\/wp-json\/wp\/v2\/tags?post=196805"}],"curies":[{"name":"wp","href":"https:\/\/api.w.org\/{rel}","templated":true}]}}