{"id":197077,"date":"2019-02-07T16:35:10","date_gmt":"2019-02-07T15:35:10","guid":{"rendered":"http:\/\/kapitalis.com\/tunisie\/?p=197077"},"modified":"2019-02-07T16:52:13","modified_gmt":"2019-02-07T15:52:13","slug":"le-combat-de-booba-et-kaaris-se-deroulera-en-tunisie","status":"publish","type":"post","link":"https:\/\/kapitalis.com\/tunisie\/2019\/02\/07\/le-combat-de-booba-et-kaaris-se-deroulera-en-tunisie\/","title":{"rendered":"Le combat de Booba et Kaaris se d\u00e9roulera en Tunisie !"},"content":{"rendered":"<p style=\"text-align: center;\"><img loading=\"lazy\" decoding=\"async\" class=\"alignnone size-full wp-image-197078\" src=\"http:\/\/kapitalis.com\/tunisie\/wp-content\/uploads\/2019\/02\/Booba-Kaaris.jpg\" alt=\"\" width=\"626\" height=\"380\" \/><\/p>\n<p><em><strong>Les rappeurs fran\u00e7ais Booba et Kaaris ont d\u00e9cid\u00e9 de r\u00e9gler leurs comptes en Tunisie, par un combat libre, sous les r\u00e8gles des arts martiaux mixtes (MMA).<\/strong><\/em><!--more--><\/p>\n<p>Depuis leur bagarre, en ao\u00fbt dernier, \u00e0 l\u2019a\u00e9roport d\u2019Orly, en France, les deux rappeurs, qui ne cessent de se provoquer, avait planifi\u00e9 un combat qui devait \u00a0se tenir \u00e0 Bruxelles en avril dernier, mais qui a finalement \u00e9t\u00e9 annul\u00e9.<\/p>\n<p>Kaaris a annonc\u00e9 hier, mercredi 6 f\u00e9vrier 2019, sur RMC, que le combat libre est maintenu et se d\u00e9roulera en juin prochain, Tunisie <em>\u00aben terrain neutre\u00bb<\/em>, a-t-il dit, ajoutant\u00a0: <em>\u00abTous les coups ne seront pas permis: en MMA, on n\u2019a pas le droit de mettre les doigts dans les yeux, de tirer les oreilles par exemple\u00bb\u2026<\/em><\/p>\n<p>Le rappeur a sign\u00e9 un document pour l\u2019autorisation de ce combat au pays du jasmin et Booba recevra une copie, qu\u2019il devra \u00e9galement signer pour que le combat puisse avoir lieu.<\/p>\n<p>Kaaris se dit d\u00e9sol\u00e9 pour la bagarre qui a eu lieu l\u2019\u00e9t\u00e9 dernier \u00e0 Orly en affirmant qu\u2019il n\u2019a fait que se d\u00e9fendre de son agression par Booba et ajoute que l\u2019id\u00e9e du combat n\u2019est pas la sienne, mais celle de son rival et qu\u2019il n\u2019a fait qu\u2019accepter le d\u00e9fi.<\/p>\n<div class=\"embed\">\n<div class=\"video\">\n<iframe loading=\"lazy\" allowfullscreen=\"\" src=\"https:\/\/embed.koreus.com\/00071\/201808\/booba-vs-kaaris-orly-hd.mp4\" scrolling=\"no\" width=\"100%\" height=\"100%\" frameborder=\"0\"><\/iframe>\n<\/div>\n<\/div>\n<p>&nbsp;<\/p>\n<p style=\"text-align: right;\"><strong>Y. N.<\/strong><\/p>\n","protected":false},"excerpt":{"rendered":"<p>Les rappeurs fran\u00e7ais Booba et Kaaris ont d\u00e9cid\u00e9 de r\u00e9gler leurs comptes en Tunisie, par un combat libre, sous les r\u00e8gles des arts martiaux mixtes (MMA).<\/p>\n","protected":false},"author":6,"featured_media":197078,"comment_status":"open","ping_status":"open","sticky":false,"template":"","format":"standard","meta":{"footnotes":""},"categories":[994,998,2433],"tags":[138,395],"class_list":["post-197077","post","type-post","status-publish","format-standard","has-post-thumbnail","hentry","category-culture","category-societe","category-tunisie","tag-belgique","tag-france"],"yoast_head":"<!-- This site is optimized with the Yoast SEO plugin v26.6 - https:\/\/yoast.com\/wordpress\/plugins\/seo\/ -->\n<title>Le combat de Booba et Kaaris se d\u00e9roulera en Tunisie ! - Kapitalis<\/title>\n<meta name=\"robots\" content=\"index, follow, max-snippet:-1, max-image-preview:large, max-video-preview:-1\" \/>\n<link rel=\"canonical\" href=\"https:\/\/kapitalis.com\/tunisie\/2019\/02\/07\/le-combat-de-booba-et-kaaris-se-deroulera-en-tunisie\/\" \/>\n<meta property=\"og:locale\" content=\"fr_FR\" \/>\n<meta property=\"og:type\" content=\"article\" \/>\n<meta property=\"og:title\" content=\"Le combat de Booba et Kaaris se d\u00e9roulera en Tunisie ! - Kapitalis\" \/>\n<meta property=\"og:description\" content=\"Les rappeurs fran\u00e7ais Booba et Kaaris ont d\u00e9cid\u00e9 de r\u00e9gler leurs comptes en Tunisie, par un combat libre, sous les r\u00e8gles des arts martiaux mixtes (MMA).\" \/>\n<meta property=\"og:url\" content=\"https:\/\/kapitalis.com\/tunisie\/2019\/02\/07\/le-combat-de-booba-et-kaaris-se-deroulera-en-tunisie\/\" \/>\n<meta property=\"og:site_name\" content=\"Kapitalis\" \/>\n<meta property=\"article:publisher\" content=\"https:\/\/www.facebook.com\/KapitalisInfo\/\" \/>\n<meta property=\"article:published_time\" content=\"2019-02-07T15:35:10+00:00\" \/>\n<meta property=\"article:modified_time\" content=\"2019-02-07T15:52:13+00:00\" \/>\n<meta property=\"og:image\" content=\"https:\/\/kapitalis.com\/tunisie\/wp-content\/uploads\/2022\/05\/kapitalis-logo-fb.png\" \/>\n\t<meta property=\"og:image:width\" content=\"1200\" \/>\n\t<meta property=\"og:image:height\" content=\"630\" \/>\n\t<meta property=\"og:image:type\" content=\"image\/png\" \/>\n<meta name=\"author\" content=\"Yusra NY\" \/>\n<meta name=\"twitter:card\" content=\"summary_large_image\" \/>\n<meta name=\"twitter:creator\" content=\"@KapitalisInfo\" \/>\n<meta name=\"twitter:site\" content=\"@KapitalisInfo\" \/>\n<meta name=\"twitter:label1\" content=\"\u00c9crit par\" \/>\n\t<meta name=\"twitter:data1\" content=\"Yusra NY\" \/>\n\t<meta name=\"twitter:label2\" content=\"Dur\u00e9e de lecture estim\u00e9e\" \/>\n\t<meta name=\"twitter:data2\" content=\"1 minute\" \/>\n<script type=\"application\/ld+json\" class=\"yoast-schema-graph\">{\"@context\":\"https:\/\/schema.org\",\"@graph\":[{\"@type\":\"Article\",\"@id\":\"https:\/\/kapitalis.com\/tunisie\/2019\/02\/07\/le-combat-de-booba-et-kaaris-se-deroulera-en-tunisie\/#article\",\"isPartOf\":{\"@id\":\"https:\/\/kapitalis.com\/tunisie\/2019\/02\/07\/le-combat-de-booba-et-kaaris-se-deroulera-en-tunisie\/\"},\"author\":{\"name\":\"Yusra NY\",\"@id\":\"https:\/\/kapitalis.com\/tunisie\/#\/schema\/person\/74bbde0154d49d790a92aaeac5bc01d5\"},\"headline\":\"Le combat de Booba et Kaaris se d\u00e9roulera en Tunisie !\",\"datePublished\":\"2019-02-07T15:35:10+00:00\",\"dateModified\":\"2019-02-07T15:52:13+00:00\",\"mainEntityOfPage\":{\"@id\":\"https:\/\/kapitalis.com\/tunisie\/2019\/02\/07\/le-combat-de-booba-et-kaaris-se-deroulera-en-tunisie\/\"},\"wordCount\":236,\"commentCount\":5,\"publisher\":{\"@id\":\"https:\/\/kapitalis.com\/tunisie\/#organization\"},\"image\":{\"@id\":\"https:\/\/kapitalis.com\/tunisie\/2019\/02\/07\/le-combat-de-booba-et-kaaris-se-deroulera-en-tunisie\/#primaryimage\"},\"thumbnailUrl\":\"\",\"keywords\":[\"Belgique\",\"France\"],\"articleSection\":[\"CULTURE\",\"SOCIETE\",\"Tunisie\"],\"inLanguage\":\"fr-FR\",\"potentialAction\":[{\"@type\":\"CommentAction\",\"name\":\"Comment\",\"target\":[\"https:\/\/kapitalis.com\/tunisie\/2019\/02\/07\/le-combat-de-booba-et-kaaris-se-deroulera-en-tunisie\/#respond\"]}]},{\"@type\":\"WebPage\",\"@id\":\"https:\/\/kapitalis.com\/tunisie\/2019\/02\/07\/le-combat-de-booba-et-kaaris-se-deroulera-en-tunisie\/\",\"url\":\"https:\/\/kapitalis.com\/tunisie\/2019\/02\/07\/le-combat-de-booba-et-kaaris-se-deroulera-en-tunisie\/\",\"name\":\"Le combat de Booba et Kaaris se d\u00e9roulera en Tunisie ! - Kapitalis\",\"isPartOf\":{\"@id\":\"https:\/\/kapitalis.com\/tunisie\/#website\"},\"primaryImageOfPage\":{\"@id\":\"https:\/\/kapitalis.com\/tunisie\/2019\/02\/07\/le-combat-de-booba-et-kaaris-se-deroulera-en-tunisie\/#primaryimage\"},\"image\":{\"@id\":\"https:\/\/kapitalis.com\/tunisie\/2019\/02\/07\/le-combat-de-booba-et-kaaris-se-deroulera-en-tunisie\/#primaryimage\"},\"thumbnailUrl\":\"\",\"datePublished\":\"2019-02-07T15:35:10+00:00\",\"dateModified\":\"2019-02-07T15:52:13+00:00\",\"breadcrumb\":{\"@id\":\"https:\/\/kapitalis.com\/tunisie\/2019\/02\/07\/le-combat-de-booba-et-kaaris-se-deroulera-en-tunisie\/#breadcrumb\"},\"inLanguage\":\"fr-FR\",\"potentialAction\":[{\"@type\":\"ReadAction\",\"target\":[\"https:\/\/kapitalis.com\/tunisie\/2019\/02\/07\/le-combat-de-booba-et-kaaris-se-deroulera-en-tunisie\/\"]}]},{\"@type\":\"ImageObject\",\"inLanguage\":\"fr-FR\",\"@id\":\"https:\/\/kapitalis.com\/tunisie\/2019\/02\/07\/le-combat-de-booba-et-kaaris-se-deroulera-en-tunisie\/#primaryimage\",\"url\":\"\",\"contentUrl\":\"\"},{\"@type\":\"BreadcrumbList\",\"@id\":\"https:\/\/kapitalis.com\/tunisie\/2019\/02\/07\/le-combat-de-booba-et-kaaris-se-deroulera-en-tunisie\/#breadcrumb\",\"itemListElement\":[{\"@type\":\"ListItem\",\"position\":1,\"name\":\"Accueil\",\"item\":\"https:\/\/kapitalis.com\/tunisie\/\"},{\"@type\":\"ListItem\",\"position\":2,\"name\":\"Le combat de Booba et Kaaris se d\u00e9roulera en Tunisie !\"}]},{\"@type\":\"WebSite\",\"@id\":\"https:\/\/kapitalis.com\/tunisie\/#website\",\"url\":\"https:\/\/kapitalis.com\/tunisie\/\",\"name\":\"Kapitalis\",\"description\":\"L&#039;actualit\u00e9 en Tunisie et dans le monde\",\"publisher\":{\"@id\":\"https:\/\/kapitalis.com\/tunisie\/#organization\"},\"potentialAction\":[{\"@type\":\"SearchAction\",\"target\":{\"@type\":\"EntryPoint\",\"urlTemplate\":\"https:\/\/kapitalis.com\/tunisie\/?s={search_term_string}\"},\"query-input\":{\"@type\":\"PropertyValueSpecification\",\"valueRequired\":true,\"valueName\":\"search_term_string\"}}],\"inLanguage\":\"fr-FR\"},{\"@type\":\"Organization\",\"@id\":\"https:\/\/kapitalis.com\/tunisie\/#organization\",\"name\":\"Kapitalis\",\"url\":\"https:\/\/kapitalis.com\/tunisie\/\",\"logo\":{\"@type\":\"ImageObject\",\"inLanguage\":\"fr-FR\",\"@id\":\"https:\/\/kapitalis.com\/tunisie\/#\/schema\/logo\/image\/\",\"url\":\"https:\/\/kapitalis.com\/tunisie\/wp-content\/uploads\/2022\/05\/Kapitalis-big-size.png\",\"contentUrl\":\"https:\/\/kapitalis.com\/tunisie\/wp-content\/uploads\/2022\/05\/Kapitalis-big-size.png\",\"width\":5000,\"height\":1500,\"caption\":\"Kapitalis\"},\"image\":{\"@id\":\"https:\/\/kapitalis.com\/tunisie\/#\/schema\/logo\/image\/\"},\"sameAs\":[\"https:\/\/www.facebook.com\/KapitalisInfo\/\",\"https:\/\/x.com\/KapitalisInfo\",\"https:\/\/www.youtube.com\/channel\/UC-yDYrHyfFBWWZaOw3FPg9Q\"]},{\"@type\":\"Person\",\"@id\":\"https:\/\/kapitalis.com\/tunisie\/#\/schema\/person\/74bbde0154d49d790a92aaeac5bc01d5\",\"name\":\"Yusra NY\",\"url\":\"https:\/\/kapitalis.com\/tunisie\/author\/yuza_adam\/\"}]}<\/script>\n<!-- \/ Yoast SEO plugin. -->","yoast_head_json":{"title":"Le combat de Booba et Kaaris se d\u00e9roulera en Tunisie ! - Kapitalis","robots":{"index":"index","follow":"follow","max-snippet":"max-snippet:-1","max-image-preview":"max-image-preview:large","max-video-preview":"max-video-preview:-1"},"canonical":"https:\/\/kapitalis.com\/tunisie\/2019\/02\/07\/le-combat-de-booba-et-kaaris-se-deroulera-en-tunisie\/","og_locale":"fr_FR","og_type":"article","og_title":"Le combat de Booba et Kaaris se d\u00e9roulera en Tunisie ! - Kapitalis","og_description":"Les rappeurs fran\u00e7ais Booba et Kaaris ont d\u00e9cid\u00e9 de r\u00e9gler leurs comptes en Tunisie, par un combat libre, sous les r\u00e8gles des arts martiaux mixtes (MMA).","og_url":"https:\/\/kapitalis.com\/tunisie\/2019\/02\/07\/le-combat-de-booba-et-kaaris-se-deroulera-en-tunisie\/","og_site_name":"Kapitalis","article_publisher":"https:\/\/www.facebook.com\/KapitalisInfo\/","article_published_time":"2019-02-07T15:35:10+00:00","article_modified_time":"2019-02-07T15:52:13+00:00","og_image":[{"width":1200,"height":630,"url":"https:\/\/kapitalis.com\/tunisie\/wp-content\/uploads\/2022\/05\/kapitalis-logo-fb.png","type":"image\/png"}],"author":"Yusra NY","twitter_card":"summary_large_image","twitter_creator":"@KapitalisInfo","twitter_site":"@KapitalisInfo","twitter_misc":{"\u00c9crit par":"Yusra NY","Dur\u00e9e de lecture estim\u00e9e":"1 minute"},"schema":{"@context":"https:\/\/schema.org","@graph":[{"@type":"Article","@id":"https:\/\/kapitalis.com\/tunisie\/2019\/02\/07\/le-combat-de-booba-et-kaaris-se-deroulera-en-tunisie\/#article","isPartOf":{"@id":"https:\/\/kapitalis.com\/tunisie\/2019\/02\/07\/le-combat-de-booba-et-kaaris-se-deroulera-en-tunisie\/"},"author":{"name":"Yusra NY","@id":"https:\/\/kapitalis.com\/tunisie\/#\/schema\/person\/74bbde0154d49d790a92aaeac5bc01d5"},"headline":"Le combat de Booba et Kaaris se d\u00e9roulera en Tunisie !","datePublished":"2019-02-07T15:35:10+00:00","dateModified":"2019-02-07T15:52:13+00:00","mainEntityOfPage":{"@id":"https:\/\/kapitalis.com\/tunisie\/2019\/02\/07\/le-combat-de-booba-et-kaaris-se-deroulera-en-tunisie\/"},"wordCount":236,"commentCount":5,"publisher":{"@id":"https:\/\/kapitalis.com\/tunisie\/#organization"},"image":{"@id":"https:\/\/kapitalis.com\/tunisie\/2019\/02\/07\/le-combat-de-booba-et-kaaris-se-deroulera-en-tunisie\/#primaryimage"},"thumbnailUrl":"","keywords":["Belgique","France"],"articleSection":["CULTURE","SOCIETE","Tunisie"],"inLanguage":"fr-FR","potentialAction":[{"@type":"CommentAction","name":"Comment","target":["https:\/\/kapitalis.com\/tunisie\/2019\/02\/07\/le-combat-de-booba-et-kaaris-se-deroulera-en-tunisie\/#respond"]}]},{"@type":"WebPage","@id":"https:\/\/kapitalis.com\/tunisie\/2019\/02\/07\/le-combat-de-booba-et-kaaris-se-deroulera-en-tunisie\/","url":"https:\/\/kapitalis.com\/tunisie\/2019\/02\/07\/le-combat-de-booba-et-kaaris-se-deroulera-en-tunisie\/","name":"Le combat de Booba et Kaaris se d\u00e9roulera en Tunisie ! - Kapitalis","isPartOf":{"@id":"https:\/\/kapitalis.com\/tunisie\/#website"},"primaryImageOfPage":{"@id":"https:\/\/kapitalis.com\/tunisie\/2019\/02\/07\/le-combat-de-booba-et-kaaris-se-deroulera-en-tunisie\/#primaryimage"},"image":{"@id":"https:\/\/kapitalis.com\/tunisie\/2019\/02\/07\/le-combat-de-booba-et-kaaris-se-deroulera-en-tunisie\/#primaryimage"},"thumbnailUrl":"","datePublished":"2019-02-07T15:35:10+00:00","dateModified":"2019-02-07T15:52:13+00:00","breadcrumb":{"@id":"https:\/\/kapitalis.com\/tunisie\/2019\/02\/07\/le-combat-de-booba-et-kaaris-se-deroulera-en-tunisie\/#breadcrumb"},"inLanguage":"fr-FR","potentialAction":[{"@type":"ReadAction","target":["https:\/\/kapitalis.com\/tunisie\/2019\/02\/07\/le-combat-de-booba-et-kaaris-se-deroulera-en-tunisie\/"]}]},{"@type":"ImageObject","inLanguage":"fr-FR","@id":"https:\/\/kapitalis.com\/tunisie\/2019\/02\/07\/le-combat-de-booba-et-kaaris-se-deroulera-en-tunisie\/#primaryimage","url":"","contentUrl":""},{"@type":"BreadcrumbList","@id":"https:\/\/kapitalis.com\/tunisie\/2019\/02\/07\/le-combat-de-booba-et-kaaris-se-deroulera-en-tunisie\/#breadcrumb","itemListElement":[{"@type":"ListItem","position":1,"name":"Accueil","item":"https:\/\/kapitalis.com\/tunisie\/"},{"@type":"ListItem","position":2,"name":"Le combat de Booba et Kaaris se d\u00e9roulera en Tunisie !"}]},{"@type":"WebSite","@id":"https:\/\/kapitalis.com\/tunisie\/#website","url":"https:\/\/kapitalis.com\/tunisie\/","name":"Kapitalis","description":"L&#039;actualit\u00e9 en Tunisie et dans le monde","publisher":{"@id":"https:\/\/kapitalis.com\/tunisie\/#organization"},"potentialAction":[{"@type":"SearchAction","target":{"@type":"EntryPoint","urlTemplate":"https:\/\/kapitalis.com\/tunisie\/?s={search_term_string}"},"query-input":{"@type":"PropertyValueSpecification","valueRequired":true,"valueName":"search_term_string"}}],"inLanguage":"fr-FR"},{"@type":"Organization","@id":"https:\/\/kapitalis.com\/tunisie\/#organization","name":"Kapitalis","url":"https:\/\/kapitalis.com\/tunisie\/","logo":{"@type":"ImageObject","inLanguage":"fr-FR","@id":"https:\/\/kapitalis.com\/tunisie\/#\/schema\/logo\/image\/","url":"https:\/\/kapitalis.com\/tunisie\/wp-content\/uploads\/2022\/05\/Kapitalis-big-size.png","contentUrl":"https:\/\/kapitalis.com\/tunisie\/wp-content\/uploads\/2022\/05\/Kapitalis-big-size.png","width":5000,"height":1500,"caption":"Kapitalis"},"image":{"@id":"https:\/\/kapitalis.com\/tunisie\/#\/schema\/logo\/image\/"},"sameAs":["https:\/\/www.facebook.com\/KapitalisInfo\/","https:\/\/x.com\/KapitalisInfo","https:\/\/www.youtube.com\/channel\/UC-yDYrHyfFBWWZaOw3FPg9Q"]},{"@type":"Person","@id":"https:\/\/kapitalis.com\/tunisie\/#\/schema\/person\/74bbde0154d49d790a92aaeac5bc01d5","name":"Yusra NY","url":"https:\/\/kapitalis.com\/tunisie\/author\/yuza_adam\/"}]}},"_links":{"self":[{"href":"https:\/\/kapitalis.com\/tunisie\/wp-json\/wp\/v2\/posts\/197077","targetHints":{"allow":["GET"]}}],"collection":[{"href":"https:\/\/kapitalis.com\/tunisie\/wp-json\/wp\/v2\/posts"}],"about":[{"href":"https:\/\/kapitalis.com\/tunisie\/wp-json\/wp\/v2\/types\/post"}],"author":[{"embeddable":true,"href":"https:\/\/kapitalis.com\/tunisie\/wp-json\/wp\/v2\/users\/6"}],"replies":[{"embeddable":true,"href":"https:\/\/kapitalis.com\/tunisie\/wp-json\/wp\/v2\/comments?post=197077"}],"version-history":[{"count":0,"href":"https:\/\/kapitalis.com\/tunisie\/wp-json\/wp\/v2\/posts\/197077\/revisions"}],"wp:featuredmedia":[{"embeddable":true,"href":"https:\/\/kapitalis.com\/tunisie\/wp-json\/wp\/v2\/media\/197078"}],"wp:attachment":[{"href":"https:\/\/kapitalis.com\/tunisie\/wp-json\/wp\/v2\/media?parent=197077"}],"wp:term":[{"taxonomy":"category","embeddable":true,"href":"https:\/\/kapitalis.com\/tunisie\/wp-json\/wp\/v2\/categories?post=197077"},{"taxonomy":"post_tag","embeddable":true,"href":"https:\/\/kapitalis.com\/tunisie\/wp-json\/wp\/v2\/tags?post=197077"}],"curies":[{"name":"wp","href":"https:\/\/api.w.org\/{rel}","templated":true}]}}