{"id":197153,"date":"2019-02-08T11:47:32","date_gmt":"2019-02-08T10:47:32","guid":{"rendered":"http:\/\/kapitalis.com\/tunisie\/?p=197153"},"modified":"2019-02-08T11:51:45","modified_gmt":"2019-02-08T10:51:45","slug":"korchid-toutes-les-associations-suspectes-devraient-etre-fermees","status":"publish","type":"post","link":"https:\/\/kapitalis.com\/tunisie\/2019\/02\/08\/korchid-toutes-les-associations-suspectes-devraient-etre-fermees\/","title":{"rendered":"Korchid : Toutes les associations suspectes devraient \u00eatre ferm\u00e9es"},"content":{"rendered":"<p style=\"text-align: center;\"><img loading=\"lazy\" decoding=\"async\" class=\"alignnone size-full wp-image-89049\" src=\"http:\/\/kapitalis.com\/tunisie\/wp-content\/uploads\/2017\/03\/mabroukkorchid.jpg\" alt=\"\" width=\"626\" height=\"380\" \/><\/p>\n<p><em><strong>\u00abSi j&rsquo;avais le pouvoir de d\u00e9cision, j&rsquo;aurais ferm\u00e9 toutes les associations dites caritatives ou coraniques suspectes<\/strong><\/em><em><strong>\u00bb, a d\u00e9clar\u00e9\u00a0<\/strong><strong>Mabrouk Korchid, ancien ministre des Domaines de l&rsquo;Etat et des Affaires fonci\u00e8res.<\/strong><\/em><!--more--><\/p>\n<p>De passage \u00e0 l&rsquo;\u00e9mission\u00a0\u00bb<em>Tounes Al-Yawm<\/em>\u00a0\u00bb diffus\u00e9e sur El-Hiwar Ettounsi, hier soir, jeudi 7 f\u00e9vrier 2019, M. Korchid a indiqu\u00e9 que certains centres coraniques endoctrinent les enfants, les d\u00e9truisent psychologiquement et les pr\u00e9parent \u00e0 commettre des actes terroristes dans le pays.<\/p>\n<p>\u00ab<em>Le d\u00e9cret-loi relatif aux associations a \u00e9t\u00e9 mis en place \u00e0 la h\u00e2te en 2011 alors que l&rsquo;ancienne constitution \u00e9tait toujours en vigueur. Il devrait donc \u00eatre r\u00e9vis\u00e9 au plus vite. A cause de ce d\u00e9cret-loi,\u00a0qui laisse la porte ouverte \u00e0 toutes les interpr\u00e9tations,\u00a0<\/em><em>de tels centres coraniques et associations suspectes ont \u00e9t\u00e9 cr\u00e9\u00e9s. Lorsque l&rsquo;Etat devient faible, et c&rsquo;est le cas aujourd&rsquo;hui de l&rsquo;Etat tunisien, ces associations prennent le dessus et font ce qu&rsquo;elles veulent<\/em>\u00bb, a-t-il d\u00e9clar\u00e9, ajoutant :\u00a0\u00ab<em>Le pouvoir central devrait surveiller ces associations suspectes. Malheureusement, l&rsquo;Etat est faible. Et il est d\u00e9pass\u00e9\u00bb.<\/em><\/p>\n<div class=\"embed\">\n<div class=\"video\"><iframe loading=\"lazy\" style=\"border: none; overflow: hidden;\" src=\"https:\/\/www.facebook.com\/plugins\/video.php?href=https%3A%2F%2Fwww.facebook.com%2FEttounsiyaTV%2Fvideos%2F1973230272973376%2F&amp;show_text=0&amp;width=560\" width=\"560\" height=\"307\" frameborder=\"0\" scrolling=\"no\" allowfullscreen=\"allowfullscreen\"><\/iframe><\/div>\n<\/div>\n<p>L&rsquo;ancien ministre a, par ailleurs, estim\u00e9 que l&rsquo;actuel syst\u00e8me politique a beaucoup nui au pays, en diluant les responsabilit\u00e9s et en \u00e9parpillant les centres de d\u00e9cision,\u00a0ajoutant que s&rsquo;il avait, lui-m\u00eame, le pouvoir de d\u00e9cision, il aurait donn\u00e9 l&rsquo;ordre de fermer toutes les associations suspectes.<\/p>\n<p>\u00ab<em>Si cette d\u00e9cision ne plait pas aux membres de ces associations, ils pourront toujours en faire appel aupr\u00e8s du tribunal administratif. Seule une d\u00e9cision judiciaire pourrait permettre leur r\u00e9ouverture<\/em><em>\u00bb<\/em>, a-t-il d\u00e9clar\u00e9. On aura entre-temps proc\u00e9d\u00e9 aux v\u00e9rifications n\u00e9cessaires.<\/p>\n<p style=\"text-align: right;\"><strong>E. B. A.<\/strong><\/p>\n<blockquote class=\"wp-embedded-content\" data-secret=\"ytdYlNKWBa\"><p><a href=\"https:\/\/kapitalis.com\/tunisie\/2019\/02\/05\/korchid-un-fonctionnaire-cache-des-dossiers-sur-le-financement-suspect-des-associations\/\">Korchid : Un fonctionnaire cache des dossiers sur le financement suspect des associations<\/a><\/p><\/blockquote>\n<p><iframe loading=\"lazy\" class=\"wp-embedded-content\" sandbox=\"allow-scripts\" security=\"restricted\" style=\"position: absolute; clip: rect(1px, 1px, 1px, 1px);\" title=\"\u00ab\u00a0Korchid : Un fonctionnaire cache des dossiers sur le financement suspect des associations\u00a0\u00bb &#8212; Kapitalis\" src=\"https:\/\/kapitalis.com\/tunisie\/2019\/02\/05\/korchid-un-fonctionnaire-cache-des-dossiers-sur-le-financement-suspect-des-associations\/embed\/#?secret=edwSmuIO5Z#?secret=ytdYlNKWBa\" data-secret=\"ytdYlNKWBa\" width=\"600\" height=\"338\" frameborder=\"0\" marginwidth=\"0\" marginheight=\"0\" scrolling=\"no\"><\/iframe><\/p>\n","protected":false},"excerpt":{"rendered":"<p>\u00abSi j&rsquo;avais le pouvoir de d\u00e9cision, j&rsquo;aurais ferm\u00e9 toutes les associations dites caritatives ou coraniques suspectes\u00bb, a d\u00e9clar\u00e9\u00a0Mabrouk Korchid, ancien ministre des Domaines de l&rsquo;Etat et des Affaires fonci\u00e8res.<\/p>\n","protected":false},"author":16,"featured_media":0,"comment_status":"open","ping_status":"open","sticky":false,"template":"","format":"standard","meta":{"footnotes":""},"categories":[997,2433,4806],"tags":[96,23898,1772],"class_list":["post-197153","post","type-post","status-publish","format-standard","hentry","category-politique","category-tunisie","category-videos","tag-associations","tag-mabrouk-korchid","tag-tribunal-administratif"],"yoast_head":"<!-- This site is optimized with the Yoast SEO plugin v26.6 - https:\/\/yoast.com\/wordpress\/plugins\/seo\/ -->\n<title>Korchid : Toutes les associations suspectes devraient \u00eatre ferm\u00e9es - Kapitalis<\/title>\n<meta name=\"robots\" content=\"index, follow, max-snippet:-1, max-image-preview:large, max-video-preview:-1\" \/>\n<link rel=\"canonical\" href=\"https:\/\/kapitalis.com\/tunisie\/2019\/02\/08\/korchid-toutes-les-associations-suspectes-devraient-etre-fermees\/\" \/>\n<meta property=\"og:locale\" content=\"fr_FR\" \/>\n<meta property=\"og:type\" content=\"article\" \/>\n<meta property=\"og:title\" content=\"Korchid : Toutes les associations suspectes devraient \u00eatre ferm\u00e9es - Kapitalis\" \/>\n<meta property=\"og:description\" content=\"\u00abSi j&rsquo;avais le pouvoir de d\u00e9cision, j&rsquo;aurais ferm\u00e9 toutes les associations dites caritatives ou coraniques suspectes\u00bb, a d\u00e9clar\u00e9\u00a0Mabrouk Korchid, ancien ministre des Domaines de l&rsquo;Etat et des Affaires fonci\u00e8res.\" \/>\n<meta property=\"og:url\" content=\"https:\/\/kapitalis.com\/tunisie\/2019\/02\/08\/korchid-toutes-les-associations-suspectes-devraient-etre-fermees\/\" \/>\n<meta property=\"og:site_name\" content=\"Kapitalis\" \/>\n<meta property=\"article:publisher\" content=\"https:\/\/www.facebook.com\/KapitalisInfo\/\" \/>\n<meta property=\"article:published_time\" content=\"2019-02-08T10:47:32+00:00\" \/>\n<meta property=\"article:modified_time\" content=\"2019-02-08T10:51:45+00:00\" \/>\n<meta property=\"og:image\" content=\"http:\/\/kapitalis.com\/tunisie\/wp-content\/uploads\/2017\/03\/mabroukkorchid.jpg\" \/>\n<meta name=\"author\" content=\"emna benabdallah\" \/>\n<meta name=\"twitter:card\" content=\"summary_large_image\" \/>\n<meta name=\"twitter:creator\" content=\"@KapitalisInfo\" \/>\n<meta name=\"twitter:site\" content=\"@KapitalisInfo\" \/>\n<meta name=\"twitter:label1\" content=\"\u00c9crit par\" \/>\n\t<meta name=\"twitter:data1\" content=\"emna benabdallah\" \/>\n\t<meta name=\"twitter:label2\" content=\"Dur\u00e9e de lecture estim\u00e9e\" \/>\n\t<meta name=\"twitter:data2\" content=\"1 minute\" \/>\n<script type=\"application\/ld+json\" class=\"yoast-schema-graph\">{\"@context\":\"https:\/\/schema.org\",\"@graph\":[{\"@type\":\"Article\",\"@id\":\"https:\/\/kapitalis.com\/tunisie\/2019\/02\/08\/korchid-toutes-les-associations-suspectes-devraient-etre-fermees\/#article\",\"isPartOf\":{\"@id\":\"https:\/\/kapitalis.com\/tunisie\/2019\/02\/08\/korchid-toutes-les-associations-suspectes-devraient-etre-fermees\/\"},\"author\":{\"name\":\"emna benabdallah\",\"@id\":\"https:\/\/kapitalis.com\/tunisie\/#\/schema\/person\/2c6e134b2f3369dffcd1daf5f087d28b\"},\"headline\":\"Korchid : Toutes les associations suspectes devraient \u00eatre ferm\u00e9es\",\"datePublished\":\"2019-02-08T10:47:32+00:00\",\"dateModified\":\"2019-02-08T10:51:45+00:00\",\"mainEntityOfPage\":{\"@id\":\"https:\/\/kapitalis.com\/tunisie\/2019\/02\/08\/korchid-toutes-les-associations-suspectes-devraient-etre-fermees\/\"},\"wordCount\":289,\"commentCount\":0,\"publisher\":{\"@id\":\"https:\/\/kapitalis.com\/tunisie\/#organization\"},\"image\":{\"@id\":\"https:\/\/kapitalis.com\/tunisie\/2019\/02\/08\/korchid-toutes-les-associations-suspectes-devraient-etre-fermees\/#primaryimage\"},\"thumbnailUrl\":\"http:\/\/kapitalis.com\/tunisie\/wp-content\/uploads\/2017\/03\/mabroukkorchid.jpg\",\"keywords\":[\"Associations\",\"Mabrouk Korchid\",\"tribunal administratif\"],\"articleSection\":[\"POLITIQUE\",\"Tunisie\",\"VIDEOS\"],\"inLanguage\":\"fr-FR\",\"potentialAction\":[{\"@type\":\"CommentAction\",\"name\":\"Comment\",\"target\":[\"https:\/\/kapitalis.com\/tunisie\/2019\/02\/08\/korchid-toutes-les-associations-suspectes-devraient-etre-fermees\/#respond\"]}]},{\"@type\":\"WebPage\",\"@id\":\"https:\/\/kapitalis.com\/tunisie\/2019\/02\/08\/korchid-toutes-les-associations-suspectes-devraient-etre-fermees\/\",\"url\":\"https:\/\/kapitalis.com\/tunisie\/2019\/02\/08\/korchid-toutes-les-associations-suspectes-devraient-etre-fermees\/\",\"name\":\"Korchid : Toutes les associations suspectes devraient \u00eatre ferm\u00e9es - Kapitalis\",\"isPartOf\":{\"@id\":\"https:\/\/kapitalis.com\/tunisie\/#website\"},\"primaryImageOfPage\":{\"@id\":\"https:\/\/kapitalis.com\/tunisie\/2019\/02\/08\/korchid-toutes-les-associations-suspectes-devraient-etre-fermees\/#primaryimage\"},\"image\":{\"@id\":\"https:\/\/kapitalis.com\/tunisie\/2019\/02\/08\/korchid-toutes-les-associations-suspectes-devraient-etre-fermees\/#primaryimage\"},\"thumbnailUrl\":\"http:\/\/kapitalis.com\/tunisie\/wp-content\/uploads\/2017\/03\/mabroukkorchid.jpg\",\"datePublished\":\"2019-02-08T10:47:32+00:00\",\"dateModified\":\"2019-02-08T10:51:45+00:00\",\"breadcrumb\":{\"@id\":\"https:\/\/kapitalis.com\/tunisie\/2019\/02\/08\/korchid-toutes-les-associations-suspectes-devraient-etre-fermees\/#breadcrumb\"},\"inLanguage\":\"fr-FR\",\"potentialAction\":[{\"@type\":\"ReadAction\",\"target\":[\"https:\/\/kapitalis.com\/tunisie\/2019\/02\/08\/korchid-toutes-les-associations-suspectes-devraient-etre-fermees\/\"]}]},{\"@type\":\"ImageObject\",\"inLanguage\":\"fr-FR\",\"@id\":\"https:\/\/kapitalis.com\/tunisie\/2019\/02\/08\/korchid-toutes-les-associations-suspectes-devraient-etre-fermees\/#primaryimage\",\"url\":\"http:\/\/kapitalis.com\/tunisie\/wp-content\/uploads\/2017\/03\/mabroukkorchid.jpg\",\"contentUrl\":\"http:\/\/kapitalis.com\/tunisie\/wp-content\/uploads\/2017\/03\/mabroukkorchid.jpg\"},{\"@type\":\"BreadcrumbList\",\"@id\":\"https:\/\/kapitalis.com\/tunisie\/2019\/02\/08\/korchid-toutes-les-associations-suspectes-devraient-etre-fermees\/#breadcrumb\",\"itemListElement\":[{\"@type\":\"ListItem\",\"position\":1,\"name\":\"Accueil\",\"item\":\"https:\/\/kapitalis.com\/tunisie\/\"},{\"@type\":\"ListItem\",\"position\":2,\"name\":\"Korchid : Toutes les associations suspectes devraient \u00eatre ferm\u00e9es\"}]},{\"@type\":\"WebSite\",\"@id\":\"https:\/\/kapitalis.com\/tunisie\/#website\",\"url\":\"https:\/\/kapitalis.com\/tunisie\/\",\"name\":\"Kapitalis\",\"description\":\"L&#039;actualit\u00e9 en Tunisie et dans le monde\",\"publisher\":{\"@id\":\"https:\/\/kapitalis.com\/tunisie\/#organization\"},\"potentialAction\":[{\"@type\":\"SearchAction\",\"target\":{\"@type\":\"EntryPoint\",\"urlTemplate\":\"https:\/\/kapitalis.com\/tunisie\/?s={search_term_string}\"},\"query-input\":{\"@type\":\"PropertyValueSpecification\",\"valueRequired\":true,\"valueName\":\"search_term_string\"}}],\"inLanguage\":\"fr-FR\"},{\"@type\":\"Organization\",\"@id\":\"https:\/\/kapitalis.com\/tunisie\/#organization\",\"name\":\"Kapitalis\",\"url\":\"https:\/\/kapitalis.com\/tunisie\/\",\"logo\":{\"@type\":\"ImageObject\",\"inLanguage\":\"fr-FR\",\"@id\":\"https:\/\/kapitalis.com\/tunisie\/#\/schema\/logo\/image\/\",\"url\":\"https:\/\/kapitalis.com\/tunisie\/wp-content\/uploads\/2022\/05\/Kapitalis-big-size.png\",\"contentUrl\":\"https:\/\/kapitalis.com\/tunisie\/wp-content\/uploads\/2022\/05\/Kapitalis-big-size.png\",\"width\":5000,\"height\":1500,\"caption\":\"Kapitalis\"},\"image\":{\"@id\":\"https:\/\/kapitalis.com\/tunisie\/#\/schema\/logo\/image\/\"},\"sameAs\":[\"https:\/\/www.facebook.com\/KapitalisInfo\/\",\"https:\/\/x.com\/KapitalisInfo\",\"https:\/\/www.youtube.com\/channel\/UC-yDYrHyfFBWWZaOw3FPg9Q\"]},{\"@type\":\"Person\",\"@id\":\"https:\/\/kapitalis.com\/tunisie\/#\/schema\/person\/2c6e134b2f3369dffcd1daf5f087d28b\",\"name\":\"emna benabdallah\",\"url\":\"https:\/\/kapitalis.com\/tunisie\/author\/emna\/\"}]}<\/script>\n<!-- \/ Yoast SEO plugin. -->","yoast_head_json":{"title":"Korchid : Toutes les associations suspectes devraient \u00eatre ferm\u00e9es - Kapitalis","robots":{"index":"index","follow":"follow","max-snippet":"max-snippet:-1","max-image-preview":"max-image-preview:large","max-video-preview":"max-video-preview:-1"},"canonical":"https:\/\/kapitalis.com\/tunisie\/2019\/02\/08\/korchid-toutes-les-associations-suspectes-devraient-etre-fermees\/","og_locale":"fr_FR","og_type":"article","og_title":"Korchid : Toutes les associations suspectes devraient \u00eatre ferm\u00e9es - Kapitalis","og_description":"\u00abSi j&rsquo;avais le pouvoir de d\u00e9cision, j&rsquo;aurais ferm\u00e9 toutes les associations dites caritatives ou coraniques suspectes\u00bb, a d\u00e9clar\u00e9\u00a0Mabrouk Korchid, ancien ministre des Domaines de l&rsquo;Etat et des Affaires fonci\u00e8res.","og_url":"https:\/\/kapitalis.com\/tunisie\/2019\/02\/08\/korchid-toutes-les-associations-suspectes-devraient-etre-fermees\/","og_site_name":"Kapitalis","article_publisher":"https:\/\/www.facebook.com\/KapitalisInfo\/","article_published_time":"2019-02-08T10:47:32+00:00","article_modified_time":"2019-02-08T10:51:45+00:00","og_image":[{"url":"http:\/\/kapitalis.com\/tunisie\/wp-content\/uploads\/2017\/03\/mabroukkorchid.jpg","type":"","width":"","height":""}],"author":"emna benabdallah","twitter_card":"summary_large_image","twitter_creator":"@KapitalisInfo","twitter_site":"@KapitalisInfo","twitter_misc":{"\u00c9crit par":"emna benabdallah","Dur\u00e9e de lecture estim\u00e9e":"1 minute"},"schema":{"@context":"https:\/\/schema.org","@graph":[{"@type":"Article","@id":"https:\/\/kapitalis.com\/tunisie\/2019\/02\/08\/korchid-toutes-les-associations-suspectes-devraient-etre-fermees\/#article","isPartOf":{"@id":"https:\/\/kapitalis.com\/tunisie\/2019\/02\/08\/korchid-toutes-les-associations-suspectes-devraient-etre-fermees\/"},"author":{"name":"emna benabdallah","@id":"https:\/\/kapitalis.com\/tunisie\/#\/schema\/person\/2c6e134b2f3369dffcd1daf5f087d28b"},"headline":"Korchid : Toutes les associations suspectes devraient \u00eatre ferm\u00e9es","datePublished":"2019-02-08T10:47:32+00:00","dateModified":"2019-02-08T10:51:45+00:00","mainEntityOfPage":{"@id":"https:\/\/kapitalis.com\/tunisie\/2019\/02\/08\/korchid-toutes-les-associations-suspectes-devraient-etre-fermees\/"},"wordCount":289,"commentCount":0,"publisher":{"@id":"https:\/\/kapitalis.com\/tunisie\/#organization"},"image":{"@id":"https:\/\/kapitalis.com\/tunisie\/2019\/02\/08\/korchid-toutes-les-associations-suspectes-devraient-etre-fermees\/#primaryimage"},"thumbnailUrl":"http:\/\/kapitalis.com\/tunisie\/wp-content\/uploads\/2017\/03\/mabroukkorchid.jpg","keywords":["Associations","Mabrouk Korchid","tribunal administratif"],"articleSection":["POLITIQUE","Tunisie","VIDEOS"],"inLanguage":"fr-FR","potentialAction":[{"@type":"CommentAction","name":"Comment","target":["https:\/\/kapitalis.com\/tunisie\/2019\/02\/08\/korchid-toutes-les-associations-suspectes-devraient-etre-fermees\/#respond"]}]},{"@type":"WebPage","@id":"https:\/\/kapitalis.com\/tunisie\/2019\/02\/08\/korchid-toutes-les-associations-suspectes-devraient-etre-fermees\/","url":"https:\/\/kapitalis.com\/tunisie\/2019\/02\/08\/korchid-toutes-les-associations-suspectes-devraient-etre-fermees\/","name":"Korchid : Toutes les associations suspectes devraient \u00eatre ferm\u00e9es - Kapitalis","isPartOf":{"@id":"https:\/\/kapitalis.com\/tunisie\/#website"},"primaryImageOfPage":{"@id":"https:\/\/kapitalis.com\/tunisie\/2019\/02\/08\/korchid-toutes-les-associations-suspectes-devraient-etre-fermees\/#primaryimage"},"image":{"@id":"https:\/\/kapitalis.com\/tunisie\/2019\/02\/08\/korchid-toutes-les-associations-suspectes-devraient-etre-fermees\/#primaryimage"},"thumbnailUrl":"http:\/\/kapitalis.com\/tunisie\/wp-content\/uploads\/2017\/03\/mabroukkorchid.jpg","datePublished":"2019-02-08T10:47:32+00:00","dateModified":"2019-02-08T10:51:45+00:00","breadcrumb":{"@id":"https:\/\/kapitalis.com\/tunisie\/2019\/02\/08\/korchid-toutes-les-associations-suspectes-devraient-etre-fermees\/#breadcrumb"},"inLanguage":"fr-FR","potentialAction":[{"@type":"ReadAction","target":["https:\/\/kapitalis.com\/tunisie\/2019\/02\/08\/korchid-toutes-les-associations-suspectes-devraient-etre-fermees\/"]}]},{"@type":"ImageObject","inLanguage":"fr-FR","@id":"https:\/\/kapitalis.com\/tunisie\/2019\/02\/08\/korchid-toutes-les-associations-suspectes-devraient-etre-fermees\/#primaryimage","url":"http:\/\/kapitalis.com\/tunisie\/wp-content\/uploads\/2017\/03\/mabroukkorchid.jpg","contentUrl":"http:\/\/kapitalis.com\/tunisie\/wp-content\/uploads\/2017\/03\/mabroukkorchid.jpg"},{"@type":"BreadcrumbList","@id":"https:\/\/kapitalis.com\/tunisie\/2019\/02\/08\/korchid-toutes-les-associations-suspectes-devraient-etre-fermees\/#breadcrumb","itemListElement":[{"@type":"ListItem","position":1,"name":"Accueil","item":"https:\/\/kapitalis.com\/tunisie\/"},{"@type":"ListItem","position":2,"name":"Korchid : Toutes les associations suspectes devraient \u00eatre ferm\u00e9es"}]},{"@type":"WebSite","@id":"https:\/\/kapitalis.com\/tunisie\/#website","url":"https:\/\/kapitalis.com\/tunisie\/","name":"Kapitalis","description":"L&#039;actualit\u00e9 en Tunisie et dans le monde","publisher":{"@id":"https:\/\/kapitalis.com\/tunisie\/#organization"},"potentialAction":[{"@type":"SearchAction","target":{"@type":"EntryPoint","urlTemplate":"https:\/\/kapitalis.com\/tunisie\/?s={search_term_string}"},"query-input":{"@type":"PropertyValueSpecification","valueRequired":true,"valueName":"search_term_string"}}],"inLanguage":"fr-FR"},{"@type":"Organization","@id":"https:\/\/kapitalis.com\/tunisie\/#organization","name":"Kapitalis","url":"https:\/\/kapitalis.com\/tunisie\/","logo":{"@type":"ImageObject","inLanguage":"fr-FR","@id":"https:\/\/kapitalis.com\/tunisie\/#\/schema\/logo\/image\/","url":"https:\/\/kapitalis.com\/tunisie\/wp-content\/uploads\/2022\/05\/Kapitalis-big-size.png","contentUrl":"https:\/\/kapitalis.com\/tunisie\/wp-content\/uploads\/2022\/05\/Kapitalis-big-size.png","width":5000,"height":1500,"caption":"Kapitalis"},"image":{"@id":"https:\/\/kapitalis.com\/tunisie\/#\/schema\/logo\/image\/"},"sameAs":["https:\/\/www.facebook.com\/KapitalisInfo\/","https:\/\/x.com\/KapitalisInfo","https:\/\/www.youtube.com\/channel\/UC-yDYrHyfFBWWZaOw3FPg9Q"]},{"@type":"Person","@id":"https:\/\/kapitalis.com\/tunisie\/#\/schema\/person\/2c6e134b2f3369dffcd1daf5f087d28b","name":"emna benabdallah","url":"https:\/\/kapitalis.com\/tunisie\/author\/emna\/"}]}},"_links":{"self":[{"href":"https:\/\/kapitalis.com\/tunisie\/wp-json\/wp\/v2\/posts\/197153","targetHints":{"allow":["GET"]}}],"collection":[{"href":"https:\/\/kapitalis.com\/tunisie\/wp-json\/wp\/v2\/posts"}],"about":[{"href":"https:\/\/kapitalis.com\/tunisie\/wp-json\/wp\/v2\/types\/post"}],"author":[{"embeddable":true,"href":"https:\/\/kapitalis.com\/tunisie\/wp-json\/wp\/v2\/users\/16"}],"replies":[{"embeddable":true,"href":"https:\/\/kapitalis.com\/tunisie\/wp-json\/wp\/v2\/comments?post=197153"}],"version-history":[{"count":0,"href":"https:\/\/kapitalis.com\/tunisie\/wp-json\/wp\/v2\/posts\/197153\/revisions"}],"wp:attachment":[{"href":"https:\/\/kapitalis.com\/tunisie\/wp-json\/wp\/v2\/media?parent=197153"}],"wp:term":[{"taxonomy":"category","embeddable":true,"href":"https:\/\/kapitalis.com\/tunisie\/wp-json\/wp\/v2\/categories?post=197153"},{"taxonomy":"post_tag","embeddable":true,"href":"https:\/\/kapitalis.com\/tunisie\/wp-json\/wp\/v2\/tags?post=197153"}],"curies":[{"name":"wp","href":"https:\/\/api.w.org\/{rel}","templated":true}]}}