{"id":197292,"date":"2019-02-08T19:28:43","date_gmt":"2019-02-08T18:28:43","guid":{"rendered":"http:\/\/kapitalis.com\/tunisie\/?p=197292"},"modified":"2019-02-09T15:24:34","modified_gmt":"2019-02-09T14:24:34","slug":"mandat-de-depot-contre-chokri-el-ouaer","status":"publish","type":"post","link":"https:\/\/kapitalis.com\/tunisie\/2019\/02\/08\/mandat-de-depot-contre-chokri-el-ouaer\/","title":{"rendered":"Mandat de d\u00e9p\u00f4t contre l&rsquo;ancien international Chokri El Ouaer"},"content":{"rendered":"<p style=\"text-align: center;\"><img loading=\"lazy\" decoding=\"async\" class=\"alignnone size-full wp-image-16551\" src=\"http:\/\/kapitalis.com\/tunisie\/wp-content\/uploads\/2015\/09\/chokri-el-ouaer.jpg\" alt=\"\" width=\"626\" height=\"380\" \/><\/p>\n<p><em><strong>Le tribunal de premi\u00e8re instance de Tunis a \u00e9mis aujourd\u2019hui, vendredi 8 f\u00e9vrier 2019, un mandat de d\u00e9p\u00f4t contre l&rsquo;ancien gardien de l\u2019Esp\u00e9rance de Tunis et de l\u2019\u00e9quipe de Tunisie, Chokri El Ouaer, accus\u00e9 dans une affaire de faux et usage de faux.<\/strong> <\/em><\/p>\n<p><!--more--><\/p>\n<p>El-Ouaer a comparu aujourd&rsquo;hui devant la justice pour s\u2019opposer \u00e0 un verdict \u00e9mis par la cour d\u2019appel de Tunis, qui avait \u00e9mis un mandat de d\u00e9p\u00f4t \u00e0 son encontre en septembre 2018 avec interdiction de quitter le pays.<\/p>\n<p>L\u2019affaire est li\u00e9e \u00e0 une transaction immobili\u00e8re frauduleuse dans la r\u00e9gion de Carthage. Le 15 mars est pr\u00e9vu pour une nouvelle s\u00e9ance.<\/p>\n<p>\u00c0 noter que les avocats des plaignants ont d\u00e9pos\u00e9 une requ\u00eate en classement sans suite, mais la partie judiciaire a insist\u00e9 pour que la proc\u00e9dure soit entam\u00e9e.<\/p>\n<p style=\"text-align: right;\"><strong>H. M.<\/strong><\/p>\n<blockquote class=\"wp-embedded-content\" data-secret=\"M4m7CJnZKv\"><p><a href=\"https:\/\/kapitalis.com\/tunisie\/2018\/10\/16\/justice-lancien-footballeur-chokri-el-ouaer-interdit-de-voyage\/\">Justice : L&rsquo;ancien footballeur Chokri El Ouaer interdit de voyage<\/a><\/p><\/blockquote>\n<p><iframe loading=\"lazy\" class=\"wp-embedded-content\" sandbox=\"allow-scripts\" security=\"restricted\" style=\"position: absolute; clip: rect(1px, 1px, 1px, 1px);\" title=\"\u00ab\u00a0Justice : L&rsquo;ancien footballeur Chokri El Ouaer interdit de voyage\u00a0\u00bb &#8212; Kapitalis\" src=\"https:\/\/kapitalis.com\/tunisie\/2018\/10\/16\/justice-lancien-footballeur-chokri-el-ouaer-interdit-de-voyage\/embed\/#?secret=PE4HTEJW2q#?secret=M4m7CJnZKv\" data-secret=\"M4m7CJnZKv\" width=\"600\" height=\"338\" frameborder=\"0\" marginwidth=\"0\" marginheight=\"0\" scrolling=\"no\"><\/iframe><\/p>\n<blockquote class=\"wp-embedded-content\" data-secret=\"VLxNmhcIBY\"><p><a href=\"https:\/\/kapitalis.com\/tunisie\/2018\/09\/27\/mandat-de-depot-contre-chokri-el-ouaer-pour-falsification-de-contrat\/\">Mandat de d\u00e9p\u00f4t contre Chokri El Ouaer pour falsification de contrat\u00a0<\/a><\/p><\/blockquote>\n<p><iframe loading=\"lazy\" class=\"wp-embedded-content\" sandbox=\"allow-scripts\" security=\"restricted\" style=\"position: absolute; clip: rect(1px, 1px, 1px, 1px);\" title=\"\u00ab\u00a0Mandat de d\u00e9p\u00f4t contre Chokri El Ouaer pour falsification de contrat\u00a0\u00a0\u00bb &#8212; Kapitalis\" src=\"https:\/\/kapitalis.com\/tunisie\/2018\/09\/27\/mandat-de-depot-contre-chokri-el-ouaer-pour-falsification-de-contrat\/embed\/#?secret=Io9TKLyQSV#?secret=VLxNmhcIBY\" data-secret=\"VLxNmhcIBY\" width=\"600\" height=\"338\" frameborder=\"0\" marginwidth=\"0\" marginheight=\"0\" scrolling=\"no\"><\/iframe><\/p>\n","protected":false},"excerpt":{"rendered":"<p>Le tribunal de premi\u00e8re instance de Tunis a \u00e9mis aujourd\u2019hui, vendredi 8 f\u00e9vrier 2019, un mandat de d\u00e9p\u00f4t contre l&rsquo;ancien gardien de l\u2019Esp\u00e9rance de Tunis et de l\u2019\u00e9quipe de Tunisie, Chokri El Ouaer, accus\u00e9 dans une affaire de faux et usage de faux.<\/p>\n","protected":false},"author":8,"featured_media":0,"comment_status":"open","ping_status":"open","sticky":false,"template":"","format":"standard","meta":{"footnotes":""},"categories":[999,2433],"tags":[1234,6929,33965,1619],"class_list":["post-197292","post","type-post","status-publish","format-standard","hentry","category-sport","category-tunisie","tag-carthage","tag-chokri-el-ouaer","tag-equipe-de-tunisie","tag-esperance-de-tunis"],"yoast_head":"<!-- This site is optimized with the Yoast SEO plugin v26.6 - https:\/\/yoast.com\/wordpress\/plugins\/seo\/ -->\n<title>Mandat de d\u00e9p\u00f4t contre l&#039;ancien international Chokri El Ouaer - Kapitalis<\/title>\n<meta name=\"robots\" content=\"index, follow, max-snippet:-1, max-image-preview:large, max-video-preview:-1\" \/>\n<link rel=\"canonical\" href=\"https:\/\/kapitalis.com\/tunisie\/2019\/02\/08\/mandat-de-depot-contre-chokri-el-ouaer\/\" \/>\n<meta property=\"og:locale\" content=\"fr_FR\" \/>\n<meta property=\"og:type\" content=\"article\" \/>\n<meta property=\"og:title\" content=\"Mandat de d\u00e9p\u00f4t contre l&#039;ancien international Chokri El Ouaer - Kapitalis\" \/>\n<meta property=\"og:description\" content=\"Le tribunal de premi\u00e8re instance de Tunis a \u00e9mis aujourd\u2019hui, vendredi 8 f\u00e9vrier 2019, un mandat de d\u00e9p\u00f4t contre l&rsquo;ancien gardien de l\u2019Esp\u00e9rance de Tunis et de l\u2019\u00e9quipe de Tunisie, Chokri El Ouaer, accus\u00e9 dans une affaire de faux et usage de faux.\" \/>\n<meta property=\"og:url\" content=\"https:\/\/kapitalis.com\/tunisie\/2019\/02\/08\/mandat-de-depot-contre-chokri-el-ouaer\/\" \/>\n<meta property=\"og:site_name\" content=\"Kapitalis\" \/>\n<meta property=\"article:publisher\" content=\"https:\/\/www.facebook.com\/KapitalisInfo\/\" \/>\n<meta property=\"article:published_time\" content=\"2019-02-08T18:28:43+00:00\" \/>\n<meta property=\"article:modified_time\" content=\"2019-02-09T14:24:34+00:00\" \/>\n<meta property=\"og:image\" content=\"http:\/\/kapitalis.com\/tunisie\/wp-content\/uploads\/2015\/09\/chokri-el-ouaer.jpg\" \/>\n<meta name=\"author\" content=\"webmaster kapitalis\" \/>\n<meta name=\"twitter:card\" content=\"summary_large_image\" \/>\n<meta name=\"twitter:creator\" content=\"@KapitalisInfo\" \/>\n<meta name=\"twitter:site\" content=\"@KapitalisInfo\" \/>\n<meta name=\"twitter:label1\" content=\"\u00c9crit par\" \/>\n\t<meta name=\"twitter:data1\" content=\"webmaster kapitalis\" \/>\n\t<meta name=\"twitter:label2\" content=\"Dur\u00e9e de lecture estim\u00e9e\" \/>\n\t<meta name=\"twitter:data2\" content=\"1 minute\" \/>\n<script type=\"application\/ld+json\" class=\"yoast-schema-graph\">{\"@context\":\"https:\/\/schema.org\",\"@graph\":[{\"@type\":\"Article\",\"@id\":\"https:\/\/kapitalis.com\/tunisie\/2019\/02\/08\/mandat-de-depot-contre-chokri-el-ouaer\/#article\",\"isPartOf\":{\"@id\":\"https:\/\/kapitalis.com\/tunisie\/2019\/02\/08\/mandat-de-depot-contre-chokri-el-ouaer\/\"},\"author\":{\"name\":\"webmaster kapitalis\",\"@id\":\"https:\/\/kapitalis.com\/tunisie\/#\/schema\/person\/d71f33a9ca44f7bad4698210b480c8e9\"},\"headline\":\"Mandat de d\u00e9p\u00f4t contre l&rsquo;ancien international Chokri El Ouaer\",\"datePublished\":\"2019-02-08T18:28:43+00:00\",\"dateModified\":\"2019-02-09T14:24:34+00:00\",\"mainEntityOfPage\":{\"@id\":\"https:\/\/kapitalis.com\/tunisie\/2019\/02\/08\/mandat-de-depot-contre-chokri-el-ouaer\/\"},\"wordCount\":167,\"commentCount\":6,\"publisher\":{\"@id\":\"https:\/\/kapitalis.com\/tunisie\/#organization\"},\"image\":{\"@id\":\"https:\/\/kapitalis.com\/tunisie\/2019\/02\/08\/mandat-de-depot-contre-chokri-el-ouaer\/#primaryimage\"},\"thumbnailUrl\":\"http:\/\/kapitalis.com\/tunisie\/wp-content\/uploads\/2015\/09\/chokri-el-ouaer.jpg\",\"keywords\":[\"Carthage\",\"Chokri El Ouaer\",\"\u00e9quipe de Tunisie\",\"Esp\u00e9rance de Tunis\"],\"articleSection\":[\"SPORT\",\"Tunisie\"],\"inLanguage\":\"fr-FR\",\"potentialAction\":[{\"@type\":\"CommentAction\",\"name\":\"Comment\",\"target\":[\"https:\/\/kapitalis.com\/tunisie\/2019\/02\/08\/mandat-de-depot-contre-chokri-el-ouaer\/#respond\"]}]},{\"@type\":\"WebPage\",\"@id\":\"https:\/\/kapitalis.com\/tunisie\/2019\/02\/08\/mandat-de-depot-contre-chokri-el-ouaer\/\",\"url\":\"https:\/\/kapitalis.com\/tunisie\/2019\/02\/08\/mandat-de-depot-contre-chokri-el-ouaer\/\",\"name\":\"Mandat de d\u00e9p\u00f4t contre l'ancien international Chokri El Ouaer - Kapitalis\",\"isPartOf\":{\"@id\":\"https:\/\/kapitalis.com\/tunisie\/#website\"},\"primaryImageOfPage\":{\"@id\":\"https:\/\/kapitalis.com\/tunisie\/2019\/02\/08\/mandat-de-depot-contre-chokri-el-ouaer\/#primaryimage\"},\"image\":{\"@id\":\"https:\/\/kapitalis.com\/tunisie\/2019\/02\/08\/mandat-de-depot-contre-chokri-el-ouaer\/#primaryimage\"},\"thumbnailUrl\":\"http:\/\/kapitalis.com\/tunisie\/wp-content\/uploads\/2015\/09\/chokri-el-ouaer.jpg\",\"datePublished\":\"2019-02-08T18:28:43+00:00\",\"dateModified\":\"2019-02-09T14:24:34+00:00\",\"breadcrumb\":{\"@id\":\"https:\/\/kapitalis.com\/tunisie\/2019\/02\/08\/mandat-de-depot-contre-chokri-el-ouaer\/#breadcrumb\"},\"inLanguage\":\"fr-FR\",\"potentialAction\":[{\"@type\":\"ReadAction\",\"target\":[\"https:\/\/kapitalis.com\/tunisie\/2019\/02\/08\/mandat-de-depot-contre-chokri-el-ouaer\/\"]}]},{\"@type\":\"ImageObject\",\"inLanguage\":\"fr-FR\",\"@id\":\"https:\/\/kapitalis.com\/tunisie\/2019\/02\/08\/mandat-de-depot-contre-chokri-el-ouaer\/#primaryimage\",\"url\":\"http:\/\/kapitalis.com\/tunisie\/wp-content\/uploads\/2015\/09\/chokri-el-ouaer.jpg\",\"contentUrl\":\"http:\/\/kapitalis.com\/tunisie\/wp-content\/uploads\/2015\/09\/chokri-el-ouaer.jpg\"},{\"@type\":\"BreadcrumbList\",\"@id\":\"https:\/\/kapitalis.com\/tunisie\/2019\/02\/08\/mandat-de-depot-contre-chokri-el-ouaer\/#breadcrumb\",\"itemListElement\":[{\"@type\":\"ListItem\",\"position\":1,\"name\":\"Accueil\",\"item\":\"https:\/\/kapitalis.com\/tunisie\/\"},{\"@type\":\"ListItem\",\"position\":2,\"name\":\"Mandat de d\u00e9p\u00f4t contre l&rsquo;ancien international Chokri El Ouaer\"}]},{\"@type\":\"WebSite\",\"@id\":\"https:\/\/kapitalis.com\/tunisie\/#website\",\"url\":\"https:\/\/kapitalis.com\/tunisie\/\",\"name\":\"Kapitalis\",\"description\":\"L&#039;actualit\u00e9 en Tunisie et dans le monde\",\"publisher\":{\"@id\":\"https:\/\/kapitalis.com\/tunisie\/#organization\"},\"potentialAction\":[{\"@type\":\"SearchAction\",\"target\":{\"@type\":\"EntryPoint\",\"urlTemplate\":\"https:\/\/kapitalis.com\/tunisie\/?s={search_term_string}\"},\"query-input\":{\"@type\":\"PropertyValueSpecification\",\"valueRequired\":true,\"valueName\":\"search_term_string\"}}],\"inLanguage\":\"fr-FR\"},{\"@type\":\"Organization\",\"@id\":\"https:\/\/kapitalis.com\/tunisie\/#organization\",\"name\":\"Kapitalis\",\"url\":\"https:\/\/kapitalis.com\/tunisie\/\",\"logo\":{\"@type\":\"ImageObject\",\"inLanguage\":\"fr-FR\",\"@id\":\"https:\/\/kapitalis.com\/tunisie\/#\/schema\/logo\/image\/\",\"url\":\"https:\/\/kapitalis.com\/tunisie\/wp-content\/uploads\/2022\/05\/Kapitalis-big-size.png\",\"contentUrl\":\"https:\/\/kapitalis.com\/tunisie\/wp-content\/uploads\/2022\/05\/Kapitalis-big-size.png\",\"width\":5000,\"height\":1500,\"caption\":\"Kapitalis\"},\"image\":{\"@id\":\"https:\/\/kapitalis.com\/tunisie\/#\/schema\/logo\/image\/\"},\"sameAs\":[\"https:\/\/www.facebook.com\/KapitalisInfo\/\",\"https:\/\/x.com\/KapitalisInfo\",\"https:\/\/www.youtube.com\/channel\/UC-yDYrHyfFBWWZaOw3FPg9Q\"]},{\"@type\":\"Person\",\"@id\":\"https:\/\/kapitalis.com\/tunisie\/#\/schema\/person\/d71f33a9ca44f7bad4698210b480c8e9\",\"name\":\"webmaster kapitalis\",\"url\":\"https:\/\/kapitalis.com\/tunisie\/author\/webmaster-kapitalis\/\"}]}<\/script>\n<!-- \/ Yoast SEO plugin. -->","yoast_head_json":{"title":"Mandat de d\u00e9p\u00f4t contre l'ancien international Chokri El Ouaer - Kapitalis","robots":{"index":"index","follow":"follow","max-snippet":"max-snippet:-1","max-image-preview":"max-image-preview:large","max-video-preview":"max-video-preview:-1"},"canonical":"https:\/\/kapitalis.com\/tunisie\/2019\/02\/08\/mandat-de-depot-contre-chokri-el-ouaer\/","og_locale":"fr_FR","og_type":"article","og_title":"Mandat de d\u00e9p\u00f4t contre l'ancien international Chokri El Ouaer - Kapitalis","og_description":"Le tribunal de premi\u00e8re instance de Tunis a \u00e9mis aujourd\u2019hui, vendredi 8 f\u00e9vrier 2019, un mandat de d\u00e9p\u00f4t contre l&rsquo;ancien gardien de l\u2019Esp\u00e9rance de Tunis et de l\u2019\u00e9quipe de Tunisie, Chokri El Ouaer, accus\u00e9 dans une affaire de faux et usage de faux.","og_url":"https:\/\/kapitalis.com\/tunisie\/2019\/02\/08\/mandat-de-depot-contre-chokri-el-ouaer\/","og_site_name":"Kapitalis","article_publisher":"https:\/\/www.facebook.com\/KapitalisInfo\/","article_published_time":"2019-02-08T18:28:43+00:00","article_modified_time":"2019-02-09T14:24:34+00:00","og_image":[{"url":"http:\/\/kapitalis.com\/tunisie\/wp-content\/uploads\/2015\/09\/chokri-el-ouaer.jpg","type":"","width":"","height":""}],"author":"webmaster kapitalis","twitter_card":"summary_large_image","twitter_creator":"@KapitalisInfo","twitter_site":"@KapitalisInfo","twitter_misc":{"\u00c9crit par":"webmaster kapitalis","Dur\u00e9e de lecture estim\u00e9e":"1 minute"},"schema":{"@context":"https:\/\/schema.org","@graph":[{"@type":"Article","@id":"https:\/\/kapitalis.com\/tunisie\/2019\/02\/08\/mandat-de-depot-contre-chokri-el-ouaer\/#article","isPartOf":{"@id":"https:\/\/kapitalis.com\/tunisie\/2019\/02\/08\/mandat-de-depot-contre-chokri-el-ouaer\/"},"author":{"name":"webmaster kapitalis","@id":"https:\/\/kapitalis.com\/tunisie\/#\/schema\/person\/d71f33a9ca44f7bad4698210b480c8e9"},"headline":"Mandat de d\u00e9p\u00f4t contre l&rsquo;ancien international Chokri El Ouaer","datePublished":"2019-02-08T18:28:43+00:00","dateModified":"2019-02-09T14:24:34+00:00","mainEntityOfPage":{"@id":"https:\/\/kapitalis.com\/tunisie\/2019\/02\/08\/mandat-de-depot-contre-chokri-el-ouaer\/"},"wordCount":167,"commentCount":6,"publisher":{"@id":"https:\/\/kapitalis.com\/tunisie\/#organization"},"image":{"@id":"https:\/\/kapitalis.com\/tunisie\/2019\/02\/08\/mandat-de-depot-contre-chokri-el-ouaer\/#primaryimage"},"thumbnailUrl":"http:\/\/kapitalis.com\/tunisie\/wp-content\/uploads\/2015\/09\/chokri-el-ouaer.jpg","keywords":["Carthage","Chokri El Ouaer","\u00e9quipe de Tunisie","Esp\u00e9rance de Tunis"],"articleSection":["SPORT","Tunisie"],"inLanguage":"fr-FR","potentialAction":[{"@type":"CommentAction","name":"Comment","target":["https:\/\/kapitalis.com\/tunisie\/2019\/02\/08\/mandat-de-depot-contre-chokri-el-ouaer\/#respond"]}]},{"@type":"WebPage","@id":"https:\/\/kapitalis.com\/tunisie\/2019\/02\/08\/mandat-de-depot-contre-chokri-el-ouaer\/","url":"https:\/\/kapitalis.com\/tunisie\/2019\/02\/08\/mandat-de-depot-contre-chokri-el-ouaer\/","name":"Mandat de d\u00e9p\u00f4t contre l'ancien international Chokri El Ouaer - Kapitalis","isPartOf":{"@id":"https:\/\/kapitalis.com\/tunisie\/#website"},"primaryImageOfPage":{"@id":"https:\/\/kapitalis.com\/tunisie\/2019\/02\/08\/mandat-de-depot-contre-chokri-el-ouaer\/#primaryimage"},"image":{"@id":"https:\/\/kapitalis.com\/tunisie\/2019\/02\/08\/mandat-de-depot-contre-chokri-el-ouaer\/#primaryimage"},"thumbnailUrl":"http:\/\/kapitalis.com\/tunisie\/wp-content\/uploads\/2015\/09\/chokri-el-ouaer.jpg","datePublished":"2019-02-08T18:28:43+00:00","dateModified":"2019-02-09T14:24:34+00:00","breadcrumb":{"@id":"https:\/\/kapitalis.com\/tunisie\/2019\/02\/08\/mandat-de-depot-contre-chokri-el-ouaer\/#breadcrumb"},"inLanguage":"fr-FR","potentialAction":[{"@type":"ReadAction","target":["https:\/\/kapitalis.com\/tunisie\/2019\/02\/08\/mandat-de-depot-contre-chokri-el-ouaer\/"]}]},{"@type":"ImageObject","inLanguage":"fr-FR","@id":"https:\/\/kapitalis.com\/tunisie\/2019\/02\/08\/mandat-de-depot-contre-chokri-el-ouaer\/#primaryimage","url":"http:\/\/kapitalis.com\/tunisie\/wp-content\/uploads\/2015\/09\/chokri-el-ouaer.jpg","contentUrl":"http:\/\/kapitalis.com\/tunisie\/wp-content\/uploads\/2015\/09\/chokri-el-ouaer.jpg"},{"@type":"BreadcrumbList","@id":"https:\/\/kapitalis.com\/tunisie\/2019\/02\/08\/mandat-de-depot-contre-chokri-el-ouaer\/#breadcrumb","itemListElement":[{"@type":"ListItem","position":1,"name":"Accueil","item":"https:\/\/kapitalis.com\/tunisie\/"},{"@type":"ListItem","position":2,"name":"Mandat de d\u00e9p\u00f4t contre l&rsquo;ancien international Chokri El Ouaer"}]},{"@type":"WebSite","@id":"https:\/\/kapitalis.com\/tunisie\/#website","url":"https:\/\/kapitalis.com\/tunisie\/","name":"Kapitalis","description":"L&#039;actualit\u00e9 en Tunisie et dans le monde","publisher":{"@id":"https:\/\/kapitalis.com\/tunisie\/#organization"},"potentialAction":[{"@type":"SearchAction","target":{"@type":"EntryPoint","urlTemplate":"https:\/\/kapitalis.com\/tunisie\/?s={search_term_string}"},"query-input":{"@type":"PropertyValueSpecification","valueRequired":true,"valueName":"search_term_string"}}],"inLanguage":"fr-FR"},{"@type":"Organization","@id":"https:\/\/kapitalis.com\/tunisie\/#organization","name":"Kapitalis","url":"https:\/\/kapitalis.com\/tunisie\/","logo":{"@type":"ImageObject","inLanguage":"fr-FR","@id":"https:\/\/kapitalis.com\/tunisie\/#\/schema\/logo\/image\/","url":"https:\/\/kapitalis.com\/tunisie\/wp-content\/uploads\/2022\/05\/Kapitalis-big-size.png","contentUrl":"https:\/\/kapitalis.com\/tunisie\/wp-content\/uploads\/2022\/05\/Kapitalis-big-size.png","width":5000,"height":1500,"caption":"Kapitalis"},"image":{"@id":"https:\/\/kapitalis.com\/tunisie\/#\/schema\/logo\/image\/"},"sameAs":["https:\/\/www.facebook.com\/KapitalisInfo\/","https:\/\/x.com\/KapitalisInfo","https:\/\/www.youtube.com\/channel\/UC-yDYrHyfFBWWZaOw3FPg9Q"]},{"@type":"Person","@id":"https:\/\/kapitalis.com\/tunisie\/#\/schema\/person\/d71f33a9ca44f7bad4698210b480c8e9","name":"webmaster kapitalis","url":"https:\/\/kapitalis.com\/tunisie\/author\/webmaster-kapitalis\/"}]}},"_links":{"self":[{"href":"https:\/\/kapitalis.com\/tunisie\/wp-json\/wp\/v2\/posts\/197292","targetHints":{"allow":["GET"]}}],"collection":[{"href":"https:\/\/kapitalis.com\/tunisie\/wp-json\/wp\/v2\/posts"}],"about":[{"href":"https:\/\/kapitalis.com\/tunisie\/wp-json\/wp\/v2\/types\/post"}],"author":[{"embeddable":true,"href":"https:\/\/kapitalis.com\/tunisie\/wp-json\/wp\/v2\/users\/8"}],"replies":[{"embeddable":true,"href":"https:\/\/kapitalis.com\/tunisie\/wp-json\/wp\/v2\/comments?post=197292"}],"version-history":[{"count":0,"href":"https:\/\/kapitalis.com\/tunisie\/wp-json\/wp\/v2\/posts\/197292\/revisions"}],"wp:attachment":[{"href":"https:\/\/kapitalis.com\/tunisie\/wp-json\/wp\/v2\/media?parent=197292"}],"wp:term":[{"taxonomy":"category","embeddable":true,"href":"https:\/\/kapitalis.com\/tunisie\/wp-json\/wp\/v2\/categories?post=197292"},{"taxonomy":"post_tag","embeddable":true,"href":"https:\/\/kapitalis.com\/tunisie\/wp-json\/wp\/v2\/tags?post=197292"}],"curies":[{"name":"wp","href":"https:\/\/api.w.org\/{rel}","templated":true}]}}