{"id":197303,"date":"2019-02-08T22:55:05","date_gmt":"2019-02-08T21:55:05","guid":{"rendered":"http:\/\/kapitalis.com\/tunisie\/?p=197303"},"modified":"2019-02-09T08:39:30","modified_gmt":"2019-02-09T07:39:30","slug":"meurtre-suicide-a-kalaa-sghira-une-mere-et-ses-2-enfants-carbonises","status":"publish","type":"post","link":"https:\/\/kapitalis.com\/tunisie\/2019\/02\/08\/meurtre-suicide-a-kalaa-sghira-une-mere-et-ses-2-enfants-carbonises\/","title":{"rendered":"Meurtre-suicide \u00e0 Kalaa Sghira : Une m\u00e8re et ses 2 enfants carbonis\u00e9s"},"content":{"rendered":"<p style=\"text-align: center;\"><img loading=\"lazy\" decoding=\"async\" class=\"alignnone size-full wp-image-197307\" src=\"http:\/\/kapitalis.com\/tunisie\/wp-content\/uploads\/2019\/02\/Kalaa-suicide-meurtre.jpg\" alt=\"\" width=\"626\" height=\"380\" \/><\/p>\n<p><em><strong>Le corps d\u2019une femme de 28 ans et ceux de ses enfants de 4 et 6 ans ont \u00e9t\u00e9 d\u00e9couverts carbonis\u00e9s, ce soir, vendredi 8 f\u00e9vrier 2019, dans le domicile familial \u00e0 Kalaa Sghira (Sousse).<\/strong><\/em><!--more--><\/p>\n<p>La piste du meurtre-suicide est privil\u00e9gi\u00e9e, bien que l\u2019enqu\u00eate se poursuit encore et que les enqu\u00eateurs interrogent pour le moment les voisins, indique une source \u00e0 Kapitalis, en pr\u00e9cisant que la dame souffre de troubles psychologiques et qu\u2019elle a un dossier m\u00e9dical \u00e0 l\u2019h\u00f4pital psychiatrique Razi. Elle venait r\u00e9cemment de quitter l&rsquo;\u00e9tablissement psychiatrique o\u00f9 elle a s\u00e9journ\u00e9 plusieurs fois.<\/p>\n<p>Son \u00e9poux , qui a d\u00e9couvert le drame en rentrant du travail, est sous le choc, il b\u00e9n\u00e9ficie d\u2019un soutien psychologique, mais il sera probablement entendu.<\/p>\n<p style=\"text-align: right;\"><strong>Y. N.<\/strong><\/p>\n","protected":false},"excerpt":{"rendered":"<p>Le corps d\u2019une femme de 28 ans et ceux de ses enfants de 4 et 6 ans ont \u00e9t\u00e9 d\u00e9couverts carbonis\u00e9s, ce soir, vendredi 8 f\u00e9vrier 2019, dans le domicile familial \u00e0 Kalaa Sghira (Sousse).<\/p>\n","protected":false},"author":6,"featured_media":197307,"comment_status":"open","ping_status":"open","sticky":false,"template":"","format":"standard","meta":{"footnotes":""},"categories":[998,2433],"tags":[321,1800,12052,604,854,865],"class_list":["post-197303","post","type-post","status-publish","format-standard","has-post-thumbnail","hentry","category-societe","category-tunisie","tag-enfants","tag-kalaa-sghira","tag-mere-de-famille","tag-meurtre","tag-sousse","tag-suicide"],"yoast_head":"<!-- This site is optimized with the Yoast SEO plugin v26.6 - https:\/\/yoast.com\/wordpress\/plugins\/seo\/ -->\n<title>Meurtre-suicide \u00e0 Kalaa Sghira : Une m\u00e8re et ses 2 enfants carbonis\u00e9s - Kapitalis<\/title>\n<meta name=\"robots\" content=\"index, follow, max-snippet:-1, max-image-preview:large, max-video-preview:-1\" \/>\n<link rel=\"canonical\" href=\"https:\/\/kapitalis.com\/tunisie\/2019\/02\/08\/meurtre-suicide-a-kalaa-sghira-une-mere-et-ses-2-enfants-carbonises\/\" \/>\n<meta property=\"og:locale\" content=\"fr_FR\" \/>\n<meta property=\"og:type\" content=\"article\" \/>\n<meta property=\"og:title\" content=\"Meurtre-suicide \u00e0 Kalaa Sghira : Une m\u00e8re et ses 2 enfants carbonis\u00e9s - Kapitalis\" \/>\n<meta property=\"og:description\" content=\"Le corps d\u2019une femme de 28 ans et ceux de ses enfants de 4 et 6 ans ont \u00e9t\u00e9 d\u00e9couverts carbonis\u00e9s, ce soir, vendredi 8 f\u00e9vrier 2019, dans le domicile familial \u00e0 Kalaa Sghira (Sousse).\" \/>\n<meta property=\"og:url\" content=\"https:\/\/kapitalis.com\/tunisie\/2019\/02\/08\/meurtre-suicide-a-kalaa-sghira-une-mere-et-ses-2-enfants-carbonises\/\" \/>\n<meta property=\"og:site_name\" content=\"Kapitalis\" \/>\n<meta property=\"article:publisher\" content=\"https:\/\/www.facebook.com\/KapitalisInfo\/\" \/>\n<meta property=\"article:published_time\" content=\"2019-02-08T21:55:05+00:00\" \/>\n<meta property=\"article:modified_time\" content=\"2019-02-09T07:39:30+00:00\" \/>\n<meta property=\"og:image\" content=\"https:\/\/kapitalis.com\/tunisie\/wp-content\/uploads\/2022\/05\/kapitalis-logo-fb.png\" \/>\n\t<meta property=\"og:image:width\" content=\"1200\" \/>\n\t<meta property=\"og:image:height\" content=\"630\" \/>\n\t<meta property=\"og:image:type\" content=\"image\/png\" \/>\n<meta name=\"author\" content=\"Yusra NY\" \/>\n<meta name=\"twitter:card\" content=\"summary_large_image\" \/>\n<meta name=\"twitter:creator\" content=\"@KapitalisInfo\" \/>\n<meta name=\"twitter:site\" content=\"@KapitalisInfo\" \/>\n<meta name=\"twitter:label1\" content=\"\u00c9crit par\" \/>\n\t<meta name=\"twitter:data1\" content=\"Yusra NY\" \/>\n\t<meta name=\"twitter:label2\" content=\"Dur\u00e9e de lecture estim\u00e9e\" \/>\n\t<meta name=\"twitter:data2\" content=\"1 minute\" \/>\n<script type=\"application\/ld+json\" class=\"yoast-schema-graph\">{\"@context\":\"https:\/\/schema.org\",\"@graph\":[{\"@type\":\"Article\",\"@id\":\"https:\/\/kapitalis.com\/tunisie\/2019\/02\/08\/meurtre-suicide-a-kalaa-sghira-une-mere-et-ses-2-enfants-carbonises\/#article\",\"isPartOf\":{\"@id\":\"https:\/\/kapitalis.com\/tunisie\/2019\/02\/08\/meurtre-suicide-a-kalaa-sghira-une-mere-et-ses-2-enfants-carbonises\/\"},\"author\":{\"name\":\"Yusra NY\",\"@id\":\"https:\/\/kapitalis.com\/tunisie\/#\/schema\/person\/74bbde0154d49d790a92aaeac5bc01d5\"},\"headline\":\"Meurtre-suicide \u00e0 Kalaa Sghira : Une m\u00e8re et ses 2 enfants carbonis\u00e9s\",\"datePublished\":\"2019-02-08T21:55:05+00:00\",\"dateModified\":\"2019-02-09T07:39:30+00:00\",\"mainEntityOfPage\":{\"@id\":\"https:\/\/kapitalis.com\/tunisie\/2019\/02\/08\/meurtre-suicide-a-kalaa-sghira-une-mere-et-ses-2-enfants-carbonises\/\"},\"wordCount\":145,\"commentCount\":0,\"publisher\":{\"@id\":\"https:\/\/kapitalis.com\/tunisie\/#organization\"},\"image\":{\"@id\":\"https:\/\/kapitalis.com\/tunisie\/2019\/02\/08\/meurtre-suicide-a-kalaa-sghira-une-mere-et-ses-2-enfants-carbonises\/#primaryimage\"},\"thumbnailUrl\":\"\",\"keywords\":[\"enfants\",\"Kal\u00e2a Sghira\",\"m\u00e8re de famille\",\"meurtre\",\"Sousse\",\"suicide\"],\"articleSection\":[\"SOCIETE\",\"Tunisie\"],\"inLanguage\":\"fr-FR\",\"potentialAction\":[{\"@type\":\"CommentAction\",\"name\":\"Comment\",\"target\":[\"https:\/\/kapitalis.com\/tunisie\/2019\/02\/08\/meurtre-suicide-a-kalaa-sghira-une-mere-et-ses-2-enfants-carbonises\/#respond\"]}]},{\"@type\":\"WebPage\",\"@id\":\"https:\/\/kapitalis.com\/tunisie\/2019\/02\/08\/meurtre-suicide-a-kalaa-sghira-une-mere-et-ses-2-enfants-carbonises\/\",\"url\":\"https:\/\/kapitalis.com\/tunisie\/2019\/02\/08\/meurtre-suicide-a-kalaa-sghira-une-mere-et-ses-2-enfants-carbonises\/\",\"name\":\"Meurtre-suicide \u00e0 Kalaa Sghira : Une m\u00e8re et ses 2 enfants carbonis\u00e9s - Kapitalis\",\"isPartOf\":{\"@id\":\"https:\/\/kapitalis.com\/tunisie\/#website\"},\"primaryImageOfPage\":{\"@id\":\"https:\/\/kapitalis.com\/tunisie\/2019\/02\/08\/meurtre-suicide-a-kalaa-sghira-une-mere-et-ses-2-enfants-carbonises\/#primaryimage\"},\"image\":{\"@id\":\"https:\/\/kapitalis.com\/tunisie\/2019\/02\/08\/meurtre-suicide-a-kalaa-sghira-une-mere-et-ses-2-enfants-carbonises\/#primaryimage\"},\"thumbnailUrl\":\"\",\"datePublished\":\"2019-02-08T21:55:05+00:00\",\"dateModified\":\"2019-02-09T07:39:30+00:00\",\"breadcrumb\":{\"@id\":\"https:\/\/kapitalis.com\/tunisie\/2019\/02\/08\/meurtre-suicide-a-kalaa-sghira-une-mere-et-ses-2-enfants-carbonises\/#breadcrumb\"},\"inLanguage\":\"fr-FR\",\"potentialAction\":[{\"@type\":\"ReadAction\",\"target\":[\"https:\/\/kapitalis.com\/tunisie\/2019\/02\/08\/meurtre-suicide-a-kalaa-sghira-une-mere-et-ses-2-enfants-carbonises\/\"]}]},{\"@type\":\"ImageObject\",\"inLanguage\":\"fr-FR\",\"@id\":\"https:\/\/kapitalis.com\/tunisie\/2019\/02\/08\/meurtre-suicide-a-kalaa-sghira-une-mere-et-ses-2-enfants-carbonises\/#primaryimage\",\"url\":\"\",\"contentUrl\":\"\"},{\"@type\":\"BreadcrumbList\",\"@id\":\"https:\/\/kapitalis.com\/tunisie\/2019\/02\/08\/meurtre-suicide-a-kalaa-sghira-une-mere-et-ses-2-enfants-carbonises\/#breadcrumb\",\"itemListElement\":[{\"@type\":\"ListItem\",\"position\":1,\"name\":\"Accueil\",\"item\":\"https:\/\/kapitalis.com\/tunisie\/\"},{\"@type\":\"ListItem\",\"position\":2,\"name\":\"Meurtre-suicide \u00e0 Kalaa Sghira : Une m\u00e8re et ses 2 enfants carbonis\u00e9s\"}]},{\"@type\":\"WebSite\",\"@id\":\"https:\/\/kapitalis.com\/tunisie\/#website\",\"url\":\"https:\/\/kapitalis.com\/tunisie\/\",\"name\":\"Kapitalis\",\"description\":\"L&#039;actualit\u00e9 en Tunisie et dans le monde\",\"publisher\":{\"@id\":\"https:\/\/kapitalis.com\/tunisie\/#organization\"},\"potentialAction\":[{\"@type\":\"SearchAction\",\"target\":{\"@type\":\"EntryPoint\",\"urlTemplate\":\"https:\/\/kapitalis.com\/tunisie\/?s={search_term_string}\"},\"query-input\":{\"@type\":\"PropertyValueSpecification\",\"valueRequired\":true,\"valueName\":\"search_term_string\"}}],\"inLanguage\":\"fr-FR\"},{\"@type\":\"Organization\",\"@id\":\"https:\/\/kapitalis.com\/tunisie\/#organization\",\"name\":\"Kapitalis\",\"url\":\"https:\/\/kapitalis.com\/tunisie\/\",\"logo\":{\"@type\":\"ImageObject\",\"inLanguage\":\"fr-FR\",\"@id\":\"https:\/\/kapitalis.com\/tunisie\/#\/schema\/logo\/image\/\",\"url\":\"https:\/\/kapitalis.com\/tunisie\/wp-content\/uploads\/2022\/05\/Kapitalis-big-size.png\",\"contentUrl\":\"https:\/\/kapitalis.com\/tunisie\/wp-content\/uploads\/2022\/05\/Kapitalis-big-size.png\",\"width\":5000,\"height\":1500,\"caption\":\"Kapitalis\"},\"image\":{\"@id\":\"https:\/\/kapitalis.com\/tunisie\/#\/schema\/logo\/image\/\"},\"sameAs\":[\"https:\/\/www.facebook.com\/KapitalisInfo\/\",\"https:\/\/x.com\/KapitalisInfo\",\"https:\/\/www.youtube.com\/channel\/UC-yDYrHyfFBWWZaOw3FPg9Q\"]},{\"@type\":\"Person\",\"@id\":\"https:\/\/kapitalis.com\/tunisie\/#\/schema\/person\/74bbde0154d49d790a92aaeac5bc01d5\",\"name\":\"Yusra NY\",\"url\":\"https:\/\/kapitalis.com\/tunisie\/author\/yuza_adam\/\"}]}<\/script>\n<!-- \/ Yoast SEO plugin. -->","yoast_head_json":{"title":"Meurtre-suicide \u00e0 Kalaa Sghira : Une m\u00e8re et ses 2 enfants carbonis\u00e9s - Kapitalis","robots":{"index":"index","follow":"follow","max-snippet":"max-snippet:-1","max-image-preview":"max-image-preview:large","max-video-preview":"max-video-preview:-1"},"canonical":"https:\/\/kapitalis.com\/tunisie\/2019\/02\/08\/meurtre-suicide-a-kalaa-sghira-une-mere-et-ses-2-enfants-carbonises\/","og_locale":"fr_FR","og_type":"article","og_title":"Meurtre-suicide \u00e0 Kalaa Sghira : Une m\u00e8re et ses 2 enfants carbonis\u00e9s - Kapitalis","og_description":"Le corps d\u2019une femme de 28 ans et ceux de ses enfants de 4 et 6 ans ont \u00e9t\u00e9 d\u00e9couverts carbonis\u00e9s, ce soir, vendredi 8 f\u00e9vrier 2019, dans le domicile familial \u00e0 Kalaa Sghira (Sousse).","og_url":"https:\/\/kapitalis.com\/tunisie\/2019\/02\/08\/meurtre-suicide-a-kalaa-sghira-une-mere-et-ses-2-enfants-carbonises\/","og_site_name":"Kapitalis","article_publisher":"https:\/\/www.facebook.com\/KapitalisInfo\/","article_published_time":"2019-02-08T21:55:05+00:00","article_modified_time":"2019-02-09T07:39:30+00:00","og_image":[{"width":1200,"height":630,"url":"https:\/\/kapitalis.com\/tunisie\/wp-content\/uploads\/2022\/05\/kapitalis-logo-fb.png","type":"image\/png"}],"author":"Yusra NY","twitter_card":"summary_large_image","twitter_creator":"@KapitalisInfo","twitter_site":"@KapitalisInfo","twitter_misc":{"\u00c9crit par":"Yusra NY","Dur\u00e9e de lecture estim\u00e9e":"1 minute"},"schema":{"@context":"https:\/\/schema.org","@graph":[{"@type":"Article","@id":"https:\/\/kapitalis.com\/tunisie\/2019\/02\/08\/meurtre-suicide-a-kalaa-sghira-une-mere-et-ses-2-enfants-carbonises\/#article","isPartOf":{"@id":"https:\/\/kapitalis.com\/tunisie\/2019\/02\/08\/meurtre-suicide-a-kalaa-sghira-une-mere-et-ses-2-enfants-carbonises\/"},"author":{"name":"Yusra NY","@id":"https:\/\/kapitalis.com\/tunisie\/#\/schema\/person\/74bbde0154d49d790a92aaeac5bc01d5"},"headline":"Meurtre-suicide \u00e0 Kalaa Sghira : Une m\u00e8re et ses 2 enfants carbonis\u00e9s","datePublished":"2019-02-08T21:55:05+00:00","dateModified":"2019-02-09T07:39:30+00:00","mainEntityOfPage":{"@id":"https:\/\/kapitalis.com\/tunisie\/2019\/02\/08\/meurtre-suicide-a-kalaa-sghira-une-mere-et-ses-2-enfants-carbonises\/"},"wordCount":145,"commentCount":0,"publisher":{"@id":"https:\/\/kapitalis.com\/tunisie\/#organization"},"image":{"@id":"https:\/\/kapitalis.com\/tunisie\/2019\/02\/08\/meurtre-suicide-a-kalaa-sghira-une-mere-et-ses-2-enfants-carbonises\/#primaryimage"},"thumbnailUrl":"","keywords":["enfants","Kal\u00e2a Sghira","m\u00e8re de famille","meurtre","Sousse","suicide"],"articleSection":["SOCIETE","Tunisie"],"inLanguage":"fr-FR","potentialAction":[{"@type":"CommentAction","name":"Comment","target":["https:\/\/kapitalis.com\/tunisie\/2019\/02\/08\/meurtre-suicide-a-kalaa-sghira-une-mere-et-ses-2-enfants-carbonises\/#respond"]}]},{"@type":"WebPage","@id":"https:\/\/kapitalis.com\/tunisie\/2019\/02\/08\/meurtre-suicide-a-kalaa-sghira-une-mere-et-ses-2-enfants-carbonises\/","url":"https:\/\/kapitalis.com\/tunisie\/2019\/02\/08\/meurtre-suicide-a-kalaa-sghira-une-mere-et-ses-2-enfants-carbonises\/","name":"Meurtre-suicide \u00e0 Kalaa Sghira : Une m\u00e8re et ses 2 enfants carbonis\u00e9s - Kapitalis","isPartOf":{"@id":"https:\/\/kapitalis.com\/tunisie\/#website"},"primaryImageOfPage":{"@id":"https:\/\/kapitalis.com\/tunisie\/2019\/02\/08\/meurtre-suicide-a-kalaa-sghira-une-mere-et-ses-2-enfants-carbonises\/#primaryimage"},"image":{"@id":"https:\/\/kapitalis.com\/tunisie\/2019\/02\/08\/meurtre-suicide-a-kalaa-sghira-une-mere-et-ses-2-enfants-carbonises\/#primaryimage"},"thumbnailUrl":"","datePublished":"2019-02-08T21:55:05+00:00","dateModified":"2019-02-09T07:39:30+00:00","breadcrumb":{"@id":"https:\/\/kapitalis.com\/tunisie\/2019\/02\/08\/meurtre-suicide-a-kalaa-sghira-une-mere-et-ses-2-enfants-carbonises\/#breadcrumb"},"inLanguage":"fr-FR","potentialAction":[{"@type":"ReadAction","target":["https:\/\/kapitalis.com\/tunisie\/2019\/02\/08\/meurtre-suicide-a-kalaa-sghira-une-mere-et-ses-2-enfants-carbonises\/"]}]},{"@type":"ImageObject","inLanguage":"fr-FR","@id":"https:\/\/kapitalis.com\/tunisie\/2019\/02\/08\/meurtre-suicide-a-kalaa-sghira-une-mere-et-ses-2-enfants-carbonises\/#primaryimage","url":"","contentUrl":""},{"@type":"BreadcrumbList","@id":"https:\/\/kapitalis.com\/tunisie\/2019\/02\/08\/meurtre-suicide-a-kalaa-sghira-une-mere-et-ses-2-enfants-carbonises\/#breadcrumb","itemListElement":[{"@type":"ListItem","position":1,"name":"Accueil","item":"https:\/\/kapitalis.com\/tunisie\/"},{"@type":"ListItem","position":2,"name":"Meurtre-suicide \u00e0 Kalaa Sghira : Une m\u00e8re et ses 2 enfants carbonis\u00e9s"}]},{"@type":"WebSite","@id":"https:\/\/kapitalis.com\/tunisie\/#website","url":"https:\/\/kapitalis.com\/tunisie\/","name":"Kapitalis","description":"L&#039;actualit\u00e9 en Tunisie et dans le monde","publisher":{"@id":"https:\/\/kapitalis.com\/tunisie\/#organization"},"potentialAction":[{"@type":"SearchAction","target":{"@type":"EntryPoint","urlTemplate":"https:\/\/kapitalis.com\/tunisie\/?s={search_term_string}"},"query-input":{"@type":"PropertyValueSpecification","valueRequired":true,"valueName":"search_term_string"}}],"inLanguage":"fr-FR"},{"@type":"Organization","@id":"https:\/\/kapitalis.com\/tunisie\/#organization","name":"Kapitalis","url":"https:\/\/kapitalis.com\/tunisie\/","logo":{"@type":"ImageObject","inLanguage":"fr-FR","@id":"https:\/\/kapitalis.com\/tunisie\/#\/schema\/logo\/image\/","url":"https:\/\/kapitalis.com\/tunisie\/wp-content\/uploads\/2022\/05\/Kapitalis-big-size.png","contentUrl":"https:\/\/kapitalis.com\/tunisie\/wp-content\/uploads\/2022\/05\/Kapitalis-big-size.png","width":5000,"height":1500,"caption":"Kapitalis"},"image":{"@id":"https:\/\/kapitalis.com\/tunisie\/#\/schema\/logo\/image\/"},"sameAs":["https:\/\/www.facebook.com\/KapitalisInfo\/","https:\/\/x.com\/KapitalisInfo","https:\/\/www.youtube.com\/channel\/UC-yDYrHyfFBWWZaOw3FPg9Q"]},{"@type":"Person","@id":"https:\/\/kapitalis.com\/tunisie\/#\/schema\/person\/74bbde0154d49d790a92aaeac5bc01d5","name":"Yusra NY","url":"https:\/\/kapitalis.com\/tunisie\/author\/yuza_adam\/"}]}},"_links":{"self":[{"href":"https:\/\/kapitalis.com\/tunisie\/wp-json\/wp\/v2\/posts\/197303","targetHints":{"allow":["GET"]}}],"collection":[{"href":"https:\/\/kapitalis.com\/tunisie\/wp-json\/wp\/v2\/posts"}],"about":[{"href":"https:\/\/kapitalis.com\/tunisie\/wp-json\/wp\/v2\/types\/post"}],"author":[{"embeddable":true,"href":"https:\/\/kapitalis.com\/tunisie\/wp-json\/wp\/v2\/users\/6"}],"replies":[{"embeddable":true,"href":"https:\/\/kapitalis.com\/tunisie\/wp-json\/wp\/v2\/comments?post=197303"}],"version-history":[{"count":0,"href":"https:\/\/kapitalis.com\/tunisie\/wp-json\/wp\/v2\/posts\/197303\/revisions"}],"wp:featuredmedia":[{"embeddable":true,"href":"https:\/\/kapitalis.com\/tunisie\/wp-json\/wp\/v2\/media\/197307"}],"wp:attachment":[{"href":"https:\/\/kapitalis.com\/tunisie\/wp-json\/wp\/v2\/media?parent=197303"}],"wp:term":[{"taxonomy":"category","embeddable":true,"href":"https:\/\/kapitalis.com\/tunisie\/wp-json\/wp\/v2\/categories?post=197303"},{"taxonomy":"post_tag","embeddable":true,"href":"https:\/\/kapitalis.com\/tunisie\/wp-json\/wp\/v2\/tags?post=197303"}],"curies":[{"name":"wp","href":"https:\/\/api.w.org\/{rel}","templated":true}]}}