{"id":197472,"date":"2019-02-10T13:28:35","date_gmt":"2019-02-10T12:28:35","guid":{"rendered":"http:\/\/kapitalis.com\/tunisie\/?p=197472"},"modified":"2019-02-10T13:28:35","modified_gmt":"2019-02-10T12:28:35","slug":"seminaire-a-tunis-internationalisation-de-lenseignement-superieur-francophone","status":"publish","type":"post","link":"https:\/\/kapitalis.com\/tunisie\/2019\/02\/10\/seminaire-a-tunis-internationalisation-de-lenseignement-superieur-francophone\/","title":{"rendered":"S\u00e9minaire \u00e0 Tunis : Internationalisation de l\u2019enseignement sup\u00e9rieur francophone"},"content":{"rendered":"<p style=\"text-align: center;\"><img loading=\"lazy\" decoding=\"async\" class=\"alignnone size-full wp-image-197473\" src=\"http:\/\/kapitalis.com\/tunisie\/wp-content\/uploads\/2019\/02\/Universite-Manouba.jpg\" alt=\"\" width=\"626\" height=\"380\" \/><\/p>\n<p><em><strong>L\u2019Universit\u00e9 de La Manouba (UMA) organise le 4e s\u00e9minaire sur l\u2019internationalisation des institutions d\u2019enseignement sup\u00e9rieur francophones les 11 et 12 f\u00e9vrier 2019 \u00e0 la Facult\u00e9 des lettres, des arts et des humanit\u00e9s de La Manouba (Flahm).<\/strong><\/em><\/p>\n<p><!--more--><\/p>\n<p>Ce s\u00e9minaire, organis\u00e9 par le Groupe des responsables des relations internationales francophones (GRRIF), sous le th\u00e8me <em>\u00ab\u00catre international entre nords et suds : quels moyens pour quelles perspectives ?\u00bb<\/em>, s\u2019inscrit dans la continuit\u00e9 des trois premi\u00e8res \u00e9ditions, qui se sont tenues en 2016 \u00e0 l\u2019Universit\u00e9 du Qu\u00e9bec \u00e0 Montr\u00e9al (UQAM), puis en 2017 \u00e0 l\u2019Acad\u00e9mie de recherche et d\u2019enseignement sup\u00e9rieur (ARES) \u00e0 Bruxelles et en 2018 \u00e0 l\u2019Universit\u00e9 de Lausanne (UNIL) avec pour objectif de d\u00e9battre des enjeux d\u2019internationalisation auxquels font face les institutions d\u2019enseignement sup\u00e9rieur francophones.<\/p>\n<p>Avec cette \u00e9dition 2019, il s\u2019agira du premier s\u00e9minaire organis\u00e9 par le GRIFF dans un pays du Sud, montrant l\u2019ouverture de cet espace de dialogue vers les nords et les suds et une volont\u00e9 de traiter ensemble les questions qui se posent aujourd\u2019hui \u00e0 propos de la mobilit\u00e9 des enseignant(e)s et des \u00e9tudiant(e)s, en particulier dans l\u2019espace acad\u00e9mique francophone.<\/p>\n<p>Cette session esp\u00e8re ouvrir davantage les voies pour d\u00e9velopper les capacit\u00e9s de nos institutions \u00e0 s\u2019internationaliser tout en abordant les diff\u00e9rentes exp\u00e9riences face aux questions partag\u00e9es de la gouvernance, de l\u2019autonomie des universit\u00e9s et de la gestion de l\u2019information \u00e0 l\u2019heure d\u2019Internet.<\/p>\n<p>S\u2019appuyant sur les conclusions de l\u2019\u00e9dition pr\u00e9c\u00e9dente, le s\u00e9minaire se propose d\u2019aborder diverses th\u00e9matiques d\u2019int\u00e9r\u00eat commun, notamment le d\u00e9veloppement des r\u00e9seaux; la qualit\u00e9 des partenariats et leur \u00e9valuation; le d\u00e9veloppement de nouveaux outils d\u2019internationalisation, tels que les \u00e9coles d\u2019\u00e9t\u00e9; les missions d\u2019information des services RI, notamment la veille strat\u00e9gique; la digitalisation comme outil d\u2019internationalisation.<\/p>\n<p>Une session <em>\u00abMon projet d\u2019internationalisation en 180 secondes\u00bb<\/em> sera \u00e9galement organis\u00e9e et permettra aux participants de pr\u00e9senter des pratiques, actions et projets innovants d\u00e9velopp\u00e9s au sein de leur institution.<\/p>\n<p>Le s\u00e9minaire se veut un espace de dialogue et privil\u00e9giera une approche participative et innovante favorisant les \u00e9changes de bonnes pratiques de m\u00eame que le r\u00e9seautage.<\/p>\n<p>En conservant le format des \u00e9ditions pr\u00e9c\u00e9dentes il s\u2019adresse prioritairement aux responsables administratifs des relations internationales des universit\u00e9s et rassemblera une soixantaine de participants avec 1 ou 2 repr\u00e9sentants maximum du m\u00eame \u00e9tablissement afin de conserver la diversit\u00e9 institutionnelle qui caract\u00e9rise l\u2019\u00e9v\u00e9nement.<\/p>\n<p><em><strong>Source<\/strong><\/em> : communiqu\u00e9.<\/p>\n","protected":false},"excerpt":{"rendered":"<p>L\u2019Universit\u00e9 de La Manouba (UMA) organise le 4e s\u00e9minaire sur l\u2019internationalisation des institutions d\u2019enseignement sup\u00e9rieur francophones les 11 et 12 f\u00e9vrier 2019 \u00e0 la Facult\u00e9 des lettres, des arts et des humanit\u00e9s de La Manouba (Flahm).<\/p>\n","protected":false},"author":8,"featured_media":197473,"comment_status":"open","ping_status":"open","sticky":false,"template":"","format":"standard","meta":{"footnotes":""},"categories":[994,2433],"tags":[2052,35691],"class_list":["post-197472","post","type-post","status-publish","format-standard","has-post-thumbnail","hentry","category-culture","category-tunisie","tag-enseignement-superieur","tag-universite-de-la-manouba"],"yoast_head":"<!-- This site is optimized with the Yoast SEO plugin v26.6 - https:\/\/yoast.com\/wordpress\/plugins\/seo\/ -->\n<title>S\u00e9minaire \u00e0 Tunis : Internationalisation de l\u2019enseignement sup\u00e9rieur francophone - Kapitalis<\/title>\n<meta name=\"robots\" content=\"index, follow, max-snippet:-1, max-image-preview:large, max-video-preview:-1\" \/>\n<link rel=\"canonical\" href=\"https:\/\/kapitalis.com\/tunisie\/2019\/02\/10\/seminaire-a-tunis-internationalisation-de-lenseignement-superieur-francophone\/\" \/>\n<meta property=\"og:locale\" content=\"fr_FR\" \/>\n<meta property=\"og:type\" content=\"article\" \/>\n<meta property=\"og:title\" content=\"S\u00e9minaire \u00e0 Tunis : Internationalisation de l\u2019enseignement sup\u00e9rieur francophone - Kapitalis\" \/>\n<meta property=\"og:description\" content=\"L\u2019Universit\u00e9 de La Manouba (UMA) organise le 4e s\u00e9minaire sur l\u2019internationalisation des institutions d\u2019enseignement sup\u00e9rieur francophones les 11 et 12 f\u00e9vrier 2019 \u00e0 la Facult\u00e9 des lettres, des arts et des humanit\u00e9s de La Manouba (Flahm).\" \/>\n<meta property=\"og:url\" content=\"https:\/\/kapitalis.com\/tunisie\/2019\/02\/10\/seminaire-a-tunis-internationalisation-de-lenseignement-superieur-francophone\/\" \/>\n<meta property=\"og:site_name\" content=\"Kapitalis\" \/>\n<meta property=\"article:publisher\" content=\"https:\/\/www.facebook.com\/KapitalisInfo\/\" \/>\n<meta property=\"article:published_time\" content=\"2019-02-10T12:28:35+00:00\" \/>\n<meta property=\"og:image\" content=\"https:\/\/kapitalis.com\/tunisie\/wp-content\/uploads\/2022\/05\/kapitalis-logo-fb.png\" \/>\n\t<meta property=\"og:image:width\" content=\"1200\" \/>\n\t<meta property=\"og:image:height\" content=\"630\" \/>\n\t<meta property=\"og:image:type\" content=\"image\/png\" \/>\n<meta name=\"author\" content=\"webmaster kapitalis\" \/>\n<meta name=\"twitter:card\" content=\"summary_large_image\" \/>\n<meta name=\"twitter:creator\" content=\"@KapitalisInfo\" \/>\n<meta name=\"twitter:site\" content=\"@KapitalisInfo\" \/>\n<meta name=\"twitter:label1\" content=\"\u00c9crit par\" \/>\n\t<meta name=\"twitter:data1\" content=\"webmaster kapitalis\" \/>\n\t<meta name=\"twitter:label2\" content=\"Dur\u00e9e de lecture estim\u00e9e\" \/>\n\t<meta name=\"twitter:data2\" content=\"2 minutes\" \/>\n<script type=\"application\/ld+json\" class=\"yoast-schema-graph\">{\"@context\":\"https:\/\/schema.org\",\"@graph\":[{\"@type\":\"Article\",\"@id\":\"https:\/\/kapitalis.com\/tunisie\/2019\/02\/10\/seminaire-a-tunis-internationalisation-de-lenseignement-superieur-francophone\/#article\",\"isPartOf\":{\"@id\":\"https:\/\/kapitalis.com\/tunisie\/2019\/02\/10\/seminaire-a-tunis-internationalisation-de-lenseignement-superieur-francophone\/\"},\"author\":{\"name\":\"webmaster kapitalis\",\"@id\":\"https:\/\/kapitalis.com\/tunisie\/#\/schema\/person\/d71f33a9ca44f7bad4698210b480c8e9\"},\"headline\":\"S\u00e9minaire \u00e0 Tunis : Internationalisation de l\u2019enseignement sup\u00e9rieur francophone\",\"datePublished\":\"2019-02-10T12:28:35+00:00\",\"mainEntityOfPage\":{\"@id\":\"https:\/\/kapitalis.com\/tunisie\/2019\/02\/10\/seminaire-a-tunis-internationalisation-de-lenseignement-superieur-francophone\/\"},\"wordCount\":447,\"commentCount\":0,\"publisher\":{\"@id\":\"https:\/\/kapitalis.com\/tunisie\/#organization\"},\"image\":{\"@id\":\"https:\/\/kapitalis.com\/tunisie\/2019\/02\/10\/seminaire-a-tunis-internationalisation-de-lenseignement-superieur-francophone\/#primaryimage\"},\"thumbnailUrl\":\"\",\"keywords\":[\"enseignement sup\u00e9rieur\",\"Universit\u00e9 de la Manouba\"],\"articleSection\":[\"CULTURE\",\"Tunisie\"],\"inLanguage\":\"fr-FR\",\"potentialAction\":[{\"@type\":\"CommentAction\",\"name\":\"Comment\",\"target\":[\"https:\/\/kapitalis.com\/tunisie\/2019\/02\/10\/seminaire-a-tunis-internationalisation-de-lenseignement-superieur-francophone\/#respond\"]}]},{\"@type\":\"WebPage\",\"@id\":\"https:\/\/kapitalis.com\/tunisie\/2019\/02\/10\/seminaire-a-tunis-internationalisation-de-lenseignement-superieur-francophone\/\",\"url\":\"https:\/\/kapitalis.com\/tunisie\/2019\/02\/10\/seminaire-a-tunis-internationalisation-de-lenseignement-superieur-francophone\/\",\"name\":\"S\u00e9minaire \u00e0 Tunis : Internationalisation de l\u2019enseignement sup\u00e9rieur francophone - Kapitalis\",\"isPartOf\":{\"@id\":\"https:\/\/kapitalis.com\/tunisie\/#website\"},\"primaryImageOfPage\":{\"@id\":\"https:\/\/kapitalis.com\/tunisie\/2019\/02\/10\/seminaire-a-tunis-internationalisation-de-lenseignement-superieur-francophone\/#primaryimage\"},\"image\":{\"@id\":\"https:\/\/kapitalis.com\/tunisie\/2019\/02\/10\/seminaire-a-tunis-internationalisation-de-lenseignement-superieur-francophone\/#primaryimage\"},\"thumbnailUrl\":\"\",\"datePublished\":\"2019-02-10T12:28:35+00:00\",\"breadcrumb\":{\"@id\":\"https:\/\/kapitalis.com\/tunisie\/2019\/02\/10\/seminaire-a-tunis-internationalisation-de-lenseignement-superieur-francophone\/#breadcrumb\"},\"inLanguage\":\"fr-FR\",\"potentialAction\":[{\"@type\":\"ReadAction\",\"target\":[\"https:\/\/kapitalis.com\/tunisie\/2019\/02\/10\/seminaire-a-tunis-internationalisation-de-lenseignement-superieur-francophone\/\"]}]},{\"@type\":\"ImageObject\",\"inLanguage\":\"fr-FR\",\"@id\":\"https:\/\/kapitalis.com\/tunisie\/2019\/02\/10\/seminaire-a-tunis-internationalisation-de-lenseignement-superieur-francophone\/#primaryimage\",\"url\":\"\",\"contentUrl\":\"\"},{\"@type\":\"BreadcrumbList\",\"@id\":\"https:\/\/kapitalis.com\/tunisie\/2019\/02\/10\/seminaire-a-tunis-internationalisation-de-lenseignement-superieur-francophone\/#breadcrumb\",\"itemListElement\":[{\"@type\":\"ListItem\",\"position\":1,\"name\":\"Accueil\",\"item\":\"https:\/\/kapitalis.com\/tunisie\/\"},{\"@type\":\"ListItem\",\"position\":2,\"name\":\"S\u00e9minaire \u00e0 Tunis : Internationalisation de l\u2019enseignement sup\u00e9rieur francophone\"}]},{\"@type\":\"WebSite\",\"@id\":\"https:\/\/kapitalis.com\/tunisie\/#website\",\"url\":\"https:\/\/kapitalis.com\/tunisie\/\",\"name\":\"Kapitalis\",\"description\":\"L&#039;actualit\u00e9 en Tunisie et dans le monde\",\"publisher\":{\"@id\":\"https:\/\/kapitalis.com\/tunisie\/#organization\"},\"potentialAction\":[{\"@type\":\"SearchAction\",\"target\":{\"@type\":\"EntryPoint\",\"urlTemplate\":\"https:\/\/kapitalis.com\/tunisie\/?s={search_term_string}\"},\"query-input\":{\"@type\":\"PropertyValueSpecification\",\"valueRequired\":true,\"valueName\":\"search_term_string\"}}],\"inLanguage\":\"fr-FR\"},{\"@type\":\"Organization\",\"@id\":\"https:\/\/kapitalis.com\/tunisie\/#organization\",\"name\":\"Kapitalis\",\"url\":\"https:\/\/kapitalis.com\/tunisie\/\",\"logo\":{\"@type\":\"ImageObject\",\"inLanguage\":\"fr-FR\",\"@id\":\"https:\/\/kapitalis.com\/tunisie\/#\/schema\/logo\/image\/\",\"url\":\"https:\/\/kapitalis.com\/tunisie\/wp-content\/uploads\/2022\/05\/Kapitalis-big-size.png\",\"contentUrl\":\"https:\/\/kapitalis.com\/tunisie\/wp-content\/uploads\/2022\/05\/Kapitalis-big-size.png\",\"width\":5000,\"height\":1500,\"caption\":\"Kapitalis\"},\"image\":{\"@id\":\"https:\/\/kapitalis.com\/tunisie\/#\/schema\/logo\/image\/\"},\"sameAs\":[\"https:\/\/www.facebook.com\/KapitalisInfo\/\",\"https:\/\/x.com\/KapitalisInfo\",\"https:\/\/www.youtube.com\/channel\/UC-yDYrHyfFBWWZaOw3FPg9Q\"]},{\"@type\":\"Person\",\"@id\":\"https:\/\/kapitalis.com\/tunisie\/#\/schema\/person\/d71f33a9ca44f7bad4698210b480c8e9\",\"name\":\"webmaster kapitalis\",\"url\":\"https:\/\/kapitalis.com\/tunisie\/author\/webmaster-kapitalis\/\"}]}<\/script>\n<!-- \/ Yoast SEO plugin. -->","yoast_head_json":{"title":"S\u00e9minaire \u00e0 Tunis : Internationalisation de l\u2019enseignement sup\u00e9rieur francophone - Kapitalis","robots":{"index":"index","follow":"follow","max-snippet":"max-snippet:-1","max-image-preview":"max-image-preview:large","max-video-preview":"max-video-preview:-1"},"canonical":"https:\/\/kapitalis.com\/tunisie\/2019\/02\/10\/seminaire-a-tunis-internationalisation-de-lenseignement-superieur-francophone\/","og_locale":"fr_FR","og_type":"article","og_title":"S\u00e9minaire \u00e0 Tunis : Internationalisation de l\u2019enseignement sup\u00e9rieur francophone - Kapitalis","og_description":"L\u2019Universit\u00e9 de La Manouba (UMA) organise le 4e s\u00e9minaire sur l\u2019internationalisation des institutions d\u2019enseignement sup\u00e9rieur francophones les 11 et 12 f\u00e9vrier 2019 \u00e0 la Facult\u00e9 des lettres, des arts et des humanit\u00e9s de La Manouba (Flahm).","og_url":"https:\/\/kapitalis.com\/tunisie\/2019\/02\/10\/seminaire-a-tunis-internationalisation-de-lenseignement-superieur-francophone\/","og_site_name":"Kapitalis","article_publisher":"https:\/\/www.facebook.com\/KapitalisInfo\/","article_published_time":"2019-02-10T12:28:35+00:00","og_image":[{"width":1200,"height":630,"url":"https:\/\/kapitalis.com\/tunisie\/wp-content\/uploads\/2022\/05\/kapitalis-logo-fb.png","type":"image\/png"}],"author":"webmaster kapitalis","twitter_card":"summary_large_image","twitter_creator":"@KapitalisInfo","twitter_site":"@KapitalisInfo","twitter_misc":{"\u00c9crit par":"webmaster kapitalis","Dur\u00e9e de lecture estim\u00e9e":"2 minutes"},"schema":{"@context":"https:\/\/schema.org","@graph":[{"@type":"Article","@id":"https:\/\/kapitalis.com\/tunisie\/2019\/02\/10\/seminaire-a-tunis-internationalisation-de-lenseignement-superieur-francophone\/#article","isPartOf":{"@id":"https:\/\/kapitalis.com\/tunisie\/2019\/02\/10\/seminaire-a-tunis-internationalisation-de-lenseignement-superieur-francophone\/"},"author":{"name":"webmaster kapitalis","@id":"https:\/\/kapitalis.com\/tunisie\/#\/schema\/person\/d71f33a9ca44f7bad4698210b480c8e9"},"headline":"S\u00e9minaire \u00e0 Tunis : Internationalisation de l\u2019enseignement sup\u00e9rieur francophone","datePublished":"2019-02-10T12:28:35+00:00","mainEntityOfPage":{"@id":"https:\/\/kapitalis.com\/tunisie\/2019\/02\/10\/seminaire-a-tunis-internationalisation-de-lenseignement-superieur-francophone\/"},"wordCount":447,"commentCount":0,"publisher":{"@id":"https:\/\/kapitalis.com\/tunisie\/#organization"},"image":{"@id":"https:\/\/kapitalis.com\/tunisie\/2019\/02\/10\/seminaire-a-tunis-internationalisation-de-lenseignement-superieur-francophone\/#primaryimage"},"thumbnailUrl":"","keywords":["enseignement sup\u00e9rieur","Universit\u00e9 de la Manouba"],"articleSection":["CULTURE","Tunisie"],"inLanguage":"fr-FR","potentialAction":[{"@type":"CommentAction","name":"Comment","target":["https:\/\/kapitalis.com\/tunisie\/2019\/02\/10\/seminaire-a-tunis-internationalisation-de-lenseignement-superieur-francophone\/#respond"]}]},{"@type":"WebPage","@id":"https:\/\/kapitalis.com\/tunisie\/2019\/02\/10\/seminaire-a-tunis-internationalisation-de-lenseignement-superieur-francophone\/","url":"https:\/\/kapitalis.com\/tunisie\/2019\/02\/10\/seminaire-a-tunis-internationalisation-de-lenseignement-superieur-francophone\/","name":"S\u00e9minaire \u00e0 Tunis : Internationalisation de l\u2019enseignement sup\u00e9rieur francophone - Kapitalis","isPartOf":{"@id":"https:\/\/kapitalis.com\/tunisie\/#website"},"primaryImageOfPage":{"@id":"https:\/\/kapitalis.com\/tunisie\/2019\/02\/10\/seminaire-a-tunis-internationalisation-de-lenseignement-superieur-francophone\/#primaryimage"},"image":{"@id":"https:\/\/kapitalis.com\/tunisie\/2019\/02\/10\/seminaire-a-tunis-internationalisation-de-lenseignement-superieur-francophone\/#primaryimage"},"thumbnailUrl":"","datePublished":"2019-02-10T12:28:35+00:00","breadcrumb":{"@id":"https:\/\/kapitalis.com\/tunisie\/2019\/02\/10\/seminaire-a-tunis-internationalisation-de-lenseignement-superieur-francophone\/#breadcrumb"},"inLanguage":"fr-FR","potentialAction":[{"@type":"ReadAction","target":["https:\/\/kapitalis.com\/tunisie\/2019\/02\/10\/seminaire-a-tunis-internationalisation-de-lenseignement-superieur-francophone\/"]}]},{"@type":"ImageObject","inLanguage":"fr-FR","@id":"https:\/\/kapitalis.com\/tunisie\/2019\/02\/10\/seminaire-a-tunis-internationalisation-de-lenseignement-superieur-francophone\/#primaryimage","url":"","contentUrl":""},{"@type":"BreadcrumbList","@id":"https:\/\/kapitalis.com\/tunisie\/2019\/02\/10\/seminaire-a-tunis-internationalisation-de-lenseignement-superieur-francophone\/#breadcrumb","itemListElement":[{"@type":"ListItem","position":1,"name":"Accueil","item":"https:\/\/kapitalis.com\/tunisie\/"},{"@type":"ListItem","position":2,"name":"S\u00e9minaire \u00e0 Tunis : Internationalisation de l\u2019enseignement sup\u00e9rieur francophone"}]},{"@type":"WebSite","@id":"https:\/\/kapitalis.com\/tunisie\/#website","url":"https:\/\/kapitalis.com\/tunisie\/","name":"Kapitalis","description":"L&#039;actualit\u00e9 en Tunisie et dans le monde","publisher":{"@id":"https:\/\/kapitalis.com\/tunisie\/#organization"},"potentialAction":[{"@type":"SearchAction","target":{"@type":"EntryPoint","urlTemplate":"https:\/\/kapitalis.com\/tunisie\/?s={search_term_string}"},"query-input":{"@type":"PropertyValueSpecification","valueRequired":true,"valueName":"search_term_string"}}],"inLanguage":"fr-FR"},{"@type":"Organization","@id":"https:\/\/kapitalis.com\/tunisie\/#organization","name":"Kapitalis","url":"https:\/\/kapitalis.com\/tunisie\/","logo":{"@type":"ImageObject","inLanguage":"fr-FR","@id":"https:\/\/kapitalis.com\/tunisie\/#\/schema\/logo\/image\/","url":"https:\/\/kapitalis.com\/tunisie\/wp-content\/uploads\/2022\/05\/Kapitalis-big-size.png","contentUrl":"https:\/\/kapitalis.com\/tunisie\/wp-content\/uploads\/2022\/05\/Kapitalis-big-size.png","width":5000,"height":1500,"caption":"Kapitalis"},"image":{"@id":"https:\/\/kapitalis.com\/tunisie\/#\/schema\/logo\/image\/"},"sameAs":["https:\/\/www.facebook.com\/KapitalisInfo\/","https:\/\/x.com\/KapitalisInfo","https:\/\/www.youtube.com\/channel\/UC-yDYrHyfFBWWZaOw3FPg9Q"]},{"@type":"Person","@id":"https:\/\/kapitalis.com\/tunisie\/#\/schema\/person\/d71f33a9ca44f7bad4698210b480c8e9","name":"webmaster kapitalis","url":"https:\/\/kapitalis.com\/tunisie\/author\/webmaster-kapitalis\/"}]}},"_links":{"self":[{"href":"https:\/\/kapitalis.com\/tunisie\/wp-json\/wp\/v2\/posts\/197472","targetHints":{"allow":["GET"]}}],"collection":[{"href":"https:\/\/kapitalis.com\/tunisie\/wp-json\/wp\/v2\/posts"}],"about":[{"href":"https:\/\/kapitalis.com\/tunisie\/wp-json\/wp\/v2\/types\/post"}],"author":[{"embeddable":true,"href":"https:\/\/kapitalis.com\/tunisie\/wp-json\/wp\/v2\/users\/8"}],"replies":[{"embeddable":true,"href":"https:\/\/kapitalis.com\/tunisie\/wp-json\/wp\/v2\/comments?post=197472"}],"version-history":[{"count":0,"href":"https:\/\/kapitalis.com\/tunisie\/wp-json\/wp\/v2\/posts\/197472\/revisions"}],"wp:featuredmedia":[{"embeddable":true,"href":"https:\/\/kapitalis.com\/tunisie\/wp-json\/wp\/v2\/media\/197473"}],"wp:attachment":[{"href":"https:\/\/kapitalis.com\/tunisie\/wp-json\/wp\/v2\/media?parent=197472"}],"wp:term":[{"taxonomy":"category","embeddable":true,"href":"https:\/\/kapitalis.com\/tunisie\/wp-json\/wp\/v2\/categories?post=197472"},{"taxonomy":"post_tag","embeddable":true,"href":"https:\/\/kapitalis.com\/tunisie\/wp-json\/wp\/v2\/tags?post=197472"}],"curies":[{"name":"wp","href":"https:\/\/api.w.org\/{rel}","templated":true}]}}