{"id":197628,"date":"2019-02-11T17:08:01","date_gmt":"2019-02-11T16:08:01","guid":{"rendered":"http:\/\/kapitalis.com\/tunisie\/?p=197628"},"modified":"2019-02-11T17:08:01","modified_gmt":"2019-02-11T16:08:01","slug":"investissement-le-casse-tete-des-cahiers-des-charges-non-encore-mis-en-oeuvre","status":"publish","type":"post","link":"https:\/\/kapitalis.com\/tunisie\/2019\/02\/11\/investissement-le-casse-tete-des-cahiers-des-charges-non-encore-mis-en-oeuvre\/","title":{"rendered":"Investissement : Le casse-t\u00eate des cahiers des charges non encore mis en \u0153uvre"},"content":{"rendered":"<p style=\"text-align: center;\"><img loading=\"lazy\" decoding=\"async\" class=\"alignnone size-full wp-image-171695\" src=\"http:\/\/kapitalis.com\/tunisie\/wp-content\/uploads\/2018\/08\/Administration-fonctionnaire.jpg\" alt=\"\" width=\"626\" height=\"380\" \/><\/p>\n<p><em><strong>Depuis la publication du d\u00e9cret n\u00b0 417 du 11 mai 2018 stipulant que des cahiers des charges remplaceront les agr\u00e9ments dans plusieurs activit\u00e9s et que le d\u00e9lai est de 6 mois \u00e0 partir de la publication dudit d\u00e9cret, des investisseurs voient leurs projets bloqu\u00e9s.<\/strong> <\/em><\/p>\n<p><!--more--><\/p>\n<p>A bien lire le texte de l\u2019article du d\u00e9cret 417 du 11 mai 2018, les investisseurs et les promoteurs pouvaient avoir leurs agr\u00e9ments selon la formule habituelle et ce, jusqu\u2019au 11 novembre 2018. Or, l\u2019administration n\u2019applique que la premi\u00e8re phrase de l\u2019article 4 de ce d\u00e9cret.<\/p>\n<p>R\u00e9sultat : des investisseurs sont bloqu\u00e9s depuis le 11 mai 2018 et attendant leurs agr\u00e9ments pour investir, car, entre-temps et \u00e0 ce jour, aucun cahier des charges n\u2019est encore sorti sur le Journal officiel de la r\u00e9publique tunisienne (Jort).<\/p>\n<p>Commentaire ironique de l\u2019un d\u2019eux : <em>\u00abLes ennemies de la r\u00e9publique bloquent cette phase de transition car ils risquent de ne plus trouver leurs comptes avec la mise en \u0153uvre des fameux cahiers des charges\u00bb.<\/em><\/p>\n<p>Ces investisseurs et promoteurs demandent au chef du gouvernement d\u2019intervenir pour d\u00e9bloquer cette situation car le manque \u00e0 gagner et la perte d\u2019exploitation et d\u2019emplois des jeunes sont d\u2019une importance non n\u00e9gligeable.<\/p>\n<p style=\"text-align: right;\"><strong>I. B.<\/strong><\/p>\n","protected":false},"excerpt":{"rendered":"<p>Depuis la publication du d\u00e9cret n\u00b0 417 du 11 mai 2018 stipulant que des cahiers des charges remplaceront les agr\u00e9ments dans plusieurs activit\u00e9s et que le d\u00e9lai est de 6 mois \u00e0 partir de la publication dudit d\u00e9cret, des investisseurs voient leurs projets bloqu\u00e9s.<\/p>\n","protected":false},"author":8,"featured_media":0,"comment_status":"open","ping_status":"open","sticky":false,"template":"","format":"standard","meta":{"footnotes":""},"categories":[995,2433],"tags":[1360,6048],"class_list":["post-197628","post","type-post","status-publish","format-standard","hentry","category-economie","category-tunisie","tag-investisseurs","tag-promoteurs"],"yoast_head":"<!-- This site is optimized with the Yoast SEO plugin v26.6 - https:\/\/yoast.com\/wordpress\/plugins\/seo\/ -->\n<title>Investissement : Le casse-t\u00eate des cahiers des charges non encore mis en \u0153uvre - Kapitalis<\/title>\n<meta name=\"robots\" content=\"index, follow, max-snippet:-1, max-image-preview:large, max-video-preview:-1\" \/>\n<link rel=\"canonical\" href=\"https:\/\/kapitalis.com\/tunisie\/2019\/02\/11\/investissement-le-casse-tete-des-cahiers-des-charges-non-encore-mis-en-oeuvre\/\" \/>\n<meta property=\"og:locale\" content=\"fr_FR\" \/>\n<meta property=\"og:type\" content=\"article\" \/>\n<meta property=\"og:title\" content=\"Investissement : Le casse-t\u00eate des cahiers des charges non encore mis en \u0153uvre - Kapitalis\" \/>\n<meta property=\"og:description\" content=\"Depuis la publication du d\u00e9cret n\u00b0 417 du 11 mai 2018 stipulant que des cahiers des charges remplaceront les agr\u00e9ments dans plusieurs activit\u00e9s et que le d\u00e9lai est de 6 mois \u00e0 partir de la publication dudit d\u00e9cret, des investisseurs voient leurs projets bloqu\u00e9s.\" \/>\n<meta property=\"og:url\" content=\"https:\/\/kapitalis.com\/tunisie\/2019\/02\/11\/investissement-le-casse-tete-des-cahiers-des-charges-non-encore-mis-en-oeuvre\/\" \/>\n<meta property=\"og:site_name\" content=\"Kapitalis\" \/>\n<meta property=\"article:publisher\" content=\"https:\/\/www.facebook.com\/KapitalisInfo\/\" \/>\n<meta property=\"article:published_time\" content=\"2019-02-11T16:08:01+00:00\" \/>\n<meta property=\"og:image\" content=\"http:\/\/kapitalis.com\/tunisie\/wp-content\/uploads\/2018\/08\/Administration-fonctionnaire.jpg\" \/>\n<meta name=\"author\" content=\"webmaster kapitalis\" \/>\n<meta name=\"twitter:card\" content=\"summary_large_image\" \/>\n<meta name=\"twitter:creator\" content=\"@KapitalisInfo\" \/>\n<meta name=\"twitter:site\" content=\"@KapitalisInfo\" \/>\n<meta name=\"twitter:label1\" content=\"\u00c9crit par\" \/>\n\t<meta name=\"twitter:data1\" content=\"webmaster kapitalis\" \/>\n\t<meta name=\"twitter:label2\" content=\"Dur\u00e9e de lecture estim\u00e9e\" \/>\n\t<meta name=\"twitter:data2\" content=\"1 minute\" \/>\n<script type=\"application\/ld+json\" class=\"yoast-schema-graph\">{\"@context\":\"https:\/\/schema.org\",\"@graph\":[{\"@type\":\"Article\",\"@id\":\"https:\/\/kapitalis.com\/tunisie\/2019\/02\/11\/investissement-le-casse-tete-des-cahiers-des-charges-non-encore-mis-en-oeuvre\/#article\",\"isPartOf\":{\"@id\":\"https:\/\/kapitalis.com\/tunisie\/2019\/02\/11\/investissement-le-casse-tete-des-cahiers-des-charges-non-encore-mis-en-oeuvre\/\"},\"author\":{\"name\":\"webmaster kapitalis\",\"@id\":\"https:\/\/kapitalis.com\/tunisie\/#\/schema\/person\/d71f33a9ca44f7bad4698210b480c8e9\"},\"headline\":\"Investissement : Le casse-t\u00eate des cahiers des charges non encore mis en \u0153uvre\",\"datePublished\":\"2019-02-11T16:08:01+00:00\",\"mainEntityOfPage\":{\"@id\":\"https:\/\/kapitalis.com\/tunisie\/2019\/02\/11\/investissement-le-casse-tete-des-cahiers-des-charges-non-encore-mis-en-oeuvre\/\"},\"wordCount\":223,\"commentCount\":0,\"publisher\":{\"@id\":\"https:\/\/kapitalis.com\/tunisie\/#organization\"},\"image\":{\"@id\":\"https:\/\/kapitalis.com\/tunisie\/2019\/02\/11\/investissement-le-casse-tete-des-cahiers-des-charges-non-encore-mis-en-oeuvre\/#primaryimage\"},\"thumbnailUrl\":\"http:\/\/kapitalis.com\/tunisie\/wp-content\/uploads\/2018\/08\/Administration-fonctionnaire.jpg\",\"keywords\":[\"investisseurs\",\"promoteurs\"],\"articleSection\":[\"ECONOMIE\",\"Tunisie\"],\"inLanguage\":\"fr-FR\",\"potentialAction\":[{\"@type\":\"CommentAction\",\"name\":\"Comment\",\"target\":[\"https:\/\/kapitalis.com\/tunisie\/2019\/02\/11\/investissement-le-casse-tete-des-cahiers-des-charges-non-encore-mis-en-oeuvre\/#respond\"]}]},{\"@type\":\"WebPage\",\"@id\":\"https:\/\/kapitalis.com\/tunisie\/2019\/02\/11\/investissement-le-casse-tete-des-cahiers-des-charges-non-encore-mis-en-oeuvre\/\",\"url\":\"https:\/\/kapitalis.com\/tunisie\/2019\/02\/11\/investissement-le-casse-tete-des-cahiers-des-charges-non-encore-mis-en-oeuvre\/\",\"name\":\"Investissement : Le casse-t\u00eate des cahiers des charges non encore mis en \u0153uvre - Kapitalis\",\"isPartOf\":{\"@id\":\"https:\/\/kapitalis.com\/tunisie\/#website\"},\"primaryImageOfPage\":{\"@id\":\"https:\/\/kapitalis.com\/tunisie\/2019\/02\/11\/investissement-le-casse-tete-des-cahiers-des-charges-non-encore-mis-en-oeuvre\/#primaryimage\"},\"image\":{\"@id\":\"https:\/\/kapitalis.com\/tunisie\/2019\/02\/11\/investissement-le-casse-tete-des-cahiers-des-charges-non-encore-mis-en-oeuvre\/#primaryimage\"},\"thumbnailUrl\":\"http:\/\/kapitalis.com\/tunisie\/wp-content\/uploads\/2018\/08\/Administration-fonctionnaire.jpg\",\"datePublished\":\"2019-02-11T16:08:01+00:00\",\"breadcrumb\":{\"@id\":\"https:\/\/kapitalis.com\/tunisie\/2019\/02\/11\/investissement-le-casse-tete-des-cahiers-des-charges-non-encore-mis-en-oeuvre\/#breadcrumb\"},\"inLanguage\":\"fr-FR\",\"potentialAction\":[{\"@type\":\"ReadAction\",\"target\":[\"https:\/\/kapitalis.com\/tunisie\/2019\/02\/11\/investissement-le-casse-tete-des-cahiers-des-charges-non-encore-mis-en-oeuvre\/\"]}]},{\"@type\":\"ImageObject\",\"inLanguage\":\"fr-FR\",\"@id\":\"https:\/\/kapitalis.com\/tunisie\/2019\/02\/11\/investissement-le-casse-tete-des-cahiers-des-charges-non-encore-mis-en-oeuvre\/#primaryimage\",\"url\":\"http:\/\/kapitalis.com\/tunisie\/wp-content\/uploads\/2018\/08\/Administration-fonctionnaire.jpg\",\"contentUrl\":\"http:\/\/kapitalis.com\/tunisie\/wp-content\/uploads\/2018\/08\/Administration-fonctionnaire.jpg\"},{\"@type\":\"BreadcrumbList\",\"@id\":\"https:\/\/kapitalis.com\/tunisie\/2019\/02\/11\/investissement-le-casse-tete-des-cahiers-des-charges-non-encore-mis-en-oeuvre\/#breadcrumb\",\"itemListElement\":[{\"@type\":\"ListItem\",\"position\":1,\"name\":\"Accueil\",\"item\":\"https:\/\/kapitalis.com\/tunisie\/\"},{\"@type\":\"ListItem\",\"position\":2,\"name\":\"Investissement : Le casse-t\u00eate des cahiers des charges non encore mis en \u0153uvre\"}]},{\"@type\":\"WebSite\",\"@id\":\"https:\/\/kapitalis.com\/tunisie\/#website\",\"url\":\"https:\/\/kapitalis.com\/tunisie\/\",\"name\":\"Kapitalis\",\"description\":\"L&#039;actualit\u00e9 en Tunisie et dans le monde\",\"publisher\":{\"@id\":\"https:\/\/kapitalis.com\/tunisie\/#organization\"},\"potentialAction\":[{\"@type\":\"SearchAction\",\"target\":{\"@type\":\"EntryPoint\",\"urlTemplate\":\"https:\/\/kapitalis.com\/tunisie\/?s={search_term_string}\"},\"query-input\":{\"@type\":\"PropertyValueSpecification\",\"valueRequired\":true,\"valueName\":\"search_term_string\"}}],\"inLanguage\":\"fr-FR\"},{\"@type\":\"Organization\",\"@id\":\"https:\/\/kapitalis.com\/tunisie\/#organization\",\"name\":\"Kapitalis\",\"url\":\"https:\/\/kapitalis.com\/tunisie\/\",\"logo\":{\"@type\":\"ImageObject\",\"inLanguage\":\"fr-FR\",\"@id\":\"https:\/\/kapitalis.com\/tunisie\/#\/schema\/logo\/image\/\",\"url\":\"https:\/\/kapitalis.com\/tunisie\/wp-content\/uploads\/2022\/05\/Kapitalis-big-size.png\",\"contentUrl\":\"https:\/\/kapitalis.com\/tunisie\/wp-content\/uploads\/2022\/05\/Kapitalis-big-size.png\",\"width\":5000,\"height\":1500,\"caption\":\"Kapitalis\"},\"image\":{\"@id\":\"https:\/\/kapitalis.com\/tunisie\/#\/schema\/logo\/image\/\"},\"sameAs\":[\"https:\/\/www.facebook.com\/KapitalisInfo\/\",\"https:\/\/x.com\/KapitalisInfo\",\"https:\/\/www.youtube.com\/channel\/UC-yDYrHyfFBWWZaOw3FPg9Q\"]},{\"@type\":\"Person\",\"@id\":\"https:\/\/kapitalis.com\/tunisie\/#\/schema\/person\/d71f33a9ca44f7bad4698210b480c8e9\",\"name\":\"webmaster kapitalis\",\"url\":\"https:\/\/kapitalis.com\/tunisie\/author\/webmaster-kapitalis\/\"}]}<\/script>\n<!-- \/ Yoast SEO plugin. -->","yoast_head_json":{"title":"Investissement : Le casse-t\u00eate des cahiers des charges non encore mis en \u0153uvre - Kapitalis","robots":{"index":"index","follow":"follow","max-snippet":"max-snippet:-1","max-image-preview":"max-image-preview:large","max-video-preview":"max-video-preview:-1"},"canonical":"https:\/\/kapitalis.com\/tunisie\/2019\/02\/11\/investissement-le-casse-tete-des-cahiers-des-charges-non-encore-mis-en-oeuvre\/","og_locale":"fr_FR","og_type":"article","og_title":"Investissement : Le casse-t\u00eate des cahiers des charges non encore mis en \u0153uvre - Kapitalis","og_description":"Depuis la publication du d\u00e9cret n\u00b0 417 du 11 mai 2018 stipulant que des cahiers des charges remplaceront les agr\u00e9ments dans plusieurs activit\u00e9s et que le d\u00e9lai est de 6 mois \u00e0 partir de la publication dudit d\u00e9cret, des investisseurs voient leurs projets bloqu\u00e9s.","og_url":"https:\/\/kapitalis.com\/tunisie\/2019\/02\/11\/investissement-le-casse-tete-des-cahiers-des-charges-non-encore-mis-en-oeuvre\/","og_site_name":"Kapitalis","article_publisher":"https:\/\/www.facebook.com\/KapitalisInfo\/","article_published_time":"2019-02-11T16:08:01+00:00","og_image":[{"url":"http:\/\/kapitalis.com\/tunisie\/wp-content\/uploads\/2018\/08\/Administration-fonctionnaire.jpg","type":"","width":"","height":""}],"author":"webmaster kapitalis","twitter_card":"summary_large_image","twitter_creator":"@KapitalisInfo","twitter_site":"@KapitalisInfo","twitter_misc":{"\u00c9crit par":"webmaster kapitalis","Dur\u00e9e de lecture estim\u00e9e":"1 minute"},"schema":{"@context":"https:\/\/schema.org","@graph":[{"@type":"Article","@id":"https:\/\/kapitalis.com\/tunisie\/2019\/02\/11\/investissement-le-casse-tete-des-cahiers-des-charges-non-encore-mis-en-oeuvre\/#article","isPartOf":{"@id":"https:\/\/kapitalis.com\/tunisie\/2019\/02\/11\/investissement-le-casse-tete-des-cahiers-des-charges-non-encore-mis-en-oeuvre\/"},"author":{"name":"webmaster kapitalis","@id":"https:\/\/kapitalis.com\/tunisie\/#\/schema\/person\/d71f33a9ca44f7bad4698210b480c8e9"},"headline":"Investissement : Le casse-t\u00eate des cahiers des charges non encore mis en \u0153uvre","datePublished":"2019-02-11T16:08:01+00:00","mainEntityOfPage":{"@id":"https:\/\/kapitalis.com\/tunisie\/2019\/02\/11\/investissement-le-casse-tete-des-cahiers-des-charges-non-encore-mis-en-oeuvre\/"},"wordCount":223,"commentCount":0,"publisher":{"@id":"https:\/\/kapitalis.com\/tunisie\/#organization"},"image":{"@id":"https:\/\/kapitalis.com\/tunisie\/2019\/02\/11\/investissement-le-casse-tete-des-cahiers-des-charges-non-encore-mis-en-oeuvre\/#primaryimage"},"thumbnailUrl":"http:\/\/kapitalis.com\/tunisie\/wp-content\/uploads\/2018\/08\/Administration-fonctionnaire.jpg","keywords":["investisseurs","promoteurs"],"articleSection":["ECONOMIE","Tunisie"],"inLanguage":"fr-FR","potentialAction":[{"@type":"CommentAction","name":"Comment","target":["https:\/\/kapitalis.com\/tunisie\/2019\/02\/11\/investissement-le-casse-tete-des-cahiers-des-charges-non-encore-mis-en-oeuvre\/#respond"]}]},{"@type":"WebPage","@id":"https:\/\/kapitalis.com\/tunisie\/2019\/02\/11\/investissement-le-casse-tete-des-cahiers-des-charges-non-encore-mis-en-oeuvre\/","url":"https:\/\/kapitalis.com\/tunisie\/2019\/02\/11\/investissement-le-casse-tete-des-cahiers-des-charges-non-encore-mis-en-oeuvre\/","name":"Investissement : Le casse-t\u00eate des cahiers des charges non encore mis en \u0153uvre - Kapitalis","isPartOf":{"@id":"https:\/\/kapitalis.com\/tunisie\/#website"},"primaryImageOfPage":{"@id":"https:\/\/kapitalis.com\/tunisie\/2019\/02\/11\/investissement-le-casse-tete-des-cahiers-des-charges-non-encore-mis-en-oeuvre\/#primaryimage"},"image":{"@id":"https:\/\/kapitalis.com\/tunisie\/2019\/02\/11\/investissement-le-casse-tete-des-cahiers-des-charges-non-encore-mis-en-oeuvre\/#primaryimage"},"thumbnailUrl":"http:\/\/kapitalis.com\/tunisie\/wp-content\/uploads\/2018\/08\/Administration-fonctionnaire.jpg","datePublished":"2019-02-11T16:08:01+00:00","breadcrumb":{"@id":"https:\/\/kapitalis.com\/tunisie\/2019\/02\/11\/investissement-le-casse-tete-des-cahiers-des-charges-non-encore-mis-en-oeuvre\/#breadcrumb"},"inLanguage":"fr-FR","potentialAction":[{"@type":"ReadAction","target":["https:\/\/kapitalis.com\/tunisie\/2019\/02\/11\/investissement-le-casse-tete-des-cahiers-des-charges-non-encore-mis-en-oeuvre\/"]}]},{"@type":"ImageObject","inLanguage":"fr-FR","@id":"https:\/\/kapitalis.com\/tunisie\/2019\/02\/11\/investissement-le-casse-tete-des-cahiers-des-charges-non-encore-mis-en-oeuvre\/#primaryimage","url":"http:\/\/kapitalis.com\/tunisie\/wp-content\/uploads\/2018\/08\/Administration-fonctionnaire.jpg","contentUrl":"http:\/\/kapitalis.com\/tunisie\/wp-content\/uploads\/2018\/08\/Administration-fonctionnaire.jpg"},{"@type":"BreadcrumbList","@id":"https:\/\/kapitalis.com\/tunisie\/2019\/02\/11\/investissement-le-casse-tete-des-cahiers-des-charges-non-encore-mis-en-oeuvre\/#breadcrumb","itemListElement":[{"@type":"ListItem","position":1,"name":"Accueil","item":"https:\/\/kapitalis.com\/tunisie\/"},{"@type":"ListItem","position":2,"name":"Investissement : Le casse-t\u00eate des cahiers des charges non encore mis en \u0153uvre"}]},{"@type":"WebSite","@id":"https:\/\/kapitalis.com\/tunisie\/#website","url":"https:\/\/kapitalis.com\/tunisie\/","name":"Kapitalis","description":"L&#039;actualit\u00e9 en Tunisie et dans le monde","publisher":{"@id":"https:\/\/kapitalis.com\/tunisie\/#organization"},"potentialAction":[{"@type":"SearchAction","target":{"@type":"EntryPoint","urlTemplate":"https:\/\/kapitalis.com\/tunisie\/?s={search_term_string}"},"query-input":{"@type":"PropertyValueSpecification","valueRequired":true,"valueName":"search_term_string"}}],"inLanguage":"fr-FR"},{"@type":"Organization","@id":"https:\/\/kapitalis.com\/tunisie\/#organization","name":"Kapitalis","url":"https:\/\/kapitalis.com\/tunisie\/","logo":{"@type":"ImageObject","inLanguage":"fr-FR","@id":"https:\/\/kapitalis.com\/tunisie\/#\/schema\/logo\/image\/","url":"https:\/\/kapitalis.com\/tunisie\/wp-content\/uploads\/2022\/05\/Kapitalis-big-size.png","contentUrl":"https:\/\/kapitalis.com\/tunisie\/wp-content\/uploads\/2022\/05\/Kapitalis-big-size.png","width":5000,"height":1500,"caption":"Kapitalis"},"image":{"@id":"https:\/\/kapitalis.com\/tunisie\/#\/schema\/logo\/image\/"},"sameAs":["https:\/\/www.facebook.com\/KapitalisInfo\/","https:\/\/x.com\/KapitalisInfo","https:\/\/www.youtube.com\/channel\/UC-yDYrHyfFBWWZaOw3FPg9Q"]},{"@type":"Person","@id":"https:\/\/kapitalis.com\/tunisie\/#\/schema\/person\/d71f33a9ca44f7bad4698210b480c8e9","name":"webmaster kapitalis","url":"https:\/\/kapitalis.com\/tunisie\/author\/webmaster-kapitalis\/"}]}},"_links":{"self":[{"href":"https:\/\/kapitalis.com\/tunisie\/wp-json\/wp\/v2\/posts\/197628","targetHints":{"allow":["GET"]}}],"collection":[{"href":"https:\/\/kapitalis.com\/tunisie\/wp-json\/wp\/v2\/posts"}],"about":[{"href":"https:\/\/kapitalis.com\/tunisie\/wp-json\/wp\/v2\/types\/post"}],"author":[{"embeddable":true,"href":"https:\/\/kapitalis.com\/tunisie\/wp-json\/wp\/v2\/users\/8"}],"replies":[{"embeddable":true,"href":"https:\/\/kapitalis.com\/tunisie\/wp-json\/wp\/v2\/comments?post=197628"}],"version-history":[{"count":0,"href":"https:\/\/kapitalis.com\/tunisie\/wp-json\/wp\/v2\/posts\/197628\/revisions"}],"wp:attachment":[{"href":"https:\/\/kapitalis.com\/tunisie\/wp-json\/wp\/v2\/media?parent=197628"}],"wp:term":[{"taxonomy":"category","embeddable":true,"href":"https:\/\/kapitalis.com\/tunisie\/wp-json\/wp\/v2\/categories?post=197628"},{"taxonomy":"post_tag","embeddable":true,"href":"https:\/\/kapitalis.com\/tunisie\/wp-json\/wp\/v2\/tags?post=197628"}],"curies":[{"name":"wp","href":"https:\/\/api.w.org\/{rel}","templated":true}]}}