{"id":197806,"date":"2019-02-12T17:33:23","date_gmt":"2019-02-12T16:33:23","guid":{"rendered":"http:\/\/kapitalis.com\/tunisie\/?p=197806"},"modified":"2019-02-12T17:39:01","modified_gmt":"2019-02-12T16:39:01","slug":"medenine-fermeture-dun-centre-coranique-a-ben-guerdane","status":"publish","type":"post","link":"https:\/\/kapitalis.com\/tunisie\/2019\/02\/12\/medenine-fermeture-dun-centre-coranique-a-ben-guerdane\/","title":{"rendered":"M\u00e9denine : Fermeture d&rsquo;un centre coranique \u00e0 Ben Guerdane"},"content":{"rendered":"<p style=\"text-align: center;\"><img loading=\"lazy\" decoding=\"async\" class=\"alignnone size-full wp-image-196995\" src=\"http:\/\/kapitalis.com\/tunisie\/wp-content\/uploads\/2019\/02\/Medenine-ecoles-centres-coraniques.jpg\" alt=\"\" width=\"626\" height=\"380\" \/><\/p>\n<p style=\"text-align: center;\"><em>Ph. d&rsquo;archives.<\/em><\/p>\n<p><em><strong>Les autorit\u00e9s s\u00e9curitaires ont ferm\u00e9 aujourd&rsquo;hui, mardi 12 f\u00e9vrier 2019, un centre coranique et un foyer, \u00e0 Ben Guerdane (M\u00e9denine).\u00a0<\/strong><\/em><!--more--><\/p>\n<p>Cette d\u00e9cision a \u00e9t\u00e9 prise suite \u00e0 une visite effectu\u00e9e, la semaine derni\u00e8re, par des membres d&rsquo;une commission sp\u00e9ciale charg\u00e9e d&rsquo;examiner la situation des associations et des centres coraniques dans cette r\u00e9gion, a expliqu\u00e9 une source du gouvernorat \u00e0 Shems FM, sans pr\u00e9ciser les raisons de cette fermeture.<\/p>\n<p>Notons que les autorit\u00e9s locales de <a href=\"http:\/\/kapitalis.com\/tunisie\/2019\/02\/07\/medenine-suspension-des-activites-de-3-centres-coraniques\/\" target=\"_blank\" rel=\"noopener\">M\u00e9denine<\/a> avaient ordonn\u00e9, la semaine \u00e9coul\u00e9e, la suspension des activit\u00e9s de 4 centres coraniques pour exercice ill\u00e9gal, et ce apr\u00e8s une visite inopin\u00e9e des policiers qui \u00e9taient accompagn\u00e9s par des repr\u00e9sentants des d\u00e9partements de l&rsquo;enfance, de l&rsquo;\u00e9ducation et de la justice. Ils avaient la charge de v\u00e9rifier la situation financi\u00e8re de ces centres, les conditions dans lesquelles \u00e9voluent les \u00e9l\u00e8ves et si ces \u00e9tablissements respectent les cahiers des charges.<\/p>\n<p>Ces contr\u00f4les ont \u00e9t\u00e9 lanc\u00e9s apr\u00e8s l&rsquo;\u00e9clatement de l&rsquo;affaire du centre coranique de Regueb (Sidi Bouzid), ferm\u00e9 il y a deux semaines et dont le directeur est poursuivi pour lien avec le terrorisme.<\/p>\n<p style=\"text-align: right;\"><strong>E. B. A.<\/strong><\/p>\n<blockquote class=\"wp-embedded-content\" data-secret=\"hexIrNWYch\"><p><a href=\"https:\/\/kapitalis.com\/tunisie\/2019\/02\/12\/remis-a-leurs-parents-les-enfants-du-centre-de-regueb-sont-irrecuperables\/\">Remis \u00e0 leurs parents, les enfants du centre de Regueb sont irr\u00e9cup\u00e9rables<\/a><\/p><\/blockquote>\n<p><iframe loading=\"lazy\" class=\"wp-embedded-content\" sandbox=\"allow-scripts\" security=\"restricted\" style=\"position: absolute; clip: rect(1px, 1px, 1px, 1px);\" title=\"\u00ab\u00a0Remis \u00e0 leurs parents, les enfants du centre de Regueb sont irr\u00e9cup\u00e9rables\u00a0\u00bb &#8212; Kapitalis\" src=\"https:\/\/kapitalis.com\/tunisie\/2019\/02\/12\/remis-a-leurs-parents-les-enfants-du-centre-de-regueb-sont-irrecuperables\/embed\/#?secret=TaTopjR48d#?secret=hexIrNWYch\" data-secret=\"hexIrNWYch\" width=\"600\" height=\"338\" frameborder=\"0\" marginwidth=\"0\" marginheight=\"0\" scrolling=\"no\"><\/iframe><\/p>\n<blockquote class=\"wp-embedded-content\" data-secret=\"55ihjOZgZj\"><p><a href=\"https:\/\/kapitalis.com\/tunisie\/2019\/02\/07\/regueb-les-parents-persistent-dans-leur-aveuglement-video\/\">Regueb : Les parents persistent dans leur aveuglement (vid\u00e9o)<\/a><\/p><\/blockquote>\n<p><iframe loading=\"lazy\" class=\"wp-embedded-content\" sandbox=\"allow-scripts\" security=\"restricted\" style=\"position: absolute; clip: rect(1px, 1px, 1px, 1px);\" title=\"\u00ab\u00a0Regueb : Les parents persistent dans leur aveuglement (vid\u00e9o)\u00a0\u00bb &#8212; Kapitalis\" src=\"https:\/\/kapitalis.com\/tunisie\/2019\/02\/07\/regueb-les-parents-persistent-dans-leur-aveuglement-video\/embed\/#?secret=jpKM18an8Z#?secret=55ihjOZgZj\" data-secret=\"55ihjOZgZj\" width=\"600\" height=\"338\" frameborder=\"0\" marginwidth=\"0\" marginheight=\"0\" scrolling=\"no\"><\/iframe><\/p>\n","protected":false},"excerpt":{"rendered":"<p>Ph. d&rsquo;archives. Les autorit\u00e9s s\u00e9curitaires ont ferm\u00e9 aujourd&rsquo;hui, mardi 12 f\u00e9vrier 2019, un centre coranique et un foyer, \u00e0 Ben Guerdane (M\u00e9denine).\u00a0<\/p>\n","protected":false},"author":16,"featured_media":0,"comment_status":"open","ping_status":"open","sticky":false,"template":"","format":"standard","meta":{"footnotes":""},"categories":[998,2433],"tags":[1818,591,778,828],"class_list":["post-197806","post","type-post","status-publish","format-standard","hentry","category-societe","category-tunisie","tag-ben-guerdane","tag-medenine","tag-regueb","tag-sidi-bouzid"],"yoast_head":"<!-- This site is optimized with the Yoast SEO plugin v26.6 - https:\/\/yoast.com\/wordpress\/plugins\/seo\/ -->\n<title>M\u00e9denine : Fermeture d&#039;un centre coranique \u00e0 Ben Guerdane - Kapitalis<\/title>\n<meta name=\"robots\" content=\"index, follow, max-snippet:-1, max-image-preview:large, max-video-preview:-1\" \/>\n<link rel=\"canonical\" href=\"https:\/\/kapitalis.com\/tunisie\/2019\/02\/12\/medenine-fermeture-dun-centre-coranique-a-ben-guerdane\/\" \/>\n<meta property=\"og:locale\" content=\"fr_FR\" \/>\n<meta property=\"og:type\" content=\"article\" \/>\n<meta property=\"og:title\" content=\"M\u00e9denine : Fermeture d&#039;un centre coranique \u00e0 Ben Guerdane - Kapitalis\" \/>\n<meta property=\"og:description\" content=\"Ph. d&rsquo;archives. Les autorit\u00e9s s\u00e9curitaires ont ferm\u00e9 aujourd&rsquo;hui, mardi 12 f\u00e9vrier 2019, un centre coranique et un foyer, \u00e0 Ben Guerdane (M\u00e9denine).\u00a0\" \/>\n<meta property=\"og:url\" content=\"https:\/\/kapitalis.com\/tunisie\/2019\/02\/12\/medenine-fermeture-dun-centre-coranique-a-ben-guerdane\/\" \/>\n<meta property=\"og:site_name\" content=\"Kapitalis\" \/>\n<meta property=\"article:publisher\" content=\"https:\/\/www.facebook.com\/KapitalisInfo\/\" \/>\n<meta property=\"article:published_time\" content=\"2019-02-12T16:33:23+00:00\" \/>\n<meta property=\"article:modified_time\" content=\"2019-02-12T16:39:01+00:00\" \/>\n<meta property=\"og:image\" content=\"http:\/\/kapitalis.com\/tunisie\/wp-content\/uploads\/2019\/02\/Medenine-ecoles-centres-coraniques.jpg\" \/>\n<meta name=\"author\" content=\"emna benabdallah\" \/>\n<meta name=\"twitter:card\" content=\"summary_large_image\" \/>\n<meta name=\"twitter:creator\" content=\"@KapitalisInfo\" \/>\n<meta name=\"twitter:site\" content=\"@KapitalisInfo\" \/>\n<meta name=\"twitter:label1\" content=\"\u00c9crit par\" \/>\n\t<meta name=\"twitter:data1\" content=\"emna benabdallah\" \/>\n\t<meta name=\"twitter:label2\" content=\"Dur\u00e9e de lecture estim\u00e9e\" \/>\n\t<meta name=\"twitter:data2\" content=\"1 minute\" \/>\n<script type=\"application\/ld+json\" class=\"yoast-schema-graph\">{\"@context\":\"https:\/\/schema.org\",\"@graph\":[{\"@type\":\"Article\",\"@id\":\"https:\/\/kapitalis.com\/tunisie\/2019\/02\/12\/medenine-fermeture-dun-centre-coranique-a-ben-guerdane\/#article\",\"isPartOf\":{\"@id\":\"https:\/\/kapitalis.com\/tunisie\/2019\/02\/12\/medenine-fermeture-dun-centre-coranique-a-ben-guerdane\/\"},\"author\":{\"name\":\"emna benabdallah\",\"@id\":\"https:\/\/kapitalis.com\/tunisie\/#\/schema\/person\/2c6e134b2f3369dffcd1daf5f087d28b\"},\"headline\":\"M\u00e9denine : Fermeture d&rsquo;un centre coranique \u00e0 Ben Guerdane\",\"datePublished\":\"2019-02-12T16:33:23+00:00\",\"dateModified\":\"2019-02-12T16:39:01+00:00\",\"mainEntityOfPage\":{\"@id\":\"https:\/\/kapitalis.com\/tunisie\/2019\/02\/12\/medenine-fermeture-dun-centre-coranique-a-ben-guerdane\/\"},\"wordCount\":222,\"commentCount\":0,\"publisher\":{\"@id\":\"https:\/\/kapitalis.com\/tunisie\/#organization\"},\"image\":{\"@id\":\"https:\/\/kapitalis.com\/tunisie\/2019\/02\/12\/medenine-fermeture-dun-centre-coranique-a-ben-guerdane\/#primaryimage\"},\"thumbnailUrl\":\"http:\/\/kapitalis.com\/tunisie\/wp-content\/uploads\/2019\/02\/Medenine-ecoles-centres-coraniques.jpg\",\"keywords\":[\"Ben Guerdane\",\"Medenine\",\"Regueb\",\"Sidi Bouzid\"],\"articleSection\":[\"SOCIETE\",\"Tunisie\"],\"inLanguage\":\"fr-FR\",\"potentialAction\":[{\"@type\":\"CommentAction\",\"name\":\"Comment\",\"target\":[\"https:\/\/kapitalis.com\/tunisie\/2019\/02\/12\/medenine-fermeture-dun-centre-coranique-a-ben-guerdane\/#respond\"]}]},{\"@type\":\"WebPage\",\"@id\":\"https:\/\/kapitalis.com\/tunisie\/2019\/02\/12\/medenine-fermeture-dun-centre-coranique-a-ben-guerdane\/\",\"url\":\"https:\/\/kapitalis.com\/tunisie\/2019\/02\/12\/medenine-fermeture-dun-centre-coranique-a-ben-guerdane\/\",\"name\":\"M\u00e9denine : Fermeture d'un centre coranique \u00e0 Ben Guerdane - Kapitalis\",\"isPartOf\":{\"@id\":\"https:\/\/kapitalis.com\/tunisie\/#website\"},\"primaryImageOfPage\":{\"@id\":\"https:\/\/kapitalis.com\/tunisie\/2019\/02\/12\/medenine-fermeture-dun-centre-coranique-a-ben-guerdane\/#primaryimage\"},\"image\":{\"@id\":\"https:\/\/kapitalis.com\/tunisie\/2019\/02\/12\/medenine-fermeture-dun-centre-coranique-a-ben-guerdane\/#primaryimage\"},\"thumbnailUrl\":\"http:\/\/kapitalis.com\/tunisie\/wp-content\/uploads\/2019\/02\/Medenine-ecoles-centres-coraniques.jpg\",\"datePublished\":\"2019-02-12T16:33:23+00:00\",\"dateModified\":\"2019-02-12T16:39:01+00:00\",\"breadcrumb\":{\"@id\":\"https:\/\/kapitalis.com\/tunisie\/2019\/02\/12\/medenine-fermeture-dun-centre-coranique-a-ben-guerdane\/#breadcrumb\"},\"inLanguage\":\"fr-FR\",\"potentialAction\":[{\"@type\":\"ReadAction\",\"target\":[\"https:\/\/kapitalis.com\/tunisie\/2019\/02\/12\/medenine-fermeture-dun-centre-coranique-a-ben-guerdane\/\"]}]},{\"@type\":\"ImageObject\",\"inLanguage\":\"fr-FR\",\"@id\":\"https:\/\/kapitalis.com\/tunisie\/2019\/02\/12\/medenine-fermeture-dun-centre-coranique-a-ben-guerdane\/#primaryimage\",\"url\":\"http:\/\/kapitalis.com\/tunisie\/wp-content\/uploads\/2019\/02\/Medenine-ecoles-centres-coraniques.jpg\",\"contentUrl\":\"http:\/\/kapitalis.com\/tunisie\/wp-content\/uploads\/2019\/02\/Medenine-ecoles-centres-coraniques.jpg\"},{\"@type\":\"BreadcrumbList\",\"@id\":\"https:\/\/kapitalis.com\/tunisie\/2019\/02\/12\/medenine-fermeture-dun-centre-coranique-a-ben-guerdane\/#breadcrumb\",\"itemListElement\":[{\"@type\":\"ListItem\",\"position\":1,\"name\":\"Accueil\",\"item\":\"https:\/\/kapitalis.com\/tunisie\/\"},{\"@type\":\"ListItem\",\"position\":2,\"name\":\"M\u00e9denine : Fermeture d&rsquo;un centre coranique \u00e0 Ben Guerdane\"}]},{\"@type\":\"WebSite\",\"@id\":\"https:\/\/kapitalis.com\/tunisie\/#website\",\"url\":\"https:\/\/kapitalis.com\/tunisie\/\",\"name\":\"Kapitalis\",\"description\":\"L&#039;actualit\u00e9 en Tunisie et dans le monde\",\"publisher\":{\"@id\":\"https:\/\/kapitalis.com\/tunisie\/#organization\"},\"potentialAction\":[{\"@type\":\"SearchAction\",\"target\":{\"@type\":\"EntryPoint\",\"urlTemplate\":\"https:\/\/kapitalis.com\/tunisie\/?s={search_term_string}\"},\"query-input\":{\"@type\":\"PropertyValueSpecification\",\"valueRequired\":true,\"valueName\":\"search_term_string\"}}],\"inLanguage\":\"fr-FR\"},{\"@type\":\"Organization\",\"@id\":\"https:\/\/kapitalis.com\/tunisie\/#organization\",\"name\":\"Kapitalis\",\"url\":\"https:\/\/kapitalis.com\/tunisie\/\",\"logo\":{\"@type\":\"ImageObject\",\"inLanguage\":\"fr-FR\",\"@id\":\"https:\/\/kapitalis.com\/tunisie\/#\/schema\/logo\/image\/\",\"url\":\"https:\/\/kapitalis.com\/tunisie\/wp-content\/uploads\/2022\/05\/Kapitalis-big-size.png\",\"contentUrl\":\"https:\/\/kapitalis.com\/tunisie\/wp-content\/uploads\/2022\/05\/Kapitalis-big-size.png\",\"width\":5000,\"height\":1500,\"caption\":\"Kapitalis\"},\"image\":{\"@id\":\"https:\/\/kapitalis.com\/tunisie\/#\/schema\/logo\/image\/\"},\"sameAs\":[\"https:\/\/www.facebook.com\/KapitalisInfo\/\",\"https:\/\/x.com\/KapitalisInfo\",\"https:\/\/www.youtube.com\/channel\/UC-yDYrHyfFBWWZaOw3FPg9Q\"]},{\"@type\":\"Person\",\"@id\":\"https:\/\/kapitalis.com\/tunisie\/#\/schema\/person\/2c6e134b2f3369dffcd1daf5f087d28b\",\"name\":\"emna benabdallah\",\"url\":\"https:\/\/kapitalis.com\/tunisie\/author\/emna\/\"}]}<\/script>\n<!-- \/ Yoast SEO plugin. -->","yoast_head_json":{"title":"M\u00e9denine : Fermeture d'un centre coranique \u00e0 Ben Guerdane - Kapitalis","robots":{"index":"index","follow":"follow","max-snippet":"max-snippet:-1","max-image-preview":"max-image-preview:large","max-video-preview":"max-video-preview:-1"},"canonical":"https:\/\/kapitalis.com\/tunisie\/2019\/02\/12\/medenine-fermeture-dun-centre-coranique-a-ben-guerdane\/","og_locale":"fr_FR","og_type":"article","og_title":"M\u00e9denine : Fermeture d'un centre coranique \u00e0 Ben Guerdane - Kapitalis","og_description":"Ph. d&rsquo;archives. Les autorit\u00e9s s\u00e9curitaires ont ferm\u00e9 aujourd&rsquo;hui, mardi 12 f\u00e9vrier 2019, un centre coranique et un foyer, \u00e0 Ben Guerdane (M\u00e9denine).\u00a0","og_url":"https:\/\/kapitalis.com\/tunisie\/2019\/02\/12\/medenine-fermeture-dun-centre-coranique-a-ben-guerdane\/","og_site_name":"Kapitalis","article_publisher":"https:\/\/www.facebook.com\/KapitalisInfo\/","article_published_time":"2019-02-12T16:33:23+00:00","article_modified_time":"2019-02-12T16:39:01+00:00","og_image":[{"url":"http:\/\/kapitalis.com\/tunisie\/wp-content\/uploads\/2019\/02\/Medenine-ecoles-centres-coraniques.jpg","type":"","width":"","height":""}],"author":"emna benabdallah","twitter_card":"summary_large_image","twitter_creator":"@KapitalisInfo","twitter_site":"@KapitalisInfo","twitter_misc":{"\u00c9crit par":"emna benabdallah","Dur\u00e9e de lecture estim\u00e9e":"1 minute"},"schema":{"@context":"https:\/\/schema.org","@graph":[{"@type":"Article","@id":"https:\/\/kapitalis.com\/tunisie\/2019\/02\/12\/medenine-fermeture-dun-centre-coranique-a-ben-guerdane\/#article","isPartOf":{"@id":"https:\/\/kapitalis.com\/tunisie\/2019\/02\/12\/medenine-fermeture-dun-centre-coranique-a-ben-guerdane\/"},"author":{"name":"emna benabdallah","@id":"https:\/\/kapitalis.com\/tunisie\/#\/schema\/person\/2c6e134b2f3369dffcd1daf5f087d28b"},"headline":"M\u00e9denine : Fermeture d&rsquo;un centre coranique \u00e0 Ben Guerdane","datePublished":"2019-02-12T16:33:23+00:00","dateModified":"2019-02-12T16:39:01+00:00","mainEntityOfPage":{"@id":"https:\/\/kapitalis.com\/tunisie\/2019\/02\/12\/medenine-fermeture-dun-centre-coranique-a-ben-guerdane\/"},"wordCount":222,"commentCount":0,"publisher":{"@id":"https:\/\/kapitalis.com\/tunisie\/#organization"},"image":{"@id":"https:\/\/kapitalis.com\/tunisie\/2019\/02\/12\/medenine-fermeture-dun-centre-coranique-a-ben-guerdane\/#primaryimage"},"thumbnailUrl":"http:\/\/kapitalis.com\/tunisie\/wp-content\/uploads\/2019\/02\/Medenine-ecoles-centres-coraniques.jpg","keywords":["Ben Guerdane","Medenine","Regueb","Sidi Bouzid"],"articleSection":["SOCIETE","Tunisie"],"inLanguage":"fr-FR","potentialAction":[{"@type":"CommentAction","name":"Comment","target":["https:\/\/kapitalis.com\/tunisie\/2019\/02\/12\/medenine-fermeture-dun-centre-coranique-a-ben-guerdane\/#respond"]}]},{"@type":"WebPage","@id":"https:\/\/kapitalis.com\/tunisie\/2019\/02\/12\/medenine-fermeture-dun-centre-coranique-a-ben-guerdane\/","url":"https:\/\/kapitalis.com\/tunisie\/2019\/02\/12\/medenine-fermeture-dun-centre-coranique-a-ben-guerdane\/","name":"M\u00e9denine : Fermeture d'un centre coranique \u00e0 Ben Guerdane - Kapitalis","isPartOf":{"@id":"https:\/\/kapitalis.com\/tunisie\/#website"},"primaryImageOfPage":{"@id":"https:\/\/kapitalis.com\/tunisie\/2019\/02\/12\/medenine-fermeture-dun-centre-coranique-a-ben-guerdane\/#primaryimage"},"image":{"@id":"https:\/\/kapitalis.com\/tunisie\/2019\/02\/12\/medenine-fermeture-dun-centre-coranique-a-ben-guerdane\/#primaryimage"},"thumbnailUrl":"http:\/\/kapitalis.com\/tunisie\/wp-content\/uploads\/2019\/02\/Medenine-ecoles-centres-coraniques.jpg","datePublished":"2019-02-12T16:33:23+00:00","dateModified":"2019-02-12T16:39:01+00:00","breadcrumb":{"@id":"https:\/\/kapitalis.com\/tunisie\/2019\/02\/12\/medenine-fermeture-dun-centre-coranique-a-ben-guerdane\/#breadcrumb"},"inLanguage":"fr-FR","potentialAction":[{"@type":"ReadAction","target":["https:\/\/kapitalis.com\/tunisie\/2019\/02\/12\/medenine-fermeture-dun-centre-coranique-a-ben-guerdane\/"]}]},{"@type":"ImageObject","inLanguage":"fr-FR","@id":"https:\/\/kapitalis.com\/tunisie\/2019\/02\/12\/medenine-fermeture-dun-centre-coranique-a-ben-guerdane\/#primaryimage","url":"http:\/\/kapitalis.com\/tunisie\/wp-content\/uploads\/2019\/02\/Medenine-ecoles-centres-coraniques.jpg","contentUrl":"http:\/\/kapitalis.com\/tunisie\/wp-content\/uploads\/2019\/02\/Medenine-ecoles-centres-coraniques.jpg"},{"@type":"BreadcrumbList","@id":"https:\/\/kapitalis.com\/tunisie\/2019\/02\/12\/medenine-fermeture-dun-centre-coranique-a-ben-guerdane\/#breadcrumb","itemListElement":[{"@type":"ListItem","position":1,"name":"Accueil","item":"https:\/\/kapitalis.com\/tunisie\/"},{"@type":"ListItem","position":2,"name":"M\u00e9denine : Fermeture d&rsquo;un centre coranique \u00e0 Ben Guerdane"}]},{"@type":"WebSite","@id":"https:\/\/kapitalis.com\/tunisie\/#website","url":"https:\/\/kapitalis.com\/tunisie\/","name":"Kapitalis","description":"L&#039;actualit\u00e9 en Tunisie et dans le monde","publisher":{"@id":"https:\/\/kapitalis.com\/tunisie\/#organization"},"potentialAction":[{"@type":"SearchAction","target":{"@type":"EntryPoint","urlTemplate":"https:\/\/kapitalis.com\/tunisie\/?s={search_term_string}"},"query-input":{"@type":"PropertyValueSpecification","valueRequired":true,"valueName":"search_term_string"}}],"inLanguage":"fr-FR"},{"@type":"Organization","@id":"https:\/\/kapitalis.com\/tunisie\/#organization","name":"Kapitalis","url":"https:\/\/kapitalis.com\/tunisie\/","logo":{"@type":"ImageObject","inLanguage":"fr-FR","@id":"https:\/\/kapitalis.com\/tunisie\/#\/schema\/logo\/image\/","url":"https:\/\/kapitalis.com\/tunisie\/wp-content\/uploads\/2022\/05\/Kapitalis-big-size.png","contentUrl":"https:\/\/kapitalis.com\/tunisie\/wp-content\/uploads\/2022\/05\/Kapitalis-big-size.png","width":5000,"height":1500,"caption":"Kapitalis"},"image":{"@id":"https:\/\/kapitalis.com\/tunisie\/#\/schema\/logo\/image\/"},"sameAs":["https:\/\/www.facebook.com\/KapitalisInfo\/","https:\/\/x.com\/KapitalisInfo","https:\/\/www.youtube.com\/channel\/UC-yDYrHyfFBWWZaOw3FPg9Q"]},{"@type":"Person","@id":"https:\/\/kapitalis.com\/tunisie\/#\/schema\/person\/2c6e134b2f3369dffcd1daf5f087d28b","name":"emna benabdallah","url":"https:\/\/kapitalis.com\/tunisie\/author\/emna\/"}]}},"_links":{"self":[{"href":"https:\/\/kapitalis.com\/tunisie\/wp-json\/wp\/v2\/posts\/197806","targetHints":{"allow":["GET"]}}],"collection":[{"href":"https:\/\/kapitalis.com\/tunisie\/wp-json\/wp\/v2\/posts"}],"about":[{"href":"https:\/\/kapitalis.com\/tunisie\/wp-json\/wp\/v2\/types\/post"}],"author":[{"embeddable":true,"href":"https:\/\/kapitalis.com\/tunisie\/wp-json\/wp\/v2\/users\/16"}],"replies":[{"embeddable":true,"href":"https:\/\/kapitalis.com\/tunisie\/wp-json\/wp\/v2\/comments?post=197806"}],"version-history":[{"count":0,"href":"https:\/\/kapitalis.com\/tunisie\/wp-json\/wp\/v2\/posts\/197806\/revisions"}],"wp:attachment":[{"href":"https:\/\/kapitalis.com\/tunisie\/wp-json\/wp\/v2\/media?parent=197806"}],"wp:term":[{"taxonomy":"category","embeddable":true,"href":"https:\/\/kapitalis.com\/tunisie\/wp-json\/wp\/v2\/categories?post=197806"},{"taxonomy":"post_tag","embeddable":true,"href":"https:\/\/kapitalis.com\/tunisie\/wp-json\/wp\/v2\/tags?post=197806"}],"curies":[{"name":"wp","href":"https:\/\/api.w.org\/{rel}","templated":true}]}}