{"id":197844,"date":"2019-02-12T19:45:50","date_gmt":"2019-02-12T18:45:50","guid":{"rendered":"http:\/\/kapitalis.com\/tunisie\/?p=197844"},"modified":"2019-02-12T19:45:50","modified_gmt":"2019-02-12T18:45:50","slug":"leconomie-en-couleurs-selon-mounir-majdoub-un-humanisme-nouveau","status":"publish","type":"post","link":"https:\/\/kapitalis.com\/tunisie\/2019\/02\/12\/leconomie-en-couleurs-selon-mounir-majdoub-un-humanisme-nouveau\/","title":{"rendered":"\u00abL\u2019\u00e9conomie en couleurs\u00bb selon Mounir Majdoub: Un humanisme nouveau"},"content":{"rendered":"<p style=\"text-align: center;\"><img loading=\"lazy\" decoding=\"async\" class=\"alignnone size-full wp-image-197845\" src=\"http:\/\/kapitalis.com\/tunisie\/wp-content\/uploads\/2019\/02\/Mounir-Majdoub.jpg\" alt=\"\" width=\"626\" height=\"380\" \/><\/p>\n<p><em><strong>Le d\u00e9fi majeur de demain serait une meilleure distribution sociale et parmi les peuples du monde des prodigieuses retomb\u00e9es de la science, de la technologie et des immenses profits. Nouvelle \u00e9conomie, donc, nouvelle culture, nouveaux paradigmes et nouvelles philosophies. L\u2019espoir est permis\u2026<\/strong> <\/em><\/p>\n<p>Par <strong>Pr. Ezzedine Ferjani<\/strong> *<\/p>\n<p><!--more--><\/p>\n<p><img loading=\"lazy\" decoding=\"async\" class=\"alignnone size-full wp-image-70762 alignleft\" src=\"http:\/\/kapitalis.com\/tunisie\/wp-content\/uploads\/2016\/10\/Ezzeddine-Ferjani-1.jpg\" alt=\"\" width=\"200\" height=\"200\" \/>Magistrale rencontre avec le Dr Mounir Majdoub qui a donn\u00e9 une conf\u00e9rence au titre \u00e9vocateur : <em>\u00abL\u2019\u00e9conomie en couleurs\u00bb<\/em>, dans le cadre des activit\u00e9s du Cercle Ibn Rochd en collaboration avec le Centre culturel international de Hammamet (CCIH).<\/p>\n<p>D\u2019embl\u00e9e, l\u2019arc en ciel est propos\u00e9 en panoplie de choix \u00e9conomiques test\u00e9s, tent\u00e9s, d\u00e9fendus par diff\u00e9rents acteur pour sortir de cette \u00e9conomie rouge qui a men\u00e9 le monde \u00e0 la perte tout le long de ces deux si\u00e8cles : une \u00e9conomie caract\u00e9ris\u00e9e par la surexploitation des ressources, la pollution tous azimuts, une injustice sociale et politico-r\u00e9gionale criarde et, pour cons\u00e9quence majeure, un risque d\u2019extinction de la vie sur cette plan\u00e8te, pourtant si belle, suite au r\u00e9chauffement.<\/p>\n<h3>Limites et dangers du mod\u00e8le \u00e9conomique dominant<\/h3>\n<p>Des tentatives ont bien \u00e9t\u00e9 faites et des sonnettes d\u2019alarme tir\u00e9es. Depuis la Conf\u00e9rence mondiale de Stockholm (1972), l\u2019accent a \u00e9t\u00e9 mis sur les limites et les dangers du mod\u00e8le \u00e9conomique qui a domin\u00e9 jusque l\u00e0. La th\u00e9orie d\u2019Adam Smith, bas\u00e9e sur l\u2019\u00e9go, l\u2019individu, le profit, le lib\u00e9ralisme \u00e0 outrance et la loi du march\u00e9 a abouti au monde que l\u2019on connait : injustice, guerres, famines, violences et pauvret\u00e9. Aujourd\u2019hui, 28 familles se partagent la moiti\u00e9 des richesses du monde !!<\/p>\n<p>Au Club de Rome, l\u2019\u00e9minent \u00e9conomiste am\u00e9ricain Dennis Meadows a pourtant tir\u00e9 la sonnette d\u2019alarme avec son c\u00e9l\u00e8bre ouvrage<em> \u2018\u2018Limit to growth\u2019\u2019<\/em> (Halte \u00e0 la croissance). Vient le choc p\u00e9trolier en 1973 et la plan\u00e8te prend conscience que les ressources fossiles sont \u00e9puisables. Quelques pays nantis d\u00e9couvrent les \u00e9nergies renouvelables mais optent puissamment pour\u2026 le nucl\u00e9aire !<\/p>\n<p>En m\u00eame temps, on prend quelque peu conscience de notion nouvelle telle que l\u2019efficacit\u00e9 \u00e9nerg\u00e9tique : ma\u00eetrise, \u00e9conomie, r\u00e9duction de la consommation, am\u00e9lioration du rendement \u00e9nerg\u00e9tique.<\/p>\n<p>Sur le plan plan\u00e9taire environnemental, il faut attendre le sommet de la Terre de Rio en 1992 pour qu\u2019un agenda 21 soit sign\u00e9 et pour qu\u2019\u00e9merge la notion de d\u00e9veloppement durable int\u00e9grant, le social, l\u2019environnemental et le long terme \u00e0 l\u2019\u00e9conomique. Une \u00e9conomie verte, bleue, voire mauve est propos\u00e9e (une lutte contre les \u00e9conomies noires et grises aussi). Mais peu de choses seront r\u00e9alis\u00e9es sur le plan pratique.<\/p>\n<h3>\u00abApprendre de la nature\u00bb disait\u00a0L\u00e9onard de Vinci<\/h3>\n<p>Il faut donc encore attendre 2012 pour qu\u2019un agenda pr\u00e9cis soit \u00e9labor\u00e9. Les pays nantis s\u2019engagent \u00e0 investir 0,7% de leur PIB pour le transfert de technologies et l\u2019aide au d\u00e9veloppement vers les pays pauvres. \u00c0 ce jour, ce chiffre atteint 0,5% suite aux diff\u00e9rentes pressions.<\/p>\n<p>Le conf\u00e9rencier d\u00e9cortique sur base d\u2019analyses de ces sommets et de r\u00e9flexion sur les mod\u00e8les \u00e9conomiques (Marx, Stewart, Keynes) l\u2019\u00e9volution du monde depuis la r\u00e9volution industrielle et tente d\u2019apporter des \u00e9l\u00e9ments de r\u00e9ponses quant aux causes profondes des \u00e9checs, des injustices, de l\u2019\u00e9mergence de l\u2019extr\u00e9misme et le l\u2019ins\u00e9curit\u00e9.<\/p>\n<p>Il appara\u00eet assez clairement que le d\u00e9fi majeur de demain serait une meilleure distribution sociale et parmi les peuples du monde des prodigieuses retomb\u00e9es de la science, de la technologie et des immenses profits et par la globalisation d\u2019une conscience nouvelle int\u00e9grant l\u2019Homme parmi les esp\u00e8ces de la plan\u00e8te et non plus au sommet d\u2019une pyramide parmi les vivants. Nouvelle \u00e9conomie, nouvelle culture, nouveaux paradigmes, nouvelles philosophies, l\u2019espoir est permis.<\/p>\n<p>La rencontre se termine sur un bel aphorisme de L\u00e9onard de Vinci :<em> \u00abApprendre de la nature\u00bb<\/em>, et j\u2019ajoute : pour mieux r\u00e9aliser notre humanit\u00e9\u2026<\/p>\n<p><em><strong>Articles du m\u00eame auteur dans Kapitalis :\u00a0<\/strong><\/em><\/p>\n<blockquote class=\"wp-embedded-content\" data-secret=\"lFhXQ7WMXz\"><p><a href=\"https:\/\/kapitalis.com\/tunisie\/2018\/06\/04\/environnement-universite-et-science-pour-le-developpement\/\">Environnement, universit\u00e9 et science pour le d\u00e9veloppement<\/a><\/p><\/blockquote>\n<p><iframe loading=\"lazy\" class=\"wp-embedded-content\" sandbox=\"allow-scripts\" security=\"restricted\" style=\"position: absolute; clip: rect(1px, 1px, 1px, 1px);\" title=\"\u00ab\u00a0Environnement, universit\u00e9 et science pour le d\u00e9veloppement\u00a0\u00bb &#8212; Kapitalis\" src=\"https:\/\/kapitalis.com\/tunisie\/2018\/06\/04\/environnement-universite-et-science-pour-le-developpement\/embed\/#?secret=LMNVzZqtjF#?secret=lFhXQ7WMXz\" data-secret=\"lFhXQ7WMXz\" width=\"600\" height=\"338\" frameborder=\"0\" marginwidth=\"0\" marginheight=\"0\" scrolling=\"no\"><\/iframe><\/p>\n<blockquote class=\"wp-embedded-content\" data-secret=\"Xl2FFoRPCg\"><p><a href=\"https:\/\/kapitalis.com\/tunisie\/2017\/05\/07\/institut-de-lenvironnement-un-vecteur-de-developpement\/\">Institut de l\u2019Environnement : Un vecteur de d\u00e9veloppement<\/a><\/p><\/blockquote>\n<p><iframe loading=\"lazy\" class=\"wp-embedded-content\" sandbox=\"allow-scripts\" security=\"restricted\" style=\"position: absolute; clip: rect(1px, 1px, 1px, 1px);\" title=\"\u00ab\u00a0Institut de l\u2019Environnement : Un vecteur de d\u00e9veloppement\u00a0\u00bb &#8212; Kapitalis\" src=\"https:\/\/kapitalis.com\/tunisie\/2017\/05\/07\/institut-de-lenvironnement-un-vecteur-de-developpement\/embed\/#?secret=2KfXPLi8Bf#?secret=Xl2FFoRPCg\" data-secret=\"Xl2FFoRPCg\" width=\"600\" height=\"338\" frameborder=\"0\" marginwidth=\"0\" marginheight=\"0\" scrolling=\"no\"><\/iframe><\/p>\n<blockquote class=\"wp-embedded-content\" data-secret=\"jMHxoZuXVw\"><p><a href=\"https:\/\/kapitalis.com\/tunisie\/2016\/10\/31\/faouzia-charfi-linfatigable-militante-pour-la-science\/\">Faouzia Charfi, l\u2019infatigable militante pour la science<\/a><\/p><\/blockquote>\n<p><iframe loading=\"lazy\" class=\"wp-embedded-content\" sandbox=\"allow-scripts\" security=\"restricted\" style=\"position: absolute; clip: rect(1px, 1px, 1px, 1px);\" title=\"\u00ab\u00a0Faouzia Charfi, l\u2019infatigable militante pour la science\u00a0\u00bb &#8212; Kapitalis\" src=\"https:\/\/kapitalis.com\/tunisie\/2016\/10\/31\/faouzia-charfi-linfatigable-militante-pour-la-science\/embed\/#?secret=z4m2w7LmBk#?secret=jMHxoZuXVw\" data-secret=\"jMHxoZuXVw\" width=\"600\" height=\"338\" frameborder=\"0\" marginwidth=\"0\" marginheight=\"0\" scrolling=\"no\"><\/iframe><\/p>\n","protected":false},"excerpt":{"rendered":"<p>Le d\u00e9fi majeur de demain serait une meilleure distribution sociale et parmi les peuples du monde des prodigieuses retomb\u00e9es de la science, de la technologie et des immenses profits. Nouvelle \u00e9conomie, donc, nouvelle culture, nouveaux paradigmes et nouvelles philosophies. L\u2019espoir est permis\u2026 Par Pr. Ezzedine Ferjani *<\/p>\n","protected":false},"author":8,"featured_media":197845,"comment_status":"open","ping_status":"open","sticky":false,"template":"","format":"standard","meta":{"footnotes":""},"categories":[992,995,1000,2433],"tags":[26524,3891],"class_list":["post-197844","post","type-post","status-publish","format-standard","has-post-thumbnail","hentry","category-a-la-une","category-economie","category-tribune","category-tunisie","tag-centre-culturel-international-de-hammamet","tag-economie-verte"],"yoast_head":"<!-- This site is optimized with the Yoast SEO plugin v26.6 - https:\/\/yoast.com\/wordpress\/plugins\/seo\/ -->\n<title>\u00abL\u2019\u00e9conomie en couleurs\u00bb selon Mounir Majdoub: Un humanisme nouveau - Kapitalis<\/title>\n<meta name=\"robots\" content=\"index, follow, max-snippet:-1, max-image-preview:large, max-video-preview:-1\" \/>\n<link rel=\"canonical\" href=\"https:\/\/kapitalis.com\/tunisie\/2019\/02\/12\/leconomie-en-couleurs-selon-mounir-majdoub-un-humanisme-nouveau\/\" \/>\n<meta property=\"og:locale\" content=\"fr_FR\" \/>\n<meta property=\"og:type\" content=\"article\" \/>\n<meta property=\"og:title\" content=\"\u00abL\u2019\u00e9conomie en couleurs\u00bb selon Mounir Majdoub: Un humanisme nouveau - Kapitalis\" \/>\n<meta property=\"og:description\" content=\"Le d\u00e9fi majeur de demain serait une meilleure distribution sociale et parmi les peuples du monde des prodigieuses retomb\u00e9es de la science, de la technologie et des immenses profits. Nouvelle \u00e9conomie, donc, nouvelle culture, nouveaux paradigmes et nouvelles philosophies. L\u2019espoir est permis\u2026 Par Pr. Ezzedine Ferjani *\" \/>\n<meta property=\"og:url\" content=\"https:\/\/kapitalis.com\/tunisie\/2019\/02\/12\/leconomie-en-couleurs-selon-mounir-majdoub-un-humanisme-nouveau\/\" \/>\n<meta property=\"og:site_name\" content=\"Kapitalis\" \/>\n<meta property=\"article:publisher\" content=\"https:\/\/www.facebook.com\/KapitalisInfo\/\" \/>\n<meta property=\"article:published_time\" content=\"2019-02-12T18:45:50+00:00\" \/>\n<meta property=\"og:image\" content=\"https:\/\/kapitalis.com\/tunisie\/wp-content\/uploads\/2022\/05\/kapitalis-logo-fb.png\" \/>\n\t<meta property=\"og:image:width\" content=\"1200\" \/>\n\t<meta property=\"og:image:height\" content=\"630\" \/>\n\t<meta property=\"og:image:type\" content=\"image\/png\" \/>\n<meta name=\"author\" content=\"webmaster kapitalis\" \/>\n<meta name=\"twitter:card\" content=\"summary_large_image\" \/>\n<meta name=\"twitter:creator\" content=\"@KapitalisInfo\" \/>\n<meta name=\"twitter:site\" content=\"@KapitalisInfo\" \/>\n<meta name=\"twitter:label1\" content=\"\u00c9crit par\" \/>\n\t<meta name=\"twitter:data1\" content=\"webmaster kapitalis\" \/>\n\t<meta name=\"twitter:label2\" content=\"Dur\u00e9e de lecture estim\u00e9e\" \/>\n\t<meta name=\"twitter:data2\" content=\"3 minutes\" \/>\n<script type=\"application\/ld+json\" class=\"yoast-schema-graph\">{\"@context\":\"https:\/\/schema.org\",\"@graph\":[{\"@type\":\"Article\",\"@id\":\"https:\/\/kapitalis.com\/tunisie\/2019\/02\/12\/leconomie-en-couleurs-selon-mounir-majdoub-un-humanisme-nouveau\/#article\",\"isPartOf\":{\"@id\":\"https:\/\/kapitalis.com\/tunisie\/2019\/02\/12\/leconomie-en-couleurs-selon-mounir-majdoub-un-humanisme-nouveau\/\"},\"author\":{\"name\":\"webmaster kapitalis\",\"@id\":\"https:\/\/kapitalis.com\/tunisie\/#\/schema\/person\/d71f33a9ca44f7bad4698210b480c8e9\"},\"headline\":\"\u00abL\u2019\u00e9conomie en couleurs\u00bb selon Mounir Majdoub: Un humanisme nouveau\",\"datePublished\":\"2019-02-12T18:45:50+00:00\",\"mainEntityOfPage\":{\"@id\":\"https:\/\/kapitalis.com\/tunisie\/2019\/02\/12\/leconomie-en-couleurs-selon-mounir-majdoub-un-humanisme-nouveau\/\"},\"wordCount\":702,\"commentCount\":0,\"publisher\":{\"@id\":\"https:\/\/kapitalis.com\/tunisie\/#organization\"},\"image\":{\"@id\":\"https:\/\/kapitalis.com\/tunisie\/2019\/02\/12\/leconomie-en-couleurs-selon-mounir-majdoub-un-humanisme-nouveau\/#primaryimage\"},\"thumbnailUrl\":\"\",\"keywords\":[\"Centre culturel international de Hammamet\",\"\u00e9conomie verte\"],\"articleSection\":[\"A LA UNE\",\"ECONOMIE\",\"TRIBUNE\",\"Tunisie\"],\"inLanguage\":\"fr-FR\",\"potentialAction\":[{\"@type\":\"CommentAction\",\"name\":\"Comment\",\"target\":[\"https:\/\/kapitalis.com\/tunisie\/2019\/02\/12\/leconomie-en-couleurs-selon-mounir-majdoub-un-humanisme-nouveau\/#respond\"]}]},{\"@type\":\"WebPage\",\"@id\":\"https:\/\/kapitalis.com\/tunisie\/2019\/02\/12\/leconomie-en-couleurs-selon-mounir-majdoub-un-humanisme-nouveau\/\",\"url\":\"https:\/\/kapitalis.com\/tunisie\/2019\/02\/12\/leconomie-en-couleurs-selon-mounir-majdoub-un-humanisme-nouveau\/\",\"name\":\"\u00abL\u2019\u00e9conomie en couleurs\u00bb selon Mounir Majdoub: Un humanisme nouveau - Kapitalis\",\"isPartOf\":{\"@id\":\"https:\/\/kapitalis.com\/tunisie\/#website\"},\"primaryImageOfPage\":{\"@id\":\"https:\/\/kapitalis.com\/tunisie\/2019\/02\/12\/leconomie-en-couleurs-selon-mounir-majdoub-un-humanisme-nouveau\/#primaryimage\"},\"image\":{\"@id\":\"https:\/\/kapitalis.com\/tunisie\/2019\/02\/12\/leconomie-en-couleurs-selon-mounir-majdoub-un-humanisme-nouveau\/#primaryimage\"},\"thumbnailUrl\":\"\",\"datePublished\":\"2019-02-12T18:45:50+00:00\",\"breadcrumb\":{\"@id\":\"https:\/\/kapitalis.com\/tunisie\/2019\/02\/12\/leconomie-en-couleurs-selon-mounir-majdoub-un-humanisme-nouveau\/#breadcrumb\"},\"inLanguage\":\"fr-FR\",\"potentialAction\":[{\"@type\":\"ReadAction\",\"target\":[\"https:\/\/kapitalis.com\/tunisie\/2019\/02\/12\/leconomie-en-couleurs-selon-mounir-majdoub-un-humanisme-nouveau\/\"]}]},{\"@type\":\"ImageObject\",\"inLanguage\":\"fr-FR\",\"@id\":\"https:\/\/kapitalis.com\/tunisie\/2019\/02\/12\/leconomie-en-couleurs-selon-mounir-majdoub-un-humanisme-nouveau\/#primaryimage\",\"url\":\"\",\"contentUrl\":\"\"},{\"@type\":\"BreadcrumbList\",\"@id\":\"https:\/\/kapitalis.com\/tunisie\/2019\/02\/12\/leconomie-en-couleurs-selon-mounir-majdoub-un-humanisme-nouveau\/#breadcrumb\",\"itemListElement\":[{\"@type\":\"ListItem\",\"position\":1,\"name\":\"Accueil\",\"item\":\"https:\/\/kapitalis.com\/tunisie\/\"},{\"@type\":\"ListItem\",\"position\":2,\"name\":\"\u00abL\u2019\u00e9conomie en couleurs\u00bb selon Mounir Majdoub: Un humanisme nouveau\"}]},{\"@type\":\"WebSite\",\"@id\":\"https:\/\/kapitalis.com\/tunisie\/#website\",\"url\":\"https:\/\/kapitalis.com\/tunisie\/\",\"name\":\"Kapitalis\",\"description\":\"L&#039;actualit\u00e9 en Tunisie et dans le monde\",\"publisher\":{\"@id\":\"https:\/\/kapitalis.com\/tunisie\/#organization\"},\"potentialAction\":[{\"@type\":\"SearchAction\",\"target\":{\"@type\":\"EntryPoint\",\"urlTemplate\":\"https:\/\/kapitalis.com\/tunisie\/?s={search_term_string}\"},\"query-input\":{\"@type\":\"PropertyValueSpecification\",\"valueRequired\":true,\"valueName\":\"search_term_string\"}}],\"inLanguage\":\"fr-FR\"},{\"@type\":\"Organization\",\"@id\":\"https:\/\/kapitalis.com\/tunisie\/#organization\",\"name\":\"Kapitalis\",\"url\":\"https:\/\/kapitalis.com\/tunisie\/\",\"logo\":{\"@type\":\"ImageObject\",\"inLanguage\":\"fr-FR\",\"@id\":\"https:\/\/kapitalis.com\/tunisie\/#\/schema\/logo\/image\/\",\"url\":\"https:\/\/kapitalis.com\/tunisie\/wp-content\/uploads\/2022\/05\/Kapitalis-big-size.png\",\"contentUrl\":\"https:\/\/kapitalis.com\/tunisie\/wp-content\/uploads\/2022\/05\/Kapitalis-big-size.png\",\"width\":5000,\"height\":1500,\"caption\":\"Kapitalis\"},\"image\":{\"@id\":\"https:\/\/kapitalis.com\/tunisie\/#\/schema\/logo\/image\/\"},\"sameAs\":[\"https:\/\/www.facebook.com\/KapitalisInfo\/\",\"https:\/\/x.com\/KapitalisInfo\",\"https:\/\/www.youtube.com\/channel\/UC-yDYrHyfFBWWZaOw3FPg9Q\"]},{\"@type\":\"Person\",\"@id\":\"https:\/\/kapitalis.com\/tunisie\/#\/schema\/person\/d71f33a9ca44f7bad4698210b480c8e9\",\"name\":\"webmaster kapitalis\",\"url\":\"https:\/\/kapitalis.com\/tunisie\/author\/webmaster-kapitalis\/\"}]}<\/script>\n<!-- \/ Yoast SEO plugin. -->","yoast_head_json":{"title":"\u00abL\u2019\u00e9conomie en couleurs\u00bb selon Mounir Majdoub: Un humanisme nouveau - Kapitalis","robots":{"index":"index","follow":"follow","max-snippet":"max-snippet:-1","max-image-preview":"max-image-preview:large","max-video-preview":"max-video-preview:-1"},"canonical":"https:\/\/kapitalis.com\/tunisie\/2019\/02\/12\/leconomie-en-couleurs-selon-mounir-majdoub-un-humanisme-nouveau\/","og_locale":"fr_FR","og_type":"article","og_title":"\u00abL\u2019\u00e9conomie en couleurs\u00bb selon Mounir Majdoub: Un humanisme nouveau - Kapitalis","og_description":"Le d\u00e9fi majeur de demain serait une meilleure distribution sociale et parmi les peuples du monde des prodigieuses retomb\u00e9es de la science, de la technologie et des immenses profits. Nouvelle \u00e9conomie, donc, nouvelle culture, nouveaux paradigmes et nouvelles philosophies. L\u2019espoir est permis\u2026 Par Pr. Ezzedine Ferjani *","og_url":"https:\/\/kapitalis.com\/tunisie\/2019\/02\/12\/leconomie-en-couleurs-selon-mounir-majdoub-un-humanisme-nouveau\/","og_site_name":"Kapitalis","article_publisher":"https:\/\/www.facebook.com\/KapitalisInfo\/","article_published_time":"2019-02-12T18:45:50+00:00","og_image":[{"width":1200,"height":630,"url":"https:\/\/kapitalis.com\/tunisie\/wp-content\/uploads\/2022\/05\/kapitalis-logo-fb.png","type":"image\/png"}],"author":"webmaster kapitalis","twitter_card":"summary_large_image","twitter_creator":"@KapitalisInfo","twitter_site":"@KapitalisInfo","twitter_misc":{"\u00c9crit par":"webmaster kapitalis","Dur\u00e9e de lecture estim\u00e9e":"3 minutes"},"schema":{"@context":"https:\/\/schema.org","@graph":[{"@type":"Article","@id":"https:\/\/kapitalis.com\/tunisie\/2019\/02\/12\/leconomie-en-couleurs-selon-mounir-majdoub-un-humanisme-nouveau\/#article","isPartOf":{"@id":"https:\/\/kapitalis.com\/tunisie\/2019\/02\/12\/leconomie-en-couleurs-selon-mounir-majdoub-un-humanisme-nouveau\/"},"author":{"name":"webmaster kapitalis","@id":"https:\/\/kapitalis.com\/tunisie\/#\/schema\/person\/d71f33a9ca44f7bad4698210b480c8e9"},"headline":"\u00abL\u2019\u00e9conomie en couleurs\u00bb selon Mounir Majdoub: Un humanisme nouveau","datePublished":"2019-02-12T18:45:50+00:00","mainEntityOfPage":{"@id":"https:\/\/kapitalis.com\/tunisie\/2019\/02\/12\/leconomie-en-couleurs-selon-mounir-majdoub-un-humanisme-nouveau\/"},"wordCount":702,"commentCount":0,"publisher":{"@id":"https:\/\/kapitalis.com\/tunisie\/#organization"},"image":{"@id":"https:\/\/kapitalis.com\/tunisie\/2019\/02\/12\/leconomie-en-couleurs-selon-mounir-majdoub-un-humanisme-nouveau\/#primaryimage"},"thumbnailUrl":"","keywords":["Centre culturel international de Hammamet","\u00e9conomie verte"],"articleSection":["A LA UNE","ECONOMIE","TRIBUNE","Tunisie"],"inLanguage":"fr-FR","potentialAction":[{"@type":"CommentAction","name":"Comment","target":["https:\/\/kapitalis.com\/tunisie\/2019\/02\/12\/leconomie-en-couleurs-selon-mounir-majdoub-un-humanisme-nouveau\/#respond"]}]},{"@type":"WebPage","@id":"https:\/\/kapitalis.com\/tunisie\/2019\/02\/12\/leconomie-en-couleurs-selon-mounir-majdoub-un-humanisme-nouveau\/","url":"https:\/\/kapitalis.com\/tunisie\/2019\/02\/12\/leconomie-en-couleurs-selon-mounir-majdoub-un-humanisme-nouveau\/","name":"\u00abL\u2019\u00e9conomie en couleurs\u00bb selon Mounir Majdoub: Un humanisme nouveau - Kapitalis","isPartOf":{"@id":"https:\/\/kapitalis.com\/tunisie\/#website"},"primaryImageOfPage":{"@id":"https:\/\/kapitalis.com\/tunisie\/2019\/02\/12\/leconomie-en-couleurs-selon-mounir-majdoub-un-humanisme-nouveau\/#primaryimage"},"image":{"@id":"https:\/\/kapitalis.com\/tunisie\/2019\/02\/12\/leconomie-en-couleurs-selon-mounir-majdoub-un-humanisme-nouveau\/#primaryimage"},"thumbnailUrl":"","datePublished":"2019-02-12T18:45:50+00:00","breadcrumb":{"@id":"https:\/\/kapitalis.com\/tunisie\/2019\/02\/12\/leconomie-en-couleurs-selon-mounir-majdoub-un-humanisme-nouveau\/#breadcrumb"},"inLanguage":"fr-FR","potentialAction":[{"@type":"ReadAction","target":["https:\/\/kapitalis.com\/tunisie\/2019\/02\/12\/leconomie-en-couleurs-selon-mounir-majdoub-un-humanisme-nouveau\/"]}]},{"@type":"ImageObject","inLanguage":"fr-FR","@id":"https:\/\/kapitalis.com\/tunisie\/2019\/02\/12\/leconomie-en-couleurs-selon-mounir-majdoub-un-humanisme-nouveau\/#primaryimage","url":"","contentUrl":""},{"@type":"BreadcrumbList","@id":"https:\/\/kapitalis.com\/tunisie\/2019\/02\/12\/leconomie-en-couleurs-selon-mounir-majdoub-un-humanisme-nouveau\/#breadcrumb","itemListElement":[{"@type":"ListItem","position":1,"name":"Accueil","item":"https:\/\/kapitalis.com\/tunisie\/"},{"@type":"ListItem","position":2,"name":"\u00abL\u2019\u00e9conomie en couleurs\u00bb selon Mounir Majdoub: Un humanisme nouveau"}]},{"@type":"WebSite","@id":"https:\/\/kapitalis.com\/tunisie\/#website","url":"https:\/\/kapitalis.com\/tunisie\/","name":"Kapitalis","description":"L&#039;actualit\u00e9 en Tunisie et dans le monde","publisher":{"@id":"https:\/\/kapitalis.com\/tunisie\/#organization"},"potentialAction":[{"@type":"SearchAction","target":{"@type":"EntryPoint","urlTemplate":"https:\/\/kapitalis.com\/tunisie\/?s={search_term_string}"},"query-input":{"@type":"PropertyValueSpecification","valueRequired":true,"valueName":"search_term_string"}}],"inLanguage":"fr-FR"},{"@type":"Organization","@id":"https:\/\/kapitalis.com\/tunisie\/#organization","name":"Kapitalis","url":"https:\/\/kapitalis.com\/tunisie\/","logo":{"@type":"ImageObject","inLanguage":"fr-FR","@id":"https:\/\/kapitalis.com\/tunisie\/#\/schema\/logo\/image\/","url":"https:\/\/kapitalis.com\/tunisie\/wp-content\/uploads\/2022\/05\/Kapitalis-big-size.png","contentUrl":"https:\/\/kapitalis.com\/tunisie\/wp-content\/uploads\/2022\/05\/Kapitalis-big-size.png","width":5000,"height":1500,"caption":"Kapitalis"},"image":{"@id":"https:\/\/kapitalis.com\/tunisie\/#\/schema\/logo\/image\/"},"sameAs":["https:\/\/www.facebook.com\/KapitalisInfo\/","https:\/\/x.com\/KapitalisInfo","https:\/\/www.youtube.com\/channel\/UC-yDYrHyfFBWWZaOw3FPg9Q"]},{"@type":"Person","@id":"https:\/\/kapitalis.com\/tunisie\/#\/schema\/person\/d71f33a9ca44f7bad4698210b480c8e9","name":"webmaster kapitalis","url":"https:\/\/kapitalis.com\/tunisie\/author\/webmaster-kapitalis\/"}]}},"_links":{"self":[{"href":"https:\/\/kapitalis.com\/tunisie\/wp-json\/wp\/v2\/posts\/197844","targetHints":{"allow":["GET"]}}],"collection":[{"href":"https:\/\/kapitalis.com\/tunisie\/wp-json\/wp\/v2\/posts"}],"about":[{"href":"https:\/\/kapitalis.com\/tunisie\/wp-json\/wp\/v2\/types\/post"}],"author":[{"embeddable":true,"href":"https:\/\/kapitalis.com\/tunisie\/wp-json\/wp\/v2\/users\/8"}],"replies":[{"embeddable":true,"href":"https:\/\/kapitalis.com\/tunisie\/wp-json\/wp\/v2\/comments?post=197844"}],"version-history":[{"count":0,"href":"https:\/\/kapitalis.com\/tunisie\/wp-json\/wp\/v2\/posts\/197844\/revisions"}],"wp:featuredmedia":[{"embeddable":true,"href":"https:\/\/kapitalis.com\/tunisie\/wp-json\/wp\/v2\/media\/197845"}],"wp:attachment":[{"href":"https:\/\/kapitalis.com\/tunisie\/wp-json\/wp\/v2\/media?parent=197844"}],"wp:term":[{"taxonomy":"category","embeddable":true,"href":"https:\/\/kapitalis.com\/tunisie\/wp-json\/wp\/v2\/categories?post=197844"},{"taxonomy":"post_tag","embeddable":true,"href":"https:\/\/kapitalis.com\/tunisie\/wp-json\/wp\/v2\/tags?post=197844"}],"curies":[{"name":"wp","href":"https:\/\/api.w.org\/{rel}","templated":true}]}}