{"id":198044,"date":"2019-02-13T19:28:27","date_gmt":"2019-02-13T18:28:27","guid":{"rendered":"http:\/\/kapitalis.com\/tunisie\/?p=198044"},"modified":"2019-02-13T19:28:27","modified_gmt":"2019-02-13T18:28:27","slug":"ben-salem-au-chevet-de-lenseignante-blessee-dans-lexplosion-a-el-mourouj","status":"publish","type":"post","link":"https:\/\/kapitalis.com\/tunisie\/2019\/02\/13\/ben-salem-au-chevet-de-lenseignante-blessee-dans-lexplosion-a-el-mourouj\/","title":{"rendered":"Ben Salem au chevet de l\u2019enseignante bless\u00e9e dans l\u2019explosion \u00e0 El-Mourouj"},"content":{"rendered":"<p style=\"text-align: center;\"><img loading=\"lazy\" decoding=\"async\" class=\"alignnone size-full wp-image-198049\" src=\"http:\/\/kapitalis.com\/tunisie\/wp-content\/uploads\/2019\/02\/Ben-Salem-endiegnante-brul\u00e9e-Mourouj-explosion.jpg\" alt=\"\" width=\"626\" height=\"380\" \/><\/p>\n<p><em><strong>Le ministre de l\u2019Education Hatem Ben Salem a rendu visite aujourd\u2019hui, mercredi 13 f\u00e9vrier 2019, \u00e0 l\u2019enseignante bless\u00e9e, hier, dans une explosion chez elle, \u00e0 El-Mourouj 5, provoqu\u00e9e par une fuite de gaz.<\/strong><\/em><!--more--><\/p>\n<p>Br\u00fbl\u00e9e aux 2<sup>e<\/sup> et 3<sup>e<\/sup> degr\u00e9s, la dame a \u00e9t\u00e9 admise au Centre de traumatologie et des grands br\u00fbl\u00e9s \u00e0 Ben Arous et son \u00e9tat est jug\u00e9 stable par les m\u00e9decins. Le ministre s\u2019est rendu \u00e0 son chevet, cet apr\u00e8s-midi, pour s\u2019enqu\u00e9rir de son \u00e9tat et lui apporter son soutien dans cette \u00e9preuve.<\/p>\n<p>Rappelons que l\u2019explosion survenue dans la cuisine, au 1<sup>er<\/sup> \u00e9tage de la maison, a provoqu\u00e9 l\u2019effondrement de la b\u00e2tisse et endommag\u00e9 6 voitures gar\u00e9es devant le domicile de l\u2019enseignante.<\/p>\n<p style=\"text-align: right;\"><strong>Y. N.<\/strong><\/p>\n<blockquote class=\"wp-embedded-content\" data-secret=\"RqOzq0eJIQ\"><p><a href=\"https:\/\/kapitalis.com\/tunisie\/2019\/02\/12\/el-mourouj-5-une-fuite-de-gaz-provoque-une-explosion-dans-une-maison\/\">El-Mourouj 5 : Une fuite de gaz provoque une explosion dans une maison<\/a><\/p><\/blockquote>\n<p><iframe loading=\"lazy\" class=\"wp-embedded-content\" sandbox=\"allow-scripts\" security=\"restricted\" style=\"position: absolute; clip: rect(1px, 1px, 1px, 1px);\" title=\"\u00ab\u00a0El-Mourouj 5 : Une fuite de gaz provoque une explosion dans une maison\u00a0\u00bb &#8212; Kapitalis\" src=\"https:\/\/kapitalis.com\/tunisie\/2019\/02\/12\/el-mourouj-5-une-fuite-de-gaz-provoque-une-explosion-dans-une-maison\/embed\/#?secret=rCLtTWDRL0#?secret=RqOzq0eJIQ\" data-secret=\"RqOzq0eJIQ\" width=\"600\" height=\"338\" frameborder=\"0\" marginwidth=\"0\" marginheight=\"0\" scrolling=\"no\"><\/iframe><\/p>\n","protected":false},"excerpt":{"rendered":"<p>Le ministre de l\u2019Education Hatem Ben Salem a rendu visite aujourd\u2019hui, mercredi 13 f\u00e9vrier 2019, \u00e0 l\u2019enseignante bless\u00e9e, hier, dans une explosion chez elle, \u00e0 El-Mourouj 5, provoqu\u00e9e par une fuite de gaz.<\/p>\n","protected":false},"author":6,"featured_media":198049,"comment_status":"open","ping_status":"open","sticky":false,"template":"","format":"standard","meta":{"footnotes":""},"categories":[997,2433],"tags":[141,19789,2517,360,10286],"class_list":["post-198044","post","type-post","status-publish","format-standard","has-post-thumbnail","hentry","category-politique","category-tunisie","tag-ben-arous","tag-centre-de-traumatologie","tag-el-mourouj","tag-explosion","tag-ministre-education"],"yoast_head":"<!-- This site is optimized with the Yoast SEO plugin v26.6 - https:\/\/yoast.com\/wordpress\/plugins\/seo\/ -->\n<title>Ben Salem au chevet de l\u2019enseignante bless\u00e9e dans l\u2019explosion \u00e0 El-Mourouj - Kapitalis<\/title>\n<meta name=\"robots\" content=\"index, follow, max-snippet:-1, max-image-preview:large, max-video-preview:-1\" \/>\n<link rel=\"canonical\" href=\"https:\/\/kapitalis.com\/tunisie\/2019\/02\/13\/ben-salem-au-chevet-de-lenseignante-blessee-dans-lexplosion-a-el-mourouj\/\" \/>\n<meta property=\"og:locale\" content=\"fr_FR\" \/>\n<meta property=\"og:type\" content=\"article\" \/>\n<meta property=\"og:title\" content=\"Ben Salem au chevet de l\u2019enseignante bless\u00e9e dans l\u2019explosion \u00e0 El-Mourouj - Kapitalis\" \/>\n<meta property=\"og:description\" content=\"Le ministre de l\u2019Education Hatem Ben Salem a rendu visite aujourd\u2019hui, mercredi 13 f\u00e9vrier 2019, \u00e0 l\u2019enseignante bless\u00e9e, hier, dans une explosion chez elle, \u00e0 El-Mourouj 5, provoqu\u00e9e par une fuite de gaz.\" \/>\n<meta property=\"og:url\" content=\"https:\/\/kapitalis.com\/tunisie\/2019\/02\/13\/ben-salem-au-chevet-de-lenseignante-blessee-dans-lexplosion-a-el-mourouj\/\" \/>\n<meta property=\"og:site_name\" content=\"Kapitalis\" \/>\n<meta property=\"article:publisher\" content=\"https:\/\/www.facebook.com\/KapitalisInfo\/\" \/>\n<meta property=\"article:published_time\" content=\"2019-02-13T18:28:27+00:00\" \/>\n<meta property=\"og:image\" content=\"https:\/\/kapitalis.com\/tunisie\/wp-content\/uploads\/2022\/05\/kapitalis-logo-fb.png\" \/>\n\t<meta property=\"og:image:width\" content=\"1200\" \/>\n\t<meta property=\"og:image:height\" content=\"630\" \/>\n\t<meta property=\"og:image:type\" content=\"image\/png\" \/>\n<meta name=\"author\" content=\"Yusra NY\" \/>\n<meta name=\"twitter:card\" content=\"summary_large_image\" \/>\n<meta name=\"twitter:creator\" content=\"@KapitalisInfo\" \/>\n<meta name=\"twitter:site\" content=\"@KapitalisInfo\" \/>\n<meta name=\"twitter:label1\" content=\"\u00c9crit par\" \/>\n\t<meta name=\"twitter:data1\" content=\"Yusra NY\" \/>\n\t<meta name=\"twitter:label2\" content=\"Dur\u00e9e de lecture estim\u00e9e\" \/>\n\t<meta name=\"twitter:data2\" content=\"1 minute\" \/>\n<script type=\"application\/ld+json\" class=\"yoast-schema-graph\">{\"@context\":\"https:\/\/schema.org\",\"@graph\":[{\"@type\":\"Article\",\"@id\":\"https:\/\/kapitalis.com\/tunisie\/2019\/02\/13\/ben-salem-au-chevet-de-lenseignante-blessee-dans-lexplosion-a-el-mourouj\/#article\",\"isPartOf\":{\"@id\":\"https:\/\/kapitalis.com\/tunisie\/2019\/02\/13\/ben-salem-au-chevet-de-lenseignante-blessee-dans-lexplosion-a-el-mourouj\/\"},\"author\":{\"name\":\"Yusra NY\",\"@id\":\"https:\/\/kapitalis.com\/tunisie\/#\/schema\/person\/74bbde0154d49d790a92aaeac5bc01d5\"},\"headline\":\"Ben Salem au chevet de l\u2019enseignante bless\u00e9e dans l\u2019explosion \u00e0 El-Mourouj\",\"datePublished\":\"2019-02-13T18:28:27+00:00\",\"mainEntityOfPage\":{\"@id\":\"https:\/\/kapitalis.com\/tunisie\/2019\/02\/13\/ben-salem-au-chevet-de-lenseignante-blessee-dans-lexplosion-a-el-mourouj\/\"},\"wordCount\":149,\"commentCount\":0,\"publisher\":{\"@id\":\"https:\/\/kapitalis.com\/tunisie\/#organization\"},\"image\":{\"@id\":\"https:\/\/kapitalis.com\/tunisie\/2019\/02\/13\/ben-salem-au-chevet-de-lenseignante-blessee-dans-lexplosion-a-el-mourouj\/#primaryimage\"},\"thumbnailUrl\":\"\",\"keywords\":[\"Ben Arous\",\"Centre de traumatologie\",\"El-Mourouj\",\"explosion\",\"ministre Education\"],\"articleSection\":[\"POLITIQUE\",\"Tunisie\"],\"inLanguage\":\"fr-FR\",\"potentialAction\":[{\"@type\":\"CommentAction\",\"name\":\"Comment\",\"target\":[\"https:\/\/kapitalis.com\/tunisie\/2019\/02\/13\/ben-salem-au-chevet-de-lenseignante-blessee-dans-lexplosion-a-el-mourouj\/#respond\"]}]},{\"@type\":\"WebPage\",\"@id\":\"https:\/\/kapitalis.com\/tunisie\/2019\/02\/13\/ben-salem-au-chevet-de-lenseignante-blessee-dans-lexplosion-a-el-mourouj\/\",\"url\":\"https:\/\/kapitalis.com\/tunisie\/2019\/02\/13\/ben-salem-au-chevet-de-lenseignante-blessee-dans-lexplosion-a-el-mourouj\/\",\"name\":\"Ben Salem au chevet de l\u2019enseignante bless\u00e9e dans l\u2019explosion \u00e0 El-Mourouj - Kapitalis\",\"isPartOf\":{\"@id\":\"https:\/\/kapitalis.com\/tunisie\/#website\"},\"primaryImageOfPage\":{\"@id\":\"https:\/\/kapitalis.com\/tunisie\/2019\/02\/13\/ben-salem-au-chevet-de-lenseignante-blessee-dans-lexplosion-a-el-mourouj\/#primaryimage\"},\"image\":{\"@id\":\"https:\/\/kapitalis.com\/tunisie\/2019\/02\/13\/ben-salem-au-chevet-de-lenseignante-blessee-dans-lexplosion-a-el-mourouj\/#primaryimage\"},\"thumbnailUrl\":\"\",\"datePublished\":\"2019-02-13T18:28:27+00:00\",\"breadcrumb\":{\"@id\":\"https:\/\/kapitalis.com\/tunisie\/2019\/02\/13\/ben-salem-au-chevet-de-lenseignante-blessee-dans-lexplosion-a-el-mourouj\/#breadcrumb\"},\"inLanguage\":\"fr-FR\",\"potentialAction\":[{\"@type\":\"ReadAction\",\"target\":[\"https:\/\/kapitalis.com\/tunisie\/2019\/02\/13\/ben-salem-au-chevet-de-lenseignante-blessee-dans-lexplosion-a-el-mourouj\/\"]}]},{\"@type\":\"ImageObject\",\"inLanguage\":\"fr-FR\",\"@id\":\"https:\/\/kapitalis.com\/tunisie\/2019\/02\/13\/ben-salem-au-chevet-de-lenseignante-blessee-dans-lexplosion-a-el-mourouj\/#primaryimage\",\"url\":\"\",\"contentUrl\":\"\"},{\"@type\":\"BreadcrumbList\",\"@id\":\"https:\/\/kapitalis.com\/tunisie\/2019\/02\/13\/ben-salem-au-chevet-de-lenseignante-blessee-dans-lexplosion-a-el-mourouj\/#breadcrumb\",\"itemListElement\":[{\"@type\":\"ListItem\",\"position\":1,\"name\":\"Accueil\",\"item\":\"https:\/\/kapitalis.com\/tunisie\/\"},{\"@type\":\"ListItem\",\"position\":2,\"name\":\"Ben Salem au chevet de l\u2019enseignante bless\u00e9e dans l\u2019explosion \u00e0 El-Mourouj\"}]},{\"@type\":\"WebSite\",\"@id\":\"https:\/\/kapitalis.com\/tunisie\/#website\",\"url\":\"https:\/\/kapitalis.com\/tunisie\/\",\"name\":\"Kapitalis\",\"description\":\"L&#039;actualit\u00e9 en Tunisie et dans le monde\",\"publisher\":{\"@id\":\"https:\/\/kapitalis.com\/tunisie\/#organization\"},\"potentialAction\":[{\"@type\":\"SearchAction\",\"target\":{\"@type\":\"EntryPoint\",\"urlTemplate\":\"https:\/\/kapitalis.com\/tunisie\/?s={search_term_string}\"},\"query-input\":{\"@type\":\"PropertyValueSpecification\",\"valueRequired\":true,\"valueName\":\"search_term_string\"}}],\"inLanguage\":\"fr-FR\"},{\"@type\":\"Organization\",\"@id\":\"https:\/\/kapitalis.com\/tunisie\/#organization\",\"name\":\"Kapitalis\",\"url\":\"https:\/\/kapitalis.com\/tunisie\/\",\"logo\":{\"@type\":\"ImageObject\",\"inLanguage\":\"fr-FR\",\"@id\":\"https:\/\/kapitalis.com\/tunisie\/#\/schema\/logo\/image\/\",\"url\":\"https:\/\/kapitalis.com\/tunisie\/wp-content\/uploads\/2022\/05\/Kapitalis-big-size.png\",\"contentUrl\":\"https:\/\/kapitalis.com\/tunisie\/wp-content\/uploads\/2022\/05\/Kapitalis-big-size.png\",\"width\":5000,\"height\":1500,\"caption\":\"Kapitalis\"},\"image\":{\"@id\":\"https:\/\/kapitalis.com\/tunisie\/#\/schema\/logo\/image\/\"},\"sameAs\":[\"https:\/\/www.facebook.com\/KapitalisInfo\/\",\"https:\/\/x.com\/KapitalisInfo\",\"https:\/\/www.youtube.com\/channel\/UC-yDYrHyfFBWWZaOw3FPg9Q\"]},{\"@type\":\"Person\",\"@id\":\"https:\/\/kapitalis.com\/tunisie\/#\/schema\/person\/74bbde0154d49d790a92aaeac5bc01d5\",\"name\":\"Yusra NY\",\"url\":\"https:\/\/kapitalis.com\/tunisie\/author\/yuza_adam\/\"}]}<\/script>\n<!-- \/ Yoast SEO plugin. -->","yoast_head_json":{"title":"Ben Salem au chevet de l\u2019enseignante bless\u00e9e dans l\u2019explosion \u00e0 El-Mourouj - Kapitalis","robots":{"index":"index","follow":"follow","max-snippet":"max-snippet:-1","max-image-preview":"max-image-preview:large","max-video-preview":"max-video-preview:-1"},"canonical":"https:\/\/kapitalis.com\/tunisie\/2019\/02\/13\/ben-salem-au-chevet-de-lenseignante-blessee-dans-lexplosion-a-el-mourouj\/","og_locale":"fr_FR","og_type":"article","og_title":"Ben Salem au chevet de l\u2019enseignante bless\u00e9e dans l\u2019explosion \u00e0 El-Mourouj - Kapitalis","og_description":"Le ministre de l\u2019Education Hatem Ben Salem a rendu visite aujourd\u2019hui, mercredi 13 f\u00e9vrier 2019, \u00e0 l\u2019enseignante bless\u00e9e, hier, dans une explosion chez elle, \u00e0 El-Mourouj 5, provoqu\u00e9e par une fuite de gaz.","og_url":"https:\/\/kapitalis.com\/tunisie\/2019\/02\/13\/ben-salem-au-chevet-de-lenseignante-blessee-dans-lexplosion-a-el-mourouj\/","og_site_name":"Kapitalis","article_publisher":"https:\/\/www.facebook.com\/KapitalisInfo\/","article_published_time":"2019-02-13T18:28:27+00:00","og_image":[{"width":1200,"height":630,"url":"https:\/\/kapitalis.com\/tunisie\/wp-content\/uploads\/2022\/05\/kapitalis-logo-fb.png","type":"image\/png"}],"author":"Yusra NY","twitter_card":"summary_large_image","twitter_creator":"@KapitalisInfo","twitter_site":"@KapitalisInfo","twitter_misc":{"\u00c9crit par":"Yusra NY","Dur\u00e9e de lecture estim\u00e9e":"1 minute"},"schema":{"@context":"https:\/\/schema.org","@graph":[{"@type":"Article","@id":"https:\/\/kapitalis.com\/tunisie\/2019\/02\/13\/ben-salem-au-chevet-de-lenseignante-blessee-dans-lexplosion-a-el-mourouj\/#article","isPartOf":{"@id":"https:\/\/kapitalis.com\/tunisie\/2019\/02\/13\/ben-salem-au-chevet-de-lenseignante-blessee-dans-lexplosion-a-el-mourouj\/"},"author":{"name":"Yusra NY","@id":"https:\/\/kapitalis.com\/tunisie\/#\/schema\/person\/74bbde0154d49d790a92aaeac5bc01d5"},"headline":"Ben Salem au chevet de l\u2019enseignante bless\u00e9e dans l\u2019explosion \u00e0 El-Mourouj","datePublished":"2019-02-13T18:28:27+00:00","mainEntityOfPage":{"@id":"https:\/\/kapitalis.com\/tunisie\/2019\/02\/13\/ben-salem-au-chevet-de-lenseignante-blessee-dans-lexplosion-a-el-mourouj\/"},"wordCount":149,"commentCount":0,"publisher":{"@id":"https:\/\/kapitalis.com\/tunisie\/#organization"},"image":{"@id":"https:\/\/kapitalis.com\/tunisie\/2019\/02\/13\/ben-salem-au-chevet-de-lenseignante-blessee-dans-lexplosion-a-el-mourouj\/#primaryimage"},"thumbnailUrl":"","keywords":["Ben Arous","Centre de traumatologie","El-Mourouj","explosion","ministre Education"],"articleSection":["POLITIQUE","Tunisie"],"inLanguage":"fr-FR","potentialAction":[{"@type":"CommentAction","name":"Comment","target":["https:\/\/kapitalis.com\/tunisie\/2019\/02\/13\/ben-salem-au-chevet-de-lenseignante-blessee-dans-lexplosion-a-el-mourouj\/#respond"]}]},{"@type":"WebPage","@id":"https:\/\/kapitalis.com\/tunisie\/2019\/02\/13\/ben-salem-au-chevet-de-lenseignante-blessee-dans-lexplosion-a-el-mourouj\/","url":"https:\/\/kapitalis.com\/tunisie\/2019\/02\/13\/ben-salem-au-chevet-de-lenseignante-blessee-dans-lexplosion-a-el-mourouj\/","name":"Ben Salem au chevet de l\u2019enseignante bless\u00e9e dans l\u2019explosion \u00e0 El-Mourouj - Kapitalis","isPartOf":{"@id":"https:\/\/kapitalis.com\/tunisie\/#website"},"primaryImageOfPage":{"@id":"https:\/\/kapitalis.com\/tunisie\/2019\/02\/13\/ben-salem-au-chevet-de-lenseignante-blessee-dans-lexplosion-a-el-mourouj\/#primaryimage"},"image":{"@id":"https:\/\/kapitalis.com\/tunisie\/2019\/02\/13\/ben-salem-au-chevet-de-lenseignante-blessee-dans-lexplosion-a-el-mourouj\/#primaryimage"},"thumbnailUrl":"","datePublished":"2019-02-13T18:28:27+00:00","breadcrumb":{"@id":"https:\/\/kapitalis.com\/tunisie\/2019\/02\/13\/ben-salem-au-chevet-de-lenseignante-blessee-dans-lexplosion-a-el-mourouj\/#breadcrumb"},"inLanguage":"fr-FR","potentialAction":[{"@type":"ReadAction","target":["https:\/\/kapitalis.com\/tunisie\/2019\/02\/13\/ben-salem-au-chevet-de-lenseignante-blessee-dans-lexplosion-a-el-mourouj\/"]}]},{"@type":"ImageObject","inLanguage":"fr-FR","@id":"https:\/\/kapitalis.com\/tunisie\/2019\/02\/13\/ben-salem-au-chevet-de-lenseignante-blessee-dans-lexplosion-a-el-mourouj\/#primaryimage","url":"","contentUrl":""},{"@type":"BreadcrumbList","@id":"https:\/\/kapitalis.com\/tunisie\/2019\/02\/13\/ben-salem-au-chevet-de-lenseignante-blessee-dans-lexplosion-a-el-mourouj\/#breadcrumb","itemListElement":[{"@type":"ListItem","position":1,"name":"Accueil","item":"https:\/\/kapitalis.com\/tunisie\/"},{"@type":"ListItem","position":2,"name":"Ben Salem au chevet de l\u2019enseignante bless\u00e9e dans l\u2019explosion \u00e0 El-Mourouj"}]},{"@type":"WebSite","@id":"https:\/\/kapitalis.com\/tunisie\/#website","url":"https:\/\/kapitalis.com\/tunisie\/","name":"Kapitalis","description":"L&#039;actualit\u00e9 en Tunisie et dans le monde","publisher":{"@id":"https:\/\/kapitalis.com\/tunisie\/#organization"},"potentialAction":[{"@type":"SearchAction","target":{"@type":"EntryPoint","urlTemplate":"https:\/\/kapitalis.com\/tunisie\/?s={search_term_string}"},"query-input":{"@type":"PropertyValueSpecification","valueRequired":true,"valueName":"search_term_string"}}],"inLanguage":"fr-FR"},{"@type":"Organization","@id":"https:\/\/kapitalis.com\/tunisie\/#organization","name":"Kapitalis","url":"https:\/\/kapitalis.com\/tunisie\/","logo":{"@type":"ImageObject","inLanguage":"fr-FR","@id":"https:\/\/kapitalis.com\/tunisie\/#\/schema\/logo\/image\/","url":"https:\/\/kapitalis.com\/tunisie\/wp-content\/uploads\/2022\/05\/Kapitalis-big-size.png","contentUrl":"https:\/\/kapitalis.com\/tunisie\/wp-content\/uploads\/2022\/05\/Kapitalis-big-size.png","width":5000,"height":1500,"caption":"Kapitalis"},"image":{"@id":"https:\/\/kapitalis.com\/tunisie\/#\/schema\/logo\/image\/"},"sameAs":["https:\/\/www.facebook.com\/KapitalisInfo\/","https:\/\/x.com\/KapitalisInfo","https:\/\/www.youtube.com\/channel\/UC-yDYrHyfFBWWZaOw3FPg9Q"]},{"@type":"Person","@id":"https:\/\/kapitalis.com\/tunisie\/#\/schema\/person\/74bbde0154d49d790a92aaeac5bc01d5","name":"Yusra NY","url":"https:\/\/kapitalis.com\/tunisie\/author\/yuza_adam\/"}]}},"_links":{"self":[{"href":"https:\/\/kapitalis.com\/tunisie\/wp-json\/wp\/v2\/posts\/198044","targetHints":{"allow":["GET"]}}],"collection":[{"href":"https:\/\/kapitalis.com\/tunisie\/wp-json\/wp\/v2\/posts"}],"about":[{"href":"https:\/\/kapitalis.com\/tunisie\/wp-json\/wp\/v2\/types\/post"}],"author":[{"embeddable":true,"href":"https:\/\/kapitalis.com\/tunisie\/wp-json\/wp\/v2\/users\/6"}],"replies":[{"embeddable":true,"href":"https:\/\/kapitalis.com\/tunisie\/wp-json\/wp\/v2\/comments?post=198044"}],"version-history":[{"count":0,"href":"https:\/\/kapitalis.com\/tunisie\/wp-json\/wp\/v2\/posts\/198044\/revisions"}],"wp:featuredmedia":[{"embeddable":true,"href":"https:\/\/kapitalis.com\/tunisie\/wp-json\/wp\/v2\/media\/198049"}],"wp:attachment":[{"href":"https:\/\/kapitalis.com\/tunisie\/wp-json\/wp\/v2\/media?parent=198044"}],"wp:term":[{"taxonomy":"category","embeddable":true,"href":"https:\/\/kapitalis.com\/tunisie\/wp-json\/wp\/v2\/categories?post=198044"},{"taxonomy":"post_tag","embeddable":true,"href":"https:\/\/kapitalis.com\/tunisie\/wp-json\/wp\/v2\/tags?post=198044"}],"curies":[{"name":"wp","href":"https:\/\/api.w.org\/{rel}","templated":true}]}}