{"id":198155,"date":"2019-02-14T16:21:45","date_gmt":"2019-02-14T15:21:45","guid":{"rendered":"http:\/\/kapitalis.com\/tunisie\/?p=198155"},"modified":"2019-02-14T16:30:15","modified_gmt":"2019-02-14T15:30:15","slug":"youssef-chahed-je-ne-pense-pas-aux-elections-en-me-rasant-le-matin","status":"publish","type":"post","link":"https:\/\/kapitalis.com\/tunisie\/2019\/02\/14\/youssef-chahed-je-ne-pense-pas-aux-elections-en-me-rasant-le-matin\/","title":{"rendered":"Youssef Chahed : \u00abJe ne pense pas aux \u00e9lections en me rasant le matin\u00bb"},"content":{"rendered":"<p style=\"text-align: center;\"><img loading=\"lazy\" decoding=\"async\" class=\"alignnone size-full wp-image-198158\" src=\"http:\/\/kapitalis.com\/tunisie\/wp-content\/uploads\/2019\/02\/Youssef-Chahed_France.jpg\" alt=\"\" width=\"626\" height=\"380\" \/><\/p>\n<p><em><strong>Le chef du gouvernement, Youssef Chahed, a indiqu\u00e9 qu&rsquo;il suit de pr\u00e8s les travaux du parti Tahia Tounes, nouvellement cr\u00e9\u00e9, autour de sa probable candidature aux prochaines \u00e9lections.\u00a0<\/strong><\/em><!--more--><\/p>\n<p>Dans une interview accord\u00e9e au journal fran\u00e7ais \u00ab\u00a0<em>Le Figaro<\/em>\u00a0\u00bb parue aujourd&rsquo;hui, jeudi 14 f\u00e9vrier 2019, M. Chahed, en visite officielle de 3 jours en France, a indiqu\u00e9 que le gouvernement a pour objectif d&rsquo;atteindre cette ann\u00e9e les 9 millions de touristes et d\u00e9passer ainsi le\u00a0niveau enregistr\u00e9 en 2010, ajoutant que\u00a0la Tunisie ne doit pas rester dans le mod\u00e8le du \u00ab<em>all inclusive<\/em>\u00bb peu r\u00e9mun\u00e9rateur en termes de devises.<\/p>\n<p>A la question\u00a0\u00ab<em>Vous avez nomm\u00e9, en novembre, un ministre du Tourisme au profil atypique : un professionnel du secteur de confession juive. Est-ce une nouvelle strat\u00e9gie?<\/em>\u00bb, le chef du gouvernement a r\u00e9pondu que la nomination de Ren\u00e9 Trabelsi n&rsquo;avait rien \u00e0 voir avec le fait qu&rsquo;il soit juif. Selon lui, le successeur de Salma Elloumi-Rekik peut apporter au secteur public son exp\u00e9rience de voyagiste acquise dans le priv\u00e9.<\/p>\n<p>Youssef Chahed a, par ailleurs, avou\u00e9, \u00e0 demi-mot, que ses relations avec le pr\u00e9sident de la r\u00e9publique, B\u00e9ji Ca\u00efd Essebsi, ont pu \u00eatre compliqu\u00e9es par moments\u00a0\u00ab<em>mais ce fut au niveau des institutions et non pas des personnes<\/em>\u00bb.<\/p>\n<p>Interrog\u00e9 sur les prochaines \u00e9lections l\u00e9gislatives et pr\u00e9sidentielles, M. Chahed a r\u00e9pondu qu&rsquo;en tant que\u00a0chef du gouvernement il va \u0153uvrer \u00e0 ce qu&rsquo;elles se d\u00e9roulent aussi bien que les municipales de mai 2018.\u00a0A la question de la journaliste, qui a insist\u00e9 \u00ab<em>Mais allez-vous \u00eatre candidat ?<\/em>\u00bb, il s&rsquo;est content\u00e9 de r\u00e9pondre :\u00a0 \u00ab<em>Je n\u2019y pense pas tous les jours en me rasant le matin<\/em>\u00bb,\u00a0en paraphrasant ainsi Laurent Fabius,\u00a0l\u2019ancien Premier ministre de Fran\u00e7ois Mitterrand, qui, \u00e0 la\u00a0question <em>\u00abPensez-vous \u00e0 l\u2019\u00c9lys\u00e9e ?\u00bb<\/em>,\u00a0au cours de l\u2019\u00e9mission<em> \u00ab\u00a0100 minutes pour convaincre\u00a0\u00bb<\/em>, le 15 octobre 2003 sur France 2, avait r\u00e9pondu: <em>\u00abJ\u2019y pense parfois le matin en me rasant\u00bb<\/em>.<\/p>\n<p style=\"text-align: right;\"><strong>E. B. A.<\/strong><\/p>\n","protected":false},"excerpt":{"rendered":"<p>Le chef du gouvernement, Youssef Chahed, a indiqu\u00e9 qu&rsquo;il suit de pr\u00e8s les travaux du parti Tahia Tounes, nouvellement cr\u00e9\u00e9, autour de sa probable candidature aux prochaines \u00e9lections.\u00a0<\/p>\n","protected":false},"author":16,"featured_media":198158,"comment_status":"open","ping_status":"open","sticky":false,"template":"","format":"standard","meta":{"footnotes":""},"categories":[997,2433],"tags":[1108,4938,54992,908],"class_list":["post-198155","post","type-post","status-publish","format-standard","has-post-thumbnail","hentry","category-politique","category-tunisie","tag-beji-caid-essebsi","tag-rene-trabelsi","tag-tahia-tounes","tag-tourisme"],"yoast_head":"<!-- This site is optimized with the Yoast SEO plugin v26.6 - https:\/\/yoast.com\/wordpress\/plugins\/seo\/ -->\n<title>Youssef Chahed : \u00abJe ne pense pas aux \u00e9lections en me rasant le matin\u00bb - Kapitalis<\/title>\n<meta name=\"robots\" content=\"index, follow, max-snippet:-1, max-image-preview:large, max-video-preview:-1\" \/>\n<link rel=\"canonical\" href=\"https:\/\/kapitalis.com\/tunisie\/2019\/02\/14\/youssef-chahed-je-ne-pense-pas-aux-elections-en-me-rasant-le-matin\/\" \/>\n<meta property=\"og:locale\" content=\"fr_FR\" \/>\n<meta property=\"og:type\" content=\"article\" \/>\n<meta property=\"og:title\" content=\"Youssef Chahed : \u00abJe ne pense pas aux \u00e9lections en me rasant le matin\u00bb - Kapitalis\" \/>\n<meta property=\"og:description\" content=\"Le chef du gouvernement, Youssef Chahed, a indiqu\u00e9 qu&rsquo;il suit de pr\u00e8s les travaux du parti Tahia Tounes, nouvellement cr\u00e9\u00e9, autour de sa probable candidature aux prochaines \u00e9lections.\u00a0\" \/>\n<meta property=\"og:url\" content=\"https:\/\/kapitalis.com\/tunisie\/2019\/02\/14\/youssef-chahed-je-ne-pense-pas-aux-elections-en-me-rasant-le-matin\/\" \/>\n<meta property=\"og:site_name\" content=\"Kapitalis\" \/>\n<meta property=\"article:publisher\" content=\"https:\/\/www.facebook.com\/KapitalisInfo\/\" \/>\n<meta property=\"article:published_time\" content=\"2019-02-14T15:21:45+00:00\" \/>\n<meta property=\"article:modified_time\" content=\"2019-02-14T15:30:15+00:00\" \/>\n<meta property=\"og:image\" content=\"https:\/\/kapitalis.com\/tunisie\/wp-content\/uploads\/2022\/05\/kapitalis-logo-fb.png\" \/>\n\t<meta property=\"og:image:width\" content=\"1200\" \/>\n\t<meta property=\"og:image:height\" content=\"630\" \/>\n\t<meta property=\"og:image:type\" content=\"image\/png\" \/>\n<meta name=\"author\" content=\"emna benabdallah\" \/>\n<meta name=\"twitter:card\" content=\"summary_large_image\" \/>\n<meta name=\"twitter:creator\" content=\"@KapitalisInfo\" \/>\n<meta name=\"twitter:site\" content=\"@KapitalisInfo\" \/>\n<meta name=\"twitter:label1\" content=\"\u00c9crit par\" \/>\n\t<meta name=\"twitter:data1\" content=\"emna benabdallah\" \/>\n\t<meta name=\"twitter:label2\" content=\"Dur\u00e9e de lecture estim\u00e9e\" \/>\n\t<meta name=\"twitter:data2\" content=\"2 minutes\" \/>\n<script type=\"application\/ld+json\" class=\"yoast-schema-graph\">{\"@context\":\"https:\/\/schema.org\",\"@graph\":[{\"@type\":\"Article\",\"@id\":\"https:\/\/kapitalis.com\/tunisie\/2019\/02\/14\/youssef-chahed-je-ne-pense-pas-aux-elections-en-me-rasant-le-matin\/#article\",\"isPartOf\":{\"@id\":\"https:\/\/kapitalis.com\/tunisie\/2019\/02\/14\/youssef-chahed-je-ne-pense-pas-aux-elections-en-me-rasant-le-matin\/\"},\"author\":{\"name\":\"emna benabdallah\",\"@id\":\"https:\/\/kapitalis.com\/tunisie\/#\/schema\/person\/2c6e134b2f3369dffcd1daf5f087d28b\"},\"headline\":\"Youssef Chahed : \u00abJe ne pense pas aux \u00e9lections en me rasant le matin\u00bb\",\"datePublished\":\"2019-02-14T15:21:45+00:00\",\"dateModified\":\"2019-02-14T15:30:15+00:00\",\"mainEntityOfPage\":{\"@id\":\"https:\/\/kapitalis.com\/tunisie\/2019\/02\/14\/youssef-chahed-je-ne-pense-pas-aux-elections-en-me-rasant-le-matin\/\"},\"wordCount\":341,\"commentCount\":1,\"publisher\":{\"@id\":\"https:\/\/kapitalis.com\/tunisie\/#organization\"},\"image\":{\"@id\":\"https:\/\/kapitalis.com\/tunisie\/2019\/02\/14\/youssef-chahed-je-ne-pense-pas-aux-elections-en-me-rasant-le-matin\/#primaryimage\"},\"thumbnailUrl\":\"\",\"keywords\":[\"B\u00e9ji Ca\u00efd Essebsi\",\"Ren\u00e9 Trabelsi\",\"Tahia Tounes\",\"tourisme\"],\"articleSection\":[\"POLITIQUE\",\"Tunisie\"],\"inLanguage\":\"fr-FR\",\"potentialAction\":[{\"@type\":\"CommentAction\",\"name\":\"Comment\",\"target\":[\"https:\/\/kapitalis.com\/tunisie\/2019\/02\/14\/youssef-chahed-je-ne-pense-pas-aux-elections-en-me-rasant-le-matin\/#respond\"]}]},{\"@type\":\"WebPage\",\"@id\":\"https:\/\/kapitalis.com\/tunisie\/2019\/02\/14\/youssef-chahed-je-ne-pense-pas-aux-elections-en-me-rasant-le-matin\/\",\"url\":\"https:\/\/kapitalis.com\/tunisie\/2019\/02\/14\/youssef-chahed-je-ne-pense-pas-aux-elections-en-me-rasant-le-matin\/\",\"name\":\"Youssef Chahed : \u00abJe ne pense pas aux \u00e9lections en me rasant le matin\u00bb - Kapitalis\",\"isPartOf\":{\"@id\":\"https:\/\/kapitalis.com\/tunisie\/#website\"},\"primaryImageOfPage\":{\"@id\":\"https:\/\/kapitalis.com\/tunisie\/2019\/02\/14\/youssef-chahed-je-ne-pense-pas-aux-elections-en-me-rasant-le-matin\/#primaryimage\"},\"image\":{\"@id\":\"https:\/\/kapitalis.com\/tunisie\/2019\/02\/14\/youssef-chahed-je-ne-pense-pas-aux-elections-en-me-rasant-le-matin\/#primaryimage\"},\"thumbnailUrl\":\"\",\"datePublished\":\"2019-02-14T15:21:45+00:00\",\"dateModified\":\"2019-02-14T15:30:15+00:00\",\"breadcrumb\":{\"@id\":\"https:\/\/kapitalis.com\/tunisie\/2019\/02\/14\/youssef-chahed-je-ne-pense-pas-aux-elections-en-me-rasant-le-matin\/#breadcrumb\"},\"inLanguage\":\"fr-FR\",\"potentialAction\":[{\"@type\":\"ReadAction\",\"target\":[\"https:\/\/kapitalis.com\/tunisie\/2019\/02\/14\/youssef-chahed-je-ne-pense-pas-aux-elections-en-me-rasant-le-matin\/\"]}]},{\"@type\":\"ImageObject\",\"inLanguage\":\"fr-FR\",\"@id\":\"https:\/\/kapitalis.com\/tunisie\/2019\/02\/14\/youssef-chahed-je-ne-pense-pas-aux-elections-en-me-rasant-le-matin\/#primaryimage\",\"url\":\"\",\"contentUrl\":\"\"},{\"@type\":\"BreadcrumbList\",\"@id\":\"https:\/\/kapitalis.com\/tunisie\/2019\/02\/14\/youssef-chahed-je-ne-pense-pas-aux-elections-en-me-rasant-le-matin\/#breadcrumb\",\"itemListElement\":[{\"@type\":\"ListItem\",\"position\":1,\"name\":\"Accueil\",\"item\":\"https:\/\/kapitalis.com\/tunisie\/\"},{\"@type\":\"ListItem\",\"position\":2,\"name\":\"Youssef Chahed : \u00abJe ne pense pas aux \u00e9lections en me rasant le matin\u00bb\"}]},{\"@type\":\"WebSite\",\"@id\":\"https:\/\/kapitalis.com\/tunisie\/#website\",\"url\":\"https:\/\/kapitalis.com\/tunisie\/\",\"name\":\"Kapitalis\",\"description\":\"L&#039;actualit\u00e9 en Tunisie et dans le monde\",\"publisher\":{\"@id\":\"https:\/\/kapitalis.com\/tunisie\/#organization\"},\"potentialAction\":[{\"@type\":\"SearchAction\",\"target\":{\"@type\":\"EntryPoint\",\"urlTemplate\":\"https:\/\/kapitalis.com\/tunisie\/?s={search_term_string}\"},\"query-input\":{\"@type\":\"PropertyValueSpecification\",\"valueRequired\":true,\"valueName\":\"search_term_string\"}}],\"inLanguage\":\"fr-FR\"},{\"@type\":\"Organization\",\"@id\":\"https:\/\/kapitalis.com\/tunisie\/#organization\",\"name\":\"Kapitalis\",\"url\":\"https:\/\/kapitalis.com\/tunisie\/\",\"logo\":{\"@type\":\"ImageObject\",\"inLanguage\":\"fr-FR\",\"@id\":\"https:\/\/kapitalis.com\/tunisie\/#\/schema\/logo\/image\/\",\"url\":\"https:\/\/kapitalis.com\/tunisie\/wp-content\/uploads\/2022\/05\/Kapitalis-big-size.png\",\"contentUrl\":\"https:\/\/kapitalis.com\/tunisie\/wp-content\/uploads\/2022\/05\/Kapitalis-big-size.png\",\"width\":5000,\"height\":1500,\"caption\":\"Kapitalis\"},\"image\":{\"@id\":\"https:\/\/kapitalis.com\/tunisie\/#\/schema\/logo\/image\/\"},\"sameAs\":[\"https:\/\/www.facebook.com\/KapitalisInfo\/\",\"https:\/\/x.com\/KapitalisInfo\",\"https:\/\/www.youtube.com\/channel\/UC-yDYrHyfFBWWZaOw3FPg9Q\"]},{\"@type\":\"Person\",\"@id\":\"https:\/\/kapitalis.com\/tunisie\/#\/schema\/person\/2c6e134b2f3369dffcd1daf5f087d28b\",\"name\":\"emna benabdallah\",\"url\":\"https:\/\/kapitalis.com\/tunisie\/author\/emna\/\"}]}<\/script>\n<!-- \/ Yoast SEO plugin. -->","yoast_head_json":{"title":"Youssef Chahed : \u00abJe ne pense pas aux \u00e9lections en me rasant le matin\u00bb - Kapitalis","robots":{"index":"index","follow":"follow","max-snippet":"max-snippet:-1","max-image-preview":"max-image-preview:large","max-video-preview":"max-video-preview:-1"},"canonical":"https:\/\/kapitalis.com\/tunisie\/2019\/02\/14\/youssef-chahed-je-ne-pense-pas-aux-elections-en-me-rasant-le-matin\/","og_locale":"fr_FR","og_type":"article","og_title":"Youssef Chahed : \u00abJe ne pense pas aux \u00e9lections en me rasant le matin\u00bb - Kapitalis","og_description":"Le chef du gouvernement, Youssef Chahed, a indiqu\u00e9 qu&rsquo;il suit de pr\u00e8s les travaux du parti Tahia Tounes, nouvellement cr\u00e9\u00e9, autour de sa probable candidature aux prochaines \u00e9lections.\u00a0","og_url":"https:\/\/kapitalis.com\/tunisie\/2019\/02\/14\/youssef-chahed-je-ne-pense-pas-aux-elections-en-me-rasant-le-matin\/","og_site_name":"Kapitalis","article_publisher":"https:\/\/www.facebook.com\/KapitalisInfo\/","article_published_time":"2019-02-14T15:21:45+00:00","article_modified_time":"2019-02-14T15:30:15+00:00","og_image":[{"width":1200,"height":630,"url":"https:\/\/kapitalis.com\/tunisie\/wp-content\/uploads\/2022\/05\/kapitalis-logo-fb.png","type":"image\/png"}],"author":"emna benabdallah","twitter_card":"summary_large_image","twitter_creator":"@KapitalisInfo","twitter_site":"@KapitalisInfo","twitter_misc":{"\u00c9crit par":"emna benabdallah","Dur\u00e9e de lecture estim\u00e9e":"2 minutes"},"schema":{"@context":"https:\/\/schema.org","@graph":[{"@type":"Article","@id":"https:\/\/kapitalis.com\/tunisie\/2019\/02\/14\/youssef-chahed-je-ne-pense-pas-aux-elections-en-me-rasant-le-matin\/#article","isPartOf":{"@id":"https:\/\/kapitalis.com\/tunisie\/2019\/02\/14\/youssef-chahed-je-ne-pense-pas-aux-elections-en-me-rasant-le-matin\/"},"author":{"name":"emna benabdallah","@id":"https:\/\/kapitalis.com\/tunisie\/#\/schema\/person\/2c6e134b2f3369dffcd1daf5f087d28b"},"headline":"Youssef Chahed : \u00abJe ne pense pas aux \u00e9lections en me rasant le matin\u00bb","datePublished":"2019-02-14T15:21:45+00:00","dateModified":"2019-02-14T15:30:15+00:00","mainEntityOfPage":{"@id":"https:\/\/kapitalis.com\/tunisie\/2019\/02\/14\/youssef-chahed-je-ne-pense-pas-aux-elections-en-me-rasant-le-matin\/"},"wordCount":341,"commentCount":1,"publisher":{"@id":"https:\/\/kapitalis.com\/tunisie\/#organization"},"image":{"@id":"https:\/\/kapitalis.com\/tunisie\/2019\/02\/14\/youssef-chahed-je-ne-pense-pas-aux-elections-en-me-rasant-le-matin\/#primaryimage"},"thumbnailUrl":"","keywords":["B\u00e9ji Ca\u00efd Essebsi","Ren\u00e9 Trabelsi","Tahia Tounes","tourisme"],"articleSection":["POLITIQUE","Tunisie"],"inLanguage":"fr-FR","potentialAction":[{"@type":"CommentAction","name":"Comment","target":["https:\/\/kapitalis.com\/tunisie\/2019\/02\/14\/youssef-chahed-je-ne-pense-pas-aux-elections-en-me-rasant-le-matin\/#respond"]}]},{"@type":"WebPage","@id":"https:\/\/kapitalis.com\/tunisie\/2019\/02\/14\/youssef-chahed-je-ne-pense-pas-aux-elections-en-me-rasant-le-matin\/","url":"https:\/\/kapitalis.com\/tunisie\/2019\/02\/14\/youssef-chahed-je-ne-pense-pas-aux-elections-en-me-rasant-le-matin\/","name":"Youssef Chahed : \u00abJe ne pense pas aux \u00e9lections en me rasant le matin\u00bb - Kapitalis","isPartOf":{"@id":"https:\/\/kapitalis.com\/tunisie\/#website"},"primaryImageOfPage":{"@id":"https:\/\/kapitalis.com\/tunisie\/2019\/02\/14\/youssef-chahed-je-ne-pense-pas-aux-elections-en-me-rasant-le-matin\/#primaryimage"},"image":{"@id":"https:\/\/kapitalis.com\/tunisie\/2019\/02\/14\/youssef-chahed-je-ne-pense-pas-aux-elections-en-me-rasant-le-matin\/#primaryimage"},"thumbnailUrl":"","datePublished":"2019-02-14T15:21:45+00:00","dateModified":"2019-02-14T15:30:15+00:00","breadcrumb":{"@id":"https:\/\/kapitalis.com\/tunisie\/2019\/02\/14\/youssef-chahed-je-ne-pense-pas-aux-elections-en-me-rasant-le-matin\/#breadcrumb"},"inLanguage":"fr-FR","potentialAction":[{"@type":"ReadAction","target":["https:\/\/kapitalis.com\/tunisie\/2019\/02\/14\/youssef-chahed-je-ne-pense-pas-aux-elections-en-me-rasant-le-matin\/"]}]},{"@type":"ImageObject","inLanguage":"fr-FR","@id":"https:\/\/kapitalis.com\/tunisie\/2019\/02\/14\/youssef-chahed-je-ne-pense-pas-aux-elections-en-me-rasant-le-matin\/#primaryimage","url":"","contentUrl":""},{"@type":"BreadcrumbList","@id":"https:\/\/kapitalis.com\/tunisie\/2019\/02\/14\/youssef-chahed-je-ne-pense-pas-aux-elections-en-me-rasant-le-matin\/#breadcrumb","itemListElement":[{"@type":"ListItem","position":1,"name":"Accueil","item":"https:\/\/kapitalis.com\/tunisie\/"},{"@type":"ListItem","position":2,"name":"Youssef Chahed : \u00abJe ne pense pas aux \u00e9lections en me rasant le matin\u00bb"}]},{"@type":"WebSite","@id":"https:\/\/kapitalis.com\/tunisie\/#website","url":"https:\/\/kapitalis.com\/tunisie\/","name":"Kapitalis","description":"L&#039;actualit\u00e9 en Tunisie et dans le monde","publisher":{"@id":"https:\/\/kapitalis.com\/tunisie\/#organization"},"potentialAction":[{"@type":"SearchAction","target":{"@type":"EntryPoint","urlTemplate":"https:\/\/kapitalis.com\/tunisie\/?s={search_term_string}"},"query-input":{"@type":"PropertyValueSpecification","valueRequired":true,"valueName":"search_term_string"}}],"inLanguage":"fr-FR"},{"@type":"Organization","@id":"https:\/\/kapitalis.com\/tunisie\/#organization","name":"Kapitalis","url":"https:\/\/kapitalis.com\/tunisie\/","logo":{"@type":"ImageObject","inLanguage":"fr-FR","@id":"https:\/\/kapitalis.com\/tunisie\/#\/schema\/logo\/image\/","url":"https:\/\/kapitalis.com\/tunisie\/wp-content\/uploads\/2022\/05\/Kapitalis-big-size.png","contentUrl":"https:\/\/kapitalis.com\/tunisie\/wp-content\/uploads\/2022\/05\/Kapitalis-big-size.png","width":5000,"height":1500,"caption":"Kapitalis"},"image":{"@id":"https:\/\/kapitalis.com\/tunisie\/#\/schema\/logo\/image\/"},"sameAs":["https:\/\/www.facebook.com\/KapitalisInfo\/","https:\/\/x.com\/KapitalisInfo","https:\/\/www.youtube.com\/channel\/UC-yDYrHyfFBWWZaOw3FPg9Q"]},{"@type":"Person","@id":"https:\/\/kapitalis.com\/tunisie\/#\/schema\/person\/2c6e134b2f3369dffcd1daf5f087d28b","name":"emna benabdallah","url":"https:\/\/kapitalis.com\/tunisie\/author\/emna\/"}]}},"_links":{"self":[{"href":"https:\/\/kapitalis.com\/tunisie\/wp-json\/wp\/v2\/posts\/198155","targetHints":{"allow":["GET"]}}],"collection":[{"href":"https:\/\/kapitalis.com\/tunisie\/wp-json\/wp\/v2\/posts"}],"about":[{"href":"https:\/\/kapitalis.com\/tunisie\/wp-json\/wp\/v2\/types\/post"}],"author":[{"embeddable":true,"href":"https:\/\/kapitalis.com\/tunisie\/wp-json\/wp\/v2\/users\/16"}],"replies":[{"embeddable":true,"href":"https:\/\/kapitalis.com\/tunisie\/wp-json\/wp\/v2\/comments?post=198155"}],"version-history":[{"count":0,"href":"https:\/\/kapitalis.com\/tunisie\/wp-json\/wp\/v2\/posts\/198155\/revisions"}],"wp:featuredmedia":[{"embeddable":true,"href":"https:\/\/kapitalis.com\/tunisie\/wp-json\/wp\/v2\/media\/198158"}],"wp:attachment":[{"href":"https:\/\/kapitalis.com\/tunisie\/wp-json\/wp\/v2\/media?parent=198155"}],"wp:term":[{"taxonomy":"category","embeddable":true,"href":"https:\/\/kapitalis.com\/tunisie\/wp-json\/wp\/v2\/categories?post=198155"},{"taxonomy":"post_tag","embeddable":true,"href":"https:\/\/kapitalis.com\/tunisie\/wp-json\/wp\/v2\/tags?post=198155"}],"curies":[{"name":"wp","href":"https:\/\/api.w.org\/{rel}","templated":true}]}}