{"id":198323,"date":"2019-02-15T12:31:51","date_gmt":"2019-02-15T11:31:51","guid":{"rendered":"http:\/\/kapitalis.com\/tunisie\/?p=198323"},"modified":"2019-02-15T12:31:51","modified_gmt":"2019-02-15T11:31:51","slug":"enfidha-un-bus-transportant-des-voyageurs-prend-feu-video","status":"publish","type":"post","link":"https:\/\/kapitalis.com\/tunisie\/2019\/02\/15\/enfidha-un-bus-transportant-des-voyageurs-prend-feu-video\/","title":{"rendered":"Enfidha : Un bus transportant des voyageurs prend feu (vid\u00e9o)"},"content":{"rendered":"<p style=\"text-align: center;\"><img loading=\"lazy\" decoding=\"async\" class=\"alignnone size-full wp-image-198332\" src=\"http:\/\/kapitalis.com\/tunisie\/wp-content\/uploads\/2019\/02\/Enfidha-bus-incendie-.jpg\" alt=\"\" width=\"626\" height=\"380\" \/><\/p>\n<p><em><strong>Un bus de reliant Tunis \u00e0 Ben Guerdane a pris feu, dans la nuit jeudi \u00e0 vendredi 15 f\u00e9vrier 2019, au niveau d\u2019Enfidha (Sousse). Aucun passager n\u2019a\u00a0\u00e9t\u00e9 bless\u00e9 mais le bus a \u00e9t\u00e9 calcin\u00e9.<\/strong><\/em><!--more--><\/p>\n<p>Ce n\u2019est pas la premi\u00e8re fois qu\u2019un bus de la Soci\u00e9t\u00e9 nationale du transport interurbain (SNTRI) prend feu, \u00e0 cause d\u2019une d\u00e9faillance technique. Ces incidents r\u00e9p\u00e9titifs alimentent \u00e0 nouveau les soup\u00e7ons de corruption dans l\u2019achat de bus d\u2019occasion, en provenance de la France, une affaire qui fait l\u2019objet d\u2019une enqu\u00eate ouverte depuis 2018.<\/p>\n<p>Le bus qui a pris feu hier transportait plus de 50 voyageurs qui ont \u00e9t\u00e9 \u00e9vacu\u00e9s \u00e0 temps et le pire a \u00e9t\u00e9 \u00e9vit\u00e9. Ils ont du attendre longtemps l\u2019arriv\u00e9e d\u2019un autre bus pour les transporter \u00e0 leur destination.<\/p>\n<p style=\"text-align: right;\"><strong>Y. N.<\/strong><\/p>\n<blockquote class=\"wp-embedded-content\" data-secret=\"WU4JPEXQsV\"><p><a href=\"https:\/\/kapitalis.com\/tunisie\/2018\/03\/16\/kebili-un-bus-de-la-sntri-prend-feu-les-passagers-evacues-a-temps\/\">K\u00e9bili : Un bus de la SNTRI prend feu, les passagers \u00e9vacu\u00e9s \u00e0 temps<\/a><\/p><\/blockquote>\n<p><iframe loading=\"lazy\" class=\"wp-embedded-content\" sandbox=\"allow-scripts\" security=\"restricted\" style=\"position: absolute; clip: rect(1px, 1px, 1px, 1px);\" title=\"\u00ab\u00a0K\u00e9bili : Un bus de la SNTRI prend feu, les passagers \u00e9vacu\u00e9s \u00e0 temps\u00a0\u00bb &#8212; Kapitalis\" src=\"https:\/\/kapitalis.com\/tunisie\/2018\/03\/16\/kebili-un-bus-de-la-sntri-prend-feu-les-passagers-evacues-a-temps\/embed\/#?secret=CM4KO0s77a#?secret=WU4JPEXQsV\" data-secret=\"WU4JPEXQsV\" width=\"600\" height=\"338\" frameborder=\"0\" marginwidth=\"0\" marginheight=\"0\" scrolling=\"no\"><\/iframe><\/p>\n<blockquote class=\"wp-embedded-content\" data-secret=\"3Ebw0QTlUI\"><p><a href=\"https:\/\/kapitalis.com\/tunisie\/2019\/01\/15\/sntri-panne-de-bus-en-pleine-nuit-sur-la-route-de-jendouba-tunis\/\">SNTRI : Panne de bus en pleine nuit sur la route de Jendouba-Tunis<\/a><\/p><\/blockquote>\n<p><iframe loading=\"lazy\" class=\"wp-embedded-content\" sandbox=\"allow-scripts\" security=\"restricted\" style=\"position: absolute; clip: rect(1px, 1px, 1px, 1px);\" title=\"\u00ab\u00a0SNTRI : Panne de bus en pleine nuit sur la route de Jendouba-Tunis\u00a0\u00bb &#8212; Kapitalis\" src=\"https:\/\/kapitalis.com\/tunisie\/2019\/01\/15\/sntri-panne-de-bus-en-pleine-nuit-sur-la-route-de-jendouba-tunis\/embed\/#?secret=VurDO2dGuY#?secret=3Ebw0QTlUI\" data-secret=\"3Ebw0QTlUI\" width=\"600\" height=\"338\" frameborder=\"0\" marginwidth=\"0\" marginheight=\"0\" scrolling=\"no\"><\/iframe><\/p>\n","protected":false},"excerpt":{"rendered":"<p>Un bus de reliant Tunis \u00e0 Ben Guerdane a pris feu, dans la nuit jeudi \u00e0 vendredi 15 f\u00e9vrier 2019, au niveau d\u2019Enfidha (Sousse). Aucun passager n\u2019a\u00a0\u00e9t\u00e9 bless\u00e9 mais le bus a \u00e9t\u00e9 calcin\u00e9.<\/p>\n","protected":false},"author":6,"featured_media":198332,"comment_status":"open","ping_status":"open","sticky":false,"template":"","format":"standard","meta":{"footnotes":""},"categories":[998,2433,4806],"tags":[1818,3290,1248,6567,918],"class_list":["post-198323","post","type-post","status-publish","format-standard","has-post-thumbnail","hentry","category-societe","category-tunisie","category-videos","tag-ben-guerdane","tag-bus","tag-enfidha","tag-sntri","tag-transport"],"yoast_head":"<!-- This site is optimized with the Yoast SEO plugin v26.6 - https:\/\/yoast.com\/wordpress\/plugins\/seo\/ -->\n<title>Enfidha : Un bus transportant des voyageurs prend feu (vid\u00e9o) - Kapitalis<\/title>\n<meta name=\"robots\" content=\"index, follow, max-snippet:-1, max-image-preview:large, max-video-preview:-1\" \/>\n<link rel=\"canonical\" href=\"https:\/\/kapitalis.com\/tunisie\/2019\/02\/15\/enfidha-un-bus-transportant-des-voyageurs-prend-feu-video\/\" \/>\n<meta property=\"og:locale\" content=\"fr_FR\" \/>\n<meta property=\"og:type\" content=\"article\" \/>\n<meta property=\"og:title\" content=\"Enfidha : Un bus transportant des voyageurs prend feu (vid\u00e9o) - Kapitalis\" \/>\n<meta property=\"og:description\" content=\"Un bus de reliant Tunis \u00e0 Ben Guerdane a pris feu, dans la nuit jeudi \u00e0 vendredi 15 f\u00e9vrier 2019, au niveau d\u2019Enfidha (Sousse). Aucun passager n\u2019a\u00a0\u00e9t\u00e9 bless\u00e9 mais le bus a \u00e9t\u00e9 calcin\u00e9.\" \/>\n<meta property=\"og:url\" content=\"https:\/\/kapitalis.com\/tunisie\/2019\/02\/15\/enfidha-un-bus-transportant-des-voyageurs-prend-feu-video\/\" \/>\n<meta property=\"og:site_name\" content=\"Kapitalis\" \/>\n<meta property=\"article:publisher\" content=\"https:\/\/www.facebook.com\/KapitalisInfo\/\" \/>\n<meta property=\"article:published_time\" content=\"2019-02-15T11:31:51+00:00\" \/>\n<meta property=\"og:image\" content=\"https:\/\/kapitalis.com\/tunisie\/wp-content\/uploads\/2022\/05\/kapitalis-logo-fb.png\" \/>\n\t<meta property=\"og:image:width\" content=\"1200\" \/>\n\t<meta property=\"og:image:height\" content=\"630\" \/>\n\t<meta property=\"og:image:type\" content=\"image\/png\" \/>\n<meta name=\"author\" content=\"Yusra NY\" \/>\n<meta name=\"twitter:card\" content=\"summary_large_image\" \/>\n<meta name=\"twitter:creator\" content=\"@KapitalisInfo\" \/>\n<meta name=\"twitter:site\" content=\"@KapitalisInfo\" \/>\n<meta name=\"twitter:label1\" content=\"\u00c9crit par\" \/>\n\t<meta name=\"twitter:data1\" content=\"Yusra NY\" \/>\n\t<meta name=\"twitter:label2\" content=\"Dur\u00e9e de lecture estim\u00e9e\" \/>\n\t<meta name=\"twitter:data2\" content=\"1 minute\" \/>\n<script type=\"application\/ld+json\" class=\"yoast-schema-graph\">{\"@context\":\"https:\/\/schema.org\",\"@graph\":[{\"@type\":\"Article\",\"@id\":\"https:\/\/kapitalis.com\/tunisie\/2019\/02\/15\/enfidha-un-bus-transportant-des-voyageurs-prend-feu-video\/#article\",\"isPartOf\":{\"@id\":\"https:\/\/kapitalis.com\/tunisie\/2019\/02\/15\/enfidha-un-bus-transportant-des-voyageurs-prend-feu-video\/\"},\"author\":{\"name\":\"Yusra NY\",\"@id\":\"https:\/\/kapitalis.com\/tunisie\/#\/schema\/person\/74bbde0154d49d790a92aaeac5bc01d5\"},\"headline\":\"Enfidha : Un bus transportant des voyageurs prend feu (vid\u00e9o)\",\"datePublished\":\"2019-02-15T11:31:51+00:00\",\"mainEntityOfPage\":{\"@id\":\"https:\/\/kapitalis.com\/tunisie\/2019\/02\/15\/enfidha-un-bus-transportant-des-voyageurs-prend-feu-video\/\"},\"wordCount\":160,\"commentCount\":0,\"publisher\":{\"@id\":\"https:\/\/kapitalis.com\/tunisie\/#organization\"},\"image\":{\"@id\":\"https:\/\/kapitalis.com\/tunisie\/2019\/02\/15\/enfidha-un-bus-transportant-des-voyageurs-prend-feu-video\/#primaryimage\"},\"thumbnailUrl\":\"\",\"keywords\":[\"Ben Guerdane\",\"bus\",\"Enfidha\",\"SNTRI\",\"transport\"],\"articleSection\":[\"SOCIETE\",\"Tunisie\",\"VIDEOS\"],\"inLanguage\":\"fr-FR\",\"potentialAction\":[{\"@type\":\"CommentAction\",\"name\":\"Comment\",\"target\":[\"https:\/\/kapitalis.com\/tunisie\/2019\/02\/15\/enfidha-un-bus-transportant-des-voyageurs-prend-feu-video\/#respond\"]}]},{\"@type\":\"WebPage\",\"@id\":\"https:\/\/kapitalis.com\/tunisie\/2019\/02\/15\/enfidha-un-bus-transportant-des-voyageurs-prend-feu-video\/\",\"url\":\"https:\/\/kapitalis.com\/tunisie\/2019\/02\/15\/enfidha-un-bus-transportant-des-voyageurs-prend-feu-video\/\",\"name\":\"Enfidha : Un bus transportant des voyageurs prend feu (vid\u00e9o) - Kapitalis\",\"isPartOf\":{\"@id\":\"https:\/\/kapitalis.com\/tunisie\/#website\"},\"primaryImageOfPage\":{\"@id\":\"https:\/\/kapitalis.com\/tunisie\/2019\/02\/15\/enfidha-un-bus-transportant-des-voyageurs-prend-feu-video\/#primaryimage\"},\"image\":{\"@id\":\"https:\/\/kapitalis.com\/tunisie\/2019\/02\/15\/enfidha-un-bus-transportant-des-voyageurs-prend-feu-video\/#primaryimage\"},\"thumbnailUrl\":\"\",\"datePublished\":\"2019-02-15T11:31:51+00:00\",\"breadcrumb\":{\"@id\":\"https:\/\/kapitalis.com\/tunisie\/2019\/02\/15\/enfidha-un-bus-transportant-des-voyageurs-prend-feu-video\/#breadcrumb\"},\"inLanguage\":\"fr-FR\",\"potentialAction\":[{\"@type\":\"ReadAction\",\"target\":[\"https:\/\/kapitalis.com\/tunisie\/2019\/02\/15\/enfidha-un-bus-transportant-des-voyageurs-prend-feu-video\/\"]}]},{\"@type\":\"ImageObject\",\"inLanguage\":\"fr-FR\",\"@id\":\"https:\/\/kapitalis.com\/tunisie\/2019\/02\/15\/enfidha-un-bus-transportant-des-voyageurs-prend-feu-video\/#primaryimage\",\"url\":\"\",\"contentUrl\":\"\"},{\"@type\":\"BreadcrumbList\",\"@id\":\"https:\/\/kapitalis.com\/tunisie\/2019\/02\/15\/enfidha-un-bus-transportant-des-voyageurs-prend-feu-video\/#breadcrumb\",\"itemListElement\":[{\"@type\":\"ListItem\",\"position\":1,\"name\":\"Accueil\",\"item\":\"https:\/\/kapitalis.com\/tunisie\/\"},{\"@type\":\"ListItem\",\"position\":2,\"name\":\"Enfidha : Un bus transportant des voyageurs prend feu (vid\u00e9o)\"}]},{\"@type\":\"WebSite\",\"@id\":\"https:\/\/kapitalis.com\/tunisie\/#website\",\"url\":\"https:\/\/kapitalis.com\/tunisie\/\",\"name\":\"Kapitalis\",\"description\":\"L&#039;actualit\u00e9 en Tunisie et dans le monde\",\"publisher\":{\"@id\":\"https:\/\/kapitalis.com\/tunisie\/#organization\"},\"potentialAction\":[{\"@type\":\"SearchAction\",\"target\":{\"@type\":\"EntryPoint\",\"urlTemplate\":\"https:\/\/kapitalis.com\/tunisie\/?s={search_term_string}\"},\"query-input\":{\"@type\":\"PropertyValueSpecification\",\"valueRequired\":true,\"valueName\":\"search_term_string\"}}],\"inLanguage\":\"fr-FR\"},{\"@type\":\"Organization\",\"@id\":\"https:\/\/kapitalis.com\/tunisie\/#organization\",\"name\":\"Kapitalis\",\"url\":\"https:\/\/kapitalis.com\/tunisie\/\",\"logo\":{\"@type\":\"ImageObject\",\"inLanguage\":\"fr-FR\",\"@id\":\"https:\/\/kapitalis.com\/tunisie\/#\/schema\/logo\/image\/\",\"url\":\"https:\/\/kapitalis.com\/tunisie\/wp-content\/uploads\/2022\/05\/Kapitalis-big-size.png\",\"contentUrl\":\"https:\/\/kapitalis.com\/tunisie\/wp-content\/uploads\/2022\/05\/Kapitalis-big-size.png\",\"width\":5000,\"height\":1500,\"caption\":\"Kapitalis\"},\"image\":{\"@id\":\"https:\/\/kapitalis.com\/tunisie\/#\/schema\/logo\/image\/\"},\"sameAs\":[\"https:\/\/www.facebook.com\/KapitalisInfo\/\",\"https:\/\/x.com\/KapitalisInfo\",\"https:\/\/www.youtube.com\/channel\/UC-yDYrHyfFBWWZaOw3FPg9Q\"]},{\"@type\":\"Person\",\"@id\":\"https:\/\/kapitalis.com\/tunisie\/#\/schema\/person\/74bbde0154d49d790a92aaeac5bc01d5\",\"name\":\"Yusra NY\",\"url\":\"https:\/\/kapitalis.com\/tunisie\/author\/yuza_adam\/\"}]}<\/script>\n<!-- \/ Yoast SEO plugin. -->","yoast_head_json":{"title":"Enfidha : Un bus transportant des voyageurs prend feu (vid\u00e9o) - Kapitalis","robots":{"index":"index","follow":"follow","max-snippet":"max-snippet:-1","max-image-preview":"max-image-preview:large","max-video-preview":"max-video-preview:-1"},"canonical":"https:\/\/kapitalis.com\/tunisie\/2019\/02\/15\/enfidha-un-bus-transportant-des-voyageurs-prend-feu-video\/","og_locale":"fr_FR","og_type":"article","og_title":"Enfidha : Un bus transportant des voyageurs prend feu (vid\u00e9o) - Kapitalis","og_description":"Un bus de reliant Tunis \u00e0 Ben Guerdane a pris feu, dans la nuit jeudi \u00e0 vendredi 15 f\u00e9vrier 2019, au niveau d\u2019Enfidha (Sousse). Aucun passager n\u2019a\u00a0\u00e9t\u00e9 bless\u00e9 mais le bus a \u00e9t\u00e9 calcin\u00e9.","og_url":"https:\/\/kapitalis.com\/tunisie\/2019\/02\/15\/enfidha-un-bus-transportant-des-voyageurs-prend-feu-video\/","og_site_name":"Kapitalis","article_publisher":"https:\/\/www.facebook.com\/KapitalisInfo\/","article_published_time":"2019-02-15T11:31:51+00:00","og_image":[{"width":1200,"height":630,"url":"https:\/\/kapitalis.com\/tunisie\/wp-content\/uploads\/2022\/05\/kapitalis-logo-fb.png","type":"image\/png"}],"author":"Yusra NY","twitter_card":"summary_large_image","twitter_creator":"@KapitalisInfo","twitter_site":"@KapitalisInfo","twitter_misc":{"\u00c9crit par":"Yusra NY","Dur\u00e9e de lecture estim\u00e9e":"1 minute"},"schema":{"@context":"https:\/\/schema.org","@graph":[{"@type":"Article","@id":"https:\/\/kapitalis.com\/tunisie\/2019\/02\/15\/enfidha-un-bus-transportant-des-voyageurs-prend-feu-video\/#article","isPartOf":{"@id":"https:\/\/kapitalis.com\/tunisie\/2019\/02\/15\/enfidha-un-bus-transportant-des-voyageurs-prend-feu-video\/"},"author":{"name":"Yusra NY","@id":"https:\/\/kapitalis.com\/tunisie\/#\/schema\/person\/74bbde0154d49d790a92aaeac5bc01d5"},"headline":"Enfidha : Un bus transportant des voyageurs prend feu (vid\u00e9o)","datePublished":"2019-02-15T11:31:51+00:00","mainEntityOfPage":{"@id":"https:\/\/kapitalis.com\/tunisie\/2019\/02\/15\/enfidha-un-bus-transportant-des-voyageurs-prend-feu-video\/"},"wordCount":160,"commentCount":0,"publisher":{"@id":"https:\/\/kapitalis.com\/tunisie\/#organization"},"image":{"@id":"https:\/\/kapitalis.com\/tunisie\/2019\/02\/15\/enfidha-un-bus-transportant-des-voyageurs-prend-feu-video\/#primaryimage"},"thumbnailUrl":"","keywords":["Ben Guerdane","bus","Enfidha","SNTRI","transport"],"articleSection":["SOCIETE","Tunisie","VIDEOS"],"inLanguage":"fr-FR","potentialAction":[{"@type":"CommentAction","name":"Comment","target":["https:\/\/kapitalis.com\/tunisie\/2019\/02\/15\/enfidha-un-bus-transportant-des-voyageurs-prend-feu-video\/#respond"]}]},{"@type":"WebPage","@id":"https:\/\/kapitalis.com\/tunisie\/2019\/02\/15\/enfidha-un-bus-transportant-des-voyageurs-prend-feu-video\/","url":"https:\/\/kapitalis.com\/tunisie\/2019\/02\/15\/enfidha-un-bus-transportant-des-voyageurs-prend-feu-video\/","name":"Enfidha : Un bus transportant des voyageurs prend feu (vid\u00e9o) - Kapitalis","isPartOf":{"@id":"https:\/\/kapitalis.com\/tunisie\/#website"},"primaryImageOfPage":{"@id":"https:\/\/kapitalis.com\/tunisie\/2019\/02\/15\/enfidha-un-bus-transportant-des-voyageurs-prend-feu-video\/#primaryimage"},"image":{"@id":"https:\/\/kapitalis.com\/tunisie\/2019\/02\/15\/enfidha-un-bus-transportant-des-voyageurs-prend-feu-video\/#primaryimage"},"thumbnailUrl":"","datePublished":"2019-02-15T11:31:51+00:00","breadcrumb":{"@id":"https:\/\/kapitalis.com\/tunisie\/2019\/02\/15\/enfidha-un-bus-transportant-des-voyageurs-prend-feu-video\/#breadcrumb"},"inLanguage":"fr-FR","potentialAction":[{"@type":"ReadAction","target":["https:\/\/kapitalis.com\/tunisie\/2019\/02\/15\/enfidha-un-bus-transportant-des-voyageurs-prend-feu-video\/"]}]},{"@type":"ImageObject","inLanguage":"fr-FR","@id":"https:\/\/kapitalis.com\/tunisie\/2019\/02\/15\/enfidha-un-bus-transportant-des-voyageurs-prend-feu-video\/#primaryimage","url":"","contentUrl":""},{"@type":"BreadcrumbList","@id":"https:\/\/kapitalis.com\/tunisie\/2019\/02\/15\/enfidha-un-bus-transportant-des-voyageurs-prend-feu-video\/#breadcrumb","itemListElement":[{"@type":"ListItem","position":1,"name":"Accueil","item":"https:\/\/kapitalis.com\/tunisie\/"},{"@type":"ListItem","position":2,"name":"Enfidha : Un bus transportant des voyageurs prend feu (vid\u00e9o)"}]},{"@type":"WebSite","@id":"https:\/\/kapitalis.com\/tunisie\/#website","url":"https:\/\/kapitalis.com\/tunisie\/","name":"Kapitalis","description":"L&#039;actualit\u00e9 en Tunisie et dans le monde","publisher":{"@id":"https:\/\/kapitalis.com\/tunisie\/#organization"},"potentialAction":[{"@type":"SearchAction","target":{"@type":"EntryPoint","urlTemplate":"https:\/\/kapitalis.com\/tunisie\/?s={search_term_string}"},"query-input":{"@type":"PropertyValueSpecification","valueRequired":true,"valueName":"search_term_string"}}],"inLanguage":"fr-FR"},{"@type":"Organization","@id":"https:\/\/kapitalis.com\/tunisie\/#organization","name":"Kapitalis","url":"https:\/\/kapitalis.com\/tunisie\/","logo":{"@type":"ImageObject","inLanguage":"fr-FR","@id":"https:\/\/kapitalis.com\/tunisie\/#\/schema\/logo\/image\/","url":"https:\/\/kapitalis.com\/tunisie\/wp-content\/uploads\/2022\/05\/Kapitalis-big-size.png","contentUrl":"https:\/\/kapitalis.com\/tunisie\/wp-content\/uploads\/2022\/05\/Kapitalis-big-size.png","width":5000,"height":1500,"caption":"Kapitalis"},"image":{"@id":"https:\/\/kapitalis.com\/tunisie\/#\/schema\/logo\/image\/"},"sameAs":["https:\/\/www.facebook.com\/KapitalisInfo\/","https:\/\/x.com\/KapitalisInfo","https:\/\/www.youtube.com\/channel\/UC-yDYrHyfFBWWZaOw3FPg9Q"]},{"@type":"Person","@id":"https:\/\/kapitalis.com\/tunisie\/#\/schema\/person\/74bbde0154d49d790a92aaeac5bc01d5","name":"Yusra NY","url":"https:\/\/kapitalis.com\/tunisie\/author\/yuza_adam\/"}]}},"_links":{"self":[{"href":"https:\/\/kapitalis.com\/tunisie\/wp-json\/wp\/v2\/posts\/198323","targetHints":{"allow":["GET"]}}],"collection":[{"href":"https:\/\/kapitalis.com\/tunisie\/wp-json\/wp\/v2\/posts"}],"about":[{"href":"https:\/\/kapitalis.com\/tunisie\/wp-json\/wp\/v2\/types\/post"}],"author":[{"embeddable":true,"href":"https:\/\/kapitalis.com\/tunisie\/wp-json\/wp\/v2\/users\/6"}],"replies":[{"embeddable":true,"href":"https:\/\/kapitalis.com\/tunisie\/wp-json\/wp\/v2\/comments?post=198323"}],"version-history":[{"count":0,"href":"https:\/\/kapitalis.com\/tunisie\/wp-json\/wp\/v2\/posts\/198323\/revisions"}],"wp:featuredmedia":[{"embeddable":true,"href":"https:\/\/kapitalis.com\/tunisie\/wp-json\/wp\/v2\/media\/198332"}],"wp:attachment":[{"href":"https:\/\/kapitalis.com\/tunisie\/wp-json\/wp\/v2\/media?parent=198323"}],"wp:term":[{"taxonomy":"category","embeddable":true,"href":"https:\/\/kapitalis.com\/tunisie\/wp-json\/wp\/v2\/categories?post=198323"},{"taxonomy":"post_tag","embeddable":true,"href":"https:\/\/kapitalis.com\/tunisie\/wp-json\/wp\/v2\/tags?post=198323"}],"curies":[{"name":"wp","href":"https:\/\/api.w.org\/{rel}","templated":true}]}}