{"id":198356,"date":"2019-02-15T14:25:34","date_gmt":"2019-02-15T13:25:34","guid":{"rendered":"http:\/\/kapitalis.com\/tunisie\/?p=198356"},"modified":"2019-02-15T14:29:25","modified_gmt":"2019-02-15T13:29:25","slug":"jebel-lahmar-un-vieil-homme-accuse-davoir-tente-denlever-une-ado","status":"publish","type":"post","link":"https:\/\/kapitalis.com\/tunisie\/2019\/02\/15\/jebel-lahmar-un-vieil-homme-accuse-davoir-tente-denlever-une-ado\/","title":{"rendered":"Jebel Lahmar : Un vieil homme accus\u00e9 d&rsquo;avoir tent\u00e9 d\u2019enlever une ado"},"content":{"rendered":"<p style=\"text-align: center;\"><img loading=\"lazy\" decoding=\"async\" class=\"alignnone size-full wp-image-198360\" src=\"http:\/\/kapitalis.com\/tunisie\/wp-content\/uploads\/2019\/02\/jebel-Lahmar-vieil-homme-ado.jpg\" alt=\"\" width=\"626\" height=\"380\" \/><\/p>\n<p><em><strong>Des habitants de Jebel Lahmar, \u00e0 la lisi\u00e8re ouest de Tunis, ont intercept\u00e9 hier, jeudi 14 f\u00e9vrier 2019, un vieil homme, qui aurait poursuivi et tent\u00e9 d\u2019enlever une adolescente de 13 ans. Ils l\u2019ont remis \u00e0 la police et une enqu\u00eate a \u00e9t\u00e9 ouverte.<\/strong><\/em><!--more--><\/p>\n<p>Cela s\u2019est pass\u00e9 au quartier Hbaysia, \u00e0 la cit\u00e9 Zayatine, et l\u2019homme \u00e9tait \u00e0 bord d&rsquo;une voiture, avec d\u2019autres individus.<\/p>\n<p>L&rsquo;adolescente affirme avoir \u00e9t\u00e9 accost\u00e9e par ces individus puis l&rsquo;un d&rsquo;eux est descendu du v\u00e9hicule et l&rsquo;a prise en chasse. Il avait une corde nou\u00e9e \u00e0 ses hanches.<\/p>\n<p>Ayant pris peur, elle s&rsquo;est mise \u00e0 courir et \u00e0 crier. C&rsquo;est ainsi que des jeunes ont couru \u00e0 son secours. La voiture a disparu et l\u2019homme a \u00e9t\u00e9 ma\u00eetris\u00e9, sans violence, avant d&rsquo;\u00eatre remis \u00e0 la police. Il a montr\u00e9 un grand calme, niant tout en bloc.<\/p>\n<p>Une enqu\u00eate a \u00e9t\u00e9 ouverte et la m\u00e8re de l\u2019adolescente a d\u00e9cid\u00e9 de poursuivre le suspect en justice, d\u2019autant que l&rsquo;incident a provoqu\u00e9 un grand choc chez sa fille.<\/p>\n<p style=\"text-align: right;\"><strong>Y. N.<\/strong><\/p>\n","protected":false},"excerpt":{"rendered":"<p>Des habitants de Jebel Lahmar, \u00e0 la lisi\u00e8re ouest de Tunis, ont intercept\u00e9 hier, jeudi 14 f\u00e9vrier 2019, un vieil homme, qui aurait poursuivi et tent\u00e9 d\u2019enlever une adolescente de 13 ans. Ils l\u2019ont remis \u00e0 la police et une enqu\u00eate a \u00e9t\u00e9 ouverte.<\/p>\n","protected":false},"author":6,"featured_media":198360,"comment_status":"open","ping_status":"open","sticky":false,"template":"","format":"standard","meta":{"footnotes":""},"categories":[998,2433],"tags":[1011,3515],"class_list":["post-198356","post","type-post","status-publish","format-standard","has-post-thumbnail","hentry","category-societe","category-tunisie","tag-enlevement","tag-jebel-lahmar"],"yoast_head":"<!-- This site is optimized with the Yoast SEO plugin v26.6 - https:\/\/yoast.com\/wordpress\/plugins\/seo\/ -->\n<title>Jebel Lahmar : Un vieil homme accus\u00e9 d&#039;avoir tent\u00e9 d\u2019enlever une ado - Kapitalis<\/title>\n<meta name=\"robots\" content=\"index, follow, max-snippet:-1, max-image-preview:large, max-video-preview:-1\" \/>\n<link rel=\"canonical\" href=\"https:\/\/kapitalis.com\/tunisie\/2019\/02\/15\/jebel-lahmar-un-vieil-homme-accuse-davoir-tente-denlever-une-ado\/\" \/>\n<meta property=\"og:locale\" content=\"fr_FR\" \/>\n<meta property=\"og:type\" content=\"article\" \/>\n<meta property=\"og:title\" content=\"Jebel Lahmar : Un vieil homme accus\u00e9 d&#039;avoir tent\u00e9 d\u2019enlever une ado - Kapitalis\" \/>\n<meta property=\"og:description\" content=\"Des habitants de Jebel Lahmar, \u00e0 la lisi\u00e8re ouest de Tunis, ont intercept\u00e9 hier, jeudi 14 f\u00e9vrier 2019, un vieil homme, qui aurait poursuivi et tent\u00e9 d\u2019enlever une adolescente de 13 ans. Ils l\u2019ont remis \u00e0 la police et une enqu\u00eate a \u00e9t\u00e9 ouverte.\" \/>\n<meta property=\"og:url\" content=\"https:\/\/kapitalis.com\/tunisie\/2019\/02\/15\/jebel-lahmar-un-vieil-homme-accuse-davoir-tente-denlever-une-ado\/\" \/>\n<meta property=\"og:site_name\" content=\"Kapitalis\" \/>\n<meta property=\"article:publisher\" content=\"https:\/\/www.facebook.com\/KapitalisInfo\/\" \/>\n<meta property=\"article:published_time\" content=\"2019-02-15T13:25:34+00:00\" \/>\n<meta property=\"article:modified_time\" content=\"2019-02-15T13:29:25+00:00\" \/>\n<meta property=\"og:image\" content=\"https:\/\/kapitalis.com\/tunisie\/wp-content\/uploads\/2022\/05\/kapitalis-logo-fb.png\" \/>\n\t<meta property=\"og:image:width\" content=\"1200\" \/>\n\t<meta property=\"og:image:height\" content=\"630\" \/>\n\t<meta property=\"og:image:type\" content=\"image\/png\" \/>\n<meta name=\"author\" content=\"Yusra NY\" \/>\n<meta name=\"twitter:card\" content=\"summary_large_image\" \/>\n<meta name=\"twitter:creator\" content=\"@KapitalisInfo\" \/>\n<meta name=\"twitter:site\" content=\"@KapitalisInfo\" \/>\n<meta name=\"twitter:label1\" content=\"\u00c9crit par\" \/>\n\t<meta name=\"twitter:data1\" content=\"Yusra NY\" \/>\n\t<meta name=\"twitter:label2\" content=\"Dur\u00e9e de lecture estim\u00e9e\" \/>\n\t<meta name=\"twitter:data2\" content=\"1 minute\" \/>\n<script type=\"application\/ld+json\" class=\"yoast-schema-graph\">{\"@context\":\"https:\/\/schema.org\",\"@graph\":[{\"@type\":\"Article\",\"@id\":\"https:\/\/kapitalis.com\/tunisie\/2019\/02\/15\/jebel-lahmar-un-vieil-homme-accuse-davoir-tente-denlever-une-ado\/#article\",\"isPartOf\":{\"@id\":\"https:\/\/kapitalis.com\/tunisie\/2019\/02\/15\/jebel-lahmar-un-vieil-homme-accuse-davoir-tente-denlever-une-ado\/\"},\"author\":{\"name\":\"Yusra NY\",\"@id\":\"https:\/\/kapitalis.com\/tunisie\/#\/schema\/person\/74bbde0154d49d790a92aaeac5bc01d5\"},\"headline\":\"Jebel Lahmar : Un vieil homme accus\u00e9 d&rsquo;avoir tent\u00e9 d\u2019enlever une ado\",\"datePublished\":\"2019-02-15T13:25:34+00:00\",\"dateModified\":\"2019-02-15T13:29:25+00:00\",\"mainEntityOfPage\":{\"@id\":\"https:\/\/kapitalis.com\/tunisie\/2019\/02\/15\/jebel-lahmar-un-vieil-homme-accuse-davoir-tente-denlever-une-ado\/\"},\"wordCount\":190,\"commentCount\":2,\"publisher\":{\"@id\":\"https:\/\/kapitalis.com\/tunisie\/#organization\"},\"image\":{\"@id\":\"https:\/\/kapitalis.com\/tunisie\/2019\/02\/15\/jebel-lahmar-un-vieil-homme-accuse-davoir-tente-denlever-une-ado\/#primaryimage\"},\"thumbnailUrl\":\"\",\"keywords\":[\"enl\u00e8vement\",\"Jebel Lahmar\"],\"articleSection\":[\"SOCIETE\",\"Tunisie\"],\"inLanguage\":\"fr-FR\",\"potentialAction\":[{\"@type\":\"CommentAction\",\"name\":\"Comment\",\"target\":[\"https:\/\/kapitalis.com\/tunisie\/2019\/02\/15\/jebel-lahmar-un-vieil-homme-accuse-davoir-tente-denlever-une-ado\/#respond\"]}]},{\"@type\":\"WebPage\",\"@id\":\"https:\/\/kapitalis.com\/tunisie\/2019\/02\/15\/jebel-lahmar-un-vieil-homme-accuse-davoir-tente-denlever-une-ado\/\",\"url\":\"https:\/\/kapitalis.com\/tunisie\/2019\/02\/15\/jebel-lahmar-un-vieil-homme-accuse-davoir-tente-denlever-une-ado\/\",\"name\":\"Jebel Lahmar : Un vieil homme accus\u00e9 d'avoir tent\u00e9 d\u2019enlever une ado - Kapitalis\",\"isPartOf\":{\"@id\":\"https:\/\/kapitalis.com\/tunisie\/#website\"},\"primaryImageOfPage\":{\"@id\":\"https:\/\/kapitalis.com\/tunisie\/2019\/02\/15\/jebel-lahmar-un-vieil-homme-accuse-davoir-tente-denlever-une-ado\/#primaryimage\"},\"image\":{\"@id\":\"https:\/\/kapitalis.com\/tunisie\/2019\/02\/15\/jebel-lahmar-un-vieil-homme-accuse-davoir-tente-denlever-une-ado\/#primaryimage\"},\"thumbnailUrl\":\"\",\"datePublished\":\"2019-02-15T13:25:34+00:00\",\"dateModified\":\"2019-02-15T13:29:25+00:00\",\"breadcrumb\":{\"@id\":\"https:\/\/kapitalis.com\/tunisie\/2019\/02\/15\/jebel-lahmar-un-vieil-homme-accuse-davoir-tente-denlever-une-ado\/#breadcrumb\"},\"inLanguage\":\"fr-FR\",\"potentialAction\":[{\"@type\":\"ReadAction\",\"target\":[\"https:\/\/kapitalis.com\/tunisie\/2019\/02\/15\/jebel-lahmar-un-vieil-homme-accuse-davoir-tente-denlever-une-ado\/\"]}]},{\"@type\":\"ImageObject\",\"inLanguage\":\"fr-FR\",\"@id\":\"https:\/\/kapitalis.com\/tunisie\/2019\/02\/15\/jebel-lahmar-un-vieil-homme-accuse-davoir-tente-denlever-une-ado\/#primaryimage\",\"url\":\"\",\"contentUrl\":\"\"},{\"@type\":\"BreadcrumbList\",\"@id\":\"https:\/\/kapitalis.com\/tunisie\/2019\/02\/15\/jebel-lahmar-un-vieil-homme-accuse-davoir-tente-denlever-une-ado\/#breadcrumb\",\"itemListElement\":[{\"@type\":\"ListItem\",\"position\":1,\"name\":\"Accueil\",\"item\":\"https:\/\/kapitalis.com\/tunisie\/\"},{\"@type\":\"ListItem\",\"position\":2,\"name\":\"Jebel Lahmar : Un vieil homme accus\u00e9 d&rsquo;avoir tent\u00e9 d\u2019enlever une ado\"}]},{\"@type\":\"WebSite\",\"@id\":\"https:\/\/kapitalis.com\/tunisie\/#website\",\"url\":\"https:\/\/kapitalis.com\/tunisie\/\",\"name\":\"Kapitalis\",\"description\":\"L&#039;actualit\u00e9 en Tunisie et dans le monde\",\"publisher\":{\"@id\":\"https:\/\/kapitalis.com\/tunisie\/#organization\"},\"potentialAction\":[{\"@type\":\"SearchAction\",\"target\":{\"@type\":\"EntryPoint\",\"urlTemplate\":\"https:\/\/kapitalis.com\/tunisie\/?s={search_term_string}\"},\"query-input\":{\"@type\":\"PropertyValueSpecification\",\"valueRequired\":true,\"valueName\":\"search_term_string\"}}],\"inLanguage\":\"fr-FR\"},{\"@type\":\"Organization\",\"@id\":\"https:\/\/kapitalis.com\/tunisie\/#organization\",\"name\":\"Kapitalis\",\"url\":\"https:\/\/kapitalis.com\/tunisie\/\",\"logo\":{\"@type\":\"ImageObject\",\"inLanguage\":\"fr-FR\",\"@id\":\"https:\/\/kapitalis.com\/tunisie\/#\/schema\/logo\/image\/\",\"url\":\"https:\/\/kapitalis.com\/tunisie\/wp-content\/uploads\/2022\/05\/Kapitalis-big-size.png\",\"contentUrl\":\"https:\/\/kapitalis.com\/tunisie\/wp-content\/uploads\/2022\/05\/Kapitalis-big-size.png\",\"width\":5000,\"height\":1500,\"caption\":\"Kapitalis\"},\"image\":{\"@id\":\"https:\/\/kapitalis.com\/tunisie\/#\/schema\/logo\/image\/\"},\"sameAs\":[\"https:\/\/www.facebook.com\/KapitalisInfo\/\",\"https:\/\/x.com\/KapitalisInfo\",\"https:\/\/www.youtube.com\/channel\/UC-yDYrHyfFBWWZaOw3FPg9Q\"]},{\"@type\":\"Person\",\"@id\":\"https:\/\/kapitalis.com\/tunisie\/#\/schema\/person\/74bbde0154d49d790a92aaeac5bc01d5\",\"name\":\"Yusra NY\",\"url\":\"https:\/\/kapitalis.com\/tunisie\/author\/yuza_adam\/\"}]}<\/script>\n<!-- \/ Yoast SEO plugin. -->","yoast_head_json":{"title":"Jebel Lahmar : Un vieil homme accus\u00e9 d'avoir tent\u00e9 d\u2019enlever une ado - Kapitalis","robots":{"index":"index","follow":"follow","max-snippet":"max-snippet:-1","max-image-preview":"max-image-preview:large","max-video-preview":"max-video-preview:-1"},"canonical":"https:\/\/kapitalis.com\/tunisie\/2019\/02\/15\/jebel-lahmar-un-vieil-homme-accuse-davoir-tente-denlever-une-ado\/","og_locale":"fr_FR","og_type":"article","og_title":"Jebel Lahmar : Un vieil homme accus\u00e9 d'avoir tent\u00e9 d\u2019enlever une ado - Kapitalis","og_description":"Des habitants de Jebel Lahmar, \u00e0 la lisi\u00e8re ouest de Tunis, ont intercept\u00e9 hier, jeudi 14 f\u00e9vrier 2019, un vieil homme, qui aurait poursuivi et tent\u00e9 d\u2019enlever une adolescente de 13 ans. Ils l\u2019ont remis \u00e0 la police et une enqu\u00eate a \u00e9t\u00e9 ouverte.","og_url":"https:\/\/kapitalis.com\/tunisie\/2019\/02\/15\/jebel-lahmar-un-vieil-homme-accuse-davoir-tente-denlever-une-ado\/","og_site_name":"Kapitalis","article_publisher":"https:\/\/www.facebook.com\/KapitalisInfo\/","article_published_time":"2019-02-15T13:25:34+00:00","article_modified_time":"2019-02-15T13:29:25+00:00","og_image":[{"width":1200,"height":630,"url":"https:\/\/kapitalis.com\/tunisie\/wp-content\/uploads\/2022\/05\/kapitalis-logo-fb.png","type":"image\/png"}],"author":"Yusra NY","twitter_card":"summary_large_image","twitter_creator":"@KapitalisInfo","twitter_site":"@KapitalisInfo","twitter_misc":{"\u00c9crit par":"Yusra NY","Dur\u00e9e de lecture estim\u00e9e":"1 minute"},"schema":{"@context":"https:\/\/schema.org","@graph":[{"@type":"Article","@id":"https:\/\/kapitalis.com\/tunisie\/2019\/02\/15\/jebel-lahmar-un-vieil-homme-accuse-davoir-tente-denlever-une-ado\/#article","isPartOf":{"@id":"https:\/\/kapitalis.com\/tunisie\/2019\/02\/15\/jebel-lahmar-un-vieil-homme-accuse-davoir-tente-denlever-une-ado\/"},"author":{"name":"Yusra NY","@id":"https:\/\/kapitalis.com\/tunisie\/#\/schema\/person\/74bbde0154d49d790a92aaeac5bc01d5"},"headline":"Jebel Lahmar : Un vieil homme accus\u00e9 d&rsquo;avoir tent\u00e9 d\u2019enlever une ado","datePublished":"2019-02-15T13:25:34+00:00","dateModified":"2019-02-15T13:29:25+00:00","mainEntityOfPage":{"@id":"https:\/\/kapitalis.com\/tunisie\/2019\/02\/15\/jebel-lahmar-un-vieil-homme-accuse-davoir-tente-denlever-une-ado\/"},"wordCount":190,"commentCount":2,"publisher":{"@id":"https:\/\/kapitalis.com\/tunisie\/#organization"},"image":{"@id":"https:\/\/kapitalis.com\/tunisie\/2019\/02\/15\/jebel-lahmar-un-vieil-homme-accuse-davoir-tente-denlever-une-ado\/#primaryimage"},"thumbnailUrl":"","keywords":["enl\u00e8vement","Jebel Lahmar"],"articleSection":["SOCIETE","Tunisie"],"inLanguage":"fr-FR","potentialAction":[{"@type":"CommentAction","name":"Comment","target":["https:\/\/kapitalis.com\/tunisie\/2019\/02\/15\/jebel-lahmar-un-vieil-homme-accuse-davoir-tente-denlever-une-ado\/#respond"]}]},{"@type":"WebPage","@id":"https:\/\/kapitalis.com\/tunisie\/2019\/02\/15\/jebel-lahmar-un-vieil-homme-accuse-davoir-tente-denlever-une-ado\/","url":"https:\/\/kapitalis.com\/tunisie\/2019\/02\/15\/jebel-lahmar-un-vieil-homme-accuse-davoir-tente-denlever-une-ado\/","name":"Jebel Lahmar : Un vieil homme accus\u00e9 d'avoir tent\u00e9 d\u2019enlever une ado - Kapitalis","isPartOf":{"@id":"https:\/\/kapitalis.com\/tunisie\/#website"},"primaryImageOfPage":{"@id":"https:\/\/kapitalis.com\/tunisie\/2019\/02\/15\/jebel-lahmar-un-vieil-homme-accuse-davoir-tente-denlever-une-ado\/#primaryimage"},"image":{"@id":"https:\/\/kapitalis.com\/tunisie\/2019\/02\/15\/jebel-lahmar-un-vieil-homme-accuse-davoir-tente-denlever-une-ado\/#primaryimage"},"thumbnailUrl":"","datePublished":"2019-02-15T13:25:34+00:00","dateModified":"2019-02-15T13:29:25+00:00","breadcrumb":{"@id":"https:\/\/kapitalis.com\/tunisie\/2019\/02\/15\/jebel-lahmar-un-vieil-homme-accuse-davoir-tente-denlever-une-ado\/#breadcrumb"},"inLanguage":"fr-FR","potentialAction":[{"@type":"ReadAction","target":["https:\/\/kapitalis.com\/tunisie\/2019\/02\/15\/jebel-lahmar-un-vieil-homme-accuse-davoir-tente-denlever-une-ado\/"]}]},{"@type":"ImageObject","inLanguage":"fr-FR","@id":"https:\/\/kapitalis.com\/tunisie\/2019\/02\/15\/jebel-lahmar-un-vieil-homme-accuse-davoir-tente-denlever-une-ado\/#primaryimage","url":"","contentUrl":""},{"@type":"BreadcrumbList","@id":"https:\/\/kapitalis.com\/tunisie\/2019\/02\/15\/jebel-lahmar-un-vieil-homme-accuse-davoir-tente-denlever-une-ado\/#breadcrumb","itemListElement":[{"@type":"ListItem","position":1,"name":"Accueil","item":"https:\/\/kapitalis.com\/tunisie\/"},{"@type":"ListItem","position":2,"name":"Jebel Lahmar : Un vieil homme accus\u00e9 d&rsquo;avoir tent\u00e9 d\u2019enlever une ado"}]},{"@type":"WebSite","@id":"https:\/\/kapitalis.com\/tunisie\/#website","url":"https:\/\/kapitalis.com\/tunisie\/","name":"Kapitalis","description":"L&#039;actualit\u00e9 en Tunisie et dans le monde","publisher":{"@id":"https:\/\/kapitalis.com\/tunisie\/#organization"},"potentialAction":[{"@type":"SearchAction","target":{"@type":"EntryPoint","urlTemplate":"https:\/\/kapitalis.com\/tunisie\/?s={search_term_string}"},"query-input":{"@type":"PropertyValueSpecification","valueRequired":true,"valueName":"search_term_string"}}],"inLanguage":"fr-FR"},{"@type":"Organization","@id":"https:\/\/kapitalis.com\/tunisie\/#organization","name":"Kapitalis","url":"https:\/\/kapitalis.com\/tunisie\/","logo":{"@type":"ImageObject","inLanguage":"fr-FR","@id":"https:\/\/kapitalis.com\/tunisie\/#\/schema\/logo\/image\/","url":"https:\/\/kapitalis.com\/tunisie\/wp-content\/uploads\/2022\/05\/Kapitalis-big-size.png","contentUrl":"https:\/\/kapitalis.com\/tunisie\/wp-content\/uploads\/2022\/05\/Kapitalis-big-size.png","width":5000,"height":1500,"caption":"Kapitalis"},"image":{"@id":"https:\/\/kapitalis.com\/tunisie\/#\/schema\/logo\/image\/"},"sameAs":["https:\/\/www.facebook.com\/KapitalisInfo\/","https:\/\/x.com\/KapitalisInfo","https:\/\/www.youtube.com\/channel\/UC-yDYrHyfFBWWZaOw3FPg9Q"]},{"@type":"Person","@id":"https:\/\/kapitalis.com\/tunisie\/#\/schema\/person\/74bbde0154d49d790a92aaeac5bc01d5","name":"Yusra NY","url":"https:\/\/kapitalis.com\/tunisie\/author\/yuza_adam\/"}]}},"_links":{"self":[{"href":"https:\/\/kapitalis.com\/tunisie\/wp-json\/wp\/v2\/posts\/198356","targetHints":{"allow":["GET"]}}],"collection":[{"href":"https:\/\/kapitalis.com\/tunisie\/wp-json\/wp\/v2\/posts"}],"about":[{"href":"https:\/\/kapitalis.com\/tunisie\/wp-json\/wp\/v2\/types\/post"}],"author":[{"embeddable":true,"href":"https:\/\/kapitalis.com\/tunisie\/wp-json\/wp\/v2\/users\/6"}],"replies":[{"embeddable":true,"href":"https:\/\/kapitalis.com\/tunisie\/wp-json\/wp\/v2\/comments?post=198356"}],"version-history":[{"count":0,"href":"https:\/\/kapitalis.com\/tunisie\/wp-json\/wp\/v2\/posts\/198356\/revisions"}],"wp:featuredmedia":[{"embeddable":true,"href":"https:\/\/kapitalis.com\/tunisie\/wp-json\/wp\/v2\/media\/198360"}],"wp:attachment":[{"href":"https:\/\/kapitalis.com\/tunisie\/wp-json\/wp\/v2\/media?parent=198356"}],"wp:term":[{"taxonomy":"category","embeddable":true,"href":"https:\/\/kapitalis.com\/tunisie\/wp-json\/wp\/v2\/categories?post=198356"},{"taxonomy":"post_tag","embeddable":true,"href":"https:\/\/kapitalis.com\/tunisie\/wp-json\/wp\/v2\/tags?post=198356"}],"curies":[{"name":"wp","href":"https:\/\/api.w.org\/{rel}","templated":true}]}}