{"id":198364,"date":"2019-02-15T14:13:49","date_gmt":"2019-02-15T13:13:49","guid":{"rendered":"http:\/\/kapitalis.com\/tunisie\/?p=198364"},"modified":"2019-02-15T14:13:49","modified_gmt":"2019-02-15T13:13:49","slug":"ben-ali-preparerait-la-publication-de-ses-memoires-en-4-tomes","status":"publish","type":"post","link":"https:\/\/kapitalis.com\/tunisie\/2019\/02\/15\/ben-ali-preparerait-la-publication-de-ses-memoires-en-4-tomes\/","title":{"rendered":"Ben Ali pr\u00e9parerait la publication de ses m\u00e9moires en 4 tomes"},"content":{"rendered":"<p style=\"text-align: center;\"><img loading=\"lazy\" decoding=\"async\" class=\"alignnone size-full wp-image-192079\" src=\"http:\/\/kapitalis.com\/tunisie\/wp-content\/uploads\/2019\/01\/Ben-Ali-k2rhym.jpg\" alt=\"\" width=\"626\" height=\"380\" \/><\/p>\n<p style=\"text-align: center;\"><em>Derni\u00e8re image de Ben Ali, d\u00e9but janvier 2019, lors du remariage de sa fille.\u00a0<\/em><\/p>\n<p><em><strong>L\u2019ex-pr\u00e9sident Zine El Abidine Ben Ali s\u2019appr\u00eate \u00e0 publier ses m\u00e9moires, et attend le feu vert de certaines parties pour lancer 4 publications, o\u00f9 il parle de sa carri\u00e8re jusqu\u2019\u00e0 son arriv\u00e9e au poste de pr\u00e9sident de la R\u00e9publique, le 7 novembre 1987.<\/strong><\/em><\/p>\n<p><!--more--><\/p>\n<p>C\u2019est ce que rapporte aujourd\u2019hui, vendredi 15 f\u00e9vrier 2019, le journal \u00e9lectronique<em> \u2018\u2018Assarih\u2019\u2019<\/em>, en citant une source fiable.<\/p>\n<p>Le m\u00e9dia ajoute que l\u2019ex-chef d\u2019Etat, en fuite en Arabie Saoudite depuis le 14 janvier 2011, donnera aussi \u00absa\u00bb version des \u00e9v\u00e9nements du 14 janvier, qu\u2019il assimile \u00e0<em> \u00abun coup d&rsquo;\u00c9tat contre son pouvoir et contre la Tunisie, et non \u00e0 une r\u00e9volution populaire, comme certains cherchent encore \u00e0 le faire croire\u00bb<\/em>.<\/p>\n<p>Ben Ali parlera des campagnes de diabolisation lanc\u00e9es contre lui imm\u00e9diatement apr\u00e8s son d\u00e9part du pays, ainsi que des sommes consid\u00e9rables d\u2019argent et de drogue aux palais de Carthage et de Sidi Bou Said, mis l\u00e0-bas \u00e0 dessein puis film\u00e9s et retransmis par la cha\u00eene nationale, dans une tentative de le discr\u00e9diter.<\/p>\n<p>Toujours selon <em>\u2018\u2018Assarih\u2019\u2019<\/em>, l\u2019ancien pr\u00e9sident nie \u00e9galement l\u2019existence de relations privil\u00e9gi\u00e9es entre lui, des artistes et des responsables de cha\u00eenes TV, contrairement \u00e0 ce qui a \u00e9t\u00e9 propag\u00e9 ces derniers temps.<\/p>\n<p style=\"text-align: right;\"><strong>H. M.<\/strong><\/p>\n<blockquote class=\"wp-embedded-content\" data-secret=\"TQL3ESFMZP\"><p><a href=\"https:\/\/kapitalis.com\/tunisie\/2019\/01\/07\/derniere-photo-de-zine-ben-ali-et-son-epouse-leila-trabelsi\/\">Derni\u00e8re photo de Zine Ben Ali et son \u00e9pouse Leila Trabelsi<\/a><\/p><\/blockquote>\n<p><iframe loading=\"lazy\" class=\"wp-embedded-content\" sandbox=\"allow-scripts\" security=\"restricted\" style=\"position: absolute; clip: rect(1px, 1px, 1px, 1px);\" title=\"\u00ab\u00a0Derni\u00e8re photo de Zine Ben Ali et son \u00e9pouse Leila Trabelsi\u00a0\u00bb &#8212; Kapitalis\" src=\"https:\/\/kapitalis.com\/tunisie\/2019\/01\/07\/derniere-photo-de-zine-ben-ali-et-son-epouse-leila-trabelsi\/embed\/#?secret=m6GrxvyhLd#?secret=TQL3ESFMZP\" data-secret=\"TQL3ESFMZP\" width=\"600\" height=\"338\" frameborder=\"0\" marginwidth=\"0\" marginheight=\"0\" scrolling=\"no\"><\/iframe><\/p>\n","protected":false},"excerpt":{"rendered":"<p>Derni\u00e8re image de Ben Ali, d\u00e9but janvier 2019, lors du remariage de sa fille.\u00a0 L\u2019ex-pr\u00e9sident Zine El Abidine Ben Ali s\u2019appr\u00eate \u00e0 publier ses m\u00e9moires, et attend le feu vert de certaines parties pour lancer 4 publications, o\u00f9 il parle de sa carri\u00e8re jusqu\u2019\u00e0 son arriv\u00e9e au poste de pr\u00e9sident de la R\u00e9publique, le 7&#8230;<\/p>\n","protected":false},"author":8,"featured_media":0,"comment_status":"open","ping_status":"open","sticky":false,"template":"","format":"standard","meta":{"footnotes":""},"categories":[997,2433],"tags":[2638,1839,2225,827,7334],"class_list":["post-198364","post","type-post","status-publish","format-standard","hentry","category-politique","category-tunisie","tag-arabie-saoudite","tag-coup-detat","tag-palais-de-carthage","tag-sidi-bou-said","tag-zine-el-abidine-ben-ali"],"yoast_head":"<!-- This site is optimized with the Yoast SEO plugin v26.6 - https:\/\/yoast.com\/wordpress\/plugins\/seo\/ -->\n<title>Ben Ali pr\u00e9parerait la publication de ses m\u00e9moires en 4 tomes - Kapitalis<\/title>\n<meta name=\"robots\" content=\"index, follow, max-snippet:-1, max-image-preview:large, max-video-preview:-1\" \/>\n<link rel=\"canonical\" href=\"https:\/\/kapitalis.com\/tunisie\/2019\/02\/15\/ben-ali-preparerait-la-publication-de-ses-memoires-en-4-tomes\/\" \/>\n<meta property=\"og:locale\" content=\"fr_FR\" \/>\n<meta property=\"og:type\" content=\"article\" \/>\n<meta property=\"og:title\" content=\"Ben Ali pr\u00e9parerait la publication de ses m\u00e9moires en 4 tomes - Kapitalis\" \/>\n<meta property=\"og:description\" content=\"Derni\u00e8re image de Ben Ali, d\u00e9but janvier 2019, lors du remariage de sa fille.\u00a0 L\u2019ex-pr\u00e9sident Zine El Abidine Ben Ali s\u2019appr\u00eate \u00e0 publier ses m\u00e9moires, et attend le feu vert de certaines parties pour lancer 4 publications, o\u00f9 il parle de sa carri\u00e8re jusqu\u2019\u00e0 son arriv\u00e9e au poste de pr\u00e9sident de la R\u00e9publique, le 7...\" \/>\n<meta property=\"og:url\" content=\"https:\/\/kapitalis.com\/tunisie\/2019\/02\/15\/ben-ali-preparerait-la-publication-de-ses-memoires-en-4-tomes\/\" \/>\n<meta property=\"og:site_name\" content=\"Kapitalis\" \/>\n<meta property=\"article:publisher\" content=\"https:\/\/www.facebook.com\/KapitalisInfo\/\" \/>\n<meta property=\"article:published_time\" content=\"2019-02-15T13:13:49+00:00\" \/>\n<meta property=\"og:image\" content=\"http:\/\/kapitalis.com\/tunisie\/wp-content\/uploads\/2019\/01\/Ben-Ali-k2rhym.jpg\" \/>\n<meta name=\"author\" content=\"webmaster kapitalis\" \/>\n<meta name=\"twitter:card\" content=\"summary_large_image\" \/>\n<meta name=\"twitter:creator\" content=\"@KapitalisInfo\" \/>\n<meta name=\"twitter:site\" content=\"@KapitalisInfo\" \/>\n<meta name=\"twitter:label1\" content=\"\u00c9crit par\" \/>\n\t<meta name=\"twitter:data1\" content=\"webmaster kapitalis\" \/>\n\t<meta name=\"twitter:label2\" content=\"Dur\u00e9e de lecture estim\u00e9e\" \/>\n\t<meta name=\"twitter:data2\" content=\"1 minute\" \/>\n<script type=\"application\/ld+json\" class=\"yoast-schema-graph\">{\"@context\":\"https:\/\/schema.org\",\"@graph\":[{\"@type\":\"Article\",\"@id\":\"https:\/\/kapitalis.com\/tunisie\/2019\/02\/15\/ben-ali-preparerait-la-publication-de-ses-memoires-en-4-tomes\/#article\",\"isPartOf\":{\"@id\":\"https:\/\/kapitalis.com\/tunisie\/2019\/02\/15\/ben-ali-preparerait-la-publication-de-ses-memoires-en-4-tomes\/\"},\"author\":{\"name\":\"webmaster kapitalis\",\"@id\":\"https:\/\/kapitalis.com\/tunisie\/#\/schema\/person\/d71f33a9ca44f7bad4698210b480c8e9\"},\"headline\":\"Ben Ali pr\u00e9parerait la publication de ses m\u00e9moires en 4 tomes\",\"datePublished\":\"2019-02-15T13:13:49+00:00\",\"mainEntityOfPage\":{\"@id\":\"https:\/\/kapitalis.com\/tunisie\/2019\/02\/15\/ben-ali-preparerait-la-publication-de-ses-memoires-en-4-tomes\/\"},\"wordCount\":251,\"commentCount\":16,\"publisher\":{\"@id\":\"https:\/\/kapitalis.com\/tunisie\/#organization\"},\"image\":{\"@id\":\"https:\/\/kapitalis.com\/tunisie\/2019\/02\/15\/ben-ali-preparerait-la-publication-de-ses-memoires-en-4-tomes\/#primaryimage\"},\"thumbnailUrl\":\"http:\/\/kapitalis.com\/tunisie\/wp-content\/uploads\/2019\/01\/Ben-Ali-k2rhym.jpg\",\"keywords\":[\"Arabie saoudite\",\"coup d'Etat\",\"palais de Carthage\",\"Sidi Bou Sa\u00efd\",\"Zine El Abidine Ben Ali\"],\"articleSection\":[\"POLITIQUE\",\"Tunisie\"],\"inLanguage\":\"fr-FR\",\"potentialAction\":[{\"@type\":\"CommentAction\",\"name\":\"Comment\",\"target\":[\"https:\/\/kapitalis.com\/tunisie\/2019\/02\/15\/ben-ali-preparerait-la-publication-de-ses-memoires-en-4-tomes\/#respond\"]}]},{\"@type\":\"WebPage\",\"@id\":\"https:\/\/kapitalis.com\/tunisie\/2019\/02\/15\/ben-ali-preparerait-la-publication-de-ses-memoires-en-4-tomes\/\",\"url\":\"https:\/\/kapitalis.com\/tunisie\/2019\/02\/15\/ben-ali-preparerait-la-publication-de-ses-memoires-en-4-tomes\/\",\"name\":\"Ben Ali pr\u00e9parerait la publication de ses m\u00e9moires en 4 tomes - Kapitalis\",\"isPartOf\":{\"@id\":\"https:\/\/kapitalis.com\/tunisie\/#website\"},\"primaryImageOfPage\":{\"@id\":\"https:\/\/kapitalis.com\/tunisie\/2019\/02\/15\/ben-ali-preparerait-la-publication-de-ses-memoires-en-4-tomes\/#primaryimage\"},\"image\":{\"@id\":\"https:\/\/kapitalis.com\/tunisie\/2019\/02\/15\/ben-ali-preparerait-la-publication-de-ses-memoires-en-4-tomes\/#primaryimage\"},\"thumbnailUrl\":\"http:\/\/kapitalis.com\/tunisie\/wp-content\/uploads\/2019\/01\/Ben-Ali-k2rhym.jpg\",\"datePublished\":\"2019-02-15T13:13:49+00:00\",\"breadcrumb\":{\"@id\":\"https:\/\/kapitalis.com\/tunisie\/2019\/02\/15\/ben-ali-preparerait-la-publication-de-ses-memoires-en-4-tomes\/#breadcrumb\"},\"inLanguage\":\"fr-FR\",\"potentialAction\":[{\"@type\":\"ReadAction\",\"target\":[\"https:\/\/kapitalis.com\/tunisie\/2019\/02\/15\/ben-ali-preparerait-la-publication-de-ses-memoires-en-4-tomes\/\"]}]},{\"@type\":\"ImageObject\",\"inLanguage\":\"fr-FR\",\"@id\":\"https:\/\/kapitalis.com\/tunisie\/2019\/02\/15\/ben-ali-preparerait-la-publication-de-ses-memoires-en-4-tomes\/#primaryimage\",\"url\":\"http:\/\/kapitalis.com\/tunisie\/wp-content\/uploads\/2019\/01\/Ben-Ali-k2rhym.jpg\",\"contentUrl\":\"http:\/\/kapitalis.com\/tunisie\/wp-content\/uploads\/2019\/01\/Ben-Ali-k2rhym.jpg\"},{\"@type\":\"BreadcrumbList\",\"@id\":\"https:\/\/kapitalis.com\/tunisie\/2019\/02\/15\/ben-ali-preparerait-la-publication-de-ses-memoires-en-4-tomes\/#breadcrumb\",\"itemListElement\":[{\"@type\":\"ListItem\",\"position\":1,\"name\":\"Accueil\",\"item\":\"https:\/\/kapitalis.com\/tunisie\/\"},{\"@type\":\"ListItem\",\"position\":2,\"name\":\"Ben Ali pr\u00e9parerait la publication de ses m\u00e9moires en 4 tomes\"}]},{\"@type\":\"WebSite\",\"@id\":\"https:\/\/kapitalis.com\/tunisie\/#website\",\"url\":\"https:\/\/kapitalis.com\/tunisie\/\",\"name\":\"Kapitalis\",\"description\":\"L&#039;actualit\u00e9 en Tunisie et dans le monde\",\"publisher\":{\"@id\":\"https:\/\/kapitalis.com\/tunisie\/#organization\"},\"potentialAction\":[{\"@type\":\"SearchAction\",\"target\":{\"@type\":\"EntryPoint\",\"urlTemplate\":\"https:\/\/kapitalis.com\/tunisie\/?s={search_term_string}\"},\"query-input\":{\"@type\":\"PropertyValueSpecification\",\"valueRequired\":true,\"valueName\":\"search_term_string\"}}],\"inLanguage\":\"fr-FR\"},{\"@type\":\"Organization\",\"@id\":\"https:\/\/kapitalis.com\/tunisie\/#organization\",\"name\":\"Kapitalis\",\"url\":\"https:\/\/kapitalis.com\/tunisie\/\",\"logo\":{\"@type\":\"ImageObject\",\"inLanguage\":\"fr-FR\",\"@id\":\"https:\/\/kapitalis.com\/tunisie\/#\/schema\/logo\/image\/\",\"url\":\"https:\/\/kapitalis.com\/tunisie\/wp-content\/uploads\/2022\/05\/Kapitalis-big-size.png\",\"contentUrl\":\"https:\/\/kapitalis.com\/tunisie\/wp-content\/uploads\/2022\/05\/Kapitalis-big-size.png\",\"width\":5000,\"height\":1500,\"caption\":\"Kapitalis\"},\"image\":{\"@id\":\"https:\/\/kapitalis.com\/tunisie\/#\/schema\/logo\/image\/\"},\"sameAs\":[\"https:\/\/www.facebook.com\/KapitalisInfo\/\",\"https:\/\/x.com\/KapitalisInfo\",\"https:\/\/www.youtube.com\/channel\/UC-yDYrHyfFBWWZaOw3FPg9Q\"]},{\"@type\":\"Person\",\"@id\":\"https:\/\/kapitalis.com\/tunisie\/#\/schema\/person\/d71f33a9ca44f7bad4698210b480c8e9\",\"name\":\"webmaster kapitalis\",\"url\":\"https:\/\/kapitalis.com\/tunisie\/author\/webmaster-kapitalis\/\"}]}<\/script>\n<!-- \/ Yoast SEO plugin. -->","yoast_head_json":{"title":"Ben Ali pr\u00e9parerait la publication de ses m\u00e9moires en 4 tomes - Kapitalis","robots":{"index":"index","follow":"follow","max-snippet":"max-snippet:-1","max-image-preview":"max-image-preview:large","max-video-preview":"max-video-preview:-1"},"canonical":"https:\/\/kapitalis.com\/tunisie\/2019\/02\/15\/ben-ali-preparerait-la-publication-de-ses-memoires-en-4-tomes\/","og_locale":"fr_FR","og_type":"article","og_title":"Ben Ali pr\u00e9parerait la publication de ses m\u00e9moires en 4 tomes - Kapitalis","og_description":"Derni\u00e8re image de Ben Ali, d\u00e9but janvier 2019, lors du remariage de sa fille.\u00a0 L\u2019ex-pr\u00e9sident Zine El Abidine Ben Ali s\u2019appr\u00eate \u00e0 publier ses m\u00e9moires, et attend le feu vert de certaines parties pour lancer 4 publications, o\u00f9 il parle de sa carri\u00e8re jusqu\u2019\u00e0 son arriv\u00e9e au poste de pr\u00e9sident de la R\u00e9publique, le 7...","og_url":"https:\/\/kapitalis.com\/tunisie\/2019\/02\/15\/ben-ali-preparerait-la-publication-de-ses-memoires-en-4-tomes\/","og_site_name":"Kapitalis","article_publisher":"https:\/\/www.facebook.com\/KapitalisInfo\/","article_published_time":"2019-02-15T13:13:49+00:00","og_image":[{"url":"http:\/\/kapitalis.com\/tunisie\/wp-content\/uploads\/2019\/01\/Ben-Ali-k2rhym.jpg","type":"","width":"","height":""}],"author":"webmaster kapitalis","twitter_card":"summary_large_image","twitter_creator":"@KapitalisInfo","twitter_site":"@KapitalisInfo","twitter_misc":{"\u00c9crit par":"webmaster kapitalis","Dur\u00e9e de lecture estim\u00e9e":"1 minute"},"schema":{"@context":"https:\/\/schema.org","@graph":[{"@type":"Article","@id":"https:\/\/kapitalis.com\/tunisie\/2019\/02\/15\/ben-ali-preparerait-la-publication-de-ses-memoires-en-4-tomes\/#article","isPartOf":{"@id":"https:\/\/kapitalis.com\/tunisie\/2019\/02\/15\/ben-ali-preparerait-la-publication-de-ses-memoires-en-4-tomes\/"},"author":{"name":"webmaster kapitalis","@id":"https:\/\/kapitalis.com\/tunisie\/#\/schema\/person\/d71f33a9ca44f7bad4698210b480c8e9"},"headline":"Ben Ali pr\u00e9parerait la publication de ses m\u00e9moires en 4 tomes","datePublished":"2019-02-15T13:13:49+00:00","mainEntityOfPage":{"@id":"https:\/\/kapitalis.com\/tunisie\/2019\/02\/15\/ben-ali-preparerait-la-publication-de-ses-memoires-en-4-tomes\/"},"wordCount":251,"commentCount":16,"publisher":{"@id":"https:\/\/kapitalis.com\/tunisie\/#organization"},"image":{"@id":"https:\/\/kapitalis.com\/tunisie\/2019\/02\/15\/ben-ali-preparerait-la-publication-de-ses-memoires-en-4-tomes\/#primaryimage"},"thumbnailUrl":"http:\/\/kapitalis.com\/tunisie\/wp-content\/uploads\/2019\/01\/Ben-Ali-k2rhym.jpg","keywords":["Arabie saoudite","coup d'Etat","palais de Carthage","Sidi Bou Sa\u00efd","Zine El Abidine Ben Ali"],"articleSection":["POLITIQUE","Tunisie"],"inLanguage":"fr-FR","potentialAction":[{"@type":"CommentAction","name":"Comment","target":["https:\/\/kapitalis.com\/tunisie\/2019\/02\/15\/ben-ali-preparerait-la-publication-de-ses-memoires-en-4-tomes\/#respond"]}]},{"@type":"WebPage","@id":"https:\/\/kapitalis.com\/tunisie\/2019\/02\/15\/ben-ali-preparerait-la-publication-de-ses-memoires-en-4-tomes\/","url":"https:\/\/kapitalis.com\/tunisie\/2019\/02\/15\/ben-ali-preparerait-la-publication-de-ses-memoires-en-4-tomes\/","name":"Ben Ali pr\u00e9parerait la publication de ses m\u00e9moires en 4 tomes - Kapitalis","isPartOf":{"@id":"https:\/\/kapitalis.com\/tunisie\/#website"},"primaryImageOfPage":{"@id":"https:\/\/kapitalis.com\/tunisie\/2019\/02\/15\/ben-ali-preparerait-la-publication-de-ses-memoires-en-4-tomes\/#primaryimage"},"image":{"@id":"https:\/\/kapitalis.com\/tunisie\/2019\/02\/15\/ben-ali-preparerait-la-publication-de-ses-memoires-en-4-tomes\/#primaryimage"},"thumbnailUrl":"http:\/\/kapitalis.com\/tunisie\/wp-content\/uploads\/2019\/01\/Ben-Ali-k2rhym.jpg","datePublished":"2019-02-15T13:13:49+00:00","breadcrumb":{"@id":"https:\/\/kapitalis.com\/tunisie\/2019\/02\/15\/ben-ali-preparerait-la-publication-de-ses-memoires-en-4-tomes\/#breadcrumb"},"inLanguage":"fr-FR","potentialAction":[{"@type":"ReadAction","target":["https:\/\/kapitalis.com\/tunisie\/2019\/02\/15\/ben-ali-preparerait-la-publication-de-ses-memoires-en-4-tomes\/"]}]},{"@type":"ImageObject","inLanguage":"fr-FR","@id":"https:\/\/kapitalis.com\/tunisie\/2019\/02\/15\/ben-ali-preparerait-la-publication-de-ses-memoires-en-4-tomes\/#primaryimage","url":"http:\/\/kapitalis.com\/tunisie\/wp-content\/uploads\/2019\/01\/Ben-Ali-k2rhym.jpg","contentUrl":"http:\/\/kapitalis.com\/tunisie\/wp-content\/uploads\/2019\/01\/Ben-Ali-k2rhym.jpg"},{"@type":"BreadcrumbList","@id":"https:\/\/kapitalis.com\/tunisie\/2019\/02\/15\/ben-ali-preparerait-la-publication-de-ses-memoires-en-4-tomes\/#breadcrumb","itemListElement":[{"@type":"ListItem","position":1,"name":"Accueil","item":"https:\/\/kapitalis.com\/tunisie\/"},{"@type":"ListItem","position":2,"name":"Ben Ali pr\u00e9parerait la publication de ses m\u00e9moires en 4 tomes"}]},{"@type":"WebSite","@id":"https:\/\/kapitalis.com\/tunisie\/#website","url":"https:\/\/kapitalis.com\/tunisie\/","name":"Kapitalis","description":"L&#039;actualit\u00e9 en Tunisie et dans le monde","publisher":{"@id":"https:\/\/kapitalis.com\/tunisie\/#organization"},"potentialAction":[{"@type":"SearchAction","target":{"@type":"EntryPoint","urlTemplate":"https:\/\/kapitalis.com\/tunisie\/?s={search_term_string}"},"query-input":{"@type":"PropertyValueSpecification","valueRequired":true,"valueName":"search_term_string"}}],"inLanguage":"fr-FR"},{"@type":"Organization","@id":"https:\/\/kapitalis.com\/tunisie\/#organization","name":"Kapitalis","url":"https:\/\/kapitalis.com\/tunisie\/","logo":{"@type":"ImageObject","inLanguage":"fr-FR","@id":"https:\/\/kapitalis.com\/tunisie\/#\/schema\/logo\/image\/","url":"https:\/\/kapitalis.com\/tunisie\/wp-content\/uploads\/2022\/05\/Kapitalis-big-size.png","contentUrl":"https:\/\/kapitalis.com\/tunisie\/wp-content\/uploads\/2022\/05\/Kapitalis-big-size.png","width":5000,"height":1500,"caption":"Kapitalis"},"image":{"@id":"https:\/\/kapitalis.com\/tunisie\/#\/schema\/logo\/image\/"},"sameAs":["https:\/\/www.facebook.com\/KapitalisInfo\/","https:\/\/x.com\/KapitalisInfo","https:\/\/www.youtube.com\/channel\/UC-yDYrHyfFBWWZaOw3FPg9Q"]},{"@type":"Person","@id":"https:\/\/kapitalis.com\/tunisie\/#\/schema\/person\/d71f33a9ca44f7bad4698210b480c8e9","name":"webmaster kapitalis","url":"https:\/\/kapitalis.com\/tunisie\/author\/webmaster-kapitalis\/"}]}},"_links":{"self":[{"href":"https:\/\/kapitalis.com\/tunisie\/wp-json\/wp\/v2\/posts\/198364","targetHints":{"allow":["GET"]}}],"collection":[{"href":"https:\/\/kapitalis.com\/tunisie\/wp-json\/wp\/v2\/posts"}],"about":[{"href":"https:\/\/kapitalis.com\/tunisie\/wp-json\/wp\/v2\/types\/post"}],"author":[{"embeddable":true,"href":"https:\/\/kapitalis.com\/tunisie\/wp-json\/wp\/v2\/users\/8"}],"replies":[{"embeddable":true,"href":"https:\/\/kapitalis.com\/tunisie\/wp-json\/wp\/v2\/comments?post=198364"}],"version-history":[{"count":0,"href":"https:\/\/kapitalis.com\/tunisie\/wp-json\/wp\/v2\/posts\/198364\/revisions"}],"wp:attachment":[{"href":"https:\/\/kapitalis.com\/tunisie\/wp-json\/wp\/v2\/media?parent=198364"}],"wp:term":[{"taxonomy":"category","embeddable":true,"href":"https:\/\/kapitalis.com\/tunisie\/wp-json\/wp\/v2\/categories?post=198364"},{"taxonomy":"post_tag","embeddable":true,"href":"https:\/\/kapitalis.com\/tunisie\/wp-json\/wp\/v2\/tags?post=198364"}],"curies":[{"name":"wp","href":"https:\/\/api.w.org\/{rel}","templated":true}]}}