{"id":198458,"date":"2019-02-16T09:07:56","date_gmt":"2019-02-16T08:07:56","guid":{"rendered":"http:\/\/kapitalis.com\/tunisie\/?p=198458"},"modified":"2019-02-20T14:15:57","modified_gmt":"2019-02-20T13:15:57","slug":"elections-2019-et-si-abir-moussi-et-les-destouriens-etaient-la-solution","status":"publish","type":"post","link":"https:\/\/kapitalis.com\/tunisie\/2019\/02\/16\/elections-2019-et-si-abir-moussi-et-les-destouriens-etaient-la-solution\/","title":{"rendered":"Elections 2019 : Et si Abir Moussi et les Destouriens \u00e9taient la solution ?"},"content":{"rendered":"<p style=\"text-align: center;\"><img loading=\"lazy\" decoding=\"async\" class=\"alignnone size-full wp-image-42216\" src=\"http:\/\/kapitalis.com\/tunisie\/wp-content\/uploads\/2016\/03\/Abir-Moussi.jpg\" alt=\"\" width=\"626\" height=\"380\" \/><\/p>\n<p><em><strong>Face \u00e0 une lamentable classe politique tunisienne qui n\u2019a aucune conviction s\u00e9rieuse et qui a trahi ses \u00e9lecteurs, Abir Moussi est une femme\u00a0qui d\u00e9tonne par son charisme et sa forte personnalit\u00e9 et qui a le m\u00e9rite d\u2019avoir toujours \u00e9t\u00e9 contre tout compromis, tout \u00abconsensus\u00bb avec les obscurantistes.\u00a0<\/strong><\/em><\/p>\n<p>Par : <strong>Rachid Barnat<\/strong><\/p>\n<p><!--more--><\/p>\n<p><img loading=\"lazy\" decoding=\"async\" class=\"alignnone size-full wp-image-109886 alignleft\" src=\"http:\/\/kapitalis.com\/tunisie\/wp-content\/uploads\/2017\/08\/Rachid-Barnat.jpg\" alt=\"\" width=\"200\" height=\"165\" \/>Beaucoup de Tunisiens sont compl\u00e8tement d\u00e9courag\u00e9s et ne croient plus en la d\u00e9mocratie. Les jeunes notamment, et c\u2019est le plus grave, se d\u00e9tournent des \u00e9lections et de la vie politique.<\/p>\n<p>Est-ce \u00e9tonnant ? Non, car la tr\u00e8s grande majorit\u00e9 des hommes politiques ont montr\u00e9 leur absence totale d\u2019id\u00e9al, de conviction; et ne fonctionnent que pour leurs petits int\u00e9r\u00eats imm\u00e9diats <a href=\"https:\/\/latroisiemerepubliquetunisienne.blogspot.com\/2019\/01\/non-aux-politiciens-sans-conviction-et.html\" target=\"_blank\" rel=\"noopener\">sans jamais se soucier<\/a> de l\u2019int\u00e9r\u00eat du pays et de ce qui pourrait le sortir de la crise grave, peut \u00eatre mortelle, dans laquelle il se trouve.<\/p>\n<h3>Face \u00e0 cette lamentable classe politique<\/h3>\n<p>Cette d\u00e9saffection est due d\u2019abord \u00e0 l\u2019absence totale de r\u00e9sultats, \u00e0 l\u2019absence de toutes r\u00e9formes qui auraient donn\u00e9 quelques satisfactions \u00e0 ce pourquoi les Tunisiens se sont r\u00e9volt\u00e9s: moins de corruption, une justice digne de ce nom, une \u00e9conomie plus dynamique qui arriverait \u00e0 donner du travail \u00e0 toute la jeunesse et notamment la jeunesse dipl\u00f4m\u00e9e, une meilleure r\u00e9partition de la richesse et du d\u00e9veloppement avec un effort fait sur les r\u00e9gions longtemps abandonn\u00e9es, une politique volontaire et ambitieuse sur le plan de l\u2019\u00e9ducation publique qui a \u00e9t\u00e9 sabord\u00e9e par le r\u00e9gime Ben Ali.<\/p>\n<p>Au lieu de cela : le <a href=\"http:\/\/kapitalis.com\/tunisie\/2019\/01\/14\/le-dinar-ne-vaut-plus-rien-lance-cyniquement-beji-caid-essebsi\/\" target=\"_blank\" rel=\"noopener\">dinar n&rsquo;a plus de valeur<\/a>, comme le dit cyniquement B\u00e9ji Ca\u00efd Essebsi; la vie est devenue de plus en plus difficile; la flamb\u00e9e des prix est alarmante; la s\u00e9curit\u00e9 est en berne; la justice donne d\u2019elle une image lamentable; des jeunes dipl\u00f4m\u00e9s qui <a href=\"https:\/\/latroisiemerepubliquetunisienne.blogspot.com\/2017\/01\/alaise-des-medecins-en-tunisie.html\" target=\"_blank\" rel=\"noopener\">fuient le pays<\/a> en nombre.<\/p>\n<p>La crise a \u00e9t\u00e9 encore plus renforc\u00e9e par l\u2019inadmissible <a href=\"https:\/\/latroisiemerepubliquetunisienne.blogspot.com\/2015\/02\/la-trahison.html\" target=\"_blank\" rel=\"noopener\">trahison<\/a> de B\u00e9ji Ca\u00efd Essebsi et de son parti Nidaa Tounes qui, apr\u00e8s avoir jur\u00e9 ses grands dieux qu\u2019il ne s\u2019allierait jamais aux Fr\u00e8res musulmans; l\u2019a, non seulement fait, mais cela \u00e9tait m\u00eame pr\u00e9vu <a href=\"https:\/\/latroisiemerepubliquetunisienne.blogspot.com\/2016\/01\/le-ver-est-dans-le-fruit-depuis-la.html\" target=\"_blank\" rel=\"noopener\">avant les \u00e9lections<\/a> et cach\u00e9 aux \u00e9lecteurs. Comment voulez vous croire ensuite \u00e0 la d\u00e9mocratie et \u00e0 ces partis ?<\/p>\n<p>Les autres ne valent gu\u00e8re mieux. La gauche, toujours dans son utopie et sa phras\u00e9ologie, n\u2019a jamais voulu aider les progressistes au pr\u00e9texte qu\u2019elle voulait la <em>\u00abr\u00e9volution ici et maintenant\u00bb<\/em>. Ce faisant, elle a \u00e9t\u00e9 l\u2019idiote utile des islamistes comme cette gauche le fait souvent, h\u00e9las, en Europe aussi, o\u00f9 elle fait leur lit et pr\u00e9pare des lendemains cruels.<\/p>\n<p>Face \u00e0 cette lamentable classe politique <a href=\"https:\/\/latroisiemerepubliquetunisienne.blogspot.com\/2018\/10\/les-prochaines-elections-nationales.html\" target=\"_blank\" rel=\"noopener\">que faire<\/a>? Beaucoup se sont d\u00e9j\u00e0 pos\u00e9 la question et tournent en rond entre abstention (qui favorisera incontestablement les islamistes) et voter pour ceux qui promettront de ne pas s\u2019allier \u00e0 eux; m\u00eame s\u2019ils ne sont plus cr\u00e9dibles.<\/p>\n<h3>Abir Moussi: une femme qui a toujours combattu les islamistes<\/h3>\n<p>Face \u00e0 ces \u00e9vidences, il y a une personnalit\u00e9 politique (certes contest\u00e9e, j\u2019y reviendrai) qui a un m\u00e9rite, celui d\u2019avoir toujours \u00e9t\u00e9 contre tout compromis, tout <em>\u00abconsensus\u00bb<\/em> avec les obscurantistes et dont elle conteste m\u00eame le visa accord\u00e9 \u00e0 leur parti : c\u2019est Abir Moussi !<\/p>\n<p>Cette femme d\u00e9tonne parmi la classe politique tunisienne qui n\u2019a aucune conviction s\u00e9rieuse car elle a toujours et fermement combattu les islamistes et leur projet de r\u00e9gression. Elle a toujours clairement montr\u00e9 qu\u2019il n\u2019y avait rien \u00e0 attendre de ces obscurantistes et que leur projet qu\u2019ils font avancer secr\u00e8tement, par le mensonge, la corruption des <em>\u00abprogressistes\u00bb<\/em> tunisiens et l\u2019aide de puissance \u00e9trang\u00e8res, sera mortif\u00e8re pour le pays.<\/p>\n<p>Elle est la seule \u00e0 dire clairement qu\u2019il faut reformer cette Constitution voulue par les islamistes et qui mine le pouvoir, en rendant impossible un r\u00e9el projet politique s\u00e9rieux. Elle veut m\u00eame <a href=\"https:\/\/latroisiemerepubliquetunisienne.blogspot.com\/2017\/12\/le-parti-destourien-annonce-la-couleur_26.html\" target=\"_blank\" rel=\"noopener\">interdire les partis qui instrumentalisent la religion<\/a>. On ne peut plus clair que \u00e7a !<\/p>\n<p>Alors oui, Abir Moussi devrait \u00eatre un recours. Son charisme et sa forte personnalit\u00e9 sont un atout pour elle; et ce que tout le monde lui reconna\u00eet, est qu&rsquo;elle soit l&rsquo;une des rares politiques sinon la seule qui n&rsquo;a pas tourn\u00e9 sa veste.<\/p>\n<p>Ces r\u00e9formes institutionnelles sont imp\u00e9ratives. En effet quand on voit partout l&rsquo;absence de pouvoir, les d\u00e9rives du petit personnel administratif, l&rsquo;absence de tout contr\u00f4le s\u00e9rieux des administrations, des \u00e9coles coraniques, des mosqu\u00e9es et j&rsquo;en passe; il est clair qu&rsquo;un pouvoir fort, est absolument indispensable car, h\u00e9las, on a constat\u00e9 qu&rsquo;en l&rsquo;absence d&rsquo;un pouvoir fort, les tunisiens abusaient de la libert\u00e9 et pas dans le bon sens.<\/p>\n<h3>Elle pourra assumer un pouvoir fort et juste,\u00a0absolument n\u00e9cessaire<\/h3>\n<p>Il faut donc un pouvoir fort et un m\u00e9canisme d&rsquo;alternance possible pour \u00e9viter une dictature qui semble assez difficile \u00e0 envisager apr\u00e8s la libert\u00e9 d\u2019expression et de manifestation que s&rsquo;est donn\u00e9e le peuple depuis sa r\u00e9volution; et sur lesquelles, personne ne pourra revenir. Or il semble que le caract\u00e8re d&rsquo;Abir Moussi est tel qu&rsquo;elle pourra assumer un pouvoir fort, absolument n\u00e9cessaire.<\/p>\n<p>Lorsqu\u2019on avance cette hypoth\u00e8se, on constate d\u2019abord de violentes attaques sur les r\u00e9seaux sociaux dont la plupart ne sont que des insultes sans aucune argumentation.<\/p>\n<p>Ceux qui essayent d\u2019argumenter, \u00e9voquent deux sortes de reproches.<\/p>\n<p>Le premier, c\u2019est qu\u2019elle faisait partie du\u00a0Rassemblement constitutionnel d\u00e9mocratique (<a href=\"https:\/\/fr.wikipedia.org\/wiki\/Rassemblement_constitutionnel_d%C3%A9mocratique\" target=\"_blank\" rel=\"noopener\">RCD<\/a>) et qu\u2019elle avait m\u00eame, en qualit\u00e9 d\u2019avocat, <a href=\"http:\/\/tunisie-secret.over-blog.com\/article-tunisie-l-avocate-abir-moussi-seule-contre-tous-108906168.html\" target=\"_blank\" rel=\"noopener\">d\u00e9fendu ce parti<\/a> lors de la demande de sa dissolution ! La belle affaire ! Ceux qui utilisent ce genre d\u2019argument, oublient-ils le nombre consid\u00e9rable d\u2019anciens RCD reconvertis en r\u00e9volutionnaires et aujourd\u2019hui en d\u00e9mocrates dans tous les partis dont beaucoup ont fini m\u00eame par rejoindre Ennahdha ?<\/p>\n<p>Et si la grave faute d\u2019Abir Moussi est d\u2019avoir plaid\u00e9 contre la dissolution du RCD, c&rsquo;est qu\u2019elle a refus\u00e9 d\u2019hurler avec les loups et notamment avec les islamistes et les communistes. Et sauf \u00e0 d\u00e9montrer qu\u2019elle aurait tremp\u00e9 dans des affaires v\u00e9reuses et susceptibles de porter atteinte \u00e0 son int\u00e9grit\u00e9 morale, elle n\u2019a \u00e9t\u00e9 que le reflet, h\u00e9las, de milliers pour ne pas dire de millions de Tunisiens opportunistes, qui ont suivi, eux aussi, Ben Ali, sans parler de la majorit\u00e9 silencieuse qui subissait son r\u00e9gime policier sans rien dire<\/p>\n<p>Le deuxi\u00e8me, un peu plus s\u00e9rieux, est son opposition aux travaux de la\u00a0Commission des libert\u00e9s individuelles et de l&rsquo;\u00e9galit\u00e9 (<a href=\"https:\/\/latroisiemerepubliquetunisienne.blogspot.com\/2019\/02\/legalite-hommes-femmes-en-matiere.html\" target=\"_blank\" rel=\"noopener\">Colibe<\/a>) et son opposition \u00e0 l\u2019\u00e9galit\u00e9 dans l\u2019h\u00e9ritage. C\u2019est une erreur de sa part mais qui peut n&rsquo;\u00eatre qu&rsquo;une tactique politique pour gagner les voix des conservateurs; et Dieu sait s\u2019il y en a en Tunisie ! Ce qu&rsquo;avait fait Bourguiba en son temps, alors que nous savons qu&rsquo;il visait cette \u00e9galit\u00e9 et aspirait m\u00eame \u00e0 la la\u00efcit\u00e9 mais qu&rsquo;il a \u00e9t\u00e9 pris de court par la maladie, dans sa \u00ab<em>politique des \u00e9tapes<\/em>\u00bb (<em>\u00abSiasat al-marahil\u00bb<\/em>).<\/p>\n<p>Quoiqu\u2019il en soit, c\u2019est secondaire car la priorit\u00e9 n\u2019est-elle pas d\u2019\u00e9liminer du champ politique les islamistes qui conduisent ce pays \u00e0 la ruine en d\u00e9tricotant tout ce que des Destouriens, v\u00e9ritables patriotes, avaient construit et pour lequel ils avaient tant sacrifi\u00e9 en donnant parfois leur vie ?<\/p>\n<p>L\u2019essentiel n\u2019est-il pas d\u2019avoir quelqu\u2019un de ferme dans son opposition \u00e0 ces obscurantistes qui sont un v\u00e9ritable cancer pour le pays ? A ses contradicteurs, je poserai la question : \u00ab<em>Voyez-vous d\u2019autres moyens de parvenir \u00e0 ce r\u00e9sultat ?<\/em>\u00bb.\u00a0Qui mieux qu&rsquo;une femme pour tenir t\u00eate aux Fr\u00e8res musulmans qui ex\u00e8crent les femmes ? Puisque tous les hommes qui se disent <em>\u00abprogressistes et d\u00e9mocrates\u00bb<\/em>, se sont couch\u00e9s devant Ghannouchi !<\/p>\n<p>Enfin, je pense qu\u2019elle aurait int\u00e9r\u00eat, en dehors de son opposition aux islamistes qui est essentielle, \u00e0 d\u00e9velopper, plus qu\u2019elle ne le fait, un vrai <a href=\"http:\/\/latroisiemerepubliquetunisienne.blogspot.com\/2018\/01\/plateforme-pour-le-reglement-de-la.html\" target=\"_blank\" rel=\"noopener\">programme<\/a> de progr\u00e8s \u00e9conomique et social. Elle se revendique de Bourguiba, il lui faut proposer au pays un contrat de progr\u00e8s comme l\u2019avait fait en son temps ce grand homme politique.<\/p>\n<p><a href=\"https:\/\/latroisiemerepubliquetunisienne.blogspot.com\/2019\/02\/abir-moussi-une-solution.html\"><em><strong>Blog de l&rsquo;auteur.<\/strong><\/em><\/a><\/p>\n<p><em><strong>Article du m\u00eame auteur dans Kapitalis :\u00a0<\/strong><\/em><\/p>\n<blockquote class=\"wp-embedded-content\" data-secret=\"RjGeSyRtin\"><p><a href=\"https:\/\/kapitalis.com\/tunisie\/2018\/01\/01\/le-retour-des-destouriens-abir-moussi-contre-les-marchands-du-temple\/\">Le retour des Destouriens : Abir Moussi contre les marchands du temple<\/a><\/p><\/blockquote>\n<p><iframe loading=\"lazy\" class=\"wp-embedded-content\" sandbox=\"allow-scripts\" security=\"restricted\" style=\"position: absolute; clip: rect(1px, 1px, 1px, 1px);\" title=\"\u00ab\u00a0Le retour des Destouriens : Abir Moussi contre les marchands du temple\u00a0\u00bb &#8212; Kapitalis\" src=\"https:\/\/kapitalis.com\/tunisie\/2018\/01\/01\/le-retour-des-destouriens-abir-moussi-contre-les-marchands-du-temple\/embed\/#?secret=tGrLscVcGb#?secret=RjGeSyRtin\" data-secret=\"RjGeSyRtin\" width=\"600\" height=\"338\" frameborder=\"0\" marginwidth=\"0\" marginheight=\"0\" scrolling=\"no\"><\/iframe><\/p>\n","protected":false},"excerpt":{"rendered":"<p>Face \u00e0 une lamentable classe politique tunisienne qui n\u2019a aucune conviction s\u00e9rieuse et qui a trahi ses \u00e9lecteurs, Abir Moussi est une femme\u00a0qui d\u00e9tonne par son charisme et sa forte personnalit\u00e9 et qui a le m\u00e9rite d\u2019avoir toujours \u00e9t\u00e9 contre tout compromis, tout \u00abconsensus\u00bb avec les obscurantistes.\u00a0 Par : Rachid Barnat<\/p>\n","protected":false},"author":8,"featured_media":0,"comment_status":"open","ping_status":"open","sticky":false,"template":"","format":"standard","meta":{"footnotes":""},"categories":[992,997,1000,2433],"tags":[15144,1108,3345,1648,49571],"class_list":["post-198458","post","type-post","status-publish","format-standard","hentry","category-a-la-une","category-politique","category-tribune","category-tunisie","tag-abir-moussi","tag-beji-caid-essebsi","tag-destouriens","tag-islamistes","tag-nidaa-tounes"],"yoast_head":"<!-- This site is optimized with the Yoast SEO plugin v26.6 - https:\/\/yoast.com\/wordpress\/plugins\/seo\/ -->\n<title>Elections 2019 : Et si Abir Moussi et les Destouriens \u00e9taient la solution ? - Kapitalis<\/title>\n<meta name=\"robots\" content=\"index, follow, max-snippet:-1, max-image-preview:large, max-video-preview:-1\" \/>\n<link rel=\"canonical\" href=\"https:\/\/kapitalis.com\/tunisie\/2019\/02\/16\/elections-2019-et-si-abir-moussi-et-les-destouriens-etaient-la-solution\/\" \/>\n<meta property=\"og:locale\" content=\"fr_FR\" \/>\n<meta property=\"og:type\" content=\"article\" \/>\n<meta property=\"og:title\" content=\"Elections 2019 : Et si Abir Moussi et les Destouriens \u00e9taient la solution ? - Kapitalis\" \/>\n<meta property=\"og:description\" content=\"Face \u00e0 une lamentable classe politique tunisienne qui n\u2019a aucune conviction s\u00e9rieuse et qui a trahi ses \u00e9lecteurs, Abir Moussi est une femme\u00a0qui d\u00e9tonne par son charisme et sa forte personnalit\u00e9 et qui a le m\u00e9rite d\u2019avoir toujours \u00e9t\u00e9 contre tout compromis, tout \u00abconsensus\u00bb avec les obscurantistes.\u00a0 Par : Rachid Barnat\" \/>\n<meta property=\"og:url\" content=\"https:\/\/kapitalis.com\/tunisie\/2019\/02\/16\/elections-2019-et-si-abir-moussi-et-les-destouriens-etaient-la-solution\/\" \/>\n<meta property=\"og:site_name\" content=\"Kapitalis\" \/>\n<meta property=\"article:publisher\" content=\"https:\/\/www.facebook.com\/KapitalisInfo\/\" \/>\n<meta property=\"article:published_time\" content=\"2019-02-16T08:07:56+00:00\" \/>\n<meta property=\"article:modified_time\" content=\"2019-02-20T13:15:57+00:00\" \/>\n<meta property=\"og:image\" content=\"http:\/\/kapitalis.com\/tunisie\/wp-content\/uploads\/2016\/03\/Abir-Moussi.jpg\" \/>\n<meta name=\"author\" content=\"webmaster kapitalis\" \/>\n<meta name=\"twitter:card\" content=\"summary_large_image\" \/>\n<meta name=\"twitter:creator\" content=\"@KapitalisInfo\" \/>\n<meta name=\"twitter:site\" content=\"@KapitalisInfo\" \/>\n<meta name=\"twitter:label1\" content=\"\u00c9crit par\" \/>\n\t<meta name=\"twitter:data1\" content=\"webmaster kapitalis\" \/>\n\t<meta name=\"twitter:label2\" content=\"Dur\u00e9e de lecture estim\u00e9e\" \/>\n\t<meta name=\"twitter:data2\" content=\"7 minutes\" \/>\n<script type=\"application\/ld+json\" class=\"yoast-schema-graph\">{\"@context\":\"https:\/\/schema.org\",\"@graph\":[{\"@type\":\"Article\",\"@id\":\"https:\/\/kapitalis.com\/tunisie\/2019\/02\/16\/elections-2019-et-si-abir-moussi-et-les-destouriens-etaient-la-solution\/#article\",\"isPartOf\":{\"@id\":\"https:\/\/kapitalis.com\/tunisie\/2019\/02\/16\/elections-2019-et-si-abir-moussi-et-les-destouriens-etaient-la-solution\/\"},\"author\":{\"name\":\"webmaster kapitalis\",\"@id\":\"https:\/\/kapitalis.com\/tunisie\/#\/schema\/person\/d71f33a9ca44f7bad4698210b480c8e9\"},\"headline\":\"Elections 2019 : Et si Abir Moussi et les Destouriens \u00e9taient la solution ?\",\"datePublished\":\"2019-02-16T08:07:56+00:00\",\"dateModified\":\"2019-02-20T13:15:57+00:00\",\"mainEntityOfPage\":{\"@id\":\"https:\/\/kapitalis.com\/tunisie\/2019\/02\/16\/elections-2019-et-si-abir-moussi-et-les-destouriens-etaient-la-solution\/\"},\"wordCount\":1425,\"commentCount\":23,\"publisher\":{\"@id\":\"https:\/\/kapitalis.com\/tunisie\/#organization\"},\"image\":{\"@id\":\"https:\/\/kapitalis.com\/tunisie\/2019\/02\/16\/elections-2019-et-si-abir-moussi-et-les-destouriens-etaient-la-solution\/#primaryimage\"},\"thumbnailUrl\":\"http:\/\/kapitalis.com\/tunisie\/wp-content\/uploads\/2016\/03\/Abir-Moussi.jpg\",\"keywords\":[\"Abir Moussi\",\"B\u00e9ji Ca\u00efd Essebsi\",\"destouriens\",\"islamistes\",\"Nidaa Tounes\"],\"articleSection\":[\"A LA UNE\",\"POLITIQUE\",\"TRIBUNE\",\"Tunisie\"],\"inLanguage\":\"fr-FR\",\"potentialAction\":[{\"@type\":\"CommentAction\",\"name\":\"Comment\",\"target\":[\"https:\/\/kapitalis.com\/tunisie\/2019\/02\/16\/elections-2019-et-si-abir-moussi-et-les-destouriens-etaient-la-solution\/#respond\"]}]},{\"@type\":\"WebPage\",\"@id\":\"https:\/\/kapitalis.com\/tunisie\/2019\/02\/16\/elections-2019-et-si-abir-moussi-et-les-destouriens-etaient-la-solution\/\",\"url\":\"https:\/\/kapitalis.com\/tunisie\/2019\/02\/16\/elections-2019-et-si-abir-moussi-et-les-destouriens-etaient-la-solution\/\",\"name\":\"Elections 2019 : Et si Abir Moussi et les Destouriens \u00e9taient la solution ? - Kapitalis\",\"isPartOf\":{\"@id\":\"https:\/\/kapitalis.com\/tunisie\/#website\"},\"primaryImageOfPage\":{\"@id\":\"https:\/\/kapitalis.com\/tunisie\/2019\/02\/16\/elections-2019-et-si-abir-moussi-et-les-destouriens-etaient-la-solution\/#primaryimage\"},\"image\":{\"@id\":\"https:\/\/kapitalis.com\/tunisie\/2019\/02\/16\/elections-2019-et-si-abir-moussi-et-les-destouriens-etaient-la-solution\/#primaryimage\"},\"thumbnailUrl\":\"http:\/\/kapitalis.com\/tunisie\/wp-content\/uploads\/2016\/03\/Abir-Moussi.jpg\",\"datePublished\":\"2019-02-16T08:07:56+00:00\",\"dateModified\":\"2019-02-20T13:15:57+00:00\",\"breadcrumb\":{\"@id\":\"https:\/\/kapitalis.com\/tunisie\/2019\/02\/16\/elections-2019-et-si-abir-moussi-et-les-destouriens-etaient-la-solution\/#breadcrumb\"},\"inLanguage\":\"fr-FR\",\"potentialAction\":[{\"@type\":\"ReadAction\",\"target\":[\"https:\/\/kapitalis.com\/tunisie\/2019\/02\/16\/elections-2019-et-si-abir-moussi-et-les-destouriens-etaient-la-solution\/\"]}]},{\"@type\":\"ImageObject\",\"inLanguage\":\"fr-FR\",\"@id\":\"https:\/\/kapitalis.com\/tunisie\/2019\/02\/16\/elections-2019-et-si-abir-moussi-et-les-destouriens-etaient-la-solution\/#primaryimage\",\"url\":\"http:\/\/kapitalis.com\/tunisie\/wp-content\/uploads\/2016\/03\/Abir-Moussi.jpg\",\"contentUrl\":\"http:\/\/kapitalis.com\/tunisie\/wp-content\/uploads\/2016\/03\/Abir-Moussi.jpg\"},{\"@type\":\"BreadcrumbList\",\"@id\":\"https:\/\/kapitalis.com\/tunisie\/2019\/02\/16\/elections-2019-et-si-abir-moussi-et-les-destouriens-etaient-la-solution\/#breadcrumb\",\"itemListElement\":[{\"@type\":\"ListItem\",\"position\":1,\"name\":\"Accueil\",\"item\":\"https:\/\/kapitalis.com\/tunisie\/\"},{\"@type\":\"ListItem\",\"position\":2,\"name\":\"Elections 2019 : Et si Abir Moussi et les Destouriens \u00e9taient la solution ?\"}]},{\"@type\":\"WebSite\",\"@id\":\"https:\/\/kapitalis.com\/tunisie\/#website\",\"url\":\"https:\/\/kapitalis.com\/tunisie\/\",\"name\":\"Kapitalis\",\"description\":\"L&#039;actualit\u00e9 en Tunisie et dans le monde\",\"publisher\":{\"@id\":\"https:\/\/kapitalis.com\/tunisie\/#organization\"},\"potentialAction\":[{\"@type\":\"SearchAction\",\"target\":{\"@type\":\"EntryPoint\",\"urlTemplate\":\"https:\/\/kapitalis.com\/tunisie\/?s={search_term_string}\"},\"query-input\":{\"@type\":\"PropertyValueSpecification\",\"valueRequired\":true,\"valueName\":\"search_term_string\"}}],\"inLanguage\":\"fr-FR\"},{\"@type\":\"Organization\",\"@id\":\"https:\/\/kapitalis.com\/tunisie\/#organization\",\"name\":\"Kapitalis\",\"url\":\"https:\/\/kapitalis.com\/tunisie\/\",\"logo\":{\"@type\":\"ImageObject\",\"inLanguage\":\"fr-FR\",\"@id\":\"https:\/\/kapitalis.com\/tunisie\/#\/schema\/logo\/image\/\",\"url\":\"https:\/\/kapitalis.com\/tunisie\/wp-content\/uploads\/2022\/05\/Kapitalis-big-size.png\",\"contentUrl\":\"https:\/\/kapitalis.com\/tunisie\/wp-content\/uploads\/2022\/05\/Kapitalis-big-size.png\",\"width\":5000,\"height\":1500,\"caption\":\"Kapitalis\"},\"image\":{\"@id\":\"https:\/\/kapitalis.com\/tunisie\/#\/schema\/logo\/image\/\"},\"sameAs\":[\"https:\/\/www.facebook.com\/KapitalisInfo\/\",\"https:\/\/x.com\/KapitalisInfo\",\"https:\/\/www.youtube.com\/channel\/UC-yDYrHyfFBWWZaOw3FPg9Q\"]},{\"@type\":\"Person\",\"@id\":\"https:\/\/kapitalis.com\/tunisie\/#\/schema\/person\/d71f33a9ca44f7bad4698210b480c8e9\",\"name\":\"webmaster kapitalis\",\"url\":\"https:\/\/kapitalis.com\/tunisie\/author\/webmaster-kapitalis\/\"}]}<\/script>\n<!-- \/ Yoast SEO plugin. -->","yoast_head_json":{"title":"Elections 2019 : Et si Abir Moussi et les Destouriens \u00e9taient la solution ? - Kapitalis","robots":{"index":"index","follow":"follow","max-snippet":"max-snippet:-1","max-image-preview":"max-image-preview:large","max-video-preview":"max-video-preview:-1"},"canonical":"https:\/\/kapitalis.com\/tunisie\/2019\/02\/16\/elections-2019-et-si-abir-moussi-et-les-destouriens-etaient-la-solution\/","og_locale":"fr_FR","og_type":"article","og_title":"Elections 2019 : Et si Abir Moussi et les Destouriens \u00e9taient la solution ? - Kapitalis","og_description":"Face \u00e0 une lamentable classe politique tunisienne qui n\u2019a aucune conviction s\u00e9rieuse et qui a trahi ses \u00e9lecteurs, Abir Moussi est une femme\u00a0qui d\u00e9tonne par son charisme et sa forte personnalit\u00e9 et qui a le m\u00e9rite d\u2019avoir toujours \u00e9t\u00e9 contre tout compromis, tout \u00abconsensus\u00bb avec les obscurantistes.\u00a0 Par : Rachid Barnat","og_url":"https:\/\/kapitalis.com\/tunisie\/2019\/02\/16\/elections-2019-et-si-abir-moussi-et-les-destouriens-etaient-la-solution\/","og_site_name":"Kapitalis","article_publisher":"https:\/\/www.facebook.com\/KapitalisInfo\/","article_published_time":"2019-02-16T08:07:56+00:00","article_modified_time":"2019-02-20T13:15:57+00:00","og_image":[{"url":"http:\/\/kapitalis.com\/tunisie\/wp-content\/uploads\/2016\/03\/Abir-Moussi.jpg","type":"","width":"","height":""}],"author":"webmaster kapitalis","twitter_card":"summary_large_image","twitter_creator":"@KapitalisInfo","twitter_site":"@KapitalisInfo","twitter_misc":{"\u00c9crit par":"webmaster kapitalis","Dur\u00e9e de lecture estim\u00e9e":"7 minutes"},"schema":{"@context":"https:\/\/schema.org","@graph":[{"@type":"Article","@id":"https:\/\/kapitalis.com\/tunisie\/2019\/02\/16\/elections-2019-et-si-abir-moussi-et-les-destouriens-etaient-la-solution\/#article","isPartOf":{"@id":"https:\/\/kapitalis.com\/tunisie\/2019\/02\/16\/elections-2019-et-si-abir-moussi-et-les-destouriens-etaient-la-solution\/"},"author":{"name":"webmaster kapitalis","@id":"https:\/\/kapitalis.com\/tunisie\/#\/schema\/person\/d71f33a9ca44f7bad4698210b480c8e9"},"headline":"Elections 2019 : Et si Abir Moussi et les Destouriens \u00e9taient la solution ?","datePublished":"2019-02-16T08:07:56+00:00","dateModified":"2019-02-20T13:15:57+00:00","mainEntityOfPage":{"@id":"https:\/\/kapitalis.com\/tunisie\/2019\/02\/16\/elections-2019-et-si-abir-moussi-et-les-destouriens-etaient-la-solution\/"},"wordCount":1425,"commentCount":23,"publisher":{"@id":"https:\/\/kapitalis.com\/tunisie\/#organization"},"image":{"@id":"https:\/\/kapitalis.com\/tunisie\/2019\/02\/16\/elections-2019-et-si-abir-moussi-et-les-destouriens-etaient-la-solution\/#primaryimage"},"thumbnailUrl":"http:\/\/kapitalis.com\/tunisie\/wp-content\/uploads\/2016\/03\/Abir-Moussi.jpg","keywords":["Abir Moussi","B\u00e9ji Ca\u00efd Essebsi","destouriens","islamistes","Nidaa Tounes"],"articleSection":["A LA UNE","POLITIQUE","TRIBUNE","Tunisie"],"inLanguage":"fr-FR","potentialAction":[{"@type":"CommentAction","name":"Comment","target":["https:\/\/kapitalis.com\/tunisie\/2019\/02\/16\/elections-2019-et-si-abir-moussi-et-les-destouriens-etaient-la-solution\/#respond"]}]},{"@type":"WebPage","@id":"https:\/\/kapitalis.com\/tunisie\/2019\/02\/16\/elections-2019-et-si-abir-moussi-et-les-destouriens-etaient-la-solution\/","url":"https:\/\/kapitalis.com\/tunisie\/2019\/02\/16\/elections-2019-et-si-abir-moussi-et-les-destouriens-etaient-la-solution\/","name":"Elections 2019 : Et si Abir Moussi et les Destouriens \u00e9taient la solution ? - Kapitalis","isPartOf":{"@id":"https:\/\/kapitalis.com\/tunisie\/#website"},"primaryImageOfPage":{"@id":"https:\/\/kapitalis.com\/tunisie\/2019\/02\/16\/elections-2019-et-si-abir-moussi-et-les-destouriens-etaient-la-solution\/#primaryimage"},"image":{"@id":"https:\/\/kapitalis.com\/tunisie\/2019\/02\/16\/elections-2019-et-si-abir-moussi-et-les-destouriens-etaient-la-solution\/#primaryimage"},"thumbnailUrl":"http:\/\/kapitalis.com\/tunisie\/wp-content\/uploads\/2016\/03\/Abir-Moussi.jpg","datePublished":"2019-02-16T08:07:56+00:00","dateModified":"2019-02-20T13:15:57+00:00","breadcrumb":{"@id":"https:\/\/kapitalis.com\/tunisie\/2019\/02\/16\/elections-2019-et-si-abir-moussi-et-les-destouriens-etaient-la-solution\/#breadcrumb"},"inLanguage":"fr-FR","potentialAction":[{"@type":"ReadAction","target":["https:\/\/kapitalis.com\/tunisie\/2019\/02\/16\/elections-2019-et-si-abir-moussi-et-les-destouriens-etaient-la-solution\/"]}]},{"@type":"ImageObject","inLanguage":"fr-FR","@id":"https:\/\/kapitalis.com\/tunisie\/2019\/02\/16\/elections-2019-et-si-abir-moussi-et-les-destouriens-etaient-la-solution\/#primaryimage","url":"http:\/\/kapitalis.com\/tunisie\/wp-content\/uploads\/2016\/03\/Abir-Moussi.jpg","contentUrl":"http:\/\/kapitalis.com\/tunisie\/wp-content\/uploads\/2016\/03\/Abir-Moussi.jpg"},{"@type":"BreadcrumbList","@id":"https:\/\/kapitalis.com\/tunisie\/2019\/02\/16\/elections-2019-et-si-abir-moussi-et-les-destouriens-etaient-la-solution\/#breadcrumb","itemListElement":[{"@type":"ListItem","position":1,"name":"Accueil","item":"https:\/\/kapitalis.com\/tunisie\/"},{"@type":"ListItem","position":2,"name":"Elections 2019 : Et si Abir Moussi et les Destouriens \u00e9taient la solution ?"}]},{"@type":"WebSite","@id":"https:\/\/kapitalis.com\/tunisie\/#website","url":"https:\/\/kapitalis.com\/tunisie\/","name":"Kapitalis","description":"L&#039;actualit\u00e9 en Tunisie et dans le monde","publisher":{"@id":"https:\/\/kapitalis.com\/tunisie\/#organization"},"potentialAction":[{"@type":"SearchAction","target":{"@type":"EntryPoint","urlTemplate":"https:\/\/kapitalis.com\/tunisie\/?s={search_term_string}"},"query-input":{"@type":"PropertyValueSpecification","valueRequired":true,"valueName":"search_term_string"}}],"inLanguage":"fr-FR"},{"@type":"Organization","@id":"https:\/\/kapitalis.com\/tunisie\/#organization","name":"Kapitalis","url":"https:\/\/kapitalis.com\/tunisie\/","logo":{"@type":"ImageObject","inLanguage":"fr-FR","@id":"https:\/\/kapitalis.com\/tunisie\/#\/schema\/logo\/image\/","url":"https:\/\/kapitalis.com\/tunisie\/wp-content\/uploads\/2022\/05\/Kapitalis-big-size.png","contentUrl":"https:\/\/kapitalis.com\/tunisie\/wp-content\/uploads\/2022\/05\/Kapitalis-big-size.png","width":5000,"height":1500,"caption":"Kapitalis"},"image":{"@id":"https:\/\/kapitalis.com\/tunisie\/#\/schema\/logo\/image\/"},"sameAs":["https:\/\/www.facebook.com\/KapitalisInfo\/","https:\/\/x.com\/KapitalisInfo","https:\/\/www.youtube.com\/channel\/UC-yDYrHyfFBWWZaOw3FPg9Q"]},{"@type":"Person","@id":"https:\/\/kapitalis.com\/tunisie\/#\/schema\/person\/d71f33a9ca44f7bad4698210b480c8e9","name":"webmaster kapitalis","url":"https:\/\/kapitalis.com\/tunisie\/author\/webmaster-kapitalis\/"}]}},"_links":{"self":[{"href":"https:\/\/kapitalis.com\/tunisie\/wp-json\/wp\/v2\/posts\/198458","targetHints":{"allow":["GET"]}}],"collection":[{"href":"https:\/\/kapitalis.com\/tunisie\/wp-json\/wp\/v2\/posts"}],"about":[{"href":"https:\/\/kapitalis.com\/tunisie\/wp-json\/wp\/v2\/types\/post"}],"author":[{"embeddable":true,"href":"https:\/\/kapitalis.com\/tunisie\/wp-json\/wp\/v2\/users\/8"}],"replies":[{"embeddable":true,"href":"https:\/\/kapitalis.com\/tunisie\/wp-json\/wp\/v2\/comments?post=198458"}],"version-history":[{"count":0,"href":"https:\/\/kapitalis.com\/tunisie\/wp-json\/wp\/v2\/posts\/198458\/revisions"}],"wp:attachment":[{"href":"https:\/\/kapitalis.com\/tunisie\/wp-json\/wp\/v2\/media?parent=198458"}],"wp:term":[{"taxonomy":"category","embeddable":true,"href":"https:\/\/kapitalis.com\/tunisie\/wp-json\/wp\/v2\/categories?post=198458"},{"taxonomy":"post_tag","embeddable":true,"href":"https:\/\/kapitalis.com\/tunisie\/wp-json\/wp\/v2\/tags?post=198458"}],"curies":[{"name":"wp","href":"https:\/\/api.w.org\/{rel}","templated":true}]}}