{"id":198600,"date":"2019-02-18T09:07:21","date_gmt":"2019-02-18T08:07:21","guid":{"rendered":"http:\/\/kapitalis.com\/tunisie\/?p=198600"},"modified":"2019-02-18T09:10:36","modified_gmt":"2019-02-18T08:10:36","slug":"libye-liberation-des-14-otages-tunisiens","status":"publish","type":"post","link":"https:\/\/kapitalis.com\/tunisie\/2019\/02\/18\/libye-liberation-des-14-otages-tunisiens\/","title":{"rendered":"Libye : Lib\u00e9ration des 14 otages tunisiens retenus depuis jeudi dernier"},"content":{"rendered":"<p style=\"text-align: center;\"><img loading=\"lazy\" decoding=\"async\" class=\"alignnone size-full wp-image-198602\" src=\"http:\/\/kapitalis.com\/tunisie\/wp-content\/uploads\/2019\/02\/Libye-otages-tunisiens-libres-.jpg\" alt=\"\" width=\"626\" height=\"380\" \/><\/p>\n<p style=\"text-align: left;\"><em><strong>Les agents de s\u00e9curit\u00e9 du district de Zaou\u00efa en Libye ont lib\u00e9r\u00e9 hier soir, dimanche 17 f\u00e9vrier 2019, les 14 travailleurs tunisiens enlev\u00e9s par des milices arm\u00e9es libyennes. Ils sont sains et saufs.<\/strong><\/em><!--more--><\/p>\n<p>Une descente a \u00e9t\u00e9 effectu\u00e9e par la police sp\u00e9ciale libyenne dans la maison o\u00f9 les otages\u00a0\u00e9taient retenus par un groupe arm\u00e9 libyen. Les ravisseurs demandaient la lib\u00e9ration de leur compatriote Basem Kamel Ellafi condamn\u00e9 en Tunisie dans une affaire de drogue et d\u00e9tenu dans la prison de Harboub (M\u00e9denine).<\/p>\n<p>Plus t\u00f4t dans la soir\u00e9e, les ravisseurs avaient publi\u00e9 sur les r\u00e9seaux sociaux une vid\u00e9o o\u00f9 les otages tunisiens demandaient la lib\u00e9ration du prisonnier libyen contre la leur.<\/p>\n<p>Les 14 Tunisiens sont actuellement au poste de police de Zaouia pour effectuer les proc\u00e9dures d&rsquo;usage et leur rapatriement en Tunisie ne saurait tarder, apr\u00e8s la r\u00e9cup\u00e9ration de leurs passeports, retenus par l\u2019administration de la soci\u00e9t\u00e9 p\u00e9troli\u00e8re o\u00f9 ils travaillent.<\/p>\n<p>Ils pourraient aussi demander de reprendre leur travail et rester en Libye.<\/p>\n<p style=\"text-align: right;\"><strong>Y. N.<\/strong><\/p>\n<blockquote class=\"wp-embedded-content\" data-secret=\"8e0ExX0ogf\"><p><a href=\"https:\/\/kapitalis.com\/tunisie\/2019\/02\/16\/tunisiens-enleves-en-libye-les-autorites-tunisiennes-entrent-en-ligne\/\">Tunisiens enlev\u00e9s en Libye : Les autorit\u00e9s tunisiennes entrent en ligne<\/a><\/p><\/blockquote>\n<p><iframe loading=\"lazy\" class=\"wp-embedded-content\" sandbox=\"allow-scripts\" security=\"restricted\" style=\"position: absolute; clip: rect(1px, 1px, 1px, 1px);\" title=\"\u00ab\u00a0Tunisiens enlev\u00e9s en Libye : Les autorit\u00e9s tunisiennes entrent en ligne\u00a0\u00bb &#8212; Kapitalis\" src=\"https:\/\/kapitalis.com\/tunisie\/2019\/02\/16\/tunisiens-enleves-en-libye-les-autorites-tunisiennes-entrent-en-ligne\/embed\/#?secret=lKSw1M0sH4#?secret=8e0ExX0ogf\" data-secret=\"8e0ExX0ogf\" width=\"600\" height=\"338\" frameborder=\"0\" marginwidth=\"0\" marginheight=\"0\" scrolling=\"no\"><\/iframe><\/p>\n<blockquote class=\"wp-embedded-content\" data-secret=\"ECWoqkeFNx\"><p><a href=\"https:\/\/kapitalis.com\/tunisie\/2019\/02\/14\/zaouia-une-milice-libyenne-enleve-14-travailleurs-tunisiens\/\">Zaou\u00efa : Une milice libyenne enl\u00e8ve 14 travailleurs tunisiens<\/a><\/p><\/blockquote>\n<p><iframe loading=\"lazy\" class=\"wp-embedded-content\" sandbox=\"allow-scripts\" security=\"restricted\" style=\"position: absolute; clip: rect(1px, 1px, 1px, 1px);\" title=\"\u00ab\u00a0Zaou\u00efa : Une milice libyenne enl\u00e8ve 14 travailleurs tunisiens\u00a0\u00bb &#8212; Kapitalis\" src=\"https:\/\/kapitalis.com\/tunisie\/2019\/02\/14\/zaouia-une-milice-libyenne-enleve-14-travailleurs-tunisiens\/embed\/#?secret=vUzEns63Fy#?secret=ECWoqkeFNx\" data-secret=\"ECWoqkeFNx\" width=\"600\" height=\"338\" frameborder=\"0\" marginwidth=\"0\" marginheight=\"0\" scrolling=\"no\"><\/iframe><\/p>\n","protected":false},"excerpt":{"rendered":"<p>Les agents de s\u00e9curit\u00e9 du district de Zaou\u00efa en Libye ont lib\u00e9r\u00e9 hier soir, dimanche 17 f\u00e9vrier 2019, les 14 travailleurs tunisiens enlev\u00e9s par des milices arm\u00e9es libyennes. Ils sont sains et saufs.<\/p>\n","protected":false},"author":6,"featured_media":198602,"comment_status":"open","ping_status":"open","sticky":false,"template":"","format":"standard","meta":{"footnotes":""},"categories":[998,2433],"tags":[1053,544,684,7771,1810],"class_list":["post-198600","post","type-post","status-publish","format-standard","has-post-thumbnail","hentry","category-societe","category-tunisie","tag-liberation","tag-libye","tag-otages","tag-travailleurs-tunisiens","tag-zaouia"],"yoast_head":"<!-- This site is optimized with the Yoast SEO plugin v26.6 - https:\/\/yoast.com\/wordpress\/plugins\/seo\/ -->\n<title>Libye : Lib\u00e9ration des 14 otages tunisiens retenus depuis jeudi dernier - Kapitalis<\/title>\n<meta name=\"robots\" content=\"index, follow, max-snippet:-1, max-image-preview:large, max-video-preview:-1\" \/>\n<link rel=\"canonical\" href=\"https:\/\/kapitalis.com\/tunisie\/2019\/02\/18\/libye-liberation-des-14-otages-tunisiens\/\" \/>\n<meta property=\"og:locale\" content=\"fr_FR\" \/>\n<meta property=\"og:type\" content=\"article\" \/>\n<meta property=\"og:title\" content=\"Libye : Lib\u00e9ration des 14 otages tunisiens retenus depuis jeudi dernier - Kapitalis\" \/>\n<meta property=\"og:description\" content=\"Les agents de s\u00e9curit\u00e9 du district de Zaou\u00efa en Libye ont lib\u00e9r\u00e9 hier soir, dimanche 17 f\u00e9vrier 2019, les 14 travailleurs tunisiens enlev\u00e9s par des milices arm\u00e9es libyennes. Ils sont sains et saufs.\" \/>\n<meta property=\"og:url\" content=\"https:\/\/kapitalis.com\/tunisie\/2019\/02\/18\/libye-liberation-des-14-otages-tunisiens\/\" \/>\n<meta property=\"og:site_name\" content=\"Kapitalis\" \/>\n<meta property=\"article:publisher\" content=\"https:\/\/www.facebook.com\/KapitalisInfo\/\" \/>\n<meta property=\"article:published_time\" content=\"2019-02-18T08:07:21+00:00\" \/>\n<meta property=\"article:modified_time\" content=\"2019-02-18T08:10:36+00:00\" \/>\n<meta property=\"og:image\" content=\"https:\/\/kapitalis.com\/tunisie\/wp-content\/uploads\/2022\/05\/kapitalis-logo-fb.png\" \/>\n\t<meta property=\"og:image:width\" content=\"1200\" \/>\n\t<meta property=\"og:image:height\" content=\"630\" \/>\n\t<meta property=\"og:image:type\" content=\"image\/png\" \/>\n<meta name=\"author\" content=\"Yusra NY\" \/>\n<meta name=\"twitter:card\" content=\"summary_large_image\" \/>\n<meta name=\"twitter:creator\" content=\"@KapitalisInfo\" \/>\n<meta name=\"twitter:site\" content=\"@KapitalisInfo\" \/>\n<meta name=\"twitter:label1\" content=\"\u00c9crit par\" \/>\n\t<meta name=\"twitter:data1\" content=\"Yusra NY\" \/>\n\t<meta name=\"twitter:label2\" content=\"Dur\u00e9e de lecture estim\u00e9e\" \/>\n\t<meta name=\"twitter:data2\" content=\"1 minute\" \/>\n<script type=\"application\/ld+json\" class=\"yoast-schema-graph\">{\"@context\":\"https:\/\/schema.org\",\"@graph\":[{\"@type\":\"Article\",\"@id\":\"https:\/\/kapitalis.com\/tunisie\/2019\/02\/18\/libye-liberation-des-14-otages-tunisiens\/#article\",\"isPartOf\":{\"@id\":\"https:\/\/kapitalis.com\/tunisie\/2019\/02\/18\/libye-liberation-des-14-otages-tunisiens\/\"},\"author\":{\"name\":\"Yusra NY\",\"@id\":\"https:\/\/kapitalis.com\/tunisie\/#\/schema\/person\/74bbde0154d49d790a92aaeac5bc01d5\"},\"headline\":\"Libye : Lib\u00e9ration des 14 otages tunisiens retenus depuis jeudi dernier\",\"datePublished\":\"2019-02-18T08:07:21+00:00\",\"dateModified\":\"2019-02-18T08:10:36+00:00\",\"mainEntityOfPage\":{\"@id\":\"https:\/\/kapitalis.com\/tunisie\/2019\/02\/18\/libye-liberation-des-14-otages-tunisiens\/\"},\"wordCount\":206,\"commentCount\":0,\"publisher\":{\"@id\":\"https:\/\/kapitalis.com\/tunisie\/#organization\"},\"image\":{\"@id\":\"https:\/\/kapitalis.com\/tunisie\/2019\/02\/18\/libye-liberation-des-14-otages-tunisiens\/#primaryimage\"},\"thumbnailUrl\":\"\",\"keywords\":[\"lib\u00e9ration\",\"Libye\",\"otages\",\"travailleurs tunisiens\",\"Zaouia\"],\"articleSection\":[\"SOCIETE\",\"Tunisie\"],\"inLanguage\":\"fr-FR\",\"potentialAction\":[{\"@type\":\"CommentAction\",\"name\":\"Comment\",\"target\":[\"https:\/\/kapitalis.com\/tunisie\/2019\/02\/18\/libye-liberation-des-14-otages-tunisiens\/#respond\"]}]},{\"@type\":\"WebPage\",\"@id\":\"https:\/\/kapitalis.com\/tunisie\/2019\/02\/18\/libye-liberation-des-14-otages-tunisiens\/\",\"url\":\"https:\/\/kapitalis.com\/tunisie\/2019\/02\/18\/libye-liberation-des-14-otages-tunisiens\/\",\"name\":\"Libye : Lib\u00e9ration des 14 otages tunisiens retenus depuis jeudi dernier - Kapitalis\",\"isPartOf\":{\"@id\":\"https:\/\/kapitalis.com\/tunisie\/#website\"},\"primaryImageOfPage\":{\"@id\":\"https:\/\/kapitalis.com\/tunisie\/2019\/02\/18\/libye-liberation-des-14-otages-tunisiens\/#primaryimage\"},\"image\":{\"@id\":\"https:\/\/kapitalis.com\/tunisie\/2019\/02\/18\/libye-liberation-des-14-otages-tunisiens\/#primaryimage\"},\"thumbnailUrl\":\"\",\"datePublished\":\"2019-02-18T08:07:21+00:00\",\"dateModified\":\"2019-02-18T08:10:36+00:00\",\"breadcrumb\":{\"@id\":\"https:\/\/kapitalis.com\/tunisie\/2019\/02\/18\/libye-liberation-des-14-otages-tunisiens\/#breadcrumb\"},\"inLanguage\":\"fr-FR\",\"potentialAction\":[{\"@type\":\"ReadAction\",\"target\":[\"https:\/\/kapitalis.com\/tunisie\/2019\/02\/18\/libye-liberation-des-14-otages-tunisiens\/\"]}]},{\"@type\":\"ImageObject\",\"inLanguage\":\"fr-FR\",\"@id\":\"https:\/\/kapitalis.com\/tunisie\/2019\/02\/18\/libye-liberation-des-14-otages-tunisiens\/#primaryimage\",\"url\":\"\",\"contentUrl\":\"\"},{\"@type\":\"BreadcrumbList\",\"@id\":\"https:\/\/kapitalis.com\/tunisie\/2019\/02\/18\/libye-liberation-des-14-otages-tunisiens\/#breadcrumb\",\"itemListElement\":[{\"@type\":\"ListItem\",\"position\":1,\"name\":\"Accueil\",\"item\":\"https:\/\/kapitalis.com\/tunisie\/\"},{\"@type\":\"ListItem\",\"position\":2,\"name\":\"Libye : Lib\u00e9ration des 14 otages tunisiens retenus depuis jeudi dernier\"}]},{\"@type\":\"WebSite\",\"@id\":\"https:\/\/kapitalis.com\/tunisie\/#website\",\"url\":\"https:\/\/kapitalis.com\/tunisie\/\",\"name\":\"Kapitalis\",\"description\":\"L&#039;actualit\u00e9 en Tunisie et dans le monde\",\"publisher\":{\"@id\":\"https:\/\/kapitalis.com\/tunisie\/#organization\"},\"potentialAction\":[{\"@type\":\"SearchAction\",\"target\":{\"@type\":\"EntryPoint\",\"urlTemplate\":\"https:\/\/kapitalis.com\/tunisie\/?s={search_term_string}\"},\"query-input\":{\"@type\":\"PropertyValueSpecification\",\"valueRequired\":true,\"valueName\":\"search_term_string\"}}],\"inLanguage\":\"fr-FR\"},{\"@type\":\"Organization\",\"@id\":\"https:\/\/kapitalis.com\/tunisie\/#organization\",\"name\":\"Kapitalis\",\"url\":\"https:\/\/kapitalis.com\/tunisie\/\",\"logo\":{\"@type\":\"ImageObject\",\"inLanguage\":\"fr-FR\",\"@id\":\"https:\/\/kapitalis.com\/tunisie\/#\/schema\/logo\/image\/\",\"url\":\"https:\/\/kapitalis.com\/tunisie\/wp-content\/uploads\/2022\/05\/Kapitalis-big-size.png\",\"contentUrl\":\"https:\/\/kapitalis.com\/tunisie\/wp-content\/uploads\/2022\/05\/Kapitalis-big-size.png\",\"width\":5000,\"height\":1500,\"caption\":\"Kapitalis\"},\"image\":{\"@id\":\"https:\/\/kapitalis.com\/tunisie\/#\/schema\/logo\/image\/\"},\"sameAs\":[\"https:\/\/www.facebook.com\/KapitalisInfo\/\",\"https:\/\/x.com\/KapitalisInfo\",\"https:\/\/www.youtube.com\/channel\/UC-yDYrHyfFBWWZaOw3FPg9Q\"]},{\"@type\":\"Person\",\"@id\":\"https:\/\/kapitalis.com\/tunisie\/#\/schema\/person\/74bbde0154d49d790a92aaeac5bc01d5\",\"name\":\"Yusra NY\",\"url\":\"https:\/\/kapitalis.com\/tunisie\/author\/yuza_adam\/\"}]}<\/script>\n<!-- \/ Yoast SEO plugin. -->","yoast_head_json":{"title":"Libye : Lib\u00e9ration des 14 otages tunisiens retenus depuis jeudi dernier - Kapitalis","robots":{"index":"index","follow":"follow","max-snippet":"max-snippet:-1","max-image-preview":"max-image-preview:large","max-video-preview":"max-video-preview:-1"},"canonical":"https:\/\/kapitalis.com\/tunisie\/2019\/02\/18\/libye-liberation-des-14-otages-tunisiens\/","og_locale":"fr_FR","og_type":"article","og_title":"Libye : Lib\u00e9ration des 14 otages tunisiens retenus depuis jeudi dernier - Kapitalis","og_description":"Les agents de s\u00e9curit\u00e9 du district de Zaou\u00efa en Libye ont lib\u00e9r\u00e9 hier soir, dimanche 17 f\u00e9vrier 2019, les 14 travailleurs tunisiens enlev\u00e9s par des milices arm\u00e9es libyennes. Ils sont sains et saufs.","og_url":"https:\/\/kapitalis.com\/tunisie\/2019\/02\/18\/libye-liberation-des-14-otages-tunisiens\/","og_site_name":"Kapitalis","article_publisher":"https:\/\/www.facebook.com\/KapitalisInfo\/","article_published_time":"2019-02-18T08:07:21+00:00","article_modified_time":"2019-02-18T08:10:36+00:00","og_image":[{"width":1200,"height":630,"url":"https:\/\/kapitalis.com\/tunisie\/wp-content\/uploads\/2022\/05\/kapitalis-logo-fb.png","type":"image\/png"}],"author":"Yusra NY","twitter_card":"summary_large_image","twitter_creator":"@KapitalisInfo","twitter_site":"@KapitalisInfo","twitter_misc":{"\u00c9crit par":"Yusra NY","Dur\u00e9e de lecture estim\u00e9e":"1 minute"},"schema":{"@context":"https:\/\/schema.org","@graph":[{"@type":"Article","@id":"https:\/\/kapitalis.com\/tunisie\/2019\/02\/18\/libye-liberation-des-14-otages-tunisiens\/#article","isPartOf":{"@id":"https:\/\/kapitalis.com\/tunisie\/2019\/02\/18\/libye-liberation-des-14-otages-tunisiens\/"},"author":{"name":"Yusra NY","@id":"https:\/\/kapitalis.com\/tunisie\/#\/schema\/person\/74bbde0154d49d790a92aaeac5bc01d5"},"headline":"Libye : Lib\u00e9ration des 14 otages tunisiens retenus depuis jeudi dernier","datePublished":"2019-02-18T08:07:21+00:00","dateModified":"2019-02-18T08:10:36+00:00","mainEntityOfPage":{"@id":"https:\/\/kapitalis.com\/tunisie\/2019\/02\/18\/libye-liberation-des-14-otages-tunisiens\/"},"wordCount":206,"commentCount":0,"publisher":{"@id":"https:\/\/kapitalis.com\/tunisie\/#organization"},"image":{"@id":"https:\/\/kapitalis.com\/tunisie\/2019\/02\/18\/libye-liberation-des-14-otages-tunisiens\/#primaryimage"},"thumbnailUrl":"","keywords":["lib\u00e9ration","Libye","otages","travailleurs tunisiens","Zaouia"],"articleSection":["SOCIETE","Tunisie"],"inLanguage":"fr-FR","potentialAction":[{"@type":"CommentAction","name":"Comment","target":["https:\/\/kapitalis.com\/tunisie\/2019\/02\/18\/libye-liberation-des-14-otages-tunisiens\/#respond"]}]},{"@type":"WebPage","@id":"https:\/\/kapitalis.com\/tunisie\/2019\/02\/18\/libye-liberation-des-14-otages-tunisiens\/","url":"https:\/\/kapitalis.com\/tunisie\/2019\/02\/18\/libye-liberation-des-14-otages-tunisiens\/","name":"Libye : Lib\u00e9ration des 14 otages tunisiens retenus depuis jeudi dernier - Kapitalis","isPartOf":{"@id":"https:\/\/kapitalis.com\/tunisie\/#website"},"primaryImageOfPage":{"@id":"https:\/\/kapitalis.com\/tunisie\/2019\/02\/18\/libye-liberation-des-14-otages-tunisiens\/#primaryimage"},"image":{"@id":"https:\/\/kapitalis.com\/tunisie\/2019\/02\/18\/libye-liberation-des-14-otages-tunisiens\/#primaryimage"},"thumbnailUrl":"","datePublished":"2019-02-18T08:07:21+00:00","dateModified":"2019-02-18T08:10:36+00:00","breadcrumb":{"@id":"https:\/\/kapitalis.com\/tunisie\/2019\/02\/18\/libye-liberation-des-14-otages-tunisiens\/#breadcrumb"},"inLanguage":"fr-FR","potentialAction":[{"@type":"ReadAction","target":["https:\/\/kapitalis.com\/tunisie\/2019\/02\/18\/libye-liberation-des-14-otages-tunisiens\/"]}]},{"@type":"ImageObject","inLanguage":"fr-FR","@id":"https:\/\/kapitalis.com\/tunisie\/2019\/02\/18\/libye-liberation-des-14-otages-tunisiens\/#primaryimage","url":"","contentUrl":""},{"@type":"BreadcrumbList","@id":"https:\/\/kapitalis.com\/tunisie\/2019\/02\/18\/libye-liberation-des-14-otages-tunisiens\/#breadcrumb","itemListElement":[{"@type":"ListItem","position":1,"name":"Accueil","item":"https:\/\/kapitalis.com\/tunisie\/"},{"@type":"ListItem","position":2,"name":"Libye : Lib\u00e9ration des 14 otages tunisiens retenus depuis jeudi dernier"}]},{"@type":"WebSite","@id":"https:\/\/kapitalis.com\/tunisie\/#website","url":"https:\/\/kapitalis.com\/tunisie\/","name":"Kapitalis","description":"L&#039;actualit\u00e9 en Tunisie et dans le monde","publisher":{"@id":"https:\/\/kapitalis.com\/tunisie\/#organization"},"potentialAction":[{"@type":"SearchAction","target":{"@type":"EntryPoint","urlTemplate":"https:\/\/kapitalis.com\/tunisie\/?s={search_term_string}"},"query-input":{"@type":"PropertyValueSpecification","valueRequired":true,"valueName":"search_term_string"}}],"inLanguage":"fr-FR"},{"@type":"Organization","@id":"https:\/\/kapitalis.com\/tunisie\/#organization","name":"Kapitalis","url":"https:\/\/kapitalis.com\/tunisie\/","logo":{"@type":"ImageObject","inLanguage":"fr-FR","@id":"https:\/\/kapitalis.com\/tunisie\/#\/schema\/logo\/image\/","url":"https:\/\/kapitalis.com\/tunisie\/wp-content\/uploads\/2022\/05\/Kapitalis-big-size.png","contentUrl":"https:\/\/kapitalis.com\/tunisie\/wp-content\/uploads\/2022\/05\/Kapitalis-big-size.png","width":5000,"height":1500,"caption":"Kapitalis"},"image":{"@id":"https:\/\/kapitalis.com\/tunisie\/#\/schema\/logo\/image\/"},"sameAs":["https:\/\/www.facebook.com\/KapitalisInfo\/","https:\/\/x.com\/KapitalisInfo","https:\/\/www.youtube.com\/channel\/UC-yDYrHyfFBWWZaOw3FPg9Q"]},{"@type":"Person","@id":"https:\/\/kapitalis.com\/tunisie\/#\/schema\/person\/74bbde0154d49d790a92aaeac5bc01d5","name":"Yusra NY","url":"https:\/\/kapitalis.com\/tunisie\/author\/yuza_adam\/"}]}},"_links":{"self":[{"href":"https:\/\/kapitalis.com\/tunisie\/wp-json\/wp\/v2\/posts\/198600","targetHints":{"allow":["GET"]}}],"collection":[{"href":"https:\/\/kapitalis.com\/tunisie\/wp-json\/wp\/v2\/posts"}],"about":[{"href":"https:\/\/kapitalis.com\/tunisie\/wp-json\/wp\/v2\/types\/post"}],"author":[{"embeddable":true,"href":"https:\/\/kapitalis.com\/tunisie\/wp-json\/wp\/v2\/users\/6"}],"replies":[{"embeddable":true,"href":"https:\/\/kapitalis.com\/tunisie\/wp-json\/wp\/v2\/comments?post=198600"}],"version-history":[{"count":0,"href":"https:\/\/kapitalis.com\/tunisie\/wp-json\/wp\/v2\/posts\/198600\/revisions"}],"wp:featuredmedia":[{"embeddable":true,"href":"https:\/\/kapitalis.com\/tunisie\/wp-json\/wp\/v2\/media\/198602"}],"wp:attachment":[{"href":"https:\/\/kapitalis.com\/tunisie\/wp-json\/wp\/v2\/media?parent=198600"}],"wp:term":[{"taxonomy":"category","embeddable":true,"href":"https:\/\/kapitalis.com\/tunisie\/wp-json\/wp\/v2\/categories?post=198600"},{"taxonomy":"post_tag","embeddable":true,"href":"https:\/\/kapitalis.com\/tunisie\/wp-json\/wp\/v2\/tags?post=198600"}],"curies":[{"name":"wp","href":"https:\/\/api.w.org\/{rel}","templated":true}]}}