{"id":19878,"date":"2015-10-16T15:37:13","date_gmt":"2015-10-16T14:37:13","guid":{"rendered":"http:\/\/kapitalis.com\/tunisie\/?p=19878"},"modified":"2015-10-16T17:50:39","modified_gmt":"2015-10-16T16:50:39","slug":"latifa-lakhdher-rejette-la-demission-de-son-conseiller-atef-ben-hassine","status":"publish","type":"post","link":"https:\/\/kapitalis.com\/tunisie\/2015\/10\/16\/latifa-lakhdher-rejette-la-demission-de-son-conseiller-atef-ben-hassine\/","title":{"rendered":"Latifa Lakhdar rejette la d\u00e9mission Atef Ben Hassine"},"content":{"rendered":"<p><img loading=\"lazy\" decoding=\"async\" class=\"alignnone size-full wp-image-19880 aligncenter\" src=\"http:\/\/kapitalis.com\/tunisie\/wp-content\/uploads\/2015\/10\/atef-ben-hassine.jpg\" alt=\"atef ben hassine\" width=\"626\" height=\"380\" \/><\/p>\n<p><em><strong>Latifa Lakhdar, ministre de la Culture et de la Sauvegarde du patrimoine, a refus\u00e9 la d\u00e9mission pr\u00e9sent\u00e9e, aujourd\u2019hui, son conseiller Atef Ben Hassine.<\/strong> <\/em><br \/>\n<!--more--><\/p>\n<p>Le com\u00e9dien, acteur et enseignant de th\u00e9\u00e2tre, conseiller de la ministre depuis avril 2015, a annonc\u00e9, hier, sur El-Hiwar Ettounsi, qu\u2019il compte pr\u00e9senter sa d\u00e9mission \u00e0 cause de la campagne de d\u00e9nigrement dont il fait l&rsquo;objet et qui a atteint sa vie priv\u00e9e, ajoutant que cette campagne est men\u00e9e par des membres hommes de th\u00e9\u00e2tre dont la demande de subvention a \u00e9t\u00e9 refus\u00e9e par le minist\u00e8re.<\/p>\n<p>\u00ab<em>J\u2019avais d\u00e9pos\u00e9 plainte contre eux pour leurs combines et je compte intenter demain un second proc\u00e8s pour leurs attaques touchant \u00e0 ma vie priv\u00e9e. Et je d\u00e9poserai ma d\u00e9mission de ce poste<\/em>\u00bb, avait-il d\u00e9clar\u00e9, avant de joindre le geste \u00e0 la parole, ce matin.<\/p>\n<p>Cependant Latifa Lakhdar n&rsquo;a pas accept\u00e9 cette d\u00e9mission \u00e9manant d&rsquo;un artiste exigeant, connu pour son engagement et son int\u00e9grit\u00e9.<\/p>\n<p>La ministre a indiqu\u00e9, dans un communiqu\u00e9, que les remises en cause attribu\u00e9es \u00e0 son conseiller sont en phase avec la politique du minist\u00e8re qui lutte contre la corruption et souhaite que les artistes travaillent en toute libert\u00e9, mais dans un cadre caract\u00e9ris\u00e9 par la transparence, la justice et l\u2019\u00e9quit\u00e9.<\/p>\n<p>Tout en d\u00e9fendant Atef Ben Hassine, Mme Lakhdar a soulign\u00e9 qu\u2019\u00e0 travers ses prises de position, ce dernier contribue \u00e0 d\u00e9fendre les artistes, cr\u00e9ateurs et intellectuels tunisiens et que le minist\u00e8re a grandement besoin de gens comme lui qui sont au service de la culture dans le pays.<\/p>\n<p style=\"text-align: right;\"><strong>Y. N.<\/strong><\/p>\n","protected":false},"excerpt":{"rendered":"<p>Latifa Lakhdar, ministre de la Culture et de la Sauvegarde du patrimoine, a refus\u00e9 la d\u00e9mission pr\u00e9sent\u00e9e, aujourd\u2019hui, son conseiller Atef Ben Hassine.<\/p>\n","protected":false},"author":11,"featured_media":19880,"comment_status":"open","ping_status":"open","sticky":false,"template":"","format":"standard","meta":{"footnotes":""},"categories":[994,2433],"tags":[255,2036,8010,619],"class_list":["post-19878","post","type-post","status-publish","format-standard","has-post-thumbnail","hentry","category-culture","category-tunisie","tag-culture","tag-demission","tag-denigrement","tag-ministre"],"yoast_head":"<!-- This site is optimized with the Yoast SEO plugin v26.6 - https:\/\/yoast.com\/wordpress\/plugins\/seo\/ -->\n<title>Latifa Lakhdar rejette la d\u00e9mission Atef Ben Hassine - Kapitalis<\/title>\n<meta name=\"robots\" content=\"index, follow, max-snippet:-1, max-image-preview:large, max-video-preview:-1\" \/>\n<link rel=\"canonical\" href=\"https:\/\/kapitalis.com\/tunisie\/2015\/10\/16\/latifa-lakhdher-rejette-la-demission-de-son-conseiller-atef-ben-hassine\/\" \/>\n<meta property=\"og:locale\" content=\"fr_FR\" \/>\n<meta property=\"og:type\" content=\"article\" \/>\n<meta property=\"og:title\" content=\"Latifa Lakhdar rejette la d\u00e9mission Atef Ben Hassine - Kapitalis\" \/>\n<meta property=\"og:description\" content=\"Latifa Lakhdar, ministre de la Culture et de la Sauvegarde du patrimoine, a refus\u00e9 la d\u00e9mission pr\u00e9sent\u00e9e, aujourd\u2019hui, son conseiller Atef Ben Hassine.\" \/>\n<meta property=\"og:url\" content=\"https:\/\/kapitalis.com\/tunisie\/2015\/10\/16\/latifa-lakhdher-rejette-la-demission-de-son-conseiller-atef-ben-hassine\/\" \/>\n<meta property=\"og:site_name\" content=\"Kapitalis\" \/>\n<meta property=\"article:publisher\" content=\"https:\/\/www.facebook.com\/KapitalisInfo\/\" \/>\n<meta property=\"article:published_time\" content=\"2015-10-16T14:37:13+00:00\" \/>\n<meta property=\"article:modified_time\" content=\"2015-10-16T16:50:39+00:00\" \/>\n<meta property=\"og:image\" content=\"https:\/\/kapitalis.com\/tunisie\/wp-content\/uploads\/2022\/05\/kapitalis-logo-fb.png\" \/>\n\t<meta property=\"og:image:width\" content=\"1200\" \/>\n\t<meta property=\"og:image:height\" content=\"630\" \/>\n\t<meta property=\"og:image:type\" content=\"image\/png\" \/>\n<meta name=\"author\" content=\"benmansour3 benmansour\" \/>\n<meta name=\"twitter:card\" content=\"summary_large_image\" \/>\n<meta name=\"twitter:creator\" content=\"@KapitalisInfo\" \/>\n<meta name=\"twitter:site\" content=\"@KapitalisInfo\" \/>\n<meta name=\"twitter:label1\" content=\"\u00c9crit par\" \/>\n\t<meta name=\"twitter:data1\" content=\"benmansour3 benmansour\" \/>\n\t<meta name=\"twitter:label2\" content=\"Dur\u00e9e de lecture estim\u00e9e\" \/>\n\t<meta name=\"twitter:data2\" content=\"1 minute\" \/>\n<script type=\"application\/ld+json\" class=\"yoast-schema-graph\">{\"@context\":\"https:\/\/schema.org\",\"@graph\":[{\"@type\":\"Article\",\"@id\":\"https:\/\/kapitalis.com\/tunisie\/2015\/10\/16\/latifa-lakhdher-rejette-la-demission-de-son-conseiller-atef-ben-hassine\/#article\",\"isPartOf\":{\"@id\":\"https:\/\/kapitalis.com\/tunisie\/2015\/10\/16\/latifa-lakhdher-rejette-la-demission-de-son-conseiller-atef-ben-hassine\/\"},\"author\":{\"name\":\"benmansour3 benmansour\",\"@id\":\"https:\/\/kapitalis.com\/tunisie\/#\/schema\/person\/035372e645ad321edc01006468cd4c8b\"},\"headline\":\"Latifa Lakhdar rejette la d\u00e9mission Atef Ben Hassine\",\"datePublished\":\"2015-10-16T14:37:13+00:00\",\"dateModified\":\"2015-10-16T16:50:39+00:00\",\"mainEntityOfPage\":{\"@id\":\"https:\/\/kapitalis.com\/tunisie\/2015\/10\/16\/latifa-lakhdher-rejette-la-demission-de-son-conseiller-atef-ben-hassine\/\"},\"wordCount\":287,\"commentCount\":0,\"publisher\":{\"@id\":\"https:\/\/kapitalis.com\/tunisie\/#organization\"},\"image\":{\"@id\":\"https:\/\/kapitalis.com\/tunisie\/2015\/10\/16\/latifa-lakhdher-rejette-la-demission-de-son-conseiller-atef-ben-hassine\/#primaryimage\"},\"thumbnailUrl\":\"\",\"keywords\":[\"culture\",\"d\u00e9mission\",\"d\u00e9nigrement\",\"ministre\"],\"articleSection\":[\"CULTURE\",\"Tunisie\"],\"inLanguage\":\"fr-FR\",\"potentialAction\":[{\"@type\":\"CommentAction\",\"name\":\"Comment\",\"target\":[\"https:\/\/kapitalis.com\/tunisie\/2015\/10\/16\/latifa-lakhdher-rejette-la-demission-de-son-conseiller-atef-ben-hassine\/#respond\"]}]},{\"@type\":\"WebPage\",\"@id\":\"https:\/\/kapitalis.com\/tunisie\/2015\/10\/16\/latifa-lakhdher-rejette-la-demission-de-son-conseiller-atef-ben-hassine\/\",\"url\":\"https:\/\/kapitalis.com\/tunisie\/2015\/10\/16\/latifa-lakhdher-rejette-la-demission-de-son-conseiller-atef-ben-hassine\/\",\"name\":\"Latifa Lakhdar rejette la d\u00e9mission Atef Ben Hassine - Kapitalis\",\"isPartOf\":{\"@id\":\"https:\/\/kapitalis.com\/tunisie\/#website\"},\"primaryImageOfPage\":{\"@id\":\"https:\/\/kapitalis.com\/tunisie\/2015\/10\/16\/latifa-lakhdher-rejette-la-demission-de-son-conseiller-atef-ben-hassine\/#primaryimage\"},\"image\":{\"@id\":\"https:\/\/kapitalis.com\/tunisie\/2015\/10\/16\/latifa-lakhdher-rejette-la-demission-de-son-conseiller-atef-ben-hassine\/#primaryimage\"},\"thumbnailUrl\":\"\",\"datePublished\":\"2015-10-16T14:37:13+00:00\",\"dateModified\":\"2015-10-16T16:50:39+00:00\",\"breadcrumb\":{\"@id\":\"https:\/\/kapitalis.com\/tunisie\/2015\/10\/16\/latifa-lakhdher-rejette-la-demission-de-son-conseiller-atef-ben-hassine\/#breadcrumb\"},\"inLanguage\":\"fr-FR\",\"potentialAction\":[{\"@type\":\"ReadAction\",\"target\":[\"https:\/\/kapitalis.com\/tunisie\/2015\/10\/16\/latifa-lakhdher-rejette-la-demission-de-son-conseiller-atef-ben-hassine\/\"]}]},{\"@type\":\"ImageObject\",\"inLanguage\":\"fr-FR\",\"@id\":\"https:\/\/kapitalis.com\/tunisie\/2015\/10\/16\/latifa-lakhdher-rejette-la-demission-de-son-conseiller-atef-ben-hassine\/#primaryimage\",\"url\":\"\",\"contentUrl\":\"\"},{\"@type\":\"BreadcrumbList\",\"@id\":\"https:\/\/kapitalis.com\/tunisie\/2015\/10\/16\/latifa-lakhdher-rejette-la-demission-de-son-conseiller-atef-ben-hassine\/#breadcrumb\",\"itemListElement\":[{\"@type\":\"ListItem\",\"position\":1,\"name\":\"Accueil\",\"item\":\"https:\/\/kapitalis.com\/tunisie\/\"},{\"@type\":\"ListItem\",\"position\":2,\"name\":\"Latifa Lakhdar rejette la d\u00e9mission Atef Ben Hassine\"}]},{\"@type\":\"WebSite\",\"@id\":\"https:\/\/kapitalis.com\/tunisie\/#website\",\"url\":\"https:\/\/kapitalis.com\/tunisie\/\",\"name\":\"Kapitalis\",\"description\":\"L&#039;actualit\u00e9 en Tunisie et dans le monde\",\"publisher\":{\"@id\":\"https:\/\/kapitalis.com\/tunisie\/#organization\"},\"potentialAction\":[{\"@type\":\"SearchAction\",\"target\":{\"@type\":\"EntryPoint\",\"urlTemplate\":\"https:\/\/kapitalis.com\/tunisie\/?s={search_term_string}\"},\"query-input\":{\"@type\":\"PropertyValueSpecification\",\"valueRequired\":true,\"valueName\":\"search_term_string\"}}],\"inLanguage\":\"fr-FR\"},{\"@type\":\"Organization\",\"@id\":\"https:\/\/kapitalis.com\/tunisie\/#organization\",\"name\":\"Kapitalis\",\"url\":\"https:\/\/kapitalis.com\/tunisie\/\",\"logo\":{\"@type\":\"ImageObject\",\"inLanguage\":\"fr-FR\",\"@id\":\"https:\/\/kapitalis.com\/tunisie\/#\/schema\/logo\/image\/\",\"url\":\"https:\/\/kapitalis.com\/tunisie\/wp-content\/uploads\/2022\/05\/Kapitalis-big-size.png\",\"contentUrl\":\"https:\/\/kapitalis.com\/tunisie\/wp-content\/uploads\/2022\/05\/Kapitalis-big-size.png\",\"width\":5000,\"height\":1500,\"caption\":\"Kapitalis\"},\"image\":{\"@id\":\"https:\/\/kapitalis.com\/tunisie\/#\/schema\/logo\/image\/\"},\"sameAs\":[\"https:\/\/www.facebook.com\/KapitalisInfo\/\",\"https:\/\/x.com\/KapitalisInfo\",\"https:\/\/www.youtube.com\/channel\/UC-yDYrHyfFBWWZaOw3FPg9Q\"]},{\"@type\":\"Person\",\"@id\":\"https:\/\/kapitalis.com\/tunisie\/#\/schema\/person\/035372e645ad321edc01006468cd4c8b\",\"name\":\"benmansour3 benmansour\",\"url\":\"https:\/\/kapitalis.com\/tunisie\/author\/benmansour3\/\"}]}<\/script>\n<!-- \/ Yoast SEO plugin. -->","yoast_head_json":{"title":"Latifa Lakhdar rejette la d\u00e9mission Atef Ben Hassine - Kapitalis","robots":{"index":"index","follow":"follow","max-snippet":"max-snippet:-1","max-image-preview":"max-image-preview:large","max-video-preview":"max-video-preview:-1"},"canonical":"https:\/\/kapitalis.com\/tunisie\/2015\/10\/16\/latifa-lakhdher-rejette-la-demission-de-son-conseiller-atef-ben-hassine\/","og_locale":"fr_FR","og_type":"article","og_title":"Latifa Lakhdar rejette la d\u00e9mission Atef Ben Hassine - Kapitalis","og_description":"Latifa Lakhdar, ministre de la Culture et de la Sauvegarde du patrimoine, a refus\u00e9 la d\u00e9mission pr\u00e9sent\u00e9e, aujourd\u2019hui, son conseiller Atef Ben Hassine.","og_url":"https:\/\/kapitalis.com\/tunisie\/2015\/10\/16\/latifa-lakhdher-rejette-la-demission-de-son-conseiller-atef-ben-hassine\/","og_site_name":"Kapitalis","article_publisher":"https:\/\/www.facebook.com\/KapitalisInfo\/","article_published_time":"2015-10-16T14:37:13+00:00","article_modified_time":"2015-10-16T16:50:39+00:00","og_image":[{"width":1200,"height":630,"url":"https:\/\/kapitalis.com\/tunisie\/wp-content\/uploads\/2022\/05\/kapitalis-logo-fb.png","type":"image\/png"}],"author":"benmansour3 benmansour","twitter_card":"summary_large_image","twitter_creator":"@KapitalisInfo","twitter_site":"@KapitalisInfo","twitter_misc":{"\u00c9crit par":"benmansour3 benmansour","Dur\u00e9e de lecture estim\u00e9e":"1 minute"},"schema":{"@context":"https:\/\/schema.org","@graph":[{"@type":"Article","@id":"https:\/\/kapitalis.com\/tunisie\/2015\/10\/16\/latifa-lakhdher-rejette-la-demission-de-son-conseiller-atef-ben-hassine\/#article","isPartOf":{"@id":"https:\/\/kapitalis.com\/tunisie\/2015\/10\/16\/latifa-lakhdher-rejette-la-demission-de-son-conseiller-atef-ben-hassine\/"},"author":{"name":"benmansour3 benmansour","@id":"https:\/\/kapitalis.com\/tunisie\/#\/schema\/person\/035372e645ad321edc01006468cd4c8b"},"headline":"Latifa Lakhdar rejette la d\u00e9mission Atef Ben Hassine","datePublished":"2015-10-16T14:37:13+00:00","dateModified":"2015-10-16T16:50:39+00:00","mainEntityOfPage":{"@id":"https:\/\/kapitalis.com\/tunisie\/2015\/10\/16\/latifa-lakhdher-rejette-la-demission-de-son-conseiller-atef-ben-hassine\/"},"wordCount":287,"commentCount":0,"publisher":{"@id":"https:\/\/kapitalis.com\/tunisie\/#organization"},"image":{"@id":"https:\/\/kapitalis.com\/tunisie\/2015\/10\/16\/latifa-lakhdher-rejette-la-demission-de-son-conseiller-atef-ben-hassine\/#primaryimage"},"thumbnailUrl":"","keywords":["culture","d\u00e9mission","d\u00e9nigrement","ministre"],"articleSection":["CULTURE","Tunisie"],"inLanguage":"fr-FR","potentialAction":[{"@type":"CommentAction","name":"Comment","target":["https:\/\/kapitalis.com\/tunisie\/2015\/10\/16\/latifa-lakhdher-rejette-la-demission-de-son-conseiller-atef-ben-hassine\/#respond"]}]},{"@type":"WebPage","@id":"https:\/\/kapitalis.com\/tunisie\/2015\/10\/16\/latifa-lakhdher-rejette-la-demission-de-son-conseiller-atef-ben-hassine\/","url":"https:\/\/kapitalis.com\/tunisie\/2015\/10\/16\/latifa-lakhdher-rejette-la-demission-de-son-conseiller-atef-ben-hassine\/","name":"Latifa Lakhdar rejette la d\u00e9mission Atef Ben Hassine - Kapitalis","isPartOf":{"@id":"https:\/\/kapitalis.com\/tunisie\/#website"},"primaryImageOfPage":{"@id":"https:\/\/kapitalis.com\/tunisie\/2015\/10\/16\/latifa-lakhdher-rejette-la-demission-de-son-conseiller-atef-ben-hassine\/#primaryimage"},"image":{"@id":"https:\/\/kapitalis.com\/tunisie\/2015\/10\/16\/latifa-lakhdher-rejette-la-demission-de-son-conseiller-atef-ben-hassine\/#primaryimage"},"thumbnailUrl":"","datePublished":"2015-10-16T14:37:13+00:00","dateModified":"2015-10-16T16:50:39+00:00","breadcrumb":{"@id":"https:\/\/kapitalis.com\/tunisie\/2015\/10\/16\/latifa-lakhdher-rejette-la-demission-de-son-conseiller-atef-ben-hassine\/#breadcrumb"},"inLanguage":"fr-FR","potentialAction":[{"@type":"ReadAction","target":["https:\/\/kapitalis.com\/tunisie\/2015\/10\/16\/latifa-lakhdher-rejette-la-demission-de-son-conseiller-atef-ben-hassine\/"]}]},{"@type":"ImageObject","inLanguage":"fr-FR","@id":"https:\/\/kapitalis.com\/tunisie\/2015\/10\/16\/latifa-lakhdher-rejette-la-demission-de-son-conseiller-atef-ben-hassine\/#primaryimage","url":"","contentUrl":""},{"@type":"BreadcrumbList","@id":"https:\/\/kapitalis.com\/tunisie\/2015\/10\/16\/latifa-lakhdher-rejette-la-demission-de-son-conseiller-atef-ben-hassine\/#breadcrumb","itemListElement":[{"@type":"ListItem","position":1,"name":"Accueil","item":"https:\/\/kapitalis.com\/tunisie\/"},{"@type":"ListItem","position":2,"name":"Latifa Lakhdar rejette la d\u00e9mission Atef Ben Hassine"}]},{"@type":"WebSite","@id":"https:\/\/kapitalis.com\/tunisie\/#website","url":"https:\/\/kapitalis.com\/tunisie\/","name":"Kapitalis","description":"L&#039;actualit\u00e9 en Tunisie et dans le monde","publisher":{"@id":"https:\/\/kapitalis.com\/tunisie\/#organization"},"potentialAction":[{"@type":"SearchAction","target":{"@type":"EntryPoint","urlTemplate":"https:\/\/kapitalis.com\/tunisie\/?s={search_term_string}"},"query-input":{"@type":"PropertyValueSpecification","valueRequired":true,"valueName":"search_term_string"}}],"inLanguage":"fr-FR"},{"@type":"Organization","@id":"https:\/\/kapitalis.com\/tunisie\/#organization","name":"Kapitalis","url":"https:\/\/kapitalis.com\/tunisie\/","logo":{"@type":"ImageObject","inLanguage":"fr-FR","@id":"https:\/\/kapitalis.com\/tunisie\/#\/schema\/logo\/image\/","url":"https:\/\/kapitalis.com\/tunisie\/wp-content\/uploads\/2022\/05\/Kapitalis-big-size.png","contentUrl":"https:\/\/kapitalis.com\/tunisie\/wp-content\/uploads\/2022\/05\/Kapitalis-big-size.png","width":5000,"height":1500,"caption":"Kapitalis"},"image":{"@id":"https:\/\/kapitalis.com\/tunisie\/#\/schema\/logo\/image\/"},"sameAs":["https:\/\/www.facebook.com\/KapitalisInfo\/","https:\/\/x.com\/KapitalisInfo","https:\/\/www.youtube.com\/channel\/UC-yDYrHyfFBWWZaOw3FPg9Q"]},{"@type":"Person","@id":"https:\/\/kapitalis.com\/tunisie\/#\/schema\/person\/035372e645ad321edc01006468cd4c8b","name":"benmansour3 benmansour","url":"https:\/\/kapitalis.com\/tunisie\/author\/benmansour3\/"}]}},"_links":{"self":[{"href":"https:\/\/kapitalis.com\/tunisie\/wp-json\/wp\/v2\/posts\/19878","targetHints":{"allow":["GET"]}}],"collection":[{"href":"https:\/\/kapitalis.com\/tunisie\/wp-json\/wp\/v2\/posts"}],"about":[{"href":"https:\/\/kapitalis.com\/tunisie\/wp-json\/wp\/v2\/types\/post"}],"author":[{"embeddable":true,"href":"https:\/\/kapitalis.com\/tunisie\/wp-json\/wp\/v2\/users\/11"}],"replies":[{"embeddable":true,"href":"https:\/\/kapitalis.com\/tunisie\/wp-json\/wp\/v2\/comments?post=19878"}],"version-history":[{"count":0,"href":"https:\/\/kapitalis.com\/tunisie\/wp-json\/wp\/v2\/posts\/19878\/revisions"}],"wp:featuredmedia":[{"embeddable":true,"href":"https:\/\/kapitalis.com\/tunisie\/wp-json\/wp\/v2\/media\/19880"}],"wp:attachment":[{"href":"https:\/\/kapitalis.com\/tunisie\/wp-json\/wp\/v2\/media?parent=19878"}],"wp:term":[{"taxonomy":"category","embeddable":true,"href":"https:\/\/kapitalis.com\/tunisie\/wp-json\/wp\/v2\/categories?post=19878"},{"taxonomy":"post_tag","embeddable":true,"href":"https:\/\/kapitalis.com\/tunisie\/wp-json\/wp\/v2\/tags?post=19878"}],"curies":[{"name":"wp","href":"https:\/\/api.w.org\/{rel}","templated":true}]}}