{"id":198880,"date":"2019-02-19T17:33:16","date_gmt":"2019-02-19T16:33:16","guid":{"rendered":"http:\/\/kapitalis.com\/tunisie\/?p=198880"},"modified":"2019-02-19T17:35:44","modified_gmt":"2019-02-19T16:35:44","slug":"iyad-dahmani-tahia-tounes-na-pas-utilise-les-moyens-de-letat","status":"publish","type":"post","link":"https:\/\/kapitalis.com\/tunisie\/2019\/02\/19\/iyad-dahmani-tahia-tounes-na-pas-utilise-les-moyens-de-letat\/","title":{"rendered":"Iyad Dahmani : Tahia Tounes n&rsquo;a pas utilis\u00e9 les moyens de l&rsquo;Etat"},"content":{"rendered":"<p style=\"text-align: center;\"><img loading=\"lazy\" decoding=\"async\" class=\"alignnone size-full wp-image-198890\" src=\"http:\/\/kapitalis.com\/tunisie\/wp-content\/uploads\/2019\/02\/Iyad-Dahmani.jpg\" alt=\"\" width=\"626\" height=\"380\" \/><\/p>\n<p><em><strong>Iyad Dahmani, porte-parole du gouvernement, a d\u00e9menti les informations selon lesquelles le gouvernement a utilis\u00e9 les moyens de l&rsquo;Etat au service du parti Tahia Tounes, cr\u00e9\u00e9 r\u00e9cemment autour du leadership du chef du gouvernement, Youssef Chahed.<\/strong><\/em><!--more--><\/p>\n<p>\u00ab<em>Celui qui d\u00e9tient une preuve \u00e0 l&rsquo;appui d&rsquo;une pareille all\u00e9gation peut d\u00e9poser plainte aupr\u00e8s de la justice ! On a donn\u00e9 des instructions claires \u00e0 ce propos\u00a0lors d&rsquo;un meeting de Tahia Tounes et on a\u00a0<\/em><em>m\u00eame interdit l&rsquo;utilisation des bus appartenant \u00e0 une soci\u00e9t\u00e9 nationale pour le transport des militants<\/em>\u00bb, a d\u00e9clar\u00e9 M. Dahmani, lors d&rsquo;une s\u00e9ance pl\u00e9ni\u00e8re \u00e0 l&rsquo;Assembl\u00e9e des repr\u00e9sentants du peuple (ARP) aujourd&rsquo;hui, mardi 19 f\u00e9vrier 2019, consacr\u00e9e \u00e0 l\u2019examen du projet d\u2019amendement de la loi \u00e9lectorale.<\/p>\n<p>Notons que Abdelhamid Jelassi, dirigeant du mouvement islamiste Ennahdha, a indiqu\u00e9, \u00e0 ce propos, lors de son passage cet apr\u00e8s-midi \u00e0 \u00ab\u00a0<em>El-Bled Al-Youm<\/em>\u00a0\u00bb sur la Radio nationale, qu&rsquo;il existe des suspicions d&#8217;emploi des organismes et institutions de l&rsquo;Etat au profit de Tahia Tounes.<\/p>\n<p>Le dirigeant islamiste a \u00e9galement indiqu\u00e9 qu&rsquo;un ministre a le droit d&rsquo;avoir une activit\u00e9 partisane du moment que cela n&rsquo;affecte pas son travail au gouvernement et qu&rsquo;il se concentre sur les dossiers qu&rsquo;il a \u00e0 traiter. Le chef du gouvernement ne doit en aucun cas utiliser les ressources de l&rsquo;Etat pour servir ses ambitions politiques, a-t-il ajout\u00e9.<\/p>\n<p>Sur un autre plan, le porte-parole du gouvernement a indiqu\u00e9 que l&rsquo;\u00e8re des truquages \u00e9lectoraux est termin\u00e9e \u00e9tant donn\u00e9 que la Tunisie a pris le chemin irr\u00e9versible de la d\u00e9mocratie apr\u00e8s la r\u00e9volution de janvier 2011 et qu&rsquo;elle s&rsquo;est dot\u00e9e, \u00e0 cet effet, d&rsquo;une Instance sup\u00e9rieure ind\u00e9pendante des \u00e9lections (Isie).<\/p>\n<p style=\"text-align: right;\"><strong>E. B. A.<\/strong><\/p>\n<blockquote class=\"wp-embedded-content\" data-secret=\"hHKzNmKzQH\"><p><a href=\"https:\/\/kapitalis.com\/tunisie\/2019\/02\/16\/abir-moussi-avertit-contre-le-truquage-des-elections-de-2019\/\">Abir Moussi avertit contre le truquage des \u00e9lections de 2019<\/a><\/p><\/blockquote>\n<p><iframe loading=\"lazy\" class=\"wp-embedded-content\" sandbox=\"allow-scripts\" security=\"restricted\" style=\"position: absolute; clip: rect(1px, 1px, 1px, 1px);\" title=\"\u00ab\u00a0Abir Moussi avertit contre le truquage des \u00e9lections de 2019\u00a0\u00bb &#8212; Kapitalis\" src=\"https:\/\/kapitalis.com\/tunisie\/2019\/02\/16\/abir-moussi-avertit-contre-le-truquage-des-elections-de-2019\/embed\/#?secret=eoGd6TS318#?secret=hHKzNmKzQH\" data-secret=\"hHKzNmKzQH\" width=\"600\" height=\"338\" frameborder=\"0\" marginwidth=\"0\" marginheight=\"0\" scrolling=\"no\"><\/iframe><\/p>\n","protected":false},"excerpt":{"rendered":"<p>Iyad Dahmani, porte-parole du gouvernement, a d\u00e9menti les informations selon lesquelles le gouvernement a utilis\u00e9 les moyens de l&rsquo;Etat au service du parti Tahia Tounes, cr\u00e9\u00e9 r\u00e9cemment autour du leadership du chef du gouvernement, Youssef Chahed.<\/p>\n","protected":false},"author":16,"featured_media":198890,"comment_status":"open","ping_status":"open","sticky":false,"template":"","format":"standard","meta":{"footnotes":""},"categories":[997,2433],"tags":[1584,23053,54992],"class_list":["post-198880","post","type-post","status-publish","format-standard","has-post-thumbnail","hentry","category-politique","category-tunisie","tag-abdelhamid-jelassi","tag-iyad-dahmani","tag-tahia-tounes"],"yoast_head":"<!-- This site is optimized with the Yoast SEO plugin v26.6 - https:\/\/yoast.com\/wordpress\/plugins\/seo\/ -->\n<title>Iyad Dahmani : Tahia Tounes n&#039;a pas utilis\u00e9 les moyens de l&#039;Etat - Kapitalis<\/title>\n<meta name=\"robots\" content=\"index, follow, max-snippet:-1, max-image-preview:large, max-video-preview:-1\" \/>\n<link rel=\"canonical\" href=\"https:\/\/kapitalis.com\/tunisie\/2019\/02\/19\/iyad-dahmani-tahia-tounes-na-pas-utilise-les-moyens-de-letat\/\" \/>\n<meta property=\"og:locale\" content=\"fr_FR\" \/>\n<meta property=\"og:type\" content=\"article\" \/>\n<meta property=\"og:title\" content=\"Iyad Dahmani : Tahia Tounes n&#039;a pas utilis\u00e9 les moyens de l&#039;Etat - Kapitalis\" \/>\n<meta property=\"og:description\" content=\"Iyad Dahmani, porte-parole du gouvernement, a d\u00e9menti les informations selon lesquelles le gouvernement a utilis\u00e9 les moyens de l&rsquo;Etat au service du parti Tahia Tounes, cr\u00e9\u00e9 r\u00e9cemment autour du leadership du chef du gouvernement, Youssef Chahed.\" \/>\n<meta property=\"og:url\" content=\"https:\/\/kapitalis.com\/tunisie\/2019\/02\/19\/iyad-dahmani-tahia-tounes-na-pas-utilise-les-moyens-de-letat\/\" \/>\n<meta property=\"og:site_name\" content=\"Kapitalis\" \/>\n<meta property=\"article:publisher\" content=\"https:\/\/www.facebook.com\/KapitalisInfo\/\" \/>\n<meta property=\"article:published_time\" content=\"2019-02-19T16:33:16+00:00\" \/>\n<meta property=\"article:modified_time\" content=\"2019-02-19T16:35:44+00:00\" \/>\n<meta property=\"og:image\" content=\"https:\/\/kapitalis.com\/tunisie\/wp-content\/uploads\/2022\/05\/kapitalis-logo-fb.png\" \/>\n\t<meta property=\"og:image:width\" content=\"1200\" \/>\n\t<meta property=\"og:image:height\" content=\"630\" \/>\n\t<meta property=\"og:image:type\" content=\"image\/png\" \/>\n<meta name=\"author\" content=\"emna benabdallah\" \/>\n<meta name=\"twitter:card\" content=\"summary_large_image\" \/>\n<meta name=\"twitter:creator\" content=\"@KapitalisInfo\" \/>\n<meta name=\"twitter:site\" content=\"@KapitalisInfo\" \/>\n<meta name=\"twitter:label1\" content=\"\u00c9crit par\" \/>\n\t<meta name=\"twitter:data1\" content=\"emna benabdallah\" \/>\n\t<meta name=\"twitter:label2\" content=\"Dur\u00e9e de lecture estim\u00e9e\" \/>\n\t<meta name=\"twitter:data2\" content=\"1 minute\" \/>\n<script type=\"application\/ld+json\" class=\"yoast-schema-graph\">{\"@context\":\"https:\/\/schema.org\",\"@graph\":[{\"@type\":\"Article\",\"@id\":\"https:\/\/kapitalis.com\/tunisie\/2019\/02\/19\/iyad-dahmani-tahia-tounes-na-pas-utilise-les-moyens-de-letat\/#article\",\"isPartOf\":{\"@id\":\"https:\/\/kapitalis.com\/tunisie\/2019\/02\/19\/iyad-dahmani-tahia-tounes-na-pas-utilise-les-moyens-de-letat\/\"},\"author\":{\"name\":\"emna benabdallah\",\"@id\":\"https:\/\/kapitalis.com\/tunisie\/#\/schema\/person\/2c6e134b2f3369dffcd1daf5f087d28b\"},\"headline\":\"Iyad Dahmani : Tahia Tounes n&rsquo;a pas utilis\u00e9 les moyens de l&rsquo;Etat\",\"datePublished\":\"2019-02-19T16:33:16+00:00\",\"dateModified\":\"2019-02-19T16:35:44+00:00\",\"mainEntityOfPage\":{\"@id\":\"https:\/\/kapitalis.com\/tunisie\/2019\/02\/19\/iyad-dahmani-tahia-tounes-na-pas-utilise-les-moyens-de-letat\/\"},\"wordCount\":301,\"commentCount\":0,\"publisher\":{\"@id\":\"https:\/\/kapitalis.com\/tunisie\/#organization\"},\"image\":{\"@id\":\"https:\/\/kapitalis.com\/tunisie\/2019\/02\/19\/iyad-dahmani-tahia-tounes-na-pas-utilise-les-moyens-de-letat\/#primaryimage\"},\"thumbnailUrl\":\"\",\"keywords\":[\"Abdelhamid Jelassi\",\"Iyad Dahmani\",\"Tahia Tounes\"],\"articleSection\":[\"POLITIQUE\",\"Tunisie\"],\"inLanguage\":\"fr-FR\",\"potentialAction\":[{\"@type\":\"CommentAction\",\"name\":\"Comment\",\"target\":[\"https:\/\/kapitalis.com\/tunisie\/2019\/02\/19\/iyad-dahmani-tahia-tounes-na-pas-utilise-les-moyens-de-letat\/#respond\"]}]},{\"@type\":\"WebPage\",\"@id\":\"https:\/\/kapitalis.com\/tunisie\/2019\/02\/19\/iyad-dahmani-tahia-tounes-na-pas-utilise-les-moyens-de-letat\/\",\"url\":\"https:\/\/kapitalis.com\/tunisie\/2019\/02\/19\/iyad-dahmani-tahia-tounes-na-pas-utilise-les-moyens-de-letat\/\",\"name\":\"Iyad Dahmani : Tahia Tounes n'a pas utilis\u00e9 les moyens de l'Etat - Kapitalis\",\"isPartOf\":{\"@id\":\"https:\/\/kapitalis.com\/tunisie\/#website\"},\"primaryImageOfPage\":{\"@id\":\"https:\/\/kapitalis.com\/tunisie\/2019\/02\/19\/iyad-dahmani-tahia-tounes-na-pas-utilise-les-moyens-de-letat\/#primaryimage\"},\"image\":{\"@id\":\"https:\/\/kapitalis.com\/tunisie\/2019\/02\/19\/iyad-dahmani-tahia-tounes-na-pas-utilise-les-moyens-de-letat\/#primaryimage\"},\"thumbnailUrl\":\"\",\"datePublished\":\"2019-02-19T16:33:16+00:00\",\"dateModified\":\"2019-02-19T16:35:44+00:00\",\"breadcrumb\":{\"@id\":\"https:\/\/kapitalis.com\/tunisie\/2019\/02\/19\/iyad-dahmani-tahia-tounes-na-pas-utilise-les-moyens-de-letat\/#breadcrumb\"},\"inLanguage\":\"fr-FR\",\"potentialAction\":[{\"@type\":\"ReadAction\",\"target\":[\"https:\/\/kapitalis.com\/tunisie\/2019\/02\/19\/iyad-dahmani-tahia-tounes-na-pas-utilise-les-moyens-de-letat\/\"]}]},{\"@type\":\"ImageObject\",\"inLanguage\":\"fr-FR\",\"@id\":\"https:\/\/kapitalis.com\/tunisie\/2019\/02\/19\/iyad-dahmani-tahia-tounes-na-pas-utilise-les-moyens-de-letat\/#primaryimage\",\"url\":\"\",\"contentUrl\":\"\"},{\"@type\":\"BreadcrumbList\",\"@id\":\"https:\/\/kapitalis.com\/tunisie\/2019\/02\/19\/iyad-dahmani-tahia-tounes-na-pas-utilise-les-moyens-de-letat\/#breadcrumb\",\"itemListElement\":[{\"@type\":\"ListItem\",\"position\":1,\"name\":\"Accueil\",\"item\":\"https:\/\/kapitalis.com\/tunisie\/\"},{\"@type\":\"ListItem\",\"position\":2,\"name\":\"Iyad Dahmani : Tahia Tounes n&rsquo;a pas utilis\u00e9 les moyens de l&rsquo;Etat\"}]},{\"@type\":\"WebSite\",\"@id\":\"https:\/\/kapitalis.com\/tunisie\/#website\",\"url\":\"https:\/\/kapitalis.com\/tunisie\/\",\"name\":\"Kapitalis\",\"description\":\"L&#039;actualit\u00e9 en Tunisie et dans le monde\",\"publisher\":{\"@id\":\"https:\/\/kapitalis.com\/tunisie\/#organization\"},\"potentialAction\":[{\"@type\":\"SearchAction\",\"target\":{\"@type\":\"EntryPoint\",\"urlTemplate\":\"https:\/\/kapitalis.com\/tunisie\/?s={search_term_string}\"},\"query-input\":{\"@type\":\"PropertyValueSpecification\",\"valueRequired\":true,\"valueName\":\"search_term_string\"}}],\"inLanguage\":\"fr-FR\"},{\"@type\":\"Organization\",\"@id\":\"https:\/\/kapitalis.com\/tunisie\/#organization\",\"name\":\"Kapitalis\",\"url\":\"https:\/\/kapitalis.com\/tunisie\/\",\"logo\":{\"@type\":\"ImageObject\",\"inLanguage\":\"fr-FR\",\"@id\":\"https:\/\/kapitalis.com\/tunisie\/#\/schema\/logo\/image\/\",\"url\":\"https:\/\/kapitalis.com\/tunisie\/wp-content\/uploads\/2022\/05\/Kapitalis-big-size.png\",\"contentUrl\":\"https:\/\/kapitalis.com\/tunisie\/wp-content\/uploads\/2022\/05\/Kapitalis-big-size.png\",\"width\":5000,\"height\":1500,\"caption\":\"Kapitalis\"},\"image\":{\"@id\":\"https:\/\/kapitalis.com\/tunisie\/#\/schema\/logo\/image\/\"},\"sameAs\":[\"https:\/\/www.facebook.com\/KapitalisInfo\/\",\"https:\/\/x.com\/KapitalisInfo\",\"https:\/\/www.youtube.com\/channel\/UC-yDYrHyfFBWWZaOw3FPg9Q\"]},{\"@type\":\"Person\",\"@id\":\"https:\/\/kapitalis.com\/tunisie\/#\/schema\/person\/2c6e134b2f3369dffcd1daf5f087d28b\",\"name\":\"emna benabdallah\",\"url\":\"https:\/\/kapitalis.com\/tunisie\/author\/emna\/\"}]}<\/script>\n<!-- \/ Yoast SEO plugin. -->","yoast_head_json":{"title":"Iyad Dahmani : Tahia Tounes n'a pas utilis\u00e9 les moyens de l'Etat - Kapitalis","robots":{"index":"index","follow":"follow","max-snippet":"max-snippet:-1","max-image-preview":"max-image-preview:large","max-video-preview":"max-video-preview:-1"},"canonical":"https:\/\/kapitalis.com\/tunisie\/2019\/02\/19\/iyad-dahmani-tahia-tounes-na-pas-utilise-les-moyens-de-letat\/","og_locale":"fr_FR","og_type":"article","og_title":"Iyad Dahmani : Tahia Tounes n'a pas utilis\u00e9 les moyens de l'Etat - Kapitalis","og_description":"Iyad Dahmani, porte-parole du gouvernement, a d\u00e9menti les informations selon lesquelles le gouvernement a utilis\u00e9 les moyens de l&rsquo;Etat au service du parti Tahia Tounes, cr\u00e9\u00e9 r\u00e9cemment autour du leadership du chef du gouvernement, Youssef Chahed.","og_url":"https:\/\/kapitalis.com\/tunisie\/2019\/02\/19\/iyad-dahmani-tahia-tounes-na-pas-utilise-les-moyens-de-letat\/","og_site_name":"Kapitalis","article_publisher":"https:\/\/www.facebook.com\/KapitalisInfo\/","article_published_time":"2019-02-19T16:33:16+00:00","article_modified_time":"2019-02-19T16:35:44+00:00","og_image":[{"width":1200,"height":630,"url":"https:\/\/kapitalis.com\/tunisie\/wp-content\/uploads\/2022\/05\/kapitalis-logo-fb.png","type":"image\/png"}],"author":"emna benabdallah","twitter_card":"summary_large_image","twitter_creator":"@KapitalisInfo","twitter_site":"@KapitalisInfo","twitter_misc":{"\u00c9crit par":"emna benabdallah","Dur\u00e9e de lecture estim\u00e9e":"1 minute"},"schema":{"@context":"https:\/\/schema.org","@graph":[{"@type":"Article","@id":"https:\/\/kapitalis.com\/tunisie\/2019\/02\/19\/iyad-dahmani-tahia-tounes-na-pas-utilise-les-moyens-de-letat\/#article","isPartOf":{"@id":"https:\/\/kapitalis.com\/tunisie\/2019\/02\/19\/iyad-dahmani-tahia-tounes-na-pas-utilise-les-moyens-de-letat\/"},"author":{"name":"emna benabdallah","@id":"https:\/\/kapitalis.com\/tunisie\/#\/schema\/person\/2c6e134b2f3369dffcd1daf5f087d28b"},"headline":"Iyad Dahmani : Tahia Tounes n&rsquo;a pas utilis\u00e9 les moyens de l&rsquo;Etat","datePublished":"2019-02-19T16:33:16+00:00","dateModified":"2019-02-19T16:35:44+00:00","mainEntityOfPage":{"@id":"https:\/\/kapitalis.com\/tunisie\/2019\/02\/19\/iyad-dahmani-tahia-tounes-na-pas-utilise-les-moyens-de-letat\/"},"wordCount":301,"commentCount":0,"publisher":{"@id":"https:\/\/kapitalis.com\/tunisie\/#organization"},"image":{"@id":"https:\/\/kapitalis.com\/tunisie\/2019\/02\/19\/iyad-dahmani-tahia-tounes-na-pas-utilise-les-moyens-de-letat\/#primaryimage"},"thumbnailUrl":"","keywords":["Abdelhamid Jelassi","Iyad Dahmani","Tahia Tounes"],"articleSection":["POLITIQUE","Tunisie"],"inLanguage":"fr-FR","potentialAction":[{"@type":"CommentAction","name":"Comment","target":["https:\/\/kapitalis.com\/tunisie\/2019\/02\/19\/iyad-dahmani-tahia-tounes-na-pas-utilise-les-moyens-de-letat\/#respond"]}]},{"@type":"WebPage","@id":"https:\/\/kapitalis.com\/tunisie\/2019\/02\/19\/iyad-dahmani-tahia-tounes-na-pas-utilise-les-moyens-de-letat\/","url":"https:\/\/kapitalis.com\/tunisie\/2019\/02\/19\/iyad-dahmani-tahia-tounes-na-pas-utilise-les-moyens-de-letat\/","name":"Iyad Dahmani : Tahia Tounes n'a pas utilis\u00e9 les moyens de l'Etat - Kapitalis","isPartOf":{"@id":"https:\/\/kapitalis.com\/tunisie\/#website"},"primaryImageOfPage":{"@id":"https:\/\/kapitalis.com\/tunisie\/2019\/02\/19\/iyad-dahmani-tahia-tounes-na-pas-utilise-les-moyens-de-letat\/#primaryimage"},"image":{"@id":"https:\/\/kapitalis.com\/tunisie\/2019\/02\/19\/iyad-dahmani-tahia-tounes-na-pas-utilise-les-moyens-de-letat\/#primaryimage"},"thumbnailUrl":"","datePublished":"2019-02-19T16:33:16+00:00","dateModified":"2019-02-19T16:35:44+00:00","breadcrumb":{"@id":"https:\/\/kapitalis.com\/tunisie\/2019\/02\/19\/iyad-dahmani-tahia-tounes-na-pas-utilise-les-moyens-de-letat\/#breadcrumb"},"inLanguage":"fr-FR","potentialAction":[{"@type":"ReadAction","target":["https:\/\/kapitalis.com\/tunisie\/2019\/02\/19\/iyad-dahmani-tahia-tounes-na-pas-utilise-les-moyens-de-letat\/"]}]},{"@type":"ImageObject","inLanguage":"fr-FR","@id":"https:\/\/kapitalis.com\/tunisie\/2019\/02\/19\/iyad-dahmani-tahia-tounes-na-pas-utilise-les-moyens-de-letat\/#primaryimage","url":"","contentUrl":""},{"@type":"BreadcrumbList","@id":"https:\/\/kapitalis.com\/tunisie\/2019\/02\/19\/iyad-dahmani-tahia-tounes-na-pas-utilise-les-moyens-de-letat\/#breadcrumb","itemListElement":[{"@type":"ListItem","position":1,"name":"Accueil","item":"https:\/\/kapitalis.com\/tunisie\/"},{"@type":"ListItem","position":2,"name":"Iyad Dahmani : Tahia Tounes n&rsquo;a pas utilis\u00e9 les moyens de l&rsquo;Etat"}]},{"@type":"WebSite","@id":"https:\/\/kapitalis.com\/tunisie\/#website","url":"https:\/\/kapitalis.com\/tunisie\/","name":"Kapitalis","description":"L&#039;actualit\u00e9 en Tunisie et dans le monde","publisher":{"@id":"https:\/\/kapitalis.com\/tunisie\/#organization"},"potentialAction":[{"@type":"SearchAction","target":{"@type":"EntryPoint","urlTemplate":"https:\/\/kapitalis.com\/tunisie\/?s={search_term_string}"},"query-input":{"@type":"PropertyValueSpecification","valueRequired":true,"valueName":"search_term_string"}}],"inLanguage":"fr-FR"},{"@type":"Organization","@id":"https:\/\/kapitalis.com\/tunisie\/#organization","name":"Kapitalis","url":"https:\/\/kapitalis.com\/tunisie\/","logo":{"@type":"ImageObject","inLanguage":"fr-FR","@id":"https:\/\/kapitalis.com\/tunisie\/#\/schema\/logo\/image\/","url":"https:\/\/kapitalis.com\/tunisie\/wp-content\/uploads\/2022\/05\/Kapitalis-big-size.png","contentUrl":"https:\/\/kapitalis.com\/tunisie\/wp-content\/uploads\/2022\/05\/Kapitalis-big-size.png","width":5000,"height":1500,"caption":"Kapitalis"},"image":{"@id":"https:\/\/kapitalis.com\/tunisie\/#\/schema\/logo\/image\/"},"sameAs":["https:\/\/www.facebook.com\/KapitalisInfo\/","https:\/\/x.com\/KapitalisInfo","https:\/\/www.youtube.com\/channel\/UC-yDYrHyfFBWWZaOw3FPg9Q"]},{"@type":"Person","@id":"https:\/\/kapitalis.com\/tunisie\/#\/schema\/person\/2c6e134b2f3369dffcd1daf5f087d28b","name":"emna benabdallah","url":"https:\/\/kapitalis.com\/tunisie\/author\/emna\/"}]}},"_links":{"self":[{"href":"https:\/\/kapitalis.com\/tunisie\/wp-json\/wp\/v2\/posts\/198880","targetHints":{"allow":["GET"]}}],"collection":[{"href":"https:\/\/kapitalis.com\/tunisie\/wp-json\/wp\/v2\/posts"}],"about":[{"href":"https:\/\/kapitalis.com\/tunisie\/wp-json\/wp\/v2\/types\/post"}],"author":[{"embeddable":true,"href":"https:\/\/kapitalis.com\/tunisie\/wp-json\/wp\/v2\/users\/16"}],"replies":[{"embeddable":true,"href":"https:\/\/kapitalis.com\/tunisie\/wp-json\/wp\/v2\/comments?post=198880"}],"version-history":[{"count":0,"href":"https:\/\/kapitalis.com\/tunisie\/wp-json\/wp\/v2\/posts\/198880\/revisions"}],"wp:featuredmedia":[{"embeddable":true,"href":"https:\/\/kapitalis.com\/tunisie\/wp-json\/wp\/v2\/media\/198890"}],"wp:attachment":[{"href":"https:\/\/kapitalis.com\/tunisie\/wp-json\/wp\/v2\/media?parent=198880"}],"wp:term":[{"taxonomy":"category","embeddable":true,"href":"https:\/\/kapitalis.com\/tunisie\/wp-json\/wp\/v2\/categories?post=198880"},{"taxonomy":"post_tag","embeddable":true,"href":"https:\/\/kapitalis.com\/tunisie\/wp-json\/wp\/v2\/tags?post=198880"}],"curies":[{"name":"wp","href":"https:\/\/api.w.org\/{rel}","templated":true}]}}