{"id":199089,"date":"2019-02-20T18:40:13","date_gmt":"2019-02-20T17:40:13","guid":{"rendered":"http:\/\/kapitalis.com\/tunisie\/?p=199089"},"modified":"2019-02-20T18:40:13","modified_gmt":"2019-02-20T17:40:13","slug":"tunisie-mohamed-ali-ben-khaled-a-la-tete-de-la-garde-nationale","status":"publish","type":"post","link":"https:\/\/kapitalis.com\/tunisie\/2019\/02\/20\/tunisie-mohamed-ali-ben-khaled-a-la-tete-de-la-garde-nationale\/","title":{"rendered":"Tunisie : Mohamed Ali Ben Khaled \u00e0 la t\u00eate de la garde nationale"},"content":{"rendered":"<p style=\"text-align: center;\"><img loading=\"lazy\" decoding=\"async\" class=\"alignnone size-full wp-image-9839\" src=\"http:\/\/kapitalis.com\/tunisie\/wp-content\/uploads\/2015\/08\/minist\u00e8re-de-lint\u00e9rieur.jpeg\" alt=\"\" width=\"626\" height=\"380\" \/><\/p>\n<p><em><strong>Le colonel Major Mohamed Ali Ben Khaled vient d&rsquo;\u00eatre nomm\u00e9 cet apr\u00e8s-midi,mercredi 20 f\u00e9vrier 2019, directeur g\u00e9n\u00e9ral commandant de la garde nationale en remplacement \u00e0 Chokri Rahali, qui avait succ\u00e9d\u00e9 \u00e0 Lotfi Braham en octobre 2017.<\/strong><\/em><!--more--><\/p>\n<p>D\u2019autre part, Adel Chouchane a \u00e9t\u00e9 nomm\u00e9 au poste d\u2019inspecteur g\u00e9n\u00e9ral de la s\u00fbret\u00e9 nationale et Khalifa Harroum \u00e0 celui de directeur g\u00e9n\u00e9ral de la s\u00fbret\u00e9 publique aupr\u00e8s de la direction g\u00e9n\u00e9rale de la s\u00fbret\u00e9 nationale. Il s&rsquo;agit ici d&rsquo;une permutation de poste.<\/p>\n<p>Le remplacement de Chokri Rahali pourrait avoir un lien avec l\u2019affaire du centre coranique de\u00a0<a href=\"http:\/\/kapitalis.com\/tunisie\/2019\/02\/05\/centre-de-regueb-les-enfants-exploites-abuses-mal-nourris-maltraites\/\" target=\"_blank\" rel=\"noopener\">Regueb<\/a>, \u00e0 Sidi Bouzid, dirig\u00e9e par un certain\u00a0Farouk Zribi,\u00a0qui fait actuellement l\u2019objet d\u2019une enqu\u00eate aupr\u00e8s du p\u00f4le antiterroriste, et\u00a0que Hamza Belloumi, le pr\u00e9sentateur de l&rsquo;\u00e9mission <em>\u00ab\u00a0Les 4 v\u00e9rit\u00e9s\u00a0\u00bb<\/em>, ayant r\u00e9v\u00e9l\u00e9 cette affaire, soup\u00e7onne de connivence avec la garde nationale de Regueb.<\/p>\n<p>Autre scandale ayant \u00e9clabouss\u00e9 r\u00e9cemment le corps de la garde nationale : le d\u00e9c\u00e8s d\u2019Ayoub Ben Fraj, le 15 f\u00e9vrier, \u00e0 Barraket Essahel, lors de son arrestation. L&rsquo;un des agents ayant proc\u00e9d\u00e9 \u00e0 cette arrestation a d&rsquo;ailleurs \u00e9t\u00e9 plac\u00e9 hier en d\u00e9tention pour homicide volontaire.<\/p>\n<p>Ce n&rsquo;est donc pas seulement un jeu de chaises musicales&#8230;<\/p>\n<p style=\"text-align: right;\"><strong>Y. N.<\/strong><\/p>\n<blockquote class=\"wp-embedded-content\" data-secret=\"GjvOU1phR4\"><p><a href=\"https:\/\/kapitalis.com\/tunisie\/2019\/02\/08\/regueb-enquete-sur-la-patrouille-de-la-garde-nationale-qui-accompagnait-zribi\/\">Regueb : Enqu\u00eate sur la patrouille de la garde nationale qui \u00abaccompagnait\u00bb Zribi<\/a><\/p><\/blockquote>\n<p><iframe loading=\"lazy\" class=\"wp-embedded-content\" sandbox=\"allow-scripts\" security=\"restricted\" style=\"position: absolute; clip: rect(1px, 1px, 1px, 1px);\" title=\"\u00ab\u00a0Regueb : Enqu\u00eate sur la patrouille de la garde nationale qui \u00abaccompagnait\u00bb Zribi\u00a0\u00bb &#8212; Kapitalis\" src=\"https:\/\/kapitalis.com\/tunisie\/2019\/02\/08\/regueb-enquete-sur-la-patrouille-de-la-garde-nationale-qui-accompagnait-zribi\/embed\/#?secret=roBcDncpU0#?secret=GjvOU1phR4\" data-secret=\"GjvOU1phR4\" width=\"600\" height=\"338\" frameborder=\"0\" marginwidth=\"0\" marginheight=\"0\" scrolling=\"no\"><\/iframe><\/p>\n<blockquote class=\"wp-embedded-content\" data-secret=\"jowkGw9XxE\"><p><a href=\"https:\/\/kapitalis.com\/tunisie\/2019\/02\/19\/barraket-essahel-un-garde-national-poursuivi-pour-homicide-volontaire\/\">Barraket Essahel : Un garde national poursuivi pour homicide volontaire<\/a><\/p><\/blockquote>\n<p><iframe loading=\"lazy\" class=\"wp-embedded-content\" sandbox=\"allow-scripts\" security=\"restricted\" style=\"position: absolute; clip: rect(1px, 1px, 1px, 1px);\" title=\"\u00ab\u00a0Barraket Essahel : Un garde national poursuivi pour homicide volontaire\u00a0\u00bb &#8212; Kapitalis\" src=\"https:\/\/kapitalis.com\/tunisie\/2019\/02\/19\/barraket-essahel-un-garde-national-poursuivi-pour-homicide-volontaire\/embed\/#?secret=ijayHPWFLP#?secret=jowkGw9XxE\" data-secret=\"jowkGw9XxE\" width=\"600\" height=\"338\" frameborder=\"0\" marginwidth=\"0\" marginheight=\"0\" scrolling=\"no\"><\/iframe><\/p>\n","protected":false},"excerpt":{"rendered":"<p>Le colonel Major Mohamed Ali Ben Khaled vient d&rsquo;\u00eatre nomm\u00e9 cet apr\u00e8s-midi,mercredi 20 f\u00e9vrier 2019, directeur g\u00e9n\u00e9ral commandant de la garde nationale en remplacement \u00e0 Chokri Rahali, qui avait succ\u00e9d\u00e9 \u00e0 Lotfi Braham en octobre 2017.<\/p>\n","protected":false},"author":6,"featured_media":0,"comment_status":"open","ping_status":"open","sticky":false,"template":"","format":"standard","meta":{"footnotes":""},"categories":[998,2433],"tags":[7951,616,8114],"class_list":["post-199089","post","type-post","status-publish","format-standard","hentry","category-societe","category-tunisie","tag-commandant","tag-ministere-interieur","tag-surete-nationale"],"yoast_head":"<!-- This site is optimized with the Yoast SEO plugin v26.6 - https:\/\/yoast.com\/wordpress\/plugins\/seo\/ -->\n<title>Tunisie : Mohamed Ali Ben Khaled \u00e0 la t\u00eate de la garde nationale - Kapitalis<\/title>\n<meta name=\"robots\" content=\"index, follow, max-snippet:-1, max-image-preview:large, max-video-preview:-1\" \/>\n<link rel=\"canonical\" href=\"https:\/\/kapitalis.com\/tunisie\/2019\/02\/20\/tunisie-mohamed-ali-ben-khaled-a-la-tete-de-la-garde-nationale\/\" \/>\n<meta property=\"og:locale\" content=\"fr_FR\" \/>\n<meta property=\"og:type\" content=\"article\" \/>\n<meta property=\"og:title\" content=\"Tunisie : Mohamed Ali Ben Khaled \u00e0 la t\u00eate de la garde nationale - Kapitalis\" \/>\n<meta property=\"og:description\" content=\"Le colonel Major Mohamed Ali Ben Khaled vient d&rsquo;\u00eatre nomm\u00e9 cet apr\u00e8s-midi,mercredi 20 f\u00e9vrier 2019, directeur g\u00e9n\u00e9ral commandant de la garde nationale en remplacement \u00e0 Chokri Rahali, qui avait succ\u00e9d\u00e9 \u00e0 Lotfi Braham en octobre 2017.\" \/>\n<meta property=\"og:url\" content=\"https:\/\/kapitalis.com\/tunisie\/2019\/02\/20\/tunisie-mohamed-ali-ben-khaled-a-la-tete-de-la-garde-nationale\/\" \/>\n<meta property=\"og:site_name\" content=\"Kapitalis\" \/>\n<meta property=\"article:publisher\" content=\"https:\/\/www.facebook.com\/KapitalisInfo\/\" \/>\n<meta property=\"article:published_time\" content=\"2019-02-20T17:40:13+00:00\" \/>\n<meta property=\"og:image\" content=\"https:\/\/kapitalis.com\/tunisie\/wp-content\/uploads\/2022\/05\/kapitalis-logo-fb.png\" \/>\n\t<meta property=\"og:image:width\" content=\"1200\" \/>\n\t<meta property=\"og:image:height\" content=\"630\" \/>\n\t<meta property=\"og:image:type\" content=\"image\/png\" \/>\n<meta name=\"author\" content=\"Yusra NY\" \/>\n<meta name=\"twitter:card\" content=\"summary_large_image\" \/>\n<meta name=\"twitter:creator\" content=\"@KapitalisInfo\" \/>\n<meta name=\"twitter:site\" content=\"@KapitalisInfo\" \/>\n<meta name=\"twitter:label1\" content=\"\u00c9crit par\" \/>\n\t<meta name=\"twitter:data1\" content=\"Yusra NY\" \/>\n\t<meta name=\"twitter:label2\" content=\"Dur\u00e9e de lecture estim\u00e9e\" \/>\n\t<meta name=\"twitter:data2\" content=\"1 minute\" \/>\n<script type=\"application\/ld+json\" class=\"yoast-schema-graph\">{\"@context\":\"https:\/\/schema.org\",\"@graph\":[{\"@type\":\"Article\",\"@id\":\"https:\/\/kapitalis.com\/tunisie\/2019\/02\/20\/tunisie-mohamed-ali-ben-khaled-a-la-tete-de-la-garde-nationale\/#article\",\"isPartOf\":{\"@id\":\"https:\/\/kapitalis.com\/tunisie\/2019\/02\/20\/tunisie-mohamed-ali-ben-khaled-a-la-tete-de-la-garde-nationale\/\"},\"author\":{\"name\":\"Yusra NY\",\"@id\":\"https:\/\/kapitalis.com\/tunisie\/#\/schema\/person\/74bbde0154d49d790a92aaeac5bc01d5\"},\"headline\":\"Tunisie : Mohamed Ali Ben Khaled \u00e0 la t\u00eate de la garde nationale\",\"datePublished\":\"2019-02-20T17:40:13+00:00\",\"mainEntityOfPage\":{\"@id\":\"https:\/\/kapitalis.com\/tunisie\/2019\/02\/20\/tunisie-mohamed-ali-ben-khaled-a-la-tete-de-la-garde-nationale\/\"},\"wordCount\":245,\"commentCount\":0,\"publisher\":{\"@id\":\"https:\/\/kapitalis.com\/tunisie\/#organization\"},\"keywords\":[\"commandant\",\"minist\u00e8re int\u00e9rieur\",\"s\u00fbret\u00e9 nationale\"],\"articleSection\":[\"SOCIETE\",\"Tunisie\"],\"inLanguage\":\"fr-FR\",\"potentialAction\":[{\"@type\":\"CommentAction\",\"name\":\"Comment\",\"target\":[\"https:\/\/kapitalis.com\/tunisie\/2019\/02\/20\/tunisie-mohamed-ali-ben-khaled-a-la-tete-de-la-garde-nationale\/#respond\"]}]},{\"@type\":\"WebPage\",\"@id\":\"https:\/\/kapitalis.com\/tunisie\/2019\/02\/20\/tunisie-mohamed-ali-ben-khaled-a-la-tete-de-la-garde-nationale\/\",\"url\":\"https:\/\/kapitalis.com\/tunisie\/2019\/02\/20\/tunisie-mohamed-ali-ben-khaled-a-la-tete-de-la-garde-nationale\/\",\"name\":\"Tunisie : Mohamed Ali Ben Khaled \u00e0 la t\u00eate de la garde nationale - Kapitalis\",\"isPartOf\":{\"@id\":\"https:\/\/kapitalis.com\/tunisie\/#website\"},\"datePublished\":\"2019-02-20T17:40:13+00:00\",\"breadcrumb\":{\"@id\":\"https:\/\/kapitalis.com\/tunisie\/2019\/02\/20\/tunisie-mohamed-ali-ben-khaled-a-la-tete-de-la-garde-nationale\/#breadcrumb\"},\"inLanguage\":\"fr-FR\",\"potentialAction\":[{\"@type\":\"ReadAction\",\"target\":[\"https:\/\/kapitalis.com\/tunisie\/2019\/02\/20\/tunisie-mohamed-ali-ben-khaled-a-la-tete-de-la-garde-nationale\/\"]}]},{\"@type\":\"BreadcrumbList\",\"@id\":\"https:\/\/kapitalis.com\/tunisie\/2019\/02\/20\/tunisie-mohamed-ali-ben-khaled-a-la-tete-de-la-garde-nationale\/#breadcrumb\",\"itemListElement\":[{\"@type\":\"ListItem\",\"position\":1,\"name\":\"Accueil\",\"item\":\"https:\/\/kapitalis.com\/tunisie\/\"},{\"@type\":\"ListItem\",\"position\":2,\"name\":\"Tunisie : Mohamed Ali Ben Khaled \u00e0 la t\u00eate de la garde nationale\"}]},{\"@type\":\"WebSite\",\"@id\":\"https:\/\/kapitalis.com\/tunisie\/#website\",\"url\":\"https:\/\/kapitalis.com\/tunisie\/\",\"name\":\"Kapitalis\",\"description\":\"L&#039;actualit\u00e9 en Tunisie et dans le monde\",\"publisher\":{\"@id\":\"https:\/\/kapitalis.com\/tunisie\/#organization\"},\"potentialAction\":[{\"@type\":\"SearchAction\",\"target\":{\"@type\":\"EntryPoint\",\"urlTemplate\":\"https:\/\/kapitalis.com\/tunisie\/?s={search_term_string}\"},\"query-input\":{\"@type\":\"PropertyValueSpecification\",\"valueRequired\":true,\"valueName\":\"search_term_string\"}}],\"inLanguage\":\"fr-FR\"},{\"@type\":\"Organization\",\"@id\":\"https:\/\/kapitalis.com\/tunisie\/#organization\",\"name\":\"Kapitalis\",\"url\":\"https:\/\/kapitalis.com\/tunisie\/\",\"logo\":{\"@type\":\"ImageObject\",\"inLanguage\":\"fr-FR\",\"@id\":\"https:\/\/kapitalis.com\/tunisie\/#\/schema\/logo\/image\/\",\"url\":\"https:\/\/kapitalis.com\/tunisie\/wp-content\/uploads\/2022\/05\/Kapitalis-big-size.png\",\"contentUrl\":\"https:\/\/kapitalis.com\/tunisie\/wp-content\/uploads\/2022\/05\/Kapitalis-big-size.png\",\"width\":5000,\"height\":1500,\"caption\":\"Kapitalis\"},\"image\":{\"@id\":\"https:\/\/kapitalis.com\/tunisie\/#\/schema\/logo\/image\/\"},\"sameAs\":[\"https:\/\/www.facebook.com\/KapitalisInfo\/\",\"https:\/\/x.com\/KapitalisInfo\",\"https:\/\/www.youtube.com\/channel\/UC-yDYrHyfFBWWZaOw3FPg9Q\"]},{\"@type\":\"Person\",\"@id\":\"https:\/\/kapitalis.com\/tunisie\/#\/schema\/person\/74bbde0154d49d790a92aaeac5bc01d5\",\"name\":\"Yusra NY\",\"url\":\"https:\/\/kapitalis.com\/tunisie\/author\/yuza_adam\/\"}]}<\/script>\n<!-- \/ Yoast SEO plugin. -->","yoast_head_json":{"title":"Tunisie : Mohamed Ali Ben Khaled \u00e0 la t\u00eate de la garde nationale - Kapitalis","robots":{"index":"index","follow":"follow","max-snippet":"max-snippet:-1","max-image-preview":"max-image-preview:large","max-video-preview":"max-video-preview:-1"},"canonical":"https:\/\/kapitalis.com\/tunisie\/2019\/02\/20\/tunisie-mohamed-ali-ben-khaled-a-la-tete-de-la-garde-nationale\/","og_locale":"fr_FR","og_type":"article","og_title":"Tunisie : Mohamed Ali Ben Khaled \u00e0 la t\u00eate de la garde nationale - Kapitalis","og_description":"Le colonel Major Mohamed Ali Ben Khaled vient d&rsquo;\u00eatre nomm\u00e9 cet apr\u00e8s-midi,mercredi 20 f\u00e9vrier 2019, directeur g\u00e9n\u00e9ral commandant de la garde nationale en remplacement \u00e0 Chokri Rahali, qui avait succ\u00e9d\u00e9 \u00e0 Lotfi Braham en octobre 2017.","og_url":"https:\/\/kapitalis.com\/tunisie\/2019\/02\/20\/tunisie-mohamed-ali-ben-khaled-a-la-tete-de-la-garde-nationale\/","og_site_name":"Kapitalis","article_publisher":"https:\/\/www.facebook.com\/KapitalisInfo\/","article_published_time":"2019-02-20T17:40:13+00:00","og_image":[{"width":1200,"height":630,"url":"https:\/\/kapitalis.com\/tunisie\/wp-content\/uploads\/2022\/05\/kapitalis-logo-fb.png","type":"image\/png"}],"author":"Yusra NY","twitter_card":"summary_large_image","twitter_creator":"@KapitalisInfo","twitter_site":"@KapitalisInfo","twitter_misc":{"\u00c9crit par":"Yusra NY","Dur\u00e9e de lecture estim\u00e9e":"1 minute"},"schema":{"@context":"https:\/\/schema.org","@graph":[{"@type":"Article","@id":"https:\/\/kapitalis.com\/tunisie\/2019\/02\/20\/tunisie-mohamed-ali-ben-khaled-a-la-tete-de-la-garde-nationale\/#article","isPartOf":{"@id":"https:\/\/kapitalis.com\/tunisie\/2019\/02\/20\/tunisie-mohamed-ali-ben-khaled-a-la-tete-de-la-garde-nationale\/"},"author":{"name":"Yusra NY","@id":"https:\/\/kapitalis.com\/tunisie\/#\/schema\/person\/74bbde0154d49d790a92aaeac5bc01d5"},"headline":"Tunisie : Mohamed Ali Ben Khaled \u00e0 la t\u00eate de la garde nationale","datePublished":"2019-02-20T17:40:13+00:00","mainEntityOfPage":{"@id":"https:\/\/kapitalis.com\/tunisie\/2019\/02\/20\/tunisie-mohamed-ali-ben-khaled-a-la-tete-de-la-garde-nationale\/"},"wordCount":245,"commentCount":0,"publisher":{"@id":"https:\/\/kapitalis.com\/tunisie\/#organization"},"keywords":["commandant","minist\u00e8re int\u00e9rieur","s\u00fbret\u00e9 nationale"],"articleSection":["SOCIETE","Tunisie"],"inLanguage":"fr-FR","potentialAction":[{"@type":"CommentAction","name":"Comment","target":["https:\/\/kapitalis.com\/tunisie\/2019\/02\/20\/tunisie-mohamed-ali-ben-khaled-a-la-tete-de-la-garde-nationale\/#respond"]}]},{"@type":"WebPage","@id":"https:\/\/kapitalis.com\/tunisie\/2019\/02\/20\/tunisie-mohamed-ali-ben-khaled-a-la-tete-de-la-garde-nationale\/","url":"https:\/\/kapitalis.com\/tunisie\/2019\/02\/20\/tunisie-mohamed-ali-ben-khaled-a-la-tete-de-la-garde-nationale\/","name":"Tunisie : Mohamed Ali Ben Khaled \u00e0 la t\u00eate de la garde nationale - Kapitalis","isPartOf":{"@id":"https:\/\/kapitalis.com\/tunisie\/#website"},"datePublished":"2019-02-20T17:40:13+00:00","breadcrumb":{"@id":"https:\/\/kapitalis.com\/tunisie\/2019\/02\/20\/tunisie-mohamed-ali-ben-khaled-a-la-tete-de-la-garde-nationale\/#breadcrumb"},"inLanguage":"fr-FR","potentialAction":[{"@type":"ReadAction","target":["https:\/\/kapitalis.com\/tunisie\/2019\/02\/20\/tunisie-mohamed-ali-ben-khaled-a-la-tete-de-la-garde-nationale\/"]}]},{"@type":"BreadcrumbList","@id":"https:\/\/kapitalis.com\/tunisie\/2019\/02\/20\/tunisie-mohamed-ali-ben-khaled-a-la-tete-de-la-garde-nationale\/#breadcrumb","itemListElement":[{"@type":"ListItem","position":1,"name":"Accueil","item":"https:\/\/kapitalis.com\/tunisie\/"},{"@type":"ListItem","position":2,"name":"Tunisie : Mohamed Ali Ben Khaled \u00e0 la t\u00eate de la garde nationale"}]},{"@type":"WebSite","@id":"https:\/\/kapitalis.com\/tunisie\/#website","url":"https:\/\/kapitalis.com\/tunisie\/","name":"Kapitalis","description":"L&#039;actualit\u00e9 en Tunisie et dans le monde","publisher":{"@id":"https:\/\/kapitalis.com\/tunisie\/#organization"},"potentialAction":[{"@type":"SearchAction","target":{"@type":"EntryPoint","urlTemplate":"https:\/\/kapitalis.com\/tunisie\/?s={search_term_string}"},"query-input":{"@type":"PropertyValueSpecification","valueRequired":true,"valueName":"search_term_string"}}],"inLanguage":"fr-FR"},{"@type":"Organization","@id":"https:\/\/kapitalis.com\/tunisie\/#organization","name":"Kapitalis","url":"https:\/\/kapitalis.com\/tunisie\/","logo":{"@type":"ImageObject","inLanguage":"fr-FR","@id":"https:\/\/kapitalis.com\/tunisie\/#\/schema\/logo\/image\/","url":"https:\/\/kapitalis.com\/tunisie\/wp-content\/uploads\/2022\/05\/Kapitalis-big-size.png","contentUrl":"https:\/\/kapitalis.com\/tunisie\/wp-content\/uploads\/2022\/05\/Kapitalis-big-size.png","width":5000,"height":1500,"caption":"Kapitalis"},"image":{"@id":"https:\/\/kapitalis.com\/tunisie\/#\/schema\/logo\/image\/"},"sameAs":["https:\/\/www.facebook.com\/KapitalisInfo\/","https:\/\/x.com\/KapitalisInfo","https:\/\/www.youtube.com\/channel\/UC-yDYrHyfFBWWZaOw3FPg9Q"]},{"@type":"Person","@id":"https:\/\/kapitalis.com\/tunisie\/#\/schema\/person\/74bbde0154d49d790a92aaeac5bc01d5","name":"Yusra NY","url":"https:\/\/kapitalis.com\/tunisie\/author\/yuza_adam\/"}]}},"_links":{"self":[{"href":"https:\/\/kapitalis.com\/tunisie\/wp-json\/wp\/v2\/posts\/199089","targetHints":{"allow":["GET"]}}],"collection":[{"href":"https:\/\/kapitalis.com\/tunisie\/wp-json\/wp\/v2\/posts"}],"about":[{"href":"https:\/\/kapitalis.com\/tunisie\/wp-json\/wp\/v2\/types\/post"}],"author":[{"embeddable":true,"href":"https:\/\/kapitalis.com\/tunisie\/wp-json\/wp\/v2\/users\/6"}],"replies":[{"embeddable":true,"href":"https:\/\/kapitalis.com\/tunisie\/wp-json\/wp\/v2\/comments?post=199089"}],"version-history":[{"count":0,"href":"https:\/\/kapitalis.com\/tunisie\/wp-json\/wp\/v2\/posts\/199089\/revisions"}],"wp:attachment":[{"href":"https:\/\/kapitalis.com\/tunisie\/wp-json\/wp\/v2\/media?parent=199089"}],"wp:term":[{"taxonomy":"category","embeddable":true,"href":"https:\/\/kapitalis.com\/tunisie\/wp-json\/wp\/v2\/categories?post=199089"},{"taxonomy":"post_tag","embeddable":true,"href":"https:\/\/kapitalis.com\/tunisie\/wp-json\/wp\/v2\/tags?post=199089"}],"curies":[{"name":"wp","href":"https:\/\/api.w.org\/{rel}","templated":true}]}}