{"id":199678,"date":"2019-02-25T10:07:19","date_gmt":"2019-02-25T09:07:19","guid":{"rendered":"http:\/\/kapitalis.com\/tunisie\/?p=199678"},"modified":"2019-02-25T10:07:19","modified_gmt":"2019-02-25T09:07:19","slug":"environnement-la-tunisie-sengage-dans-la-finance-climat","status":"publish","type":"post","link":"https:\/\/kapitalis.com\/tunisie\/2019\/02\/25\/environnement-la-tunisie-sengage-dans-la-finance-climat\/","title":{"rendered":"Environnement : La Tunisie s\u2019engage dans la finance climat"},"content":{"rendered":"<p style=\"text-align: center;\"><img loading=\"lazy\" decoding=\"async\" class=\"alignnone size-full wp-image-199679\" src=\"http:\/\/kapitalis.com\/tunisie\/wp-content\/uploads\/2019\/02\/Fonds-vert-pour-le-clumat-GCF.jpg\" alt=\"\" width=\"626\" height=\"380\" \/><\/p>\n<p><em><strong>Le projet Readiness-Tunisie: \u00abPr\u00e9paration de la Tunisie au financement par le Fonds vert pour le climat et appui \u00e0 la mise en place de l\u2019Autorit\u00e9 nationale d\u00e9sign\u00e9e\u00bb sera pr\u00e9sent\u00e9 demain, mardi 26 f\u00e9vrier 2019, \u00e0 l\u2019h\u00f4tel Sheraton, \u00e0 partir de 9h30.<\/strong><\/em><\/p>\n<p><!--more--><\/p>\n<p>Le minist\u00e8re des Affaires locales et de l\u2019Environnement (MALE), en collaboration avec l\u2019Observatoire du Sahara et du Sahel (OSS), organisent un atelier de pr\u00e9sentation du programme pays pour le Fonds vert pour le climat (Green Climate Fund, GCF), destin\u00e9e aux membres de l\u2019Autorit\u00e9 nationale d\u00e9sign\u00e9e (AND),<\/p>\n<p>Lors de cette journ\u00e9e, tous les projets que la Tunisie souhaite soumettre au GCF seront d\u00e9taill\u00e9s aux membres de l\u2019AND et d\u00e9battus.<\/p>\n<p>Cet atelier entre dans le cadre du soutien du GCF \u2013 dont la Tunisie a b\u00e9n\u00e9fici\u00e9 \u00e0 travers le programme d\u2019appui sp\u00e9cifique \u00e0 la pr\u00e9paration de la Tunisie pour l\u2019acc\u00e8s au financement GCF, le projet \u00ab<em>Readiness Tunisie<\/em>\u00bb, conjointement men\u00e9 par le MALE et l\u2019OSS.<\/p>\n<p>L&rsquo;engagement de la Tunisie avec le GCF est per\u00e7u comme \u00e9tant une opportunit\u00e9 d&rsquo;acc\u00e9der \u00e0 des ressources en vue de financer la mise en \u0153uvre de sa \u00ab<em>Strat\u00e9gie nationale sur le changement climatique<\/em>\u00bb (SNCC) et la r\u00e9alisation de sa Contribution d\u00e9termin\u00e9e au niveau national (CDN).<\/p>\n<p>Le GCF est destin\u00e9 \u00e0 financer la mise en place de projets pour combattre les changements climatiques. Ce fonds est un m\u00e9canisme financier de l\u2019Organisation des nations unies (Onu) con\u00e7u pour accompagner l\u2019engagement du pays. Dans ce cadre, des m\u00e9canismes tels que l\u2019AND entre autres, ont \u00e9t\u00e9 mis en place pour r\u00e9pondre aux conditions d\u2019acc\u00e8s au GCF. L\u2019objectif majeur de l\u2019AND est de garantir que les activit\u00e9s des projets financ\u00e9s par le GCF soient en coh\u00e9rence avec les objectifs et les priorit\u00e9s strat\u00e9giques au niveau national.<\/p>\n<p>A cet \u00e9gard, plusieurs outils d\u2019accompagnement et de compr\u00e9hension ont \u00e9t\u00e9 \u00e9labor\u00e9s, notamment un guide \u00ab<em>Grandes lignes d\u2019acc\u00e8s au GCF<\/em>\u00bb; un document \u00ab<em>M\u00e9canisme de non-objection de l\u2019AND de la Tunisie aupr\u00e8s du GCF<\/em>\u00bb; un document \u00ab<em>Programme Pays<\/em>\u00bb; un document \u00ab<em>Strat\u00e9gie de mobilisation et de suivi des flux financiers climatiques en Tunisie<\/em>\u00bb; un guide \u00ab<em>Outil de suivi des flux financiers climatiques en Tunisie<\/em>\u00bb; un guide \u00ab<em>Acc\u00e8s aux ressources du GCF par le secteur priv\u00e9<\/em>\u00bb; un document de \u00ab<em>Strat\u00e9gie de mobilisation du secteur priv\u00e9<\/em>\u00bb; une plateforme internet et un film d\u2019animation.<\/p>\n<p><em><strong>Source<\/strong><\/em> : communiqu\u00e9.<\/p>\n<blockquote class=\"wp-embedded-content\" data-secret=\"b0JbyIyoNd\"><p><a href=\"https:\/\/kapitalis.com\/tunisie\/2019\/02\/12\/atuge-la-tunisie-et-les-opportunites-de-la-finance-climat\/\">Atuge : La Tunisie et les opportunit\u00e9s de la finance climat<\/a><\/p><\/blockquote>\n<p><iframe loading=\"lazy\" class=\"wp-embedded-content\" sandbox=\"allow-scripts\" security=\"restricted\" style=\"position: absolute; clip: rect(1px, 1px, 1px, 1px);\" title=\"\u00ab\u00a0Atuge : La Tunisie et les opportunit\u00e9s de la finance climat\u00a0\u00bb &#8212; Kapitalis\" src=\"https:\/\/kapitalis.com\/tunisie\/2019\/02\/12\/atuge-la-tunisie-et-les-opportunites-de-la-finance-climat\/embed\/#?secret=UoIfHXJlOM#?secret=b0JbyIyoNd\" data-secret=\"b0JbyIyoNd\" width=\"600\" height=\"338\" frameborder=\"0\" marginwidth=\"0\" marginheight=\"0\" scrolling=\"no\"><\/iframe><\/p>\n","protected":false},"excerpt":{"rendered":"<p>Le projet Readiness-Tunisie: \u00abPr\u00e9paration de la Tunisie au financement par le Fonds vert pour le climat et appui \u00e0 la mise en place de l\u2019Autorit\u00e9 nationale d\u00e9sign\u00e9e\u00bb sera pr\u00e9sent\u00e9 demain, mardi 26 f\u00e9vrier 2019, \u00e0 l\u2019h\u00f4tel Sheraton, \u00e0 partir de 9h30.<\/p>\n","protected":false},"author":8,"featured_media":199679,"comment_status":"open","ping_status":"open","sticky":false,"template":"","format":"standard","meta":{"footnotes":""},"categories":[995,2433],"tags":[],"class_list":["post-199678","post","type-post","status-publish","format-standard","has-post-thumbnail","hentry","category-economie","category-tunisie"],"yoast_head":"<!-- This site is optimized with the Yoast SEO plugin v26.6 - https:\/\/yoast.com\/wordpress\/plugins\/seo\/ -->\n<title>Environnement : La Tunisie s\u2019engage dans la finance climat - Kapitalis<\/title>\n<meta name=\"robots\" content=\"index, follow, max-snippet:-1, max-image-preview:large, max-video-preview:-1\" \/>\n<link rel=\"canonical\" href=\"https:\/\/kapitalis.com\/tunisie\/2019\/02\/25\/environnement-la-tunisie-sengage-dans-la-finance-climat\/\" \/>\n<meta property=\"og:locale\" content=\"fr_FR\" \/>\n<meta property=\"og:type\" content=\"article\" \/>\n<meta property=\"og:title\" content=\"Environnement : La Tunisie s\u2019engage dans la finance climat - Kapitalis\" \/>\n<meta property=\"og:description\" content=\"Le projet Readiness-Tunisie: \u00abPr\u00e9paration de la Tunisie au financement par le Fonds vert pour le climat et appui \u00e0 la mise en place de l\u2019Autorit\u00e9 nationale d\u00e9sign\u00e9e\u00bb sera pr\u00e9sent\u00e9 demain, mardi 26 f\u00e9vrier 2019, \u00e0 l\u2019h\u00f4tel Sheraton, \u00e0 partir de 9h30.\" \/>\n<meta property=\"og:url\" content=\"https:\/\/kapitalis.com\/tunisie\/2019\/02\/25\/environnement-la-tunisie-sengage-dans-la-finance-climat\/\" \/>\n<meta property=\"og:site_name\" content=\"Kapitalis\" \/>\n<meta property=\"article:publisher\" content=\"https:\/\/www.facebook.com\/KapitalisInfo\/\" \/>\n<meta property=\"article:published_time\" content=\"2019-02-25T09:07:19+00:00\" \/>\n<meta property=\"og:image\" content=\"https:\/\/kapitalis.com\/tunisie\/wp-content\/uploads\/2022\/05\/kapitalis-logo-fb.png\" \/>\n\t<meta property=\"og:image:width\" content=\"1200\" \/>\n\t<meta property=\"og:image:height\" content=\"630\" \/>\n\t<meta property=\"og:image:type\" content=\"image\/png\" \/>\n<meta name=\"author\" content=\"webmaster kapitalis\" \/>\n<meta name=\"twitter:card\" content=\"summary_large_image\" \/>\n<meta name=\"twitter:creator\" content=\"@KapitalisInfo\" \/>\n<meta name=\"twitter:site\" content=\"@KapitalisInfo\" \/>\n<meta name=\"twitter:label1\" content=\"\u00c9crit par\" \/>\n\t<meta name=\"twitter:data1\" content=\"webmaster kapitalis\" \/>\n\t<meta name=\"twitter:label2\" content=\"Dur\u00e9e de lecture estim\u00e9e\" \/>\n\t<meta name=\"twitter:data2\" content=\"2 minutes\" \/>\n<script type=\"application\/ld+json\" class=\"yoast-schema-graph\">{\"@context\":\"https:\/\/schema.org\",\"@graph\":[{\"@type\":\"Article\",\"@id\":\"https:\/\/kapitalis.com\/tunisie\/2019\/02\/25\/environnement-la-tunisie-sengage-dans-la-finance-climat\/#article\",\"isPartOf\":{\"@id\":\"https:\/\/kapitalis.com\/tunisie\/2019\/02\/25\/environnement-la-tunisie-sengage-dans-la-finance-climat\/\"},\"author\":{\"name\":\"webmaster kapitalis\",\"@id\":\"https:\/\/kapitalis.com\/tunisie\/#\/schema\/person\/d71f33a9ca44f7bad4698210b480c8e9\"},\"headline\":\"Environnement : La Tunisie s\u2019engage dans la finance climat\",\"datePublished\":\"2019-02-25T09:07:19+00:00\",\"mainEntityOfPage\":{\"@id\":\"https:\/\/kapitalis.com\/tunisie\/2019\/02\/25\/environnement-la-tunisie-sengage-dans-la-finance-climat\/\"},\"wordCount\":442,\"commentCount\":0,\"publisher\":{\"@id\":\"https:\/\/kapitalis.com\/tunisie\/#organization\"},\"image\":{\"@id\":\"https:\/\/kapitalis.com\/tunisie\/2019\/02\/25\/environnement-la-tunisie-sengage-dans-la-finance-climat\/#primaryimage\"},\"thumbnailUrl\":\"\",\"articleSection\":[\"ECONOMIE\",\"Tunisie\"],\"inLanguage\":\"fr-FR\",\"potentialAction\":[{\"@type\":\"CommentAction\",\"name\":\"Comment\",\"target\":[\"https:\/\/kapitalis.com\/tunisie\/2019\/02\/25\/environnement-la-tunisie-sengage-dans-la-finance-climat\/#respond\"]}]},{\"@type\":\"WebPage\",\"@id\":\"https:\/\/kapitalis.com\/tunisie\/2019\/02\/25\/environnement-la-tunisie-sengage-dans-la-finance-climat\/\",\"url\":\"https:\/\/kapitalis.com\/tunisie\/2019\/02\/25\/environnement-la-tunisie-sengage-dans-la-finance-climat\/\",\"name\":\"Environnement : La Tunisie s\u2019engage dans la finance climat - Kapitalis\",\"isPartOf\":{\"@id\":\"https:\/\/kapitalis.com\/tunisie\/#website\"},\"primaryImageOfPage\":{\"@id\":\"https:\/\/kapitalis.com\/tunisie\/2019\/02\/25\/environnement-la-tunisie-sengage-dans-la-finance-climat\/#primaryimage\"},\"image\":{\"@id\":\"https:\/\/kapitalis.com\/tunisie\/2019\/02\/25\/environnement-la-tunisie-sengage-dans-la-finance-climat\/#primaryimage\"},\"thumbnailUrl\":\"\",\"datePublished\":\"2019-02-25T09:07:19+00:00\",\"breadcrumb\":{\"@id\":\"https:\/\/kapitalis.com\/tunisie\/2019\/02\/25\/environnement-la-tunisie-sengage-dans-la-finance-climat\/#breadcrumb\"},\"inLanguage\":\"fr-FR\",\"potentialAction\":[{\"@type\":\"ReadAction\",\"target\":[\"https:\/\/kapitalis.com\/tunisie\/2019\/02\/25\/environnement-la-tunisie-sengage-dans-la-finance-climat\/\"]}]},{\"@type\":\"ImageObject\",\"inLanguage\":\"fr-FR\",\"@id\":\"https:\/\/kapitalis.com\/tunisie\/2019\/02\/25\/environnement-la-tunisie-sengage-dans-la-finance-climat\/#primaryimage\",\"url\":\"\",\"contentUrl\":\"\"},{\"@type\":\"BreadcrumbList\",\"@id\":\"https:\/\/kapitalis.com\/tunisie\/2019\/02\/25\/environnement-la-tunisie-sengage-dans-la-finance-climat\/#breadcrumb\",\"itemListElement\":[{\"@type\":\"ListItem\",\"position\":1,\"name\":\"Accueil\",\"item\":\"https:\/\/kapitalis.com\/tunisie\/\"},{\"@type\":\"ListItem\",\"position\":2,\"name\":\"Environnement : La Tunisie s\u2019engage dans la finance climat\"}]},{\"@type\":\"WebSite\",\"@id\":\"https:\/\/kapitalis.com\/tunisie\/#website\",\"url\":\"https:\/\/kapitalis.com\/tunisie\/\",\"name\":\"Kapitalis\",\"description\":\"L&#039;actualit\u00e9 en Tunisie et dans le monde\",\"publisher\":{\"@id\":\"https:\/\/kapitalis.com\/tunisie\/#organization\"},\"potentialAction\":[{\"@type\":\"SearchAction\",\"target\":{\"@type\":\"EntryPoint\",\"urlTemplate\":\"https:\/\/kapitalis.com\/tunisie\/?s={search_term_string}\"},\"query-input\":{\"@type\":\"PropertyValueSpecification\",\"valueRequired\":true,\"valueName\":\"search_term_string\"}}],\"inLanguage\":\"fr-FR\"},{\"@type\":\"Organization\",\"@id\":\"https:\/\/kapitalis.com\/tunisie\/#organization\",\"name\":\"Kapitalis\",\"url\":\"https:\/\/kapitalis.com\/tunisie\/\",\"logo\":{\"@type\":\"ImageObject\",\"inLanguage\":\"fr-FR\",\"@id\":\"https:\/\/kapitalis.com\/tunisie\/#\/schema\/logo\/image\/\",\"url\":\"https:\/\/kapitalis.com\/tunisie\/wp-content\/uploads\/2022\/05\/Kapitalis-big-size.png\",\"contentUrl\":\"https:\/\/kapitalis.com\/tunisie\/wp-content\/uploads\/2022\/05\/Kapitalis-big-size.png\",\"width\":5000,\"height\":1500,\"caption\":\"Kapitalis\"},\"image\":{\"@id\":\"https:\/\/kapitalis.com\/tunisie\/#\/schema\/logo\/image\/\"},\"sameAs\":[\"https:\/\/www.facebook.com\/KapitalisInfo\/\",\"https:\/\/x.com\/KapitalisInfo\",\"https:\/\/www.youtube.com\/channel\/UC-yDYrHyfFBWWZaOw3FPg9Q\"]},{\"@type\":\"Person\",\"@id\":\"https:\/\/kapitalis.com\/tunisie\/#\/schema\/person\/d71f33a9ca44f7bad4698210b480c8e9\",\"name\":\"webmaster kapitalis\",\"url\":\"https:\/\/kapitalis.com\/tunisie\/author\/webmaster-kapitalis\/\"}]}<\/script>\n<!-- \/ Yoast SEO plugin. -->","yoast_head_json":{"title":"Environnement : La Tunisie s\u2019engage dans la finance climat - Kapitalis","robots":{"index":"index","follow":"follow","max-snippet":"max-snippet:-1","max-image-preview":"max-image-preview:large","max-video-preview":"max-video-preview:-1"},"canonical":"https:\/\/kapitalis.com\/tunisie\/2019\/02\/25\/environnement-la-tunisie-sengage-dans-la-finance-climat\/","og_locale":"fr_FR","og_type":"article","og_title":"Environnement : La Tunisie s\u2019engage dans la finance climat - Kapitalis","og_description":"Le projet Readiness-Tunisie: \u00abPr\u00e9paration de la Tunisie au financement par le Fonds vert pour le climat et appui \u00e0 la mise en place de l\u2019Autorit\u00e9 nationale d\u00e9sign\u00e9e\u00bb sera pr\u00e9sent\u00e9 demain, mardi 26 f\u00e9vrier 2019, \u00e0 l\u2019h\u00f4tel Sheraton, \u00e0 partir de 9h30.","og_url":"https:\/\/kapitalis.com\/tunisie\/2019\/02\/25\/environnement-la-tunisie-sengage-dans-la-finance-climat\/","og_site_name":"Kapitalis","article_publisher":"https:\/\/www.facebook.com\/KapitalisInfo\/","article_published_time":"2019-02-25T09:07:19+00:00","og_image":[{"width":1200,"height":630,"url":"https:\/\/kapitalis.com\/tunisie\/wp-content\/uploads\/2022\/05\/kapitalis-logo-fb.png","type":"image\/png"}],"author":"webmaster kapitalis","twitter_card":"summary_large_image","twitter_creator":"@KapitalisInfo","twitter_site":"@KapitalisInfo","twitter_misc":{"\u00c9crit par":"webmaster kapitalis","Dur\u00e9e de lecture estim\u00e9e":"2 minutes"},"schema":{"@context":"https:\/\/schema.org","@graph":[{"@type":"Article","@id":"https:\/\/kapitalis.com\/tunisie\/2019\/02\/25\/environnement-la-tunisie-sengage-dans-la-finance-climat\/#article","isPartOf":{"@id":"https:\/\/kapitalis.com\/tunisie\/2019\/02\/25\/environnement-la-tunisie-sengage-dans-la-finance-climat\/"},"author":{"name":"webmaster kapitalis","@id":"https:\/\/kapitalis.com\/tunisie\/#\/schema\/person\/d71f33a9ca44f7bad4698210b480c8e9"},"headline":"Environnement : La Tunisie s\u2019engage dans la finance climat","datePublished":"2019-02-25T09:07:19+00:00","mainEntityOfPage":{"@id":"https:\/\/kapitalis.com\/tunisie\/2019\/02\/25\/environnement-la-tunisie-sengage-dans-la-finance-climat\/"},"wordCount":442,"commentCount":0,"publisher":{"@id":"https:\/\/kapitalis.com\/tunisie\/#organization"},"image":{"@id":"https:\/\/kapitalis.com\/tunisie\/2019\/02\/25\/environnement-la-tunisie-sengage-dans-la-finance-climat\/#primaryimage"},"thumbnailUrl":"","articleSection":["ECONOMIE","Tunisie"],"inLanguage":"fr-FR","potentialAction":[{"@type":"CommentAction","name":"Comment","target":["https:\/\/kapitalis.com\/tunisie\/2019\/02\/25\/environnement-la-tunisie-sengage-dans-la-finance-climat\/#respond"]}]},{"@type":"WebPage","@id":"https:\/\/kapitalis.com\/tunisie\/2019\/02\/25\/environnement-la-tunisie-sengage-dans-la-finance-climat\/","url":"https:\/\/kapitalis.com\/tunisie\/2019\/02\/25\/environnement-la-tunisie-sengage-dans-la-finance-climat\/","name":"Environnement : La Tunisie s\u2019engage dans la finance climat - Kapitalis","isPartOf":{"@id":"https:\/\/kapitalis.com\/tunisie\/#website"},"primaryImageOfPage":{"@id":"https:\/\/kapitalis.com\/tunisie\/2019\/02\/25\/environnement-la-tunisie-sengage-dans-la-finance-climat\/#primaryimage"},"image":{"@id":"https:\/\/kapitalis.com\/tunisie\/2019\/02\/25\/environnement-la-tunisie-sengage-dans-la-finance-climat\/#primaryimage"},"thumbnailUrl":"","datePublished":"2019-02-25T09:07:19+00:00","breadcrumb":{"@id":"https:\/\/kapitalis.com\/tunisie\/2019\/02\/25\/environnement-la-tunisie-sengage-dans-la-finance-climat\/#breadcrumb"},"inLanguage":"fr-FR","potentialAction":[{"@type":"ReadAction","target":["https:\/\/kapitalis.com\/tunisie\/2019\/02\/25\/environnement-la-tunisie-sengage-dans-la-finance-climat\/"]}]},{"@type":"ImageObject","inLanguage":"fr-FR","@id":"https:\/\/kapitalis.com\/tunisie\/2019\/02\/25\/environnement-la-tunisie-sengage-dans-la-finance-climat\/#primaryimage","url":"","contentUrl":""},{"@type":"BreadcrumbList","@id":"https:\/\/kapitalis.com\/tunisie\/2019\/02\/25\/environnement-la-tunisie-sengage-dans-la-finance-climat\/#breadcrumb","itemListElement":[{"@type":"ListItem","position":1,"name":"Accueil","item":"https:\/\/kapitalis.com\/tunisie\/"},{"@type":"ListItem","position":2,"name":"Environnement : La Tunisie s\u2019engage dans la finance climat"}]},{"@type":"WebSite","@id":"https:\/\/kapitalis.com\/tunisie\/#website","url":"https:\/\/kapitalis.com\/tunisie\/","name":"Kapitalis","description":"L&#039;actualit\u00e9 en Tunisie et dans le monde","publisher":{"@id":"https:\/\/kapitalis.com\/tunisie\/#organization"},"potentialAction":[{"@type":"SearchAction","target":{"@type":"EntryPoint","urlTemplate":"https:\/\/kapitalis.com\/tunisie\/?s={search_term_string}"},"query-input":{"@type":"PropertyValueSpecification","valueRequired":true,"valueName":"search_term_string"}}],"inLanguage":"fr-FR"},{"@type":"Organization","@id":"https:\/\/kapitalis.com\/tunisie\/#organization","name":"Kapitalis","url":"https:\/\/kapitalis.com\/tunisie\/","logo":{"@type":"ImageObject","inLanguage":"fr-FR","@id":"https:\/\/kapitalis.com\/tunisie\/#\/schema\/logo\/image\/","url":"https:\/\/kapitalis.com\/tunisie\/wp-content\/uploads\/2022\/05\/Kapitalis-big-size.png","contentUrl":"https:\/\/kapitalis.com\/tunisie\/wp-content\/uploads\/2022\/05\/Kapitalis-big-size.png","width":5000,"height":1500,"caption":"Kapitalis"},"image":{"@id":"https:\/\/kapitalis.com\/tunisie\/#\/schema\/logo\/image\/"},"sameAs":["https:\/\/www.facebook.com\/KapitalisInfo\/","https:\/\/x.com\/KapitalisInfo","https:\/\/www.youtube.com\/channel\/UC-yDYrHyfFBWWZaOw3FPg9Q"]},{"@type":"Person","@id":"https:\/\/kapitalis.com\/tunisie\/#\/schema\/person\/d71f33a9ca44f7bad4698210b480c8e9","name":"webmaster kapitalis","url":"https:\/\/kapitalis.com\/tunisie\/author\/webmaster-kapitalis\/"}]}},"_links":{"self":[{"href":"https:\/\/kapitalis.com\/tunisie\/wp-json\/wp\/v2\/posts\/199678","targetHints":{"allow":["GET"]}}],"collection":[{"href":"https:\/\/kapitalis.com\/tunisie\/wp-json\/wp\/v2\/posts"}],"about":[{"href":"https:\/\/kapitalis.com\/tunisie\/wp-json\/wp\/v2\/types\/post"}],"author":[{"embeddable":true,"href":"https:\/\/kapitalis.com\/tunisie\/wp-json\/wp\/v2\/users\/8"}],"replies":[{"embeddable":true,"href":"https:\/\/kapitalis.com\/tunisie\/wp-json\/wp\/v2\/comments?post=199678"}],"version-history":[{"count":0,"href":"https:\/\/kapitalis.com\/tunisie\/wp-json\/wp\/v2\/posts\/199678\/revisions"}],"wp:featuredmedia":[{"embeddable":true,"href":"https:\/\/kapitalis.com\/tunisie\/wp-json\/wp\/v2\/media\/199679"}],"wp:attachment":[{"href":"https:\/\/kapitalis.com\/tunisie\/wp-json\/wp\/v2\/media?parent=199678"}],"wp:term":[{"taxonomy":"category","embeddable":true,"href":"https:\/\/kapitalis.com\/tunisie\/wp-json\/wp\/v2\/categories?post=199678"},{"taxonomy":"post_tag","embeddable":true,"href":"https:\/\/kapitalis.com\/tunisie\/wp-json\/wp\/v2\/tags?post=199678"}],"curies":[{"name":"wp","href":"https:\/\/api.w.org\/{rel}","templated":true}]}}