{"id":199688,"date":"2019-02-25T12:54:36","date_gmt":"2019-02-25T11:54:36","guid":{"rendered":"http:\/\/kapitalis.com\/tunisie\/?p=199688"},"modified":"2019-02-25T12:54:36","modified_gmt":"2019-02-25T11:54:36","slug":"ossements-decouverts-dans-des-sacs-en-plastique-le-maire-de-sfax-precise","status":"publish","type":"post","link":"https:\/\/kapitalis.com\/tunisie\/2019\/02\/25\/ossements-decouverts-dans-des-sacs-en-plastique-le-maire-de-sfax-precise\/","title":{"rendered":"Ossements d\u00e9couverts dans des sacs en plastique : Le maire de Sfax pr\u00e9cise"},"content":{"rendered":"<p style=\"text-align: center;\"><img loading=\"lazy\" decoding=\"async\" class=\"alignnone size-full wp-image-199693\" src=\"http:\/\/kapitalis.com\/tunisie\/wp-content\/uploads\/2019\/02\/Sfax_cadavres.jpg\" alt=\"\" width=\"626\" height=\"380\" \/><\/p>\n<p><em><strong>Les ossements retrouv\u00e9s dans des sacs en plastique \u00e0 Sfax ont suscit\u00e9 l&rsquo;indignation des internautes sur les r\u00e9seaux sociaux. Le myst\u00e8re n&rsquo;en est pas un&#8230;\u00a0\u00a0<\/strong><\/em><!--more--><\/p>\n<p>\u00ab<em>La municipalit\u00e9 de Sfax a interdit aux habitants de cette ville d&rsquo;enterrer leurs morts dans le cimeti\u00e8re Al-Masla car\u00a0le minist\u00e8re de l&rsquo;Education\u00a0pr\u00e9voit de construire<\/em><em>\u00a0un lyc\u00e9e secondaire sur ce terrain.\u00a0<\/em><em>Le chantier a d\u00e9j\u00e0 commenc\u00e9. Nous avons donc pr\u00e9venu les familles de ce projet pour qu&rsquo;ils puissent transf\u00e9rer les d\u00e9pouilles de leurs morts dans un autre cimeti\u00e8re. Certains l&rsquo;ont fait, tandis que d&rsquo;autres font la sourde oreille. C&rsquo;est pourquoi nous avons pris les choses en main<\/em>\u00bb, a expliqu\u00e9 Mounir Elloumi, maire de la ville, dans une d\u00e9claration \u00e0 Mosa\u00efque FM aujourd&rsquo;hui, lundi 25 f\u00e9vrier 2019.<\/p>\n<p>M. Elloumi a \u00e9galement indiqu\u00e9 que les restes de d\u00e9pouilles, d\u00e9terr\u00e9s du cimeti\u00e8re Al-Masla ont \u00e9t\u00e9 mis dans des sacs en plastique pour \u00eatre r\u00e9-enterr\u00e9s. C&rsquo;est ainsi qu&rsquo;un citoyen a pris des photos de cr\u00e2nes, les a partag\u00e9es massivement sur les r\u00e9seaux sociaux en pr\u00e9tendant avoir retrouv\u00e9 ces ossements dans la rue.<\/p>\n<p>Notons que la municipalit\u00e9 de Sfax a indiqu\u00e9, dans un communiqu\u00e9 publi\u00e9 hier sur sa page Facebook, que les 2900 restes de d\u00e9pouilles d\u00e9terr\u00e9s du cimeti\u00e8re Al-Masla\u00a0seront r\u00e9-enterr\u00e9s dans celui de Lajmi.<\/p>\n<p style=\"text-align: right;\"><strong>E. B. A.<\/strong><\/p>\n","protected":false},"excerpt":{"rendered":"<p>Les ossements retrouv\u00e9s dans des sacs en plastique \u00e0 Sfax ont suscit\u00e9 l&rsquo;indignation des internautes sur les r\u00e9seaux sociaux. Le myst\u00e8re n&rsquo;en est pas un&#8230;\u00a0\u00a0<\/p>\n","protected":false},"author":16,"featured_media":199693,"comment_status":"open","ping_status":"open","sticky":false,"template":"","format":"standard","meta":{"footnotes":""},"categories":[998,2433],"tags":[6945,823],"class_list":["post-199688","post","type-post","status-publish","format-standard","has-post-thumbnail","hentry","category-societe","category-tunisie","tag-cimetiere","tag-sfax"],"yoast_head":"<!-- This site is optimized with the Yoast SEO plugin v26.6 - https:\/\/yoast.com\/wordpress\/plugins\/seo\/ -->\n<title>Ossements d\u00e9couverts dans des sacs en plastique : Le maire de Sfax pr\u00e9cise - Kapitalis<\/title>\n<meta name=\"robots\" content=\"index, follow, max-snippet:-1, max-image-preview:large, max-video-preview:-1\" \/>\n<link rel=\"canonical\" href=\"https:\/\/kapitalis.com\/tunisie\/2019\/02\/25\/ossements-decouverts-dans-des-sacs-en-plastique-le-maire-de-sfax-precise\/\" \/>\n<meta property=\"og:locale\" content=\"fr_FR\" \/>\n<meta property=\"og:type\" content=\"article\" \/>\n<meta property=\"og:title\" content=\"Ossements d\u00e9couverts dans des sacs en plastique : Le maire de Sfax pr\u00e9cise - Kapitalis\" \/>\n<meta property=\"og:description\" content=\"Les ossements retrouv\u00e9s dans des sacs en plastique \u00e0 Sfax ont suscit\u00e9 l&rsquo;indignation des internautes sur les r\u00e9seaux sociaux. Le myst\u00e8re n&rsquo;en est pas un&#8230;\u00a0\u00a0\" \/>\n<meta property=\"og:url\" content=\"https:\/\/kapitalis.com\/tunisie\/2019\/02\/25\/ossements-decouverts-dans-des-sacs-en-plastique-le-maire-de-sfax-precise\/\" \/>\n<meta property=\"og:site_name\" content=\"Kapitalis\" \/>\n<meta property=\"article:publisher\" content=\"https:\/\/www.facebook.com\/KapitalisInfo\/\" \/>\n<meta property=\"article:published_time\" content=\"2019-02-25T11:54:36+00:00\" \/>\n<meta property=\"og:image\" content=\"https:\/\/kapitalis.com\/tunisie\/wp-content\/uploads\/2022\/05\/kapitalis-logo-fb.png\" \/>\n\t<meta property=\"og:image:width\" content=\"1200\" \/>\n\t<meta property=\"og:image:height\" content=\"630\" \/>\n\t<meta property=\"og:image:type\" content=\"image\/png\" \/>\n<meta name=\"author\" content=\"emna benabdallah\" \/>\n<meta name=\"twitter:card\" content=\"summary_large_image\" \/>\n<meta name=\"twitter:creator\" content=\"@KapitalisInfo\" \/>\n<meta name=\"twitter:site\" content=\"@KapitalisInfo\" \/>\n<meta name=\"twitter:label1\" content=\"\u00c9crit par\" \/>\n\t<meta name=\"twitter:data1\" content=\"emna benabdallah\" \/>\n\t<meta name=\"twitter:label2\" content=\"Dur\u00e9e de lecture estim\u00e9e\" \/>\n\t<meta name=\"twitter:data2\" content=\"1 minute\" \/>\n<script type=\"application\/ld+json\" class=\"yoast-schema-graph\">{\"@context\":\"https:\/\/schema.org\",\"@graph\":[{\"@type\":\"Article\",\"@id\":\"https:\/\/kapitalis.com\/tunisie\/2019\/02\/25\/ossements-decouverts-dans-des-sacs-en-plastique-le-maire-de-sfax-precise\/#article\",\"isPartOf\":{\"@id\":\"https:\/\/kapitalis.com\/tunisie\/2019\/02\/25\/ossements-decouverts-dans-des-sacs-en-plastique-le-maire-de-sfax-precise\/\"},\"author\":{\"name\":\"emna benabdallah\",\"@id\":\"https:\/\/kapitalis.com\/tunisie\/#\/schema\/person\/2c6e134b2f3369dffcd1daf5f087d28b\"},\"headline\":\"Ossements d\u00e9couverts dans des sacs en plastique : Le maire de Sfax pr\u00e9cise\",\"datePublished\":\"2019-02-25T11:54:36+00:00\",\"mainEntityOfPage\":{\"@id\":\"https:\/\/kapitalis.com\/tunisie\/2019\/02\/25\/ossements-decouverts-dans-des-sacs-en-plastique-le-maire-de-sfax-precise\/\"},\"wordCount\":250,\"commentCount\":0,\"publisher\":{\"@id\":\"https:\/\/kapitalis.com\/tunisie\/#organization\"},\"image\":{\"@id\":\"https:\/\/kapitalis.com\/tunisie\/2019\/02\/25\/ossements-decouverts-dans-des-sacs-en-plastique-le-maire-de-sfax-precise\/#primaryimage\"},\"thumbnailUrl\":\"\",\"keywords\":[\"cimeti\u00e8re\",\"Sfax\"],\"articleSection\":[\"SOCIETE\",\"Tunisie\"],\"inLanguage\":\"fr-FR\",\"potentialAction\":[{\"@type\":\"CommentAction\",\"name\":\"Comment\",\"target\":[\"https:\/\/kapitalis.com\/tunisie\/2019\/02\/25\/ossements-decouverts-dans-des-sacs-en-plastique-le-maire-de-sfax-precise\/#respond\"]}]},{\"@type\":\"WebPage\",\"@id\":\"https:\/\/kapitalis.com\/tunisie\/2019\/02\/25\/ossements-decouverts-dans-des-sacs-en-plastique-le-maire-de-sfax-precise\/\",\"url\":\"https:\/\/kapitalis.com\/tunisie\/2019\/02\/25\/ossements-decouverts-dans-des-sacs-en-plastique-le-maire-de-sfax-precise\/\",\"name\":\"Ossements d\u00e9couverts dans des sacs en plastique : Le maire de Sfax pr\u00e9cise - Kapitalis\",\"isPartOf\":{\"@id\":\"https:\/\/kapitalis.com\/tunisie\/#website\"},\"primaryImageOfPage\":{\"@id\":\"https:\/\/kapitalis.com\/tunisie\/2019\/02\/25\/ossements-decouverts-dans-des-sacs-en-plastique-le-maire-de-sfax-precise\/#primaryimage\"},\"image\":{\"@id\":\"https:\/\/kapitalis.com\/tunisie\/2019\/02\/25\/ossements-decouverts-dans-des-sacs-en-plastique-le-maire-de-sfax-precise\/#primaryimage\"},\"thumbnailUrl\":\"\",\"datePublished\":\"2019-02-25T11:54:36+00:00\",\"breadcrumb\":{\"@id\":\"https:\/\/kapitalis.com\/tunisie\/2019\/02\/25\/ossements-decouverts-dans-des-sacs-en-plastique-le-maire-de-sfax-precise\/#breadcrumb\"},\"inLanguage\":\"fr-FR\",\"potentialAction\":[{\"@type\":\"ReadAction\",\"target\":[\"https:\/\/kapitalis.com\/tunisie\/2019\/02\/25\/ossements-decouverts-dans-des-sacs-en-plastique-le-maire-de-sfax-precise\/\"]}]},{\"@type\":\"ImageObject\",\"inLanguage\":\"fr-FR\",\"@id\":\"https:\/\/kapitalis.com\/tunisie\/2019\/02\/25\/ossements-decouverts-dans-des-sacs-en-plastique-le-maire-de-sfax-precise\/#primaryimage\",\"url\":\"\",\"contentUrl\":\"\"},{\"@type\":\"BreadcrumbList\",\"@id\":\"https:\/\/kapitalis.com\/tunisie\/2019\/02\/25\/ossements-decouverts-dans-des-sacs-en-plastique-le-maire-de-sfax-precise\/#breadcrumb\",\"itemListElement\":[{\"@type\":\"ListItem\",\"position\":1,\"name\":\"Accueil\",\"item\":\"https:\/\/kapitalis.com\/tunisie\/\"},{\"@type\":\"ListItem\",\"position\":2,\"name\":\"Ossements d\u00e9couverts dans des sacs en plastique : Le maire de Sfax pr\u00e9cise\"}]},{\"@type\":\"WebSite\",\"@id\":\"https:\/\/kapitalis.com\/tunisie\/#website\",\"url\":\"https:\/\/kapitalis.com\/tunisie\/\",\"name\":\"Kapitalis\",\"description\":\"L&#039;actualit\u00e9 en Tunisie et dans le monde\",\"publisher\":{\"@id\":\"https:\/\/kapitalis.com\/tunisie\/#organization\"},\"potentialAction\":[{\"@type\":\"SearchAction\",\"target\":{\"@type\":\"EntryPoint\",\"urlTemplate\":\"https:\/\/kapitalis.com\/tunisie\/?s={search_term_string}\"},\"query-input\":{\"@type\":\"PropertyValueSpecification\",\"valueRequired\":true,\"valueName\":\"search_term_string\"}}],\"inLanguage\":\"fr-FR\"},{\"@type\":\"Organization\",\"@id\":\"https:\/\/kapitalis.com\/tunisie\/#organization\",\"name\":\"Kapitalis\",\"url\":\"https:\/\/kapitalis.com\/tunisie\/\",\"logo\":{\"@type\":\"ImageObject\",\"inLanguage\":\"fr-FR\",\"@id\":\"https:\/\/kapitalis.com\/tunisie\/#\/schema\/logo\/image\/\",\"url\":\"https:\/\/kapitalis.com\/tunisie\/wp-content\/uploads\/2022\/05\/Kapitalis-big-size.png\",\"contentUrl\":\"https:\/\/kapitalis.com\/tunisie\/wp-content\/uploads\/2022\/05\/Kapitalis-big-size.png\",\"width\":5000,\"height\":1500,\"caption\":\"Kapitalis\"},\"image\":{\"@id\":\"https:\/\/kapitalis.com\/tunisie\/#\/schema\/logo\/image\/\"},\"sameAs\":[\"https:\/\/www.facebook.com\/KapitalisInfo\/\",\"https:\/\/x.com\/KapitalisInfo\",\"https:\/\/www.youtube.com\/channel\/UC-yDYrHyfFBWWZaOw3FPg9Q\"]},{\"@type\":\"Person\",\"@id\":\"https:\/\/kapitalis.com\/tunisie\/#\/schema\/person\/2c6e134b2f3369dffcd1daf5f087d28b\",\"name\":\"emna benabdallah\",\"url\":\"https:\/\/kapitalis.com\/tunisie\/author\/emna\/\"}]}<\/script>\n<!-- \/ Yoast SEO plugin. -->","yoast_head_json":{"title":"Ossements d\u00e9couverts dans des sacs en plastique : Le maire de Sfax pr\u00e9cise - Kapitalis","robots":{"index":"index","follow":"follow","max-snippet":"max-snippet:-1","max-image-preview":"max-image-preview:large","max-video-preview":"max-video-preview:-1"},"canonical":"https:\/\/kapitalis.com\/tunisie\/2019\/02\/25\/ossements-decouverts-dans-des-sacs-en-plastique-le-maire-de-sfax-precise\/","og_locale":"fr_FR","og_type":"article","og_title":"Ossements d\u00e9couverts dans des sacs en plastique : Le maire de Sfax pr\u00e9cise - Kapitalis","og_description":"Les ossements retrouv\u00e9s dans des sacs en plastique \u00e0 Sfax ont suscit\u00e9 l&rsquo;indignation des internautes sur les r\u00e9seaux sociaux. Le myst\u00e8re n&rsquo;en est pas un&#8230;\u00a0\u00a0","og_url":"https:\/\/kapitalis.com\/tunisie\/2019\/02\/25\/ossements-decouverts-dans-des-sacs-en-plastique-le-maire-de-sfax-precise\/","og_site_name":"Kapitalis","article_publisher":"https:\/\/www.facebook.com\/KapitalisInfo\/","article_published_time":"2019-02-25T11:54:36+00:00","og_image":[{"width":1200,"height":630,"url":"https:\/\/kapitalis.com\/tunisie\/wp-content\/uploads\/2022\/05\/kapitalis-logo-fb.png","type":"image\/png"}],"author":"emna benabdallah","twitter_card":"summary_large_image","twitter_creator":"@KapitalisInfo","twitter_site":"@KapitalisInfo","twitter_misc":{"\u00c9crit par":"emna benabdallah","Dur\u00e9e de lecture estim\u00e9e":"1 minute"},"schema":{"@context":"https:\/\/schema.org","@graph":[{"@type":"Article","@id":"https:\/\/kapitalis.com\/tunisie\/2019\/02\/25\/ossements-decouverts-dans-des-sacs-en-plastique-le-maire-de-sfax-precise\/#article","isPartOf":{"@id":"https:\/\/kapitalis.com\/tunisie\/2019\/02\/25\/ossements-decouverts-dans-des-sacs-en-plastique-le-maire-de-sfax-precise\/"},"author":{"name":"emna benabdallah","@id":"https:\/\/kapitalis.com\/tunisie\/#\/schema\/person\/2c6e134b2f3369dffcd1daf5f087d28b"},"headline":"Ossements d\u00e9couverts dans des sacs en plastique : Le maire de Sfax pr\u00e9cise","datePublished":"2019-02-25T11:54:36+00:00","mainEntityOfPage":{"@id":"https:\/\/kapitalis.com\/tunisie\/2019\/02\/25\/ossements-decouverts-dans-des-sacs-en-plastique-le-maire-de-sfax-precise\/"},"wordCount":250,"commentCount":0,"publisher":{"@id":"https:\/\/kapitalis.com\/tunisie\/#organization"},"image":{"@id":"https:\/\/kapitalis.com\/tunisie\/2019\/02\/25\/ossements-decouverts-dans-des-sacs-en-plastique-le-maire-de-sfax-precise\/#primaryimage"},"thumbnailUrl":"","keywords":["cimeti\u00e8re","Sfax"],"articleSection":["SOCIETE","Tunisie"],"inLanguage":"fr-FR","potentialAction":[{"@type":"CommentAction","name":"Comment","target":["https:\/\/kapitalis.com\/tunisie\/2019\/02\/25\/ossements-decouverts-dans-des-sacs-en-plastique-le-maire-de-sfax-precise\/#respond"]}]},{"@type":"WebPage","@id":"https:\/\/kapitalis.com\/tunisie\/2019\/02\/25\/ossements-decouverts-dans-des-sacs-en-plastique-le-maire-de-sfax-precise\/","url":"https:\/\/kapitalis.com\/tunisie\/2019\/02\/25\/ossements-decouverts-dans-des-sacs-en-plastique-le-maire-de-sfax-precise\/","name":"Ossements d\u00e9couverts dans des sacs en plastique : Le maire de Sfax pr\u00e9cise - Kapitalis","isPartOf":{"@id":"https:\/\/kapitalis.com\/tunisie\/#website"},"primaryImageOfPage":{"@id":"https:\/\/kapitalis.com\/tunisie\/2019\/02\/25\/ossements-decouverts-dans-des-sacs-en-plastique-le-maire-de-sfax-precise\/#primaryimage"},"image":{"@id":"https:\/\/kapitalis.com\/tunisie\/2019\/02\/25\/ossements-decouverts-dans-des-sacs-en-plastique-le-maire-de-sfax-precise\/#primaryimage"},"thumbnailUrl":"","datePublished":"2019-02-25T11:54:36+00:00","breadcrumb":{"@id":"https:\/\/kapitalis.com\/tunisie\/2019\/02\/25\/ossements-decouverts-dans-des-sacs-en-plastique-le-maire-de-sfax-precise\/#breadcrumb"},"inLanguage":"fr-FR","potentialAction":[{"@type":"ReadAction","target":["https:\/\/kapitalis.com\/tunisie\/2019\/02\/25\/ossements-decouverts-dans-des-sacs-en-plastique-le-maire-de-sfax-precise\/"]}]},{"@type":"ImageObject","inLanguage":"fr-FR","@id":"https:\/\/kapitalis.com\/tunisie\/2019\/02\/25\/ossements-decouverts-dans-des-sacs-en-plastique-le-maire-de-sfax-precise\/#primaryimage","url":"","contentUrl":""},{"@type":"BreadcrumbList","@id":"https:\/\/kapitalis.com\/tunisie\/2019\/02\/25\/ossements-decouverts-dans-des-sacs-en-plastique-le-maire-de-sfax-precise\/#breadcrumb","itemListElement":[{"@type":"ListItem","position":1,"name":"Accueil","item":"https:\/\/kapitalis.com\/tunisie\/"},{"@type":"ListItem","position":2,"name":"Ossements d\u00e9couverts dans des sacs en plastique : Le maire de Sfax pr\u00e9cise"}]},{"@type":"WebSite","@id":"https:\/\/kapitalis.com\/tunisie\/#website","url":"https:\/\/kapitalis.com\/tunisie\/","name":"Kapitalis","description":"L&#039;actualit\u00e9 en Tunisie et dans le monde","publisher":{"@id":"https:\/\/kapitalis.com\/tunisie\/#organization"},"potentialAction":[{"@type":"SearchAction","target":{"@type":"EntryPoint","urlTemplate":"https:\/\/kapitalis.com\/tunisie\/?s={search_term_string}"},"query-input":{"@type":"PropertyValueSpecification","valueRequired":true,"valueName":"search_term_string"}}],"inLanguage":"fr-FR"},{"@type":"Organization","@id":"https:\/\/kapitalis.com\/tunisie\/#organization","name":"Kapitalis","url":"https:\/\/kapitalis.com\/tunisie\/","logo":{"@type":"ImageObject","inLanguage":"fr-FR","@id":"https:\/\/kapitalis.com\/tunisie\/#\/schema\/logo\/image\/","url":"https:\/\/kapitalis.com\/tunisie\/wp-content\/uploads\/2022\/05\/Kapitalis-big-size.png","contentUrl":"https:\/\/kapitalis.com\/tunisie\/wp-content\/uploads\/2022\/05\/Kapitalis-big-size.png","width":5000,"height":1500,"caption":"Kapitalis"},"image":{"@id":"https:\/\/kapitalis.com\/tunisie\/#\/schema\/logo\/image\/"},"sameAs":["https:\/\/www.facebook.com\/KapitalisInfo\/","https:\/\/x.com\/KapitalisInfo","https:\/\/www.youtube.com\/channel\/UC-yDYrHyfFBWWZaOw3FPg9Q"]},{"@type":"Person","@id":"https:\/\/kapitalis.com\/tunisie\/#\/schema\/person\/2c6e134b2f3369dffcd1daf5f087d28b","name":"emna benabdallah","url":"https:\/\/kapitalis.com\/tunisie\/author\/emna\/"}]}},"_links":{"self":[{"href":"https:\/\/kapitalis.com\/tunisie\/wp-json\/wp\/v2\/posts\/199688","targetHints":{"allow":["GET"]}}],"collection":[{"href":"https:\/\/kapitalis.com\/tunisie\/wp-json\/wp\/v2\/posts"}],"about":[{"href":"https:\/\/kapitalis.com\/tunisie\/wp-json\/wp\/v2\/types\/post"}],"author":[{"embeddable":true,"href":"https:\/\/kapitalis.com\/tunisie\/wp-json\/wp\/v2\/users\/16"}],"replies":[{"embeddable":true,"href":"https:\/\/kapitalis.com\/tunisie\/wp-json\/wp\/v2\/comments?post=199688"}],"version-history":[{"count":0,"href":"https:\/\/kapitalis.com\/tunisie\/wp-json\/wp\/v2\/posts\/199688\/revisions"}],"wp:featuredmedia":[{"embeddable":true,"href":"https:\/\/kapitalis.com\/tunisie\/wp-json\/wp\/v2\/media\/199693"}],"wp:attachment":[{"href":"https:\/\/kapitalis.com\/tunisie\/wp-json\/wp\/v2\/media?parent=199688"}],"wp:term":[{"taxonomy":"category","embeddable":true,"href":"https:\/\/kapitalis.com\/tunisie\/wp-json\/wp\/v2\/categories?post=199688"},{"taxonomy":"post_tag","embeddable":true,"href":"https:\/\/kapitalis.com\/tunisie\/wp-json\/wp\/v2\/tags?post=199688"}],"curies":[{"name":"wp","href":"https:\/\/api.w.org\/{rel}","templated":true}]}}