{"id":199748,"date":"2019-02-25T13:42:29","date_gmt":"2019-02-25T12:42:29","guid":{"rendered":"http:\/\/kapitalis.com\/tunisie\/?p=199748"},"modified":"2019-02-25T13:42:29","modified_gmt":"2019-02-25T12:42:29","slug":"grand-tech-2019-dieee-insat-les-realites-virtuelle-augmentee-et-mixte","status":"publish","type":"post","link":"https:\/\/kapitalis.com\/tunisie\/2019\/02\/25\/grand-tech-2019-dieee-insat-les-realites-virtuelle-augmentee-et-mixte\/","title":{"rendered":"Grand Tech 2019 d\u2019IEEE Insat : Les r\u00e9alit\u00e9s virtuelle, augment\u00e9e et mixte"},"content":{"rendered":"<p style=\"text-align: center;\"><img loading=\"lazy\" decoding=\"async\" class=\"alignnone size-full wp-image-199749\" src=\"http:\/\/kapitalis.com\/tunisie\/wp-content\/uploads\/2019\/02\/Grand-Tech-Insat.jpg\" alt=\"\" width=\"626\" height=\"380\" \/><\/p>\n<p><em><strong>IEEE Insat, la plus grande branche de IEEE dans la r\u00e9gion 8, comprenant l&rsquo;Europe, l\u2019Afrique du Nord et le Moyen-Orient, dont l\u2019une de ses plus grandes branches e\ufb06 le Computer Society, organise son Grand Tech le 17, 18 et 19 mars 2019.<\/strong><\/em><\/p>\n<p><!--more--><\/p>\n<p>Gr\u00e2ce \u00e0 l\u2019implication et l\u2019innovation continues de ses membres, le Computer SocietyChapter de IEEE Insat SB a pu assurer le succ\u00e8s d&rsquo;un congr\u00e8s national sur les nouvelles technologies et leurs applications dans les diff\u00e9rents domaines de l\u2019ing\u00e9nierie. Ce congr\u00e8s, ou Grand Tech, est le plus important rendez-vous national des \u00e9tudiants et des jeunes professionnels, membres de IEEE.<\/p>\n<p>Le Grand Tech 2019, qui sera un congr\u00e8s enti\u00e8rement revisit\u00e9 et qui aura lieu le 17, 18 et 19 mars 2019. Il vise \u00e0 r\u00e9fl\u00e9chir sur l\u2019importance du d\u00e9veloppement technologique dans divers domaines et incite \u00e0 l\u2019innovation continue.<\/p>\n<p>Le th\u00e8me de cette \u00e9dition portera sur la r\u00e9alit\u00e9 virtuelle, la r\u00e9alit\u00e9 augment\u00e9e et la r\u00e9alit\u00e9 mixte.<\/p>\n<p>Les journ\u00e9es de notre conf\u00e9rence seront une immersion totale dans un monde virtuel m\u00eal\u00e9 \u00e0 la r\u00e9alit\u00e9, o\u00f9 les workshops et les conf\u00e9rences se succ\u00e9deront sur cette technologie totalement innovante.<\/p>\n<p><em><strong>Source<\/strong><\/em> : communiqu\u00e9.<\/p>\n","protected":false},"excerpt":{"rendered":"<p>IEEE Insat, la plus grande branche de IEEE dans la r\u00e9gion 8, comprenant l&rsquo;Europe, l\u2019Afrique du Nord et le Moyen-Orient, dont l\u2019une de ses plus grandes branches e\ufb06 le Computer Society, organise son Grand Tech le 17, 18 et 19 mars 2019.<\/p>\n","protected":false},"author":8,"featured_media":199749,"comment_status":"open","ping_status":"open","sticky":false,"template":"","format":"standard","meta":{"footnotes":""},"categories":[995,2433],"tags":[],"class_list":["post-199748","post","type-post","status-publish","format-standard","has-post-thumbnail","hentry","category-economie","category-tunisie"],"yoast_head":"<!-- This site is optimized with the Yoast SEO plugin v26.6 - https:\/\/yoast.com\/wordpress\/plugins\/seo\/ -->\n<title>Grand Tech 2019 d\u2019IEEE Insat : Les r\u00e9alit\u00e9s virtuelle, augment\u00e9e et mixte - Kapitalis<\/title>\n<meta name=\"robots\" content=\"index, follow, max-snippet:-1, max-image-preview:large, max-video-preview:-1\" \/>\n<link rel=\"canonical\" href=\"https:\/\/kapitalis.com\/tunisie\/2019\/02\/25\/grand-tech-2019-dieee-insat-les-realites-virtuelle-augmentee-et-mixte\/\" \/>\n<meta property=\"og:locale\" content=\"fr_FR\" \/>\n<meta property=\"og:type\" content=\"article\" \/>\n<meta property=\"og:title\" content=\"Grand Tech 2019 d\u2019IEEE Insat : Les r\u00e9alit\u00e9s virtuelle, augment\u00e9e et mixte - Kapitalis\" \/>\n<meta property=\"og:description\" content=\"IEEE Insat, la plus grande branche de IEEE dans la r\u00e9gion 8, comprenant l&rsquo;Europe, l\u2019Afrique du Nord et le Moyen-Orient, dont l\u2019une de ses plus grandes branches e\ufb06 le Computer Society, organise son Grand Tech le 17, 18 et 19 mars 2019.\" \/>\n<meta property=\"og:url\" content=\"https:\/\/kapitalis.com\/tunisie\/2019\/02\/25\/grand-tech-2019-dieee-insat-les-realites-virtuelle-augmentee-et-mixte\/\" \/>\n<meta property=\"og:site_name\" content=\"Kapitalis\" \/>\n<meta property=\"article:publisher\" content=\"https:\/\/www.facebook.com\/KapitalisInfo\/\" \/>\n<meta property=\"article:published_time\" content=\"2019-02-25T12:42:29+00:00\" \/>\n<meta property=\"og:image\" content=\"https:\/\/kapitalis.com\/tunisie\/wp-content\/uploads\/2022\/05\/kapitalis-logo-fb.png\" \/>\n\t<meta property=\"og:image:width\" content=\"1200\" \/>\n\t<meta property=\"og:image:height\" content=\"630\" \/>\n\t<meta property=\"og:image:type\" content=\"image\/png\" \/>\n<meta name=\"author\" content=\"webmaster kapitalis\" \/>\n<meta name=\"twitter:card\" content=\"summary_large_image\" \/>\n<meta name=\"twitter:creator\" content=\"@KapitalisInfo\" \/>\n<meta name=\"twitter:site\" content=\"@KapitalisInfo\" \/>\n<meta name=\"twitter:label1\" content=\"\u00c9crit par\" \/>\n\t<meta name=\"twitter:data1\" content=\"webmaster kapitalis\" \/>\n\t<meta name=\"twitter:label2\" content=\"Dur\u00e9e de lecture estim\u00e9e\" \/>\n\t<meta name=\"twitter:data2\" content=\"1 minute\" \/>\n<script type=\"application\/ld+json\" class=\"yoast-schema-graph\">{\"@context\":\"https:\/\/schema.org\",\"@graph\":[{\"@type\":\"Article\",\"@id\":\"https:\/\/kapitalis.com\/tunisie\/2019\/02\/25\/grand-tech-2019-dieee-insat-les-realites-virtuelle-augmentee-et-mixte\/#article\",\"isPartOf\":{\"@id\":\"https:\/\/kapitalis.com\/tunisie\/2019\/02\/25\/grand-tech-2019-dieee-insat-les-realites-virtuelle-augmentee-et-mixte\/\"},\"author\":{\"name\":\"webmaster kapitalis\",\"@id\":\"https:\/\/kapitalis.com\/tunisie\/#\/schema\/person\/d71f33a9ca44f7bad4698210b480c8e9\"},\"headline\":\"Grand Tech 2019 d\u2019IEEE Insat : Les r\u00e9alit\u00e9s virtuelle, augment\u00e9e et mixte\",\"datePublished\":\"2019-02-25T12:42:29+00:00\",\"mainEntityOfPage\":{\"@id\":\"https:\/\/kapitalis.com\/tunisie\/2019\/02\/25\/grand-tech-2019-dieee-insat-les-realites-virtuelle-augmentee-et-mixte\/\"},\"wordCount\":216,\"commentCount\":0,\"publisher\":{\"@id\":\"https:\/\/kapitalis.com\/tunisie\/#organization\"},\"image\":{\"@id\":\"https:\/\/kapitalis.com\/tunisie\/2019\/02\/25\/grand-tech-2019-dieee-insat-les-realites-virtuelle-augmentee-et-mixte\/#primaryimage\"},\"thumbnailUrl\":\"\",\"articleSection\":[\"ECONOMIE\",\"Tunisie\"],\"inLanguage\":\"fr-FR\",\"potentialAction\":[{\"@type\":\"CommentAction\",\"name\":\"Comment\",\"target\":[\"https:\/\/kapitalis.com\/tunisie\/2019\/02\/25\/grand-tech-2019-dieee-insat-les-realites-virtuelle-augmentee-et-mixte\/#respond\"]}]},{\"@type\":\"WebPage\",\"@id\":\"https:\/\/kapitalis.com\/tunisie\/2019\/02\/25\/grand-tech-2019-dieee-insat-les-realites-virtuelle-augmentee-et-mixte\/\",\"url\":\"https:\/\/kapitalis.com\/tunisie\/2019\/02\/25\/grand-tech-2019-dieee-insat-les-realites-virtuelle-augmentee-et-mixte\/\",\"name\":\"Grand Tech 2019 d\u2019IEEE Insat : Les r\u00e9alit\u00e9s virtuelle, augment\u00e9e et mixte - Kapitalis\",\"isPartOf\":{\"@id\":\"https:\/\/kapitalis.com\/tunisie\/#website\"},\"primaryImageOfPage\":{\"@id\":\"https:\/\/kapitalis.com\/tunisie\/2019\/02\/25\/grand-tech-2019-dieee-insat-les-realites-virtuelle-augmentee-et-mixte\/#primaryimage\"},\"image\":{\"@id\":\"https:\/\/kapitalis.com\/tunisie\/2019\/02\/25\/grand-tech-2019-dieee-insat-les-realites-virtuelle-augmentee-et-mixte\/#primaryimage\"},\"thumbnailUrl\":\"\",\"datePublished\":\"2019-02-25T12:42:29+00:00\",\"breadcrumb\":{\"@id\":\"https:\/\/kapitalis.com\/tunisie\/2019\/02\/25\/grand-tech-2019-dieee-insat-les-realites-virtuelle-augmentee-et-mixte\/#breadcrumb\"},\"inLanguage\":\"fr-FR\",\"potentialAction\":[{\"@type\":\"ReadAction\",\"target\":[\"https:\/\/kapitalis.com\/tunisie\/2019\/02\/25\/grand-tech-2019-dieee-insat-les-realites-virtuelle-augmentee-et-mixte\/\"]}]},{\"@type\":\"ImageObject\",\"inLanguage\":\"fr-FR\",\"@id\":\"https:\/\/kapitalis.com\/tunisie\/2019\/02\/25\/grand-tech-2019-dieee-insat-les-realites-virtuelle-augmentee-et-mixte\/#primaryimage\",\"url\":\"\",\"contentUrl\":\"\"},{\"@type\":\"BreadcrumbList\",\"@id\":\"https:\/\/kapitalis.com\/tunisie\/2019\/02\/25\/grand-tech-2019-dieee-insat-les-realites-virtuelle-augmentee-et-mixte\/#breadcrumb\",\"itemListElement\":[{\"@type\":\"ListItem\",\"position\":1,\"name\":\"Accueil\",\"item\":\"https:\/\/kapitalis.com\/tunisie\/\"},{\"@type\":\"ListItem\",\"position\":2,\"name\":\"Grand Tech 2019 d\u2019IEEE Insat : Les r\u00e9alit\u00e9s virtuelle, augment\u00e9e et mixte\"}]},{\"@type\":\"WebSite\",\"@id\":\"https:\/\/kapitalis.com\/tunisie\/#website\",\"url\":\"https:\/\/kapitalis.com\/tunisie\/\",\"name\":\"Kapitalis\",\"description\":\"L&#039;actualit\u00e9 en Tunisie et dans le monde\",\"publisher\":{\"@id\":\"https:\/\/kapitalis.com\/tunisie\/#organization\"},\"potentialAction\":[{\"@type\":\"SearchAction\",\"target\":{\"@type\":\"EntryPoint\",\"urlTemplate\":\"https:\/\/kapitalis.com\/tunisie\/?s={search_term_string}\"},\"query-input\":{\"@type\":\"PropertyValueSpecification\",\"valueRequired\":true,\"valueName\":\"search_term_string\"}}],\"inLanguage\":\"fr-FR\"},{\"@type\":\"Organization\",\"@id\":\"https:\/\/kapitalis.com\/tunisie\/#organization\",\"name\":\"Kapitalis\",\"url\":\"https:\/\/kapitalis.com\/tunisie\/\",\"logo\":{\"@type\":\"ImageObject\",\"inLanguage\":\"fr-FR\",\"@id\":\"https:\/\/kapitalis.com\/tunisie\/#\/schema\/logo\/image\/\",\"url\":\"https:\/\/kapitalis.com\/tunisie\/wp-content\/uploads\/2022\/05\/Kapitalis-big-size.png\",\"contentUrl\":\"https:\/\/kapitalis.com\/tunisie\/wp-content\/uploads\/2022\/05\/Kapitalis-big-size.png\",\"width\":5000,\"height\":1500,\"caption\":\"Kapitalis\"},\"image\":{\"@id\":\"https:\/\/kapitalis.com\/tunisie\/#\/schema\/logo\/image\/\"},\"sameAs\":[\"https:\/\/www.facebook.com\/KapitalisInfo\/\",\"https:\/\/x.com\/KapitalisInfo\",\"https:\/\/www.youtube.com\/channel\/UC-yDYrHyfFBWWZaOw3FPg9Q\"]},{\"@type\":\"Person\",\"@id\":\"https:\/\/kapitalis.com\/tunisie\/#\/schema\/person\/d71f33a9ca44f7bad4698210b480c8e9\",\"name\":\"webmaster kapitalis\",\"url\":\"https:\/\/kapitalis.com\/tunisie\/author\/webmaster-kapitalis\/\"}]}<\/script>\n<!-- \/ Yoast SEO plugin. -->","yoast_head_json":{"title":"Grand Tech 2019 d\u2019IEEE Insat : Les r\u00e9alit\u00e9s virtuelle, augment\u00e9e et mixte - Kapitalis","robots":{"index":"index","follow":"follow","max-snippet":"max-snippet:-1","max-image-preview":"max-image-preview:large","max-video-preview":"max-video-preview:-1"},"canonical":"https:\/\/kapitalis.com\/tunisie\/2019\/02\/25\/grand-tech-2019-dieee-insat-les-realites-virtuelle-augmentee-et-mixte\/","og_locale":"fr_FR","og_type":"article","og_title":"Grand Tech 2019 d\u2019IEEE Insat : Les r\u00e9alit\u00e9s virtuelle, augment\u00e9e et mixte - Kapitalis","og_description":"IEEE Insat, la plus grande branche de IEEE dans la r\u00e9gion 8, comprenant l&rsquo;Europe, l\u2019Afrique du Nord et le Moyen-Orient, dont l\u2019une de ses plus grandes branches e\ufb06 le Computer Society, organise son Grand Tech le 17, 18 et 19 mars 2019.","og_url":"https:\/\/kapitalis.com\/tunisie\/2019\/02\/25\/grand-tech-2019-dieee-insat-les-realites-virtuelle-augmentee-et-mixte\/","og_site_name":"Kapitalis","article_publisher":"https:\/\/www.facebook.com\/KapitalisInfo\/","article_published_time":"2019-02-25T12:42:29+00:00","og_image":[{"width":1200,"height":630,"url":"https:\/\/kapitalis.com\/tunisie\/wp-content\/uploads\/2022\/05\/kapitalis-logo-fb.png","type":"image\/png"}],"author":"webmaster kapitalis","twitter_card":"summary_large_image","twitter_creator":"@KapitalisInfo","twitter_site":"@KapitalisInfo","twitter_misc":{"\u00c9crit par":"webmaster kapitalis","Dur\u00e9e de lecture estim\u00e9e":"1 minute"},"schema":{"@context":"https:\/\/schema.org","@graph":[{"@type":"Article","@id":"https:\/\/kapitalis.com\/tunisie\/2019\/02\/25\/grand-tech-2019-dieee-insat-les-realites-virtuelle-augmentee-et-mixte\/#article","isPartOf":{"@id":"https:\/\/kapitalis.com\/tunisie\/2019\/02\/25\/grand-tech-2019-dieee-insat-les-realites-virtuelle-augmentee-et-mixte\/"},"author":{"name":"webmaster kapitalis","@id":"https:\/\/kapitalis.com\/tunisie\/#\/schema\/person\/d71f33a9ca44f7bad4698210b480c8e9"},"headline":"Grand Tech 2019 d\u2019IEEE Insat : Les r\u00e9alit\u00e9s virtuelle, augment\u00e9e et mixte","datePublished":"2019-02-25T12:42:29+00:00","mainEntityOfPage":{"@id":"https:\/\/kapitalis.com\/tunisie\/2019\/02\/25\/grand-tech-2019-dieee-insat-les-realites-virtuelle-augmentee-et-mixte\/"},"wordCount":216,"commentCount":0,"publisher":{"@id":"https:\/\/kapitalis.com\/tunisie\/#organization"},"image":{"@id":"https:\/\/kapitalis.com\/tunisie\/2019\/02\/25\/grand-tech-2019-dieee-insat-les-realites-virtuelle-augmentee-et-mixte\/#primaryimage"},"thumbnailUrl":"","articleSection":["ECONOMIE","Tunisie"],"inLanguage":"fr-FR","potentialAction":[{"@type":"CommentAction","name":"Comment","target":["https:\/\/kapitalis.com\/tunisie\/2019\/02\/25\/grand-tech-2019-dieee-insat-les-realites-virtuelle-augmentee-et-mixte\/#respond"]}]},{"@type":"WebPage","@id":"https:\/\/kapitalis.com\/tunisie\/2019\/02\/25\/grand-tech-2019-dieee-insat-les-realites-virtuelle-augmentee-et-mixte\/","url":"https:\/\/kapitalis.com\/tunisie\/2019\/02\/25\/grand-tech-2019-dieee-insat-les-realites-virtuelle-augmentee-et-mixte\/","name":"Grand Tech 2019 d\u2019IEEE Insat : Les r\u00e9alit\u00e9s virtuelle, augment\u00e9e et mixte - Kapitalis","isPartOf":{"@id":"https:\/\/kapitalis.com\/tunisie\/#website"},"primaryImageOfPage":{"@id":"https:\/\/kapitalis.com\/tunisie\/2019\/02\/25\/grand-tech-2019-dieee-insat-les-realites-virtuelle-augmentee-et-mixte\/#primaryimage"},"image":{"@id":"https:\/\/kapitalis.com\/tunisie\/2019\/02\/25\/grand-tech-2019-dieee-insat-les-realites-virtuelle-augmentee-et-mixte\/#primaryimage"},"thumbnailUrl":"","datePublished":"2019-02-25T12:42:29+00:00","breadcrumb":{"@id":"https:\/\/kapitalis.com\/tunisie\/2019\/02\/25\/grand-tech-2019-dieee-insat-les-realites-virtuelle-augmentee-et-mixte\/#breadcrumb"},"inLanguage":"fr-FR","potentialAction":[{"@type":"ReadAction","target":["https:\/\/kapitalis.com\/tunisie\/2019\/02\/25\/grand-tech-2019-dieee-insat-les-realites-virtuelle-augmentee-et-mixte\/"]}]},{"@type":"ImageObject","inLanguage":"fr-FR","@id":"https:\/\/kapitalis.com\/tunisie\/2019\/02\/25\/grand-tech-2019-dieee-insat-les-realites-virtuelle-augmentee-et-mixte\/#primaryimage","url":"","contentUrl":""},{"@type":"BreadcrumbList","@id":"https:\/\/kapitalis.com\/tunisie\/2019\/02\/25\/grand-tech-2019-dieee-insat-les-realites-virtuelle-augmentee-et-mixte\/#breadcrumb","itemListElement":[{"@type":"ListItem","position":1,"name":"Accueil","item":"https:\/\/kapitalis.com\/tunisie\/"},{"@type":"ListItem","position":2,"name":"Grand Tech 2019 d\u2019IEEE Insat : Les r\u00e9alit\u00e9s virtuelle, augment\u00e9e et mixte"}]},{"@type":"WebSite","@id":"https:\/\/kapitalis.com\/tunisie\/#website","url":"https:\/\/kapitalis.com\/tunisie\/","name":"Kapitalis","description":"L&#039;actualit\u00e9 en Tunisie et dans le monde","publisher":{"@id":"https:\/\/kapitalis.com\/tunisie\/#organization"},"potentialAction":[{"@type":"SearchAction","target":{"@type":"EntryPoint","urlTemplate":"https:\/\/kapitalis.com\/tunisie\/?s={search_term_string}"},"query-input":{"@type":"PropertyValueSpecification","valueRequired":true,"valueName":"search_term_string"}}],"inLanguage":"fr-FR"},{"@type":"Organization","@id":"https:\/\/kapitalis.com\/tunisie\/#organization","name":"Kapitalis","url":"https:\/\/kapitalis.com\/tunisie\/","logo":{"@type":"ImageObject","inLanguage":"fr-FR","@id":"https:\/\/kapitalis.com\/tunisie\/#\/schema\/logo\/image\/","url":"https:\/\/kapitalis.com\/tunisie\/wp-content\/uploads\/2022\/05\/Kapitalis-big-size.png","contentUrl":"https:\/\/kapitalis.com\/tunisie\/wp-content\/uploads\/2022\/05\/Kapitalis-big-size.png","width":5000,"height":1500,"caption":"Kapitalis"},"image":{"@id":"https:\/\/kapitalis.com\/tunisie\/#\/schema\/logo\/image\/"},"sameAs":["https:\/\/www.facebook.com\/KapitalisInfo\/","https:\/\/x.com\/KapitalisInfo","https:\/\/www.youtube.com\/channel\/UC-yDYrHyfFBWWZaOw3FPg9Q"]},{"@type":"Person","@id":"https:\/\/kapitalis.com\/tunisie\/#\/schema\/person\/d71f33a9ca44f7bad4698210b480c8e9","name":"webmaster kapitalis","url":"https:\/\/kapitalis.com\/tunisie\/author\/webmaster-kapitalis\/"}]}},"_links":{"self":[{"href":"https:\/\/kapitalis.com\/tunisie\/wp-json\/wp\/v2\/posts\/199748","targetHints":{"allow":["GET"]}}],"collection":[{"href":"https:\/\/kapitalis.com\/tunisie\/wp-json\/wp\/v2\/posts"}],"about":[{"href":"https:\/\/kapitalis.com\/tunisie\/wp-json\/wp\/v2\/types\/post"}],"author":[{"embeddable":true,"href":"https:\/\/kapitalis.com\/tunisie\/wp-json\/wp\/v2\/users\/8"}],"replies":[{"embeddable":true,"href":"https:\/\/kapitalis.com\/tunisie\/wp-json\/wp\/v2\/comments?post=199748"}],"version-history":[{"count":0,"href":"https:\/\/kapitalis.com\/tunisie\/wp-json\/wp\/v2\/posts\/199748\/revisions"}],"wp:featuredmedia":[{"embeddable":true,"href":"https:\/\/kapitalis.com\/tunisie\/wp-json\/wp\/v2\/media\/199749"}],"wp:attachment":[{"href":"https:\/\/kapitalis.com\/tunisie\/wp-json\/wp\/v2\/media?parent=199748"}],"wp:term":[{"taxonomy":"category","embeddable":true,"href":"https:\/\/kapitalis.com\/tunisie\/wp-json\/wp\/v2\/categories?post=199748"},{"taxonomy":"post_tag","embeddable":true,"href":"https:\/\/kapitalis.com\/tunisie\/wp-json\/wp\/v2\/tags?post=199748"}],"curies":[{"name":"wp","href":"https:\/\/api.w.org\/{rel}","templated":true}]}}