{"id":200001,"date":"2019-02-26T20:48:30","date_gmt":"2019-02-26T19:48:30","guid":{"rendered":"http:\/\/kapitalis.com\/tunisie\/?p=200001"},"modified":"2019-02-26T20:57:25","modified_gmt":"2019-02-26T19:57:25","slug":"said-sebti-succede-a-hicham-seffa-a-la-tete-dattijari-bank-tunisie","status":"publish","type":"post","link":"https:\/\/kapitalis.com\/tunisie\/2019\/02\/26\/said-sebti-succede-a-hicham-seffa-a-la-tete-dattijari-bank-tunisie\/","title":{"rendered":"Sa\u00efd Sebti succ\u00e8de \u00e0 Hicham Seffa \u00e0 la t\u00eate d\u2019Attijari bank Tunisie"},"content":{"rendered":"<p style=\"text-align: center;\"><img loading=\"lazy\" decoding=\"async\" class=\"alignnone size-full wp-image-200002\" src=\"http:\/\/kapitalis.com\/tunisie\/wp-content\/uploads\/2019\/02\/Said-Sebti-Hicham-Seffa.jpg\" alt=\"\" width=\"626\" height=\"380\" \/><\/p>\n<p style=\"text-align: center;\"><em>Sa\u00efd Sebti (1er \u00e0 partir de la gauche) et Hicham Seffa (2e \u00e0 partir de la droite).\u00a0\u00a0<\/em><\/p>\n<p><em><strong>Apr\u00e8s un peu plus de 7 ans pass\u00e9s \u00e0 la t\u00eate d\u2019Attijari bank Tunisie, Hicham Seffa va passer le t\u00e9moin \u00e0 son compatriote Said Sebti, qui avait commenc\u00e9 sa carri\u00e8re de banquier, comme lui, il y a une trentaine d\u2019ann\u00e9es, au sein du m\u00eame groupe, l\u2019un des plus importants en Afrique.<\/strong><\/em><\/p>\n<p>Par<strong> Imed Bahri<\/strong><\/p>\n<p><!--more--><\/p>\n<p>A cette occasion, la filiale tunisienne d\u2019Attijariwafa bank, l\u2019un des fleurons du groupe marocain, a organis\u00e9, lundi 25 f\u00e9vrier 2019, une c\u00e9r\u00e9monie \u00e0 laquelle elle a invit\u00e9 les clients et partenaires de l\u2019\u00e9tablissement bancaire : banquiers, op\u00e9rateurs \u00e9conomiques, responsables du secteur et repr\u00e9sentants des m\u00e9dias.<\/p>\n<p>Dans son speech, Hicham Seffa, qui a \u00e9t\u00e9 appel\u00e9 pour d&rsquo;autres fonctions importantes au sein du groupe, dira tout le bonheur qu\u2019il a eu, lui et sa famille, notamment ses enfants qui ont grandi et ont \u00e9t\u00e9 scolaris\u00e9s en Tunisie, de travailler dans notre pays, dont il a lou\u00e9 les capacit\u00e9s de r\u00e9silience, gr\u00e2ce \u00e0 la qualit\u00e9 de ses hommes et de ses femmes et \u00e0 leur savoir-faire.<\/p>\n<p style=\"text-align: center;\"><img loading=\"lazy\" decoding=\"async\" class=\"alignnone wp-image-200004\" src=\"http:\/\/kapitalis.com\/tunisie\/wp-content\/uploads\/2019\/02\/0.jpg\" alt=\"\" width=\"500\" height=\"333\" \/><\/p>\n<p style=\"text-align: center;\"><em>Le management d&rsquo;Attijari bank Tunisie venu dire au revoir \u00e0 Hicham Seffa.\u00a0<\/em><\/p>\n<h3>Le sens de ce que peut \u00eatre un second pays<\/h3>\n<p><em>\u00abEn Tunisie, j\u2019ai appris le sens de ce que peut \u00eatre un second pays\u00bb,<\/em> dira-t-il, en promettant de revenir souvent, lui et sa famille, dans notre pays, o\u00f9 ils ont beaucoup d\u2019amis.<\/p>\n<p>Lanc\u00e9e en 2005, sur les restes d\u2019un \u00e9tablissement en crise, la Banque du Sud, Attijari bank Tunisie a r\u00e9ussi \u00e0 se d\u00e9velopper rapidement gr\u00e2ce \u00e0 une strat\u00e9gie de relance qui a beaucoup mis\u00e9 sur les ressources humaines, expliquera-t-il.<\/p>\n<p>Les op\u00e9rateurs \u00e9conomiques tunisiens regrettent parfois l\u2019absence d\u2019une importante banque tunisienne en Afrique subsaharienne, pour les accompagner dans leur business dans le continent, oubliant que cette banque existe bel et bien et qu\u2019elle est \u00e0 leur service, c\u2019est Attijari Bank Tunisie, rappellera M. Seffa.<\/p>\n<p>Attijari Bank Tunisie qu\u2019il qualifiera de <em>\u00abjoyau du groupe\u00bb<\/em> est la premi\u00e8re filiale ouverte \u00e0 l\u2019\u00e9tranger par la banque m\u00e8re marocaine, laquelle, faut-il le rappeler, dispose de 15 banques dans 15 pays diff\u00e9rents. En d\u2019autres termes : le succ\u00e8s d\u2019Attijari bank Tunisie a eu un effet d\u2019entra\u00eenement. On parlera de baraka&#8230;<\/p>\n<p style=\"text-align: center;\"><img loading=\"lazy\" decoding=\"async\" class=\"alignnone wp-image-200005\" src=\"http:\/\/kapitalis.com\/tunisie\/wp-content\/uploads\/2019\/02\/Attijari-Bank.jpg\" alt=\"\" width=\"500\" height=\"333\" \/><\/p>\n<p style=\"text-align: center;\"><em>Une passation dans un esprit festif.\u00a0<\/em><\/p>\n<h3>L&rsquo;ambition port\u00e9e par l&rsquo;exp\u00e9rience et le savoir-faire<\/h3>\n<p>Le nouveau directeur g\u00e9n\u00e9ral de la filiale tunisienne, Said Sebti a pass\u00e9 35 ans \u00e0 Attijariwafa bank. Dipl\u00f4m\u00e9 de l\u2019ISCAE Maroc et de l\u2019IAE France, il a occup\u00e9 plusieurs postes au sein du groupe Attijariwafa bank, dont celui de responsable de la Business Unit int\u00e9grant distribution (march\u00e9, marketing, animation commerciale\u2026) et des fonctions support (ressources humaines, contr\u00f4le interne, organisation\u2026)<\/p>\n<p>Il a \u00e9t\u00e9 membre du comit\u00e9 ex\u00e9cutif au sein du Groupe pendant 12 ans et, en tant que directeur g\u00e9n\u00e9ral adjoint du Groupe depuis 8 ans, il a pilot\u00e9 5 r\u00e9seaux regroupant plus de 300 agences, couvrant plus du 1\/3 du territoire marocain et repr\u00e9sentant 25% du poids du Groupe au Maroc.<\/p>\n<p><img loading=\"lazy\" decoding=\"async\" class=\"wp-image-200007 aligncenter\" src=\"http:\/\/kapitalis.com\/tunisie\/wp-content\/uploads\/2019\/02\/Attijari-Bank-2-1.jpg\" alt=\"\" width=\"500\" height=\"333\" \/><\/p>\n<p>C\u2019est donc un grand professionnel de la banque qui prend les r\u00eanes et qui, lui aussi, ne se sent nullement d\u00e9pays\u00e9 et esp\u00e8re poursuivre le bon travail effectu\u00e9 par ses pr\u00e9d\u00e9cesseurs.<\/p>\n<p>S&rsquo;il faut une preuve\u00a0 qu&rsquo;Attijariwafa bank donne une grande importance \u00e0 sa filiale tunisienne, la voici: elle nomme toujours \u00e0 sa t\u00eate les meilleurs de ses cadres.<\/p>\n","protected":false},"excerpt":{"rendered":"<p>Sa\u00efd Sebti (1er \u00e0 partir de la gauche) et Hicham Seffa (2e \u00e0 partir de la droite).\u00a0\u00a0 Apr\u00e8s un peu plus de 7 ans pass\u00e9s \u00e0 la t\u00eate d\u2019Attijari bank Tunisie, Hicham Seffa va passer le t\u00e9moin \u00e0 son compatriote Said Sebti, qui avait commenc\u00e9 sa carri\u00e8re de banquier, comme lui, il y a une&#8230;<\/p>\n","protected":false},"author":8,"featured_media":200002,"comment_status":"open","ping_status":"open","sticky":false,"template":"","format":"standard","meta":{"footnotes":""},"categories":[992,995,2433],"tags":[8124,18014,15406,577],"class_list":["post-200001","post","type-post","status-publish","format-standard","has-post-thumbnail","hentry","category-a-la-une","category-economie","category-tunisie","tag-afrique-subsaharienne","tag-attijariwafa-bank","tag-hicham-seffa","tag-maroc"],"yoast_head":"<!-- This site is optimized with the Yoast SEO plugin v26.6 - https:\/\/yoast.com\/wordpress\/plugins\/seo\/ -->\n<title>Sa\u00efd Sebti succ\u00e8de \u00e0 Hicham Seffa \u00e0 la t\u00eate d\u2019Attijari bank Tunisie - Kapitalis<\/title>\n<meta name=\"robots\" content=\"index, follow, max-snippet:-1, max-image-preview:large, max-video-preview:-1\" \/>\n<link rel=\"canonical\" href=\"https:\/\/kapitalis.com\/tunisie\/2019\/02\/26\/said-sebti-succede-a-hicham-seffa-a-la-tete-dattijari-bank-tunisie\/\" \/>\n<meta property=\"og:locale\" content=\"fr_FR\" \/>\n<meta property=\"og:type\" content=\"article\" \/>\n<meta property=\"og:title\" content=\"Sa\u00efd Sebti succ\u00e8de \u00e0 Hicham Seffa \u00e0 la t\u00eate d\u2019Attijari bank Tunisie - Kapitalis\" \/>\n<meta property=\"og:description\" content=\"Sa\u00efd Sebti (1er \u00e0 partir de la gauche) et Hicham Seffa (2e \u00e0 partir de la droite).\u00a0\u00a0 Apr\u00e8s un peu plus de 7 ans pass\u00e9s \u00e0 la t\u00eate d\u2019Attijari bank Tunisie, Hicham Seffa va passer le t\u00e9moin \u00e0 son compatriote Said Sebti, qui avait commenc\u00e9 sa carri\u00e8re de banquier, comme lui, il y a une...\" \/>\n<meta property=\"og:url\" content=\"https:\/\/kapitalis.com\/tunisie\/2019\/02\/26\/said-sebti-succede-a-hicham-seffa-a-la-tete-dattijari-bank-tunisie\/\" \/>\n<meta property=\"og:site_name\" content=\"Kapitalis\" \/>\n<meta property=\"article:publisher\" content=\"https:\/\/www.facebook.com\/KapitalisInfo\/\" \/>\n<meta property=\"article:published_time\" content=\"2019-02-26T19:48:30+00:00\" \/>\n<meta property=\"article:modified_time\" content=\"2019-02-26T19:57:25+00:00\" \/>\n<meta property=\"og:image\" content=\"https:\/\/kapitalis.com\/tunisie\/wp-content\/uploads\/2022\/05\/kapitalis-logo-fb.png\" \/>\n\t<meta property=\"og:image:width\" content=\"1200\" \/>\n\t<meta property=\"og:image:height\" content=\"630\" \/>\n\t<meta property=\"og:image:type\" content=\"image\/png\" \/>\n<meta name=\"author\" content=\"webmaster kapitalis\" \/>\n<meta name=\"twitter:card\" content=\"summary_large_image\" \/>\n<meta name=\"twitter:creator\" content=\"@KapitalisInfo\" \/>\n<meta name=\"twitter:site\" content=\"@KapitalisInfo\" \/>\n<meta name=\"twitter:label1\" content=\"\u00c9crit par\" \/>\n\t<meta name=\"twitter:data1\" content=\"webmaster kapitalis\" \/>\n\t<meta name=\"twitter:label2\" content=\"Dur\u00e9e de lecture estim\u00e9e\" \/>\n\t<meta name=\"twitter:data2\" content=\"3 minutes\" \/>\n<script type=\"application\/ld+json\" class=\"yoast-schema-graph\">{\"@context\":\"https:\/\/schema.org\",\"@graph\":[{\"@type\":\"Article\",\"@id\":\"https:\/\/kapitalis.com\/tunisie\/2019\/02\/26\/said-sebti-succede-a-hicham-seffa-a-la-tete-dattijari-bank-tunisie\/#article\",\"isPartOf\":{\"@id\":\"https:\/\/kapitalis.com\/tunisie\/2019\/02\/26\/said-sebti-succede-a-hicham-seffa-a-la-tete-dattijari-bank-tunisie\/\"},\"author\":{\"name\":\"webmaster kapitalis\",\"@id\":\"https:\/\/kapitalis.com\/tunisie\/#\/schema\/person\/d71f33a9ca44f7bad4698210b480c8e9\"},\"headline\":\"Sa\u00efd Sebti succ\u00e8de \u00e0 Hicham Seffa \u00e0 la t\u00eate d\u2019Attijari bank Tunisie\",\"datePublished\":\"2019-02-26T19:48:30+00:00\",\"dateModified\":\"2019-02-26T19:57:25+00:00\",\"mainEntityOfPage\":{\"@id\":\"https:\/\/kapitalis.com\/tunisie\/2019\/02\/26\/said-sebti-succede-a-hicham-seffa-a-la-tete-dattijari-bank-tunisie\/\"},\"wordCount\":606,\"commentCount\":1,\"publisher\":{\"@id\":\"https:\/\/kapitalis.com\/tunisie\/#organization\"},\"image\":{\"@id\":\"https:\/\/kapitalis.com\/tunisie\/2019\/02\/26\/said-sebti-succede-a-hicham-seffa-a-la-tete-dattijari-bank-tunisie\/#primaryimage\"},\"thumbnailUrl\":\"\",\"keywords\":[\"afrique subsaharienne\",\"Attijariwafa bank\",\"Hicham Seffa\",\"Maroc\"],\"articleSection\":[\"A LA UNE\",\"ECONOMIE\",\"Tunisie\"],\"inLanguage\":\"fr-FR\",\"potentialAction\":[{\"@type\":\"CommentAction\",\"name\":\"Comment\",\"target\":[\"https:\/\/kapitalis.com\/tunisie\/2019\/02\/26\/said-sebti-succede-a-hicham-seffa-a-la-tete-dattijari-bank-tunisie\/#respond\"]}]},{\"@type\":\"WebPage\",\"@id\":\"https:\/\/kapitalis.com\/tunisie\/2019\/02\/26\/said-sebti-succede-a-hicham-seffa-a-la-tete-dattijari-bank-tunisie\/\",\"url\":\"https:\/\/kapitalis.com\/tunisie\/2019\/02\/26\/said-sebti-succede-a-hicham-seffa-a-la-tete-dattijari-bank-tunisie\/\",\"name\":\"Sa\u00efd Sebti succ\u00e8de \u00e0 Hicham Seffa \u00e0 la t\u00eate d\u2019Attijari bank Tunisie - Kapitalis\",\"isPartOf\":{\"@id\":\"https:\/\/kapitalis.com\/tunisie\/#website\"},\"primaryImageOfPage\":{\"@id\":\"https:\/\/kapitalis.com\/tunisie\/2019\/02\/26\/said-sebti-succede-a-hicham-seffa-a-la-tete-dattijari-bank-tunisie\/#primaryimage\"},\"image\":{\"@id\":\"https:\/\/kapitalis.com\/tunisie\/2019\/02\/26\/said-sebti-succede-a-hicham-seffa-a-la-tete-dattijari-bank-tunisie\/#primaryimage\"},\"thumbnailUrl\":\"\",\"datePublished\":\"2019-02-26T19:48:30+00:00\",\"dateModified\":\"2019-02-26T19:57:25+00:00\",\"breadcrumb\":{\"@id\":\"https:\/\/kapitalis.com\/tunisie\/2019\/02\/26\/said-sebti-succede-a-hicham-seffa-a-la-tete-dattijari-bank-tunisie\/#breadcrumb\"},\"inLanguage\":\"fr-FR\",\"potentialAction\":[{\"@type\":\"ReadAction\",\"target\":[\"https:\/\/kapitalis.com\/tunisie\/2019\/02\/26\/said-sebti-succede-a-hicham-seffa-a-la-tete-dattijari-bank-tunisie\/\"]}]},{\"@type\":\"ImageObject\",\"inLanguage\":\"fr-FR\",\"@id\":\"https:\/\/kapitalis.com\/tunisie\/2019\/02\/26\/said-sebti-succede-a-hicham-seffa-a-la-tete-dattijari-bank-tunisie\/#primaryimage\",\"url\":\"\",\"contentUrl\":\"\"},{\"@type\":\"BreadcrumbList\",\"@id\":\"https:\/\/kapitalis.com\/tunisie\/2019\/02\/26\/said-sebti-succede-a-hicham-seffa-a-la-tete-dattijari-bank-tunisie\/#breadcrumb\",\"itemListElement\":[{\"@type\":\"ListItem\",\"position\":1,\"name\":\"Accueil\",\"item\":\"https:\/\/kapitalis.com\/tunisie\/\"},{\"@type\":\"ListItem\",\"position\":2,\"name\":\"Sa\u00efd Sebti succ\u00e8de \u00e0 Hicham Seffa \u00e0 la t\u00eate d\u2019Attijari bank Tunisie\"}]},{\"@type\":\"WebSite\",\"@id\":\"https:\/\/kapitalis.com\/tunisie\/#website\",\"url\":\"https:\/\/kapitalis.com\/tunisie\/\",\"name\":\"Kapitalis\",\"description\":\"L&#039;actualit\u00e9 en Tunisie et dans le monde\",\"publisher\":{\"@id\":\"https:\/\/kapitalis.com\/tunisie\/#organization\"},\"potentialAction\":[{\"@type\":\"SearchAction\",\"target\":{\"@type\":\"EntryPoint\",\"urlTemplate\":\"https:\/\/kapitalis.com\/tunisie\/?s={search_term_string}\"},\"query-input\":{\"@type\":\"PropertyValueSpecification\",\"valueRequired\":true,\"valueName\":\"search_term_string\"}}],\"inLanguage\":\"fr-FR\"},{\"@type\":\"Organization\",\"@id\":\"https:\/\/kapitalis.com\/tunisie\/#organization\",\"name\":\"Kapitalis\",\"url\":\"https:\/\/kapitalis.com\/tunisie\/\",\"logo\":{\"@type\":\"ImageObject\",\"inLanguage\":\"fr-FR\",\"@id\":\"https:\/\/kapitalis.com\/tunisie\/#\/schema\/logo\/image\/\",\"url\":\"https:\/\/kapitalis.com\/tunisie\/wp-content\/uploads\/2022\/05\/Kapitalis-big-size.png\",\"contentUrl\":\"https:\/\/kapitalis.com\/tunisie\/wp-content\/uploads\/2022\/05\/Kapitalis-big-size.png\",\"width\":5000,\"height\":1500,\"caption\":\"Kapitalis\"},\"image\":{\"@id\":\"https:\/\/kapitalis.com\/tunisie\/#\/schema\/logo\/image\/\"},\"sameAs\":[\"https:\/\/www.facebook.com\/KapitalisInfo\/\",\"https:\/\/x.com\/KapitalisInfo\",\"https:\/\/www.youtube.com\/channel\/UC-yDYrHyfFBWWZaOw3FPg9Q\"]},{\"@type\":\"Person\",\"@id\":\"https:\/\/kapitalis.com\/tunisie\/#\/schema\/person\/d71f33a9ca44f7bad4698210b480c8e9\",\"name\":\"webmaster kapitalis\",\"url\":\"https:\/\/kapitalis.com\/tunisie\/author\/webmaster-kapitalis\/\"}]}<\/script>\n<!-- \/ Yoast SEO plugin. -->","yoast_head_json":{"title":"Sa\u00efd Sebti succ\u00e8de \u00e0 Hicham Seffa \u00e0 la t\u00eate d\u2019Attijari bank Tunisie - Kapitalis","robots":{"index":"index","follow":"follow","max-snippet":"max-snippet:-1","max-image-preview":"max-image-preview:large","max-video-preview":"max-video-preview:-1"},"canonical":"https:\/\/kapitalis.com\/tunisie\/2019\/02\/26\/said-sebti-succede-a-hicham-seffa-a-la-tete-dattijari-bank-tunisie\/","og_locale":"fr_FR","og_type":"article","og_title":"Sa\u00efd Sebti succ\u00e8de \u00e0 Hicham Seffa \u00e0 la t\u00eate d\u2019Attijari bank Tunisie - Kapitalis","og_description":"Sa\u00efd Sebti (1er \u00e0 partir de la gauche) et Hicham Seffa (2e \u00e0 partir de la droite).\u00a0\u00a0 Apr\u00e8s un peu plus de 7 ans pass\u00e9s \u00e0 la t\u00eate d\u2019Attijari bank Tunisie, Hicham Seffa va passer le t\u00e9moin \u00e0 son compatriote Said Sebti, qui avait commenc\u00e9 sa carri\u00e8re de banquier, comme lui, il y a une...","og_url":"https:\/\/kapitalis.com\/tunisie\/2019\/02\/26\/said-sebti-succede-a-hicham-seffa-a-la-tete-dattijari-bank-tunisie\/","og_site_name":"Kapitalis","article_publisher":"https:\/\/www.facebook.com\/KapitalisInfo\/","article_published_time":"2019-02-26T19:48:30+00:00","article_modified_time":"2019-02-26T19:57:25+00:00","og_image":[{"width":1200,"height":630,"url":"https:\/\/kapitalis.com\/tunisie\/wp-content\/uploads\/2022\/05\/kapitalis-logo-fb.png","type":"image\/png"}],"author":"webmaster kapitalis","twitter_card":"summary_large_image","twitter_creator":"@KapitalisInfo","twitter_site":"@KapitalisInfo","twitter_misc":{"\u00c9crit par":"webmaster kapitalis","Dur\u00e9e de lecture estim\u00e9e":"3 minutes"},"schema":{"@context":"https:\/\/schema.org","@graph":[{"@type":"Article","@id":"https:\/\/kapitalis.com\/tunisie\/2019\/02\/26\/said-sebti-succede-a-hicham-seffa-a-la-tete-dattijari-bank-tunisie\/#article","isPartOf":{"@id":"https:\/\/kapitalis.com\/tunisie\/2019\/02\/26\/said-sebti-succede-a-hicham-seffa-a-la-tete-dattijari-bank-tunisie\/"},"author":{"name":"webmaster kapitalis","@id":"https:\/\/kapitalis.com\/tunisie\/#\/schema\/person\/d71f33a9ca44f7bad4698210b480c8e9"},"headline":"Sa\u00efd Sebti succ\u00e8de \u00e0 Hicham Seffa \u00e0 la t\u00eate d\u2019Attijari bank Tunisie","datePublished":"2019-02-26T19:48:30+00:00","dateModified":"2019-02-26T19:57:25+00:00","mainEntityOfPage":{"@id":"https:\/\/kapitalis.com\/tunisie\/2019\/02\/26\/said-sebti-succede-a-hicham-seffa-a-la-tete-dattijari-bank-tunisie\/"},"wordCount":606,"commentCount":1,"publisher":{"@id":"https:\/\/kapitalis.com\/tunisie\/#organization"},"image":{"@id":"https:\/\/kapitalis.com\/tunisie\/2019\/02\/26\/said-sebti-succede-a-hicham-seffa-a-la-tete-dattijari-bank-tunisie\/#primaryimage"},"thumbnailUrl":"","keywords":["afrique subsaharienne","Attijariwafa bank","Hicham Seffa","Maroc"],"articleSection":["A LA UNE","ECONOMIE","Tunisie"],"inLanguage":"fr-FR","potentialAction":[{"@type":"CommentAction","name":"Comment","target":["https:\/\/kapitalis.com\/tunisie\/2019\/02\/26\/said-sebti-succede-a-hicham-seffa-a-la-tete-dattijari-bank-tunisie\/#respond"]}]},{"@type":"WebPage","@id":"https:\/\/kapitalis.com\/tunisie\/2019\/02\/26\/said-sebti-succede-a-hicham-seffa-a-la-tete-dattijari-bank-tunisie\/","url":"https:\/\/kapitalis.com\/tunisie\/2019\/02\/26\/said-sebti-succede-a-hicham-seffa-a-la-tete-dattijari-bank-tunisie\/","name":"Sa\u00efd Sebti succ\u00e8de \u00e0 Hicham Seffa \u00e0 la t\u00eate d\u2019Attijari bank Tunisie - Kapitalis","isPartOf":{"@id":"https:\/\/kapitalis.com\/tunisie\/#website"},"primaryImageOfPage":{"@id":"https:\/\/kapitalis.com\/tunisie\/2019\/02\/26\/said-sebti-succede-a-hicham-seffa-a-la-tete-dattijari-bank-tunisie\/#primaryimage"},"image":{"@id":"https:\/\/kapitalis.com\/tunisie\/2019\/02\/26\/said-sebti-succede-a-hicham-seffa-a-la-tete-dattijari-bank-tunisie\/#primaryimage"},"thumbnailUrl":"","datePublished":"2019-02-26T19:48:30+00:00","dateModified":"2019-02-26T19:57:25+00:00","breadcrumb":{"@id":"https:\/\/kapitalis.com\/tunisie\/2019\/02\/26\/said-sebti-succede-a-hicham-seffa-a-la-tete-dattijari-bank-tunisie\/#breadcrumb"},"inLanguage":"fr-FR","potentialAction":[{"@type":"ReadAction","target":["https:\/\/kapitalis.com\/tunisie\/2019\/02\/26\/said-sebti-succede-a-hicham-seffa-a-la-tete-dattijari-bank-tunisie\/"]}]},{"@type":"ImageObject","inLanguage":"fr-FR","@id":"https:\/\/kapitalis.com\/tunisie\/2019\/02\/26\/said-sebti-succede-a-hicham-seffa-a-la-tete-dattijari-bank-tunisie\/#primaryimage","url":"","contentUrl":""},{"@type":"BreadcrumbList","@id":"https:\/\/kapitalis.com\/tunisie\/2019\/02\/26\/said-sebti-succede-a-hicham-seffa-a-la-tete-dattijari-bank-tunisie\/#breadcrumb","itemListElement":[{"@type":"ListItem","position":1,"name":"Accueil","item":"https:\/\/kapitalis.com\/tunisie\/"},{"@type":"ListItem","position":2,"name":"Sa\u00efd Sebti succ\u00e8de \u00e0 Hicham Seffa \u00e0 la t\u00eate d\u2019Attijari bank Tunisie"}]},{"@type":"WebSite","@id":"https:\/\/kapitalis.com\/tunisie\/#website","url":"https:\/\/kapitalis.com\/tunisie\/","name":"Kapitalis","description":"L&#039;actualit\u00e9 en Tunisie et dans le monde","publisher":{"@id":"https:\/\/kapitalis.com\/tunisie\/#organization"},"potentialAction":[{"@type":"SearchAction","target":{"@type":"EntryPoint","urlTemplate":"https:\/\/kapitalis.com\/tunisie\/?s={search_term_string}"},"query-input":{"@type":"PropertyValueSpecification","valueRequired":true,"valueName":"search_term_string"}}],"inLanguage":"fr-FR"},{"@type":"Organization","@id":"https:\/\/kapitalis.com\/tunisie\/#organization","name":"Kapitalis","url":"https:\/\/kapitalis.com\/tunisie\/","logo":{"@type":"ImageObject","inLanguage":"fr-FR","@id":"https:\/\/kapitalis.com\/tunisie\/#\/schema\/logo\/image\/","url":"https:\/\/kapitalis.com\/tunisie\/wp-content\/uploads\/2022\/05\/Kapitalis-big-size.png","contentUrl":"https:\/\/kapitalis.com\/tunisie\/wp-content\/uploads\/2022\/05\/Kapitalis-big-size.png","width":5000,"height":1500,"caption":"Kapitalis"},"image":{"@id":"https:\/\/kapitalis.com\/tunisie\/#\/schema\/logo\/image\/"},"sameAs":["https:\/\/www.facebook.com\/KapitalisInfo\/","https:\/\/x.com\/KapitalisInfo","https:\/\/www.youtube.com\/channel\/UC-yDYrHyfFBWWZaOw3FPg9Q"]},{"@type":"Person","@id":"https:\/\/kapitalis.com\/tunisie\/#\/schema\/person\/d71f33a9ca44f7bad4698210b480c8e9","name":"webmaster kapitalis","url":"https:\/\/kapitalis.com\/tunisie\/author\/webmaster-kapitalis\/"}]}},"_links":{"self":[{"href":"https:\/\/kapitalis.com\/tunisie\/wp-json\/wp\/v2\/posts\/200001","targetHints":{"allow":["GET"]}}],"collection":[{"href":"https:\/\/kapitalis.com\/tunisie\/wp-json\/wp\/v2\/posts"}],"about":[{"href":"https:\/\/kapitalis.com\/tunisie\/wp-json\/wp\/v2\/types\/post"}],"author":[{"embeddable":true,"href":"https:\/\/kapitalis.com\/tunisie\/wp-json\/wp\/v2\/users\/8"}],"replies":[{"embeddable":true,"href":"https:\/\/kapitalis.com\/tunisie\/wp-json\/wp\/v2\/comments?post=200001"}],"version-history":[{"count":0,"href":"https:\/\/kapitalis.com\/tunisie\/wp-json\/wp\/v2\/posts\/200001\/revisions"}],"wp:featuredmedia":[{"embeddable":true,"href":"https:\/\/kapitalis.com\/tunisie\/wp-json\/wp\/v2\/media\/200002"}],"wp:attachment":[{"href":"https:\/\/kapitalis.com\/tunisie\/wp-json\/wp\/v2\/media?parent=200001"}],"wp:term":[{"taxonomy":"category","embeddable":true,"href":"https:\/\/kapitalis.com\/tunisie\/wp-json\/wp\/v2\/categories?post=200001"},{"taxonomy":"post_tag","embeddable":true,"href":"https:\/\/kapitalis.com\/tunisie\/wp-json\/wp\/v2\/tags?post=200001"}],"curies":[{"name":"wp","href":"https:\/\/api.w.org\/{rel}","templated":true}]}}