{"id":200204,"date":"2019-02-27T19:45:33","date_gmt":"2019-02-27T18:45:33","guid":{"rendered":"http:\/\/kapitalis.com\/tunisie\/?p=200204"},"modified":"2019-02-27T19:45:33","modified_gmt":"2019-02-27T18:45:33","slug":"la-justice-tunisienne-se-range-du-cote-du-pluralisme-syndical","status":"publish","type":"post","link":"https:\/\/kapitalis.com\/tunisie\/2019\/02\/27\/la-justice-tunisienne-se-range-du-cote-du-pluralisme-syndical\/","title":{"rendered":"La justice tunisienne se range du c\u00f4t\u00e9 du pluralisme syndical"},"content":{"rendered":"<p style=\"text-align: center;\"><img loading=\"lazy\" decoding=\"async\" class=\"alignnone size-full wp-image-200205\" src=\"http:\/\/kapitalis.com\/tunisie\/wp-content\/uploads\/2019\/02\/Synagri-CGTT-Conect.jpg\" alt=\"\" width=\"626\" height=\"380\" \/><\/p>\n<p><em><strong>Le tribunal administratif tunisien a prononc\u00e9, le 5 f\u00e9vrier 2019, un jugement pass\u00e9 presque inaper\u00e7u mais qui fera date dans l\u2019histoire du syndicalisme tunisien.<\/strong> <\/em><\/p>\n<p>Par <strong>Kh\u00e9maies Krimi<\/strong><\/p>\n<p><!--more--><\/p>\n<p>En vertu de ce verdict, qui reconna\u00eet le pluralisme syndical, tous les syndicats, l\u00e9galement constitu\u00e9s, ont, d\u00e9sormais, le droit \u00e0 la participation \u00e0 la n\u00e9gociation et au dialogue entre les partenaires sociaux, \u00e0 tous les niveaux et sur la base de la repr\u00e9sentativit\u00e9 proportionnelle et non-restrictive. Ils ont \u00e9galement le droit d\u2019\u00eatre membre au Conseil national du dialogue social ainsi qu\u2019aux subventions et aux d\u00e9tachements.<\/p>\n<p>La Conf\u00e9d\u00e9ration g\u00e9n\u00e9rale tunisienne du travail (CGTT) que pr\u00e9side le militant Habib Guiza, qui \u00e9tait \u00e0 l\u2019origine de ce verdict, \u00e9tait la premi\u00e8re \u00e0 saluer, dans un communiqu\u00e9, ce jugement d\u00e9finitif et historique.<\/p>\n<p><em>\u00abLe bureau ex\u00e9cutif rappelle les luttes acharn\u00e9es des militantes et militants de la CGTT depuis sa renaissance, le 3 d\u00e9cembre 2006, \u00e0 l\u2019\u00e9poque de la dictature, qui ont rendu possible ce jugement historique\u00bb<\/em>, lit-on dans le communiqu\u00e9.<\/p>\n<p>La CGTT remercie le Bureau international du travail (BIT) et les organisations syndicales amies pour leur soutien \u00e0 la CGTT et ses luttes pour le respect de la libert\u00e9 syndicale et pour le pluralisme syndical en Tunisie.<\/p>\n<p>Suite \u00e0 ce jugement, aux autorit\u00e9s tunisiennes et aux entreprises de respecter le jugement du tribunal administratif et de le mettre en \u0153uvre.<\/p>\n<h3>Un revers pour le gouvernement<\/h3>\n<p>Il s\u2019agit de toute \u00e9vidence d\u2019un revers de taille pour l\u2019actuel ministre des Affaires sociales, Mohamed Trabelsi, qui n\u2019a jamais cach\u00e9 son penchant pour la pens\u00e9e unique repr\u00e9sent\u00e9e jusque-l\u00e0 par le syndicat unique, l\u2019Union g\u00e9n\u00e9rale tunisienne du travail (UGTT), dont il \u00e9tait, faut-il le rappeler, secr\u00e9taire g\u00e9n\u00e9ral adjoint.<\/p>\n<p>En t\u00e9moigne la composition du Conseil national du dialogue social, r\u00e9cemment cr\u00e9\u00e9. En d\u00e9pit du nombre important de repr\u00e9sentants au sein du conseil (105), le ministre en a exclu les repr\u00e9sentants de syndicats comme la CGTT, le Syndicat national des agriculteurs (Synagri) et la Conf\u00e9d\u00e9ration tunisienne des entreprises citoyennes de Tunisie (Conect), favorisant une logique de repr\u00e9sentation restrictive et exclusive, au d\u00e9triment de la logique de la repr\u00e9sentation proportionnelle, et limitant la repr\u00e9sentation des travailleurs : 35 membres repr\u00e9sentant le gouvernement, 35 l\u2019UGTT, 30 l\u2019Union tunisienne de l\u2019industrie, du commerce et de l\u2019artisanat (Utica) et 5 pour l\u2019Union tunisienne de l\u2019agriculture de la p\u00eache (Utap).<\/p>\n<p>Cette composition est, de l\u2019avis des observateurs, un d\u00e9ni des acquis de la r\u00e9volution qui a consacr\u00e9 le pluralisme syndical et de la Constitution de 2014 qui l\u2019a institu\u00e9.<\/p>\n<h3>Persistance du monopole syndical<\/h3>\n<p>Pour la CGTT, la Conect et le Synagri, cette composition ne favorise pas le dialogue inclusif et conduit n\u00e9cessairement \u00e0 limiter le droit de repr\u00e9sentation syndicale \u00e0 l\u2019UGTT, \u00e0 l\u2019Utica et \u00e0 l\u2019Utap. Elle exclut, en revanche, toutes les autres organisations professionnelles repr\u00e9sentatives des travailleurs et des employeurs auxquelles il devient, ainsi, interdit ou quasiment impossible d\u2019exercer une repr\u00e9sentation quelconque.<\/p>\n<p>Avec cette composition, le minist\u00e8re des Affaires sociales, estiment les syndicats exclus, perp\u00e9tue la pens\u00e9e unique d\u2019antan et leurs corollaires, le monopole syndical et la discrimination \u00e0 l\u2019\u00e9gard des autres organisations syndicales.<\/p>\n<p>Mieux, ils consid\u00e8rent que cette composition contredit ouvertement les dispositions de la loi du 24 juillet 2017 portant cr\u00e9ation du Conseil national du dialogue social, plus particuli\u00e8rement, l\u2019article 8 qui fait pr\u00e9valoir express\u00e9ment la logique du pluralisme syndical dans la composition de l\u2019assembl\u00e9e g\u00e9n\u00e9rale du Conseil.<\/p>\n<p>Cet article stipule que cette assembl\u00e9e se compose <em>\u00abd\u2019un nombre \u00e9gal de repr\u00e9sentants du gouvernement, de repr\u00e9sentants des organisations les plus repr\u00e9sentatives des travailleurs et de repr\u00e9sentants des organisations les plus repr\u00e9sentatives des employeurs dans les secteurs agricole et non agricole\u00bb<\/em>, ce qui renvoie logiquement et juridiquement \u00e0 l\u2019existence d\u2019une pluralit\u00e9 d\u2019organisations les plus repr\u00e9sentatives.<\/p>\n<p>Ils rappellent \u00e9galement que cette composition contredit \u00e9galement les conventions de l\u2019OIT ratifi\u00e9es par la Tunisie, s\u2019agissant notamment de celles relatives aux libert\u00e9s syndicales, la Convention (n\u00b0 87) sur la libert\u00e9 syndicale et la protection du droit syndical et la Convention (n\u00b098) sur le droit d\u2019organisation et de n\u00e9gociation collective.<\/p>\n<p>Cela pour dire au final que, pour \u00e9viter ces revers juridiques, le gouvernement doit, tout simplement, honorer les engagements qu\u2019il prend dans la cadre de son adh\u00e9sion aux conventions internationales et surtout respecter la Constitution.<\/p>\n<blockquote class=\"wp-embedded-content\" data-secret=\"ws4TY3PRF7\"><p><a href=\"https:\/\/kapitalis.com\/tunisie\/2018\/06\/30\/tunisie-les-petits-syndicats-mettent-la-pression-sur-le-gouvernement\/\">Tunisie : Les petits syndicats mettent la pression sur le gouvernement<\/a><\/p><\/blockquote>\n<p><iframe loading=\"lazy\" class=\"wp-embedded-content\" sandbox=\"allow-scripts\" security=\"restricted\" style=\"position: absolute; clip: rect(1px, 1px, 1px, 1px);\" title=\"\u00ab\u00a0Tunisie : Les petits syndicats mettent la pression sur le gouvernement\u00a0\u00bb &#8212; Kapitalis\" src=\"https:\/\/kapitalis.com\/tunisie\/2018\/06\/30\/tunisie-les-petits-syndicats-mettent-la-pression-sur-le-gouvernement\/embed\/#?secret=RyYK8NUzvW#?secret=ws4TY3PRF7\" data-secret=\"ws4TY3PRF7\" width=\"600\" height=\"338\" frameborder=\"0\" marginwidth=\"0\" marginheight=\"0\" scrolling=\"no\"><\/iframe><\/p>\n<blockquote class=\"wp-embedded-content\" data-secret=\"EkebUJi6zz\"><p><a href=\"https:\/\/kapitalis.com\/tunisie\/2019\/01\/23\/bras-de-fer-ugtt-gouvernement-pour-une-modernisation-du-dialogue-social\/\">Bras de fer UGTT-Gouvernement : Pour une modernisation du dialogue social<\/a><\/p><\/blockquote>\n<p><iframe loading=\"lazy\" class=\"wp-embedded-content\" sandbox=\"allow-scripts\" security=\"restricted\" style=\"position: absolute; clip: rect(1px, 1px, 1px, 1px);\" title=\"\u00ab\u00a0Bras de fer UGTT-Gouvernement : Pour une modernisation du dialogue social\u00a0\u00bb &#8212; Kapitalis\" src=\"https:\/\/kapitalis.com\/tunisie\/2019\/01\/23\/bras-de-fer-ugtt-gouvernement-pour-une-modernisation-du-dialogue-social\/embed\/#?secret=X79H6qZteZ#?secret=EkebUJi6zz\" data-secret=\"EkebUJi6zz\" width=\"600\" height=\"338\" frameborder=\"0\" marginwidth=\"0\" marginheight=\"0\" scrolling=\"no\"><\/iframe><\/p>\n","protected":false},"excerpt":{"rendered":"<p>Le tribunal administratif tunisien a prononc\u00e9, le 5 f\u00e9vrier 2019, un jugement pass\u00e9 presque inaper\u00e7u mais qui fera date dans l\u2019histoire du syndicalisme tunisien. Par Kh\u00e9maies Krimi<\/p>\n","protected":false},"author":8,"featured_media":200205,"comment_status":"open","ping_status":"open","sticky":false,"template":"","format":"standard","meta":{"footnotes":""},"categories":[992,995,997,2433],"tags":[10019,2144,27855,27367,10846,1155,24470,936,3614,940],"class_list":["post-200204","post","type-post","status-publish","format-standard","has-post-thumbnail","hentry","category-a-la-une","category-economie","category-politique","category-tunisie","tag-cgtt","tag-conect","tag-conseil-national-du-dialogue-social","tag-habib-guiza","tag-pluralisme-syndical","tag-synagri","tag-syndicalisme-tunisien","tag-ugtt","tag-utap","tag-utica"],"yoast_head":"<!-- This site is optimized with the Yoast SEO plugin v26.6 - https:\/\/yoast.com\/wordpress\/plugins\/seo\/ -->\n<title>La justice tunisienne se range du c\u00f4t\u00e9 du pluralisme syndical - Kapitalis<\/title>\n<meta name=\"robots\" content=\"index, follow, max-snippet:-1, max-image-preview:large, max-video-preview:-1\" \/>\n<link rel=\"canonical\" href=\"https:\/\/kapitalis.com\/tunisie\/2019\/02\/27\/la-justice-tunisienne-se-range-du-cote-du-pluralisme-syndical\/\" \/>\n<meta property=\"og:locale\" content=\"fr_FR\" \/>\n<meta property=\"og:type\" content=\"article\" \/>\n<meta property=\"og:title\" content=\"La justice tunisienne se range du c\u00f4t\u00e9 du pluralisme syndical - Kapitalis\" \/>\n<meta property=\"og:description\" content=\"Le tribunal administratif tunisien a prononc\u00e9, le 5 f\u00e9vrier 2019, un jugement pass\u00e9 presque inaper\u00e7u mais qui fera date dans l\u2019histoire du syndicalisme tunisien. Par Kh\u00e9maies Krimi\" \/>\n<meta property=\"og:url\" content=\"https:\/\/kapitalis.com\/tunisie\/2019\/02\/27\/la-justice-tunisienne-se-range-du-cote-du-pluralisme-syndical\/\" \/>\n<meta property=\"og:site_name\" content=\"Kapitalis\" \/>\n<meta property=\"article:publisher\" content=\"https:\/\/www.facebook.com\/KapitalisInfo\/\" \/>\n<meta property=\"article:published_time\" content=\"2019-02-27T18:45:33+00:00\" \/>\n<meta property=\"og:image\" content=\"https:\/\/kapitalis.com\/tunisie\/wp-content\/uploads\/2022\/05\/kapitalis-logo-fb.png\" \/>\n\t<meta property=\"og:image:width\" content=\"1200\" \/>\n\t<meta property=\"og:image:height\" content=\"630\" \/>\n\t<meta property=\"og:image:type\" content=\"image\/png\" \/>\n<meta name=\"author\" content=\"webmaster kapitalis\" \/>\n<meta name=\"twitter:card\" content=\"summary_large_image\" \/>\n<meta name=\"twitter:creator\" content=\"@KapitalisInfo\" \/>\n<meta name=\"twitter:site\" content=\"@KapitalisInfo\" \/>\n<meta name=\"twitter:label1\" content=\"\u00c9crit par\" \/>\n\t<meta name=\"twitter:data1\" content=\"webmaster kapitalis\" \/>\n\t<meta name=\"twitter:label2\" content=\"Dur\u00e9e de lecture estim\u00e9e\" \/>\n\t<meta name=\"twitter:data2\" content=\"4 minutes\" \/>\n<script type=\"application\/ld+json\" class=\"yoast-schema-graph\">{\"@context\":\"https:\/\/schema.org\",\"@graph\":[{\"@type\":\"Article\",\"@id\":\"https:\/\/kapitalis.com\/tunisie\/2019\/02\/27\/la-justice-tunisienne-se-range-du-cote-du-pluralisme-syndical\/#article\",\"isPartOf\":{\"@id\":\"https:\/\/kapitalis.com\/tunisie\/2019\/02\/27\/la-justice-tunisienne-se-range-du-cote-du-pluralisme-syndical\/\"},\"author\":{\"name\":\"webmaster kapitalis\",\"@id\":\"https:\/\/kapitalis.com\/tunisie\/#\/schema\/person\/d71f33a9ca44f7bad4698210b480c8e9\"},\"headline\":\"La justice tunisienne se range du c\u00f4t\u00e9 du pluralisme syndical\",\"datePublished\":\"2019-02-27T18:45:33+00:00\",\"mainEntityOfPage\":{\"@id\":\"https:\/\/kapitalis.com\/tunisie\/2019\/02\/27\/la-justice-tunisienne-se-range-du-cote-du-pluralisme-syndical\/\"},\"wordCount\":787,\"commentCount\":0,\"publisher\":{\"@id\":\"https:\/\/kapitalis.com\/tunisie\/#organization\"},\"image\":{\"@id\":\"https:\/\/kapitalis.com\/tunisie\/2019\/02\/27\/la-justice-tunisienne-se-range-du-cote-du-pluralisme-syndical\/#primaryimage\"},\"thumbnailUrl\":\"\",\"keywords\":[\"Cgtt\",\"Conect\",\"Conseil national du dialogue social\",\"Habib Guiza\",\"pluralisme syndical\",\"Synagri\",\"syndicalisme tunisien\",\"UGTT\",\"Utap\",\"Utica\"],\"articleSection\":[\"A LA UNE\",\"ECONOMIE\",\"POLITIQUE\",\"Tunisie\"],\"inLanguage\":\"fr-FR\",\"potentialAction\":[{\"@type\":\"CommentAction\",\"name\":\"Comment\",\"target\":[\"https:\/\/kapitalis.com\/tunisie\/2019\/02\/27\/la-justice-tunisienne-se-range-du-cote-du-pluralisme-syndical\/#respond\"]}]},{\"@type\":\"WebPage\",\"@id\":\"https:\/\/kapitalis.com\/tunisie\/2019\/02\/27\/la-justice-tunisienne-se-range-du-cote-du-pluralisme-syndical\/\",\"url\":\"https:\/\/kapitalis.com\/tunisie\/2019\/02\/27\/la-justice-tunisienne-se-range-du-cote-du-pluralisme-syndical\/\",\"name\":\"La justice tunisienne se range du c\u00f4t\u00e9 du pluralisme syndical - Kapitalis\",\"isPartOf\":{\"@id\":\"https:\/\/kapitalis.com\/tunisie\/#website\"},\"primaryImageOfPage\":{\"@id\":\"https:\/\/kapitalis.com\/tunisie\/2019\/02\/27\/la-justice-tunisienne-se-range-du-cote-du-pluralisme-syndical\/#primaryimage\"},\"image\":{\"@id\":\"https:\/\/kapitalis.com\/tunisie\/2019\/02\/27\/la-justice-tunisienne-se-range-du-cote-du-pluralisme-syndical\/#primaryimage\"},\"thumbnailUrl\":\"\",\"datePublished\":\"2019-02-27T18:45:33+00:00\",\"breadcrumb\":{\"@id\":\"https:\/\/kapitalis.com\/tunisie\/2019\/02\/27\/la-justice-tunisienne-se-range-du-cote-du-pluralisme-syndical\/#breadcrumb\"},\"inLanguage\":\"fr-FR\",\"potentialAction\":[{\"@type\":\"ReadAction\",\"target\":[\"https:\/\/kapitalis.com\/tunisie\/2019\/02\/27\/la-justice-tunisienne-se-range-du-cote-du-pluralisme-syndical\/\"]}]},{\"@type\":\"ImageObject\",\"inLanguage\":\"fr-FR\",\"@id\":\"https:\/\/kapitalis.com\/tunisie\/2019\/02\/27\/la-justice-tunisienne-se-range-du-cote-du-pluralisme-syndical\/#primaryimage\",\"url\":\"\",\"contentUrl\":\"\"},{\"@type\":\"BreadcrumbList\",\"@id\":\"https:\/\/kapitalis.com\/tunisie\/2019\/02\/27\/la-justice-tunisienne-se-range-du-cote-du-pluralisme-syndical\/#breadcrumb\",\"itemListElement\":[{\"@type\":\"ListItem\",\"position\":1,\"name\":\"Accueil\",\"item\":\"https:\/\/kapitalis.com\/tunisie\/\"},{\"@type\":\"ListItem\",\"position\":2,\"name\":\"La justice tunisienne se range du c\u00f4t\u00e9 du pluralisme syndical\"}]},{\"@type\":\"WebSite\",\"@id\":\"https:\/\/kapitalis.com\/tunisie\/#website\",\"url\":\"https:\/\/kapitalis.com\/tunisie\/\",\"name\":\"Kapitalis\",\"description\":\"L&#039;actualit\u00e9 en Tunisie et dans le monde\",\"publisher\":{\"@id\":\"https:\/\/kapitalis.com\/tunisie\/#organization\"},\"potentialAction\":[{\"@type\":\"SearchAction\",\"target\":{\"@type\":\"EntryPoint\",\"urlTemplate\":\"https:\/\/kapitalis.com\/tunisie\/?s={search_term_string}\"},\"query-input\":{\"@type\":\"PropertyValueSpecification\",\"valueRequired\":true,\"valueName\":\"search_term_string\"}}],\"inLanguage\":\"fr-FR\"},{\"@type\":\"Organization\",\"@id\":\"https:\/\/kapitalis.com\/tunisie\/#organization\",\"name\":\"Kapitalis\",\"url\":\"https:\/\/kapitalis.com\/tunisie\/\",\"logo\":{\"@type\":\"ImageObject\",\"inLanguage\":\"fr-FR\",\"@id\":\"https:\/\/kapitalis.com\/tunisie\/#\/schema\/logo\/image\/\",\"url\":\"https:\/\/kapitalis.com\/tunisie\/wp-content\/uploads\/2022\/05\/Kapitalis-big-size.png\",\"contentUrl\":\"https:\/\/kapitalis.com\/tunisie\/wp-content\/uploads\/2022\/05\/Kapitalis-big-size.png\",\"width\":5000,\"height\":1500,\"caption\":\"Kapitalis\"},\"image\":{\"@id\":\"https:\/\/kapitalis.com\/tunisie\/#\/schema\/logo\/image\/\"},\"sameAs\":[\"https:\/\/www.facebook.com\/KapitalisInfo\/\",\"https:\/\/x.com\/KapitalisInfo\",\"https:\/\/www.youtube.com\/channel\/UC-yDYrHyfFBWWZaOw3FPg9Q\"]},{\"@type\":\"Person\",\"@id\":\"https:\/\/kapitalis.com\/tunisie\/#\/schema\/person\/d71f33a9ca44f7bad4698210b480c8e9\",\"name\":\"webmaster kapitalis\",\"url\":\"https:\/\/kapitalis.com\/tunisie\/author\/webmaster-kapitalis\/\"}]}<\/script>\n<!-- \/ Yoast SEO plugin. -->","yoast_head_json":{"title":"La justice tunisienne se range du c\u00f4t\u00e9 du pluralisme syndical - Kapitalis","robots":{"index":"index","follow":"follow","max-snippet":"max-snippet:-1","max-image-preview":"max-image-preview:large","max-video-preview":"max-video-preview:-1"},"canonical":"https:\/\/kapitalis.com\/tunisie\/2019\/02\/27\/la-justice-tunisienne-se-range-du-cote-du-pluralisme-syndical\/","og_locale":"fr_FR","og_type":"article","og_title":"La justice tunisienne se range du c\u00f4t\u00e9 du pluralisme syndical - Kapitalis","og_description":"Le tribunal administratif tunisien a prononc\u00e9, le 5 f\u00e9vrier 2019, un jugement pass\u00e9 presque inaper\u00e7u mais qui fera date dans l\u2019histoire du syndicalisme tunisien. Par Kh\u00e9maies Krimi","og_url":"https:\/\/kapitalis.com\/tunisie\/2019\/02\/27\/la-justice-tunisienne-se-range-du-cote-du-pluralisme-syndical\/","og_site_name":"Kapitalis","article_publisher":"https:\/\/www.facebook.com\/KapitalisInfo\/","article_published_time":"2019-02-27T18:45:33+00:00","og_image":[{"width":1200,"height":630,"url":"https:\/\/kapitalis.com\/tunisie\/wp-content\/uploads\/2022\/05\/kapitalis-logo-fb.png","type":"image\/png"}],"author":"webmaster kapitalis","twitter_card":"summary_large_image","twitter_creator":"@KapitalisInfo","twitter_site":"@KapitalisInfo","twitter_misc":{"\u00c9crit par":"webmaster kapitalis","Dur\u00e9e de lecture estim\u00e9e":"4 minutes"},"schema":{"@context":"https:\/\/schema.org","@graph":[{"@type":"Article","@id":"https:\/\/kapitalis.com\/tunisie\/2019\/02\/27\/la-justice-tunisienne-se-range-du-cote-du-pluralisme-syndical\/#article","isPartOf":{"@id":"https:\/\/kapitalis.com\/tunisie\/2019\/02\/27\/la-justice-tunisienne-se-range-du-cote-du-pluralisme-syndical\/"},"author":{"name":"webmaster kapitalis","@id":"https:\/\/kapitalis.com\/tunisie\/#\/schema\/person\/d71f33a9ca44f7bad4698210b480c8e9"},"headline":"La justice tunisienne se range du c\u00f4t\u00e9 du pluralisme syndical","datePublished":"2019-02-27T18:45:33+00:00","mainEntityOfPage":{"@id":"https:\/\/kapitalis.com\/tunisie\/2019\/02\/27\/la-justice-tunisienne-se-range-du-cote-du-pluralisme-syndical\/"},"wordCount":787,"commentCount":0,"publisher":{"@id":"https:\/\/kapitalis.com\/tunisie\/#organization"},"image":{"@id":"https:\/\/kapitalis.com\/tunisie\/2019\/02\/27\/la-justice-tunisienne-se-range-du-cote-du-pluralisme-syndical\/#primaryimage"},"thumbnailUrl":"","keywords":["Cgtt","Conect","Conseil national du dialogue social","Habib Guiza","pluralisme syndical","Synagri","syndicalisme tunisien","UGTT","Utap","Utica"],"articleSection":["A LA UNE","ECONOMIE","POLITIQUE","Tunisie"],"inLanguage":"fr-FR","potentialAction":[{"@type":"CommentAction","name":"Comment","target":["https:\/\/kapitalis.com\/tunisie\/2019\/02\/27\/la-justice-tunisienne-se-range-du-cote-du-pluralisme-syndical\/#respond"]}]},{"@type":"WebPage","@id":"https:\/\/kapitalis.com\/tunisie\/2019\/02\/27\/la-justice-tunisienne-se-range-du-cote-du-pluralisme-syndical\/","url":"https:\/\/kapitalis.com\/tunisie\/2019\/02\/27\/la-justice-tunisienne-se-range-du-cote-du-pluralisme-syndical\/","name":"La justice tunisienne se range du c\u00f4t\u00e9 du pluralisme syndical - Kapitalis","isPartOf":{"@id":"https:\/\/kapitalis.com\/tunisie\/#website"},"primaryImageOfPage":{"@id":"https:\/\/kapitalis.com\/tunisie\/2019\/02\/27\/la-justice-tunisienne-se-range-du-cote-du-pluralisme-syndical\/#primaryimage"},"image":{"@id":"https:\/\/kapitalis.com\/tunisie\/2019\/02\/27\/la-justice-tunisienne-se-range-du-cote-du-pluralisme-syndical\/#primaryimage"},"thumbnailUrl":"","datePublished":"2019-02-27T18:45:33+00:00","breadcrumb":{"@id":"https:\/\/kapitalis.com\/tunisie\/2019\/02\/27\/la-justice-tunisienne-se-range-du-cote-du-pluralisme-syndical\/#breadcrumb"},"inLanguage":"fr-FR","potentialAction":[{"@type":"ReadAction","target":["https:\/\/kapitalis.com\/tunisie\/2019\/02\/27\/la-justice-tunisienne-se-range-du-cote-du-pluralisme-syndical\/"]}]},{"@type":"ImageObject","inLanguage":"fr-FR","@id":"https:\/\/kapitalis.com\/tunisie\/2019\/02\/27\/la-justice-tunisienne-se-range-du-cote-du-pluralisme-syndical\/#primaryimage","url":"","contentUrl":""},{"@type":"BreadcrumbList","@id":"https:\/\/kapitalis.com\/tunisie\/2019\/02\/27\/la-justice-tunisienne-se-range-du-cote-du-pluralisme-syndical\/#breadcrumb","itemListElement":[{"@type":"ListItem","position":1,"name":"Accueil","item":"https:\/\/kapitalis.com\/tunisie\/"},{"@type":"ListItem","position":2,"name":"La justice tunisienne se range du c\u00f4t\u00e9 du pluralisme syndical"}]},{"@type":"WebSite","@id":"https:\/\/kapitalis.com\/tunisie\/#website","url":"https:\/\/kapitalis.com\/tunisie\/","name":"Kapitalis","description":"L&#039;actualit\u00e9 en Tunisie et dans le monde","publisher":{"@id":"https:\/\/kapitalis.com\/tunisie\/#organization"},"potentialAction":[{"@type":"SearchAction","target":{"@type":"EntryPoint","urlTemplate":"https:\/\/kapitalis.com\/tunisie\/?s={search_term_string}"},"query-input":{"@type":"PropertyValueSpecification","valueRequired":true,"valueName":"search_term_string"}}],"inLanguage":"fr-FR"},{"@type":"Organization","@id":"https:\/\/kapitalis.com\/tunisie\/#organization","name":"Kapitalis","url":"https:\/\/kapitalis.com\/tunisie\/","logo":{"@type":"ImageObject","inLanguage":"fr-FR","@id":"https:\/\/kapitalis.com\/tunisie\/#\/schema\/logo\/image\/","url":"https:\/\/kapitalis.com\/tunisie\/wp-content\/uploads\/2022\/05\/Kapitalis-big-size.png","contentUrl":"https:\/\/kapitalis.com\/tunisie\/wp-content\/uploads\/2022\/05\/Kapitalis-big-size.png","width":5000,"height":1500,"caption":"Kapitalis"},"image":{"@id":"https:\/\/kapitalis.com\/tunisie\/#\/schema\/logo\/image\/"},"sameAs":["https:\/\/www.facebook.com\/KapitalisInfo\/","https:\/\/x.com\/KapitalisInfo","https:\/\/www.youtube.com\/channel\/UC-yDYrHyfFBWWZaOw3FPg9Q"]},{"@type":"Person","@id":"https:\/\/kapitalis.com\/tunisie\/#\/schema\/person\/d71f33a9ca44f7bad4698210b480c8e9","name":"webmaster kapitalis","url":"https:\/\/kapitalis.com\/tunisie\/author\/webmaster-kapitalis\/"}]}},"_links":{"self":[{"href":"https:\/\/kapitalis.com\/tunisie\/wp-json\/wp\/v2\/posts\/200204","targetHints":{"allow":["GET"]}}],"collection":[{"href":"https:\/\/kapitalis.com\/tunisie\/wp-json\/wp\/v2\/posts"}],"about":[{"href":"https:\/\/kapitalis.com\/tunisie\/wp-json\/wp\/v2\/types\/post"}],"author":[{"embeddable":true,"href":"https:\/\/kapitalis.com\/tunisie\/wp-json\/wp\/v2\/users\/8"}],"replies":[{"embeddable":true,"href":"https:\/\/kapitalis.com\/tunisie\/wp-json\/wp\/v2\/comments?post=200204"}],"version-history":[{"count":0,"href":"https:\/\/kapitalis.com\/tunisie\/wp-json\/wp\/v2\/posts\/200204\/revisions"}],"wp:featuredmedia":[{"embeddable":true,"href":"https:\/\/kapitalis.com\/tunisie\/wp-json\/wp\/v2\/media\/200205"}],"wp:attachment":[{"href":"https:\/\/kapitalis.com\/tunisie\/wp-json\/wp\/v2\/media?parent=200204"}],"wp:term":[{"taxonomy":"category","embeddable":true,"href":"https:\/\/kapitalis.com\/tunisie\/wp-json\/wp\/v2\/categories?post=200204"},{"taxonomy":"post_tag","embeddable":true,"href":"https:\/\/kapitalis.com\/tunisie\/wp-json\/wp\/v2\/tags?post=200204"}],"curies":[{"name":"wp","href":"https:\/\/api.w.org\/{rel}","templated":true}]}}