{"id":200494,"date":"2019-03-01T14:03:38","date_gmt":"2019-03-01T13:03:38","guid":{"rendered":"http:\/\/kapitalis.com\/tunisie\/?p=200494"},"modified":"2019-03-01T14:04:48","modified_gmt":"2019-03-01T13:04:48","slug":"presidence-de-la-republique-habib-essid-va-t-il-demissionner","status":"publish","type":"post","link":"https:\/\/kapitalis.com\/tunisie\/2019\/03\/01\/presidence-de-la-republique-habib-essid-va-t-il-demissionner\/","title":{"rendered":"Pr\u00e9sidence de la r\u00e9publique : Habib Essid va-t-il d\u00e9missionner ?"},"content":{"rendered":"<p style=\"text-align: center;\"><img loading=\"lazy\" decoding=\"async\" class=\"alignnone size-full wp-image-56266\" src=\"http:\/\/kapitalis.com\/tunisie\/wp-content\/uploads\/2016\/06\/Habib-Essid-malaise-hopital.jpg\" alt=\"\" width=\"626\" height=\"380\" \/><\/p>\n<p><em><strong>Habib Essid, conseiller charg\u00e9 des affaires politiques \u00e0 la pr\u00e9sidence de la r\u00e9publique, a demand\u00e9 de prendre une p\u00e9riode\u00a0de repos. Ce n&rsquo;est pas encore une d\u00e9mission, mais cela lui ressemble beaucoup.<\/strong><\/em><!--more--><\/p>\n<p>Selon une source, l&rsquo;ancien chef du gouvernement (f\u00e9vrier 2015-ao\u00fbt 2016) a demand\u00e9 \u00e0 la pr\u00e9sidence de la r\u00e9publique un cong\u00e9 pour se reposer, en disant qu&rsquo;il sera l\u00e0 en cas de besoin.<\/p>\n<p>En fait, les relations entre le pr\u00e9sident de la r\u00e9publique, B\u00e9ji Ca\u00efd Essebsi, et son conseiller se sont r\u00e9duites,\u00a0depuis un certain temps, au strict minimum. Le cong\u00e9 pourrait bien \u00eatre un d\u00e9part annonc\u00e9. La d\u00e9mission ne saurait donc tarder.<\/p>\n<p style=\"text-align: right;\"><strong>E. B. A.<\/strong><\/p>\n<blockquote class=\"wp-embedded-content\" data-secret=\"PsBwaKlei6\"><p><a href=\"https:\/\/kapitalis.com\/tunisie\/2017\/07\/25\/habib-essid-honore-pour-ses-bons-et-loyaux-services\/\">Habib Essid honor\u00e9 pour ses bons et loyaux services<\/a><\/p><\/blockquote>\n<p><iframe loading=\"lazy\" class=\"wp-embedded-content\" sandbox=\"allow-scripts\" security=\"restricted\" style=\"position: absolute; clip: rect(1px, 1px, 1px, 1px);\" title=\"\u00ab\u00a0Habib Essid honor\u00e9 pour ses bons et loyaux services\u00a0\u00bb &#8212; Kapitalis\" src=\"https:\/\/kapitalis.com\/tunisie\/2017\/07\/25\/habib-essid-honore-pour-ses-bons-et-loyaux-services\/embed\/#?secret=rgxKGc48RS#?secret=PsBwaKlei6\" data-secret=\"PsBwaKlei6\" width=\"600\" height=\"338\" frameborder=\"0\" marginwidth=\"0\" marginheight=\"0\" scrolling=\"no\"><\/iframe><\/p>\n","protected":false},"excerpt":{"rendered":"<p>Habib Essid, conseiller charg\u00e9 des affaires politiques \u00e0 la pr\u00e9sidence de la r\u00e9publique, a demand\u00e9 de prendre une p\u00e9riode\u00a0de repos. Ce n&rsquo;est pas encore une d\u00e9mission, mais cela lui ressemble beaucoup.<\/p>\n","protected":false},"author":16,"featured_media":0,"comment_status":"open","ping_status":"open","sticky":false,"template":"","format":"standard","meta":{"footnotes":""},"categories":[997,2433],"tags":[1108,2036,435,2225],"class_list":["post-200494","post","type-post","status-publish","format-standard","hentry","category-politique","category-tunisie","tag-beji-caid-essebsi","tag-demission","tag-habib-essid","tag-palais-de-carthage"],"yoast_head":"<!-- This site is optimized with the Yoast SEO plugin v26.6 - https:\/\/yoast.com\/wordpress\/plugins\/seo\/ -->\n<title>Pr\u00e9sidence de la r\u00e9publique : Habib Essid va-t-il d\u00e9missionner ? - Kapitalis<\/title>\n<meta name=\"robots\" content=\"index, follow, max-snippet:-1, max-image-preview:large, max-video-preview:-1\" \/>\n<link rel=\"canonical\" href=\"https:\/\/kapitalis.com\/tunisie\/2019\/03\/01\/presidence-de-la-republique-habib-essid-va-t-il-demissionner\/\" \/>\n<meta property=\"og:locale\" content=\"fr_FR\" \/>\n<meta property=\"og:type\" content=\"article\" \/>\n<meta property=\"og:title\" content=\"Pr\u00e9sidence de la r\u00e9publique : Habib Essid va-t-il d\u00e9missionner ? - Kapitalis\" \/>\n<meta property=\"og:description\" content=\"Habib Essid, conseiller charg\u00e9 des affaires politiques \u00e0 la pr\u00e9sidence de la r\u00e9publique, a demand\u00e9 de prendre une p\u00e9riode\u00a0de repos. Ce n&rsquo;est pas encore une d\u00e9mission, mais cela lui ressemble beaucoup.\" \/>\n<meta property=\"og:url\" content=\"https:\/\/kapitalis.com\/tunisie\/2019\/03\/01\/presidence-de-la-republique-habib-essid-va-t-il-demissionner\/\" \/>\n<meta property=\"og:site_name\" content=\"Kapitalis\" \/>\n<meta property=\"article:publisher\" content=\"https:\/\/www.facebook.com\/KapitalisInfo\/\" \/>\n<meta property=\"article:published_time\" content=\"2019-03-01T13:03:38+00:00\" \/>\n<meta property=\"article:modified_time\" content=\"2019-03-01T13:04:48+00:00\" \/>\n<meta property=\"og:image\" content=\"http:\/\/kapitalis.com\/tunisie\/wp-content\/uploads\/2016\/06\/Habib-Essid-malaise-hopital.jpg\" \/>\n<meta name=\"author\" content=\"emna benabdallah\" \/>\n<meta name=\"twitter:card\" content=\"summary_large_image\" \/>\n<meta name=\"twitter:creator\" content=\"@KapitalisInfo\" \/>\n<meta name=\"twitter:site\" content=\"@KapitalisInfo\" \/>\n<meta name=\"twitter:label1\" content=\"\u00c9crit par\" \/>\n\t<meta name=\"twitter:data1\" content=\"emna benabdallah\" \/>\n\t<meta name=\"twitter:label2\" content=\"Dur\u00e9e de lecture estim\u00e9e\" \/>\n\t<meta name=\"twitter:data2\" content=\"1 minute\" \/>\n<script type=\"application\/ld+json\" class=\"yoast-schema-graph\">{\"@context\":\"https:\/\/schema.org\",\"@graph\":[{\"@type\":\"Article\",\"@id\":\"https:\/\/kapitalis.com\/tunisie\/2019\/03\/01\/presidence-de-la-republique-habib-essid-va-t-il-demissionner\/#article\",\"isPartOf\":{\"@id\":\"https:\/\/kapitalis.com\/tunisie\/2019\/03\/01\/presidence-de-la-republique-habib-essid-va-t-il-demissionner\/\"},\"author\":{\"name\":\"emna benabdallah\",\"@id\":\"https:\/\/kapitalis.com\/tunisie\/#\/schema\/person\/2c6e134b2f3369dffcd1daf5f087d28b\"},\"headline\":\"Pr\u00e9sidence de la r\u00e9publique : Habib Essid va-t-il d\u00e9missionner ?\",\"datePublished\":\"2019-03-01T13:03:38+00:00\",\"dateModified\":\"2019-03-01T13:04:48+00:00\",\"mainEntityOfPage\":{\"@id\":\"https:\/\/kapitalis.com\/tunisie\/2019\/03\/01\/presidence-de-la-republique-habib-essid-va-t-il-demissionner\/\"},\"wordCount\":135,\"commentCount\":2,\"publisher\":{\"@id\":\"https:\/\/kapitalis.com\/tunisie\/#organization\"},\"image\":{\"@id\":\"https:\/\/kapitalis.com\/tunisie\/2019\/03\/01\/presidence-de-la-republique-habib-essid-va-t-il-demissionner\/#primaryimage\"},\"thumbnailUrl\":\"http:\/\/kapitalis.com\/tunisie\/wp-content\/uploads\/2016\/06\/Habib-Essid-malaise-hopital.jpg\",\"keywords\":[\"B\u00e9ji Ca\u00efd Essebsi\",\"d\u00e9mission\",\"Habib Essid\",\"palais de Carthage\"],\"articleSection\":[\"POLITIQUE\",\"Tunisie\"],\"inLanguage\":\"fr-FR\",\"potentialAction\":[{\"@type\":\"CommentAction\",\"name\":\"Comment\",\"target\":[\"https:\/\/kapitalis.com\/tunisie\/2019\/03\/01\/presidence-de-la-republique-habib-essid-va-t-il-demissionner\/#respond\"]}]},{\"@type\":\"WebPage\",\"@id\":\"https:\/\/kapitalis.com\/tunisie\/2019\/03\/01\/presidence-de-la-republique-habib-essid-va-t-il-demissionner\/\",\"url\":\"https:\/\/kapitalis.com\/tunisie\/2019\/03\/01\/presidence-de-la-republique-habib-essid-va-t-il-demissionner\/\",\"name\":\"Pr\u00e9sidence de la r\u00e9publique : Habib Essid va-t-il d\u00e9missionner ? - Kapitalis\",\"isPartOf\":{\"@id\":\"https:\/\/kapitalis.com\/tunisie\/#website\"},\"primaryImageOfPage\":{\"@id\":\"https:\/\/kapitalis.com\/tunisie\/2019\/03\/01\/presidence-de-la-republique-habib-essid-va-t-il-demissionner\/#primaryimage\"},\"image\":{\"@id\":\"https:\/\/kapitalis.com\/tunisie\/2019\/03\/01\/presidence-de-la-republique-habib-essid-va-t-il-demissionner\/#primaryimage\"},\"thumbnailUrl\":\"http:\/\/kapitalis.com\/tunisie\/wp-content\/uploads\/2016\/06\/Habib-Essid-malaise-hopital.jpg\",\"datePublished\":\"2019-03-01T13:03:38+00:00\",\"dateModified\":\"2019-03-01T13:04:48+00:00\",\"breadcrumb\":{\"@id\":\"https:\/\/kapitalis.com\/tunisie\/2019\/03\/01\/presidence-de-la-republique-habib-essid-va-t-il-demissionner\/#breadcrumb\"},\"inLanguage\":\"fr-FR\",\"potentialAction\":[{\"@type\":\"ReadAction\",\"target\":[\"https:\/\/kapitalis.com\/tunisie\/2019\/03\/01\/presidence-de-la-republique-habib-essid-va-t-il-demissionner\/\"]}]},{\"@type\":\"ImageObject\",\"inLanguage\":\"fr-FR\",\"@id\":\"https:\/\/kapitalis.com\/tunisie\/2019\/03\/01\/presidence-de-la-republique-habib-essid-va-t-il-demissionner\/#primaryimage\",\"url\":\"http:\/\/kapitalis.com\/tunisie\/wp-content\/uploads\/2016\/06\/Habib-Essid-malaise-hopital.jpg\",\"contentUrl\":\"http:\/\/kapitalis.com\/tunisie\/wp-content\/uploads\/2016\/06\/Habib-Essid-malaise-hopital.jpg\"},{\"@type\":\"BreadcrumbList\",\"@id\":\"https:\/\/kapitalis.com\/tunisie\/2019\/03\/01\/presidence-de-la-republique-habib-essid-va-t-il-demissionner\/#breadcrumb\",\"itemListElement\":[{\"@type\":\"ListItem\",\"position\":1,\"name\":\"Accueil\",\"item\":\"https:\/\/kapitalis.com\/tunisie\/\"},{\"@type\":\"ListItem\",\"position\":2,\"name\":\"Pr\u00e9sidence de la r\u00e9publique : Habib Essid va-t-il d\u00e9missionner ?\"}]},{\"@type\":\"WebSite\",\"@id\":\"https:\/\/kapitalis.com\/tunisie\/#website\",\"url\":\"https:\/\/kapitalis.com\/tunisie\/\",\"name\":\"Kapitalis\",\"description\":\"L&#039;actualit\u00e9 en Tunisie et dans le monde\",\"publisher\":{\"@id\":\"https:\/\/kapitalis.com\/tunisie\/#organization\"},\"potentialAction\":[{\"@type\":\"SearchAction\",\"target\":{\"@type\":\"EntryPoint\",\"urlTemplate\":\"https:\/\/kapitalis.com\/tunisie\/?s={search_term_string}\"},\"query-input\":{\"@type\":\"PropertyValueSpecification\",\"valueRequired\":true,\"valueName\":\"search_term_string\"}}],\"inLanguage\":\"fr-FR\"},{\"@type\":\"Organization\",\"@id\":\"https:\/\/kapitalis.com\/tunisie\/#organization\",\"name\":\"Kapitalis\",\"url\":\"https:\/\/kapitalis.com\/tunisie\/\",\"logo\":{\"@type\":\"ImageObject\",\"inLanguage\":\"fr-FR\",\"@id\":\"https:\/\/kapitalis.com\/tunisie\/#\/schema\/logo\/image\/\",\"url\":\"https:\/\/kapitalis.com\/tunisie\/wp-content\/uploads\/2022\/05\/Kapitalis-big-size.png\",\"contentUrl\":\"https:\/\/kapitalis.com\/tunisie\/wp-content\/uploads\/2022\/05\/Kapitalis-big-size.png\",\"width\":5000,\"height\":1500,\"caption\":\"Kapitalis\"},\"image\":{\"@id\":\"https:\/\/kapitalis.com\/tunisie\/#\/schema\/logo\/image\/\"},\"sameAs\":[\"https:\/\/www.facebook.com\/KapitalisInfo\/\",\"https:\/\/x.com\/KapitalisInfo\",\"https:\/\/www.youtube.com\/channel\/UC-yDYrHyfFBWWZaOw3FPg9Q\"]},{\"@type\":\"Person\",\"@id\":\"https:\/\/kapitalis.com\/tunisie\/#\/schema\/person\/2c6e134b2f3369dffcd1daf5f087d28b\",\"name\":\"emna benabdallah\",\"url\":\"https:\/\/kapitalis.com\/tunisie\/author\/emna\/\"}]}<\/script>\n<!-- \/ Yoast SEO plugin. -->","yoast_head_json":{"title":"Pr\u00e9sidence de la r\u00e9publique : Habib Essid va-t-il d\u00e9missionner ? - Kapitalis","robots":{"index":"index","follow":"follow","max-snippet":"max-snippet:-1","max-image-preview":"max-image-preview:large","max-video-preview":"max-video-preview:-1"},"canonical":"https:\/\/kapitalis.com\/tunisie\/2019\/03\/01\/presidence-de-la-republique-habib-essid-va-t-il-demissionner\/","og_locale":"fr_FR","og_type":"article","og_title":"Pr\u00e9sidence de la r\u00e9publique : Habib Essid va-t-il d\u00e9missionner ? - Kapitalis","og_description":"Habib Essid, conseiller charg\u00e9 des affaires politiques \u00e0 la pr\u00e9sidence de la r\u00e9publique, a demand\u00e9 de prendre une p\u00e9riode\u00a0de repos. Ce n&rsquo;est pas encore une d\u00e9mission, mais cela lui ressemble beaucoup.","og_url":"https:\/\/kapitalis.com\/tunisie\/2019\/03\/01\/presidence-de-la-republique-habib-essid-va-t-il-demissionner\/","og_site_name":"Kapitalis","article_publisher":"https:\/\/www.facebook.com\/KapitalisInfo\/","article_published_time":"2019-03-01T13:03:38+00:00","article_modified_time":"2019-03-01T13:04:48+00:00","og_image":[{"url":"http:\/\/kapitalis.com\/tunisie\/wp-content\/uploads\/2016\/06\/Habib-Essid-malaise-hopital.jpg","type":"","width":"","height":""}],"author":"emna benabdallah","twitter_card":"summary_large_image","twitter_creator":"@KapitalisInfo","twitter_site":"@KapitalisInfo","twitter_misc":{"\u00c9crit par":"emna benabdallah","Dur\u00e9e de lecture estim\u00e9e":"1 minute"},"schema":{"@context":"https:\/\/schema.org","@graph":[{"@type":"Article","@id":"https:\/\/kapitalis.com\/tunisie\/2019\/03\/01\/presidence-de-la-republique-habib-essid-va-t-il-demissionner\/#article","isPartOf":{"@id":"https:\/\/kapitalis.com\/tunisie\/2019\/03\/01\/presidence-de-la-republique-habib-essid-va-t-il-demissionner\/"},"author":{"name":"emna benabdallah","@id":"https:\/\/kapitalis.com\/tunisie\/#\/schema\/person\/2c6e134b2f3369dffcd1daf5f087d28b"},"headline":"Pr\u00e9sidence de la r\u00e9publique : Habib Essid va-t-il d\u00e9missionner ?","datePublished":"2019-03-01T13:03:38+00:00","dateModified":"2019-03-01T13:04:48+00:00","mainEntityOfPage":{"@id":"https:\/\/kapitalis.com\/tunisie\/2019\/03\/01\/presidence-de-la-republique-habib-essid-va-t-il-demissionner\/"},"wordCount":135,"commentCount":2,"publisher":{"@id":"https:\/\/kapitalis.com\/tunisie\/#organization"},"image":{"@id":"https:\/\/kapitalis.com\/tunisie\/2019\/03\/01\/presidence-de-la-republique-habib-essid-va-t-il-demissionner\/#primaryimage"},"thumbnailUrl":"http:\/\/kapitalis.com\/tunisie\/wp-content\/uploads\/2016\/06\/Habib-Essid-malaise-hopital.jpg","keywords":["B\u00e9ji Ca\u00efd Essebsi","d\u00e9mission","Habib Essid","palais de Carthage"],"articleSection":["POLITIQUE","Tunisie"],"inLanguage":"fr-FR","potentialAction":[{"@type":"CommentAction","name":"Comment","target":["https:\/\/kapitalis.com\/tunisie\/2019\/03\/01\/presidence-de-la-republique-habib-essid-va-t-il-demissionner\/#respond"]}]},{"@type":"WebPage","@id":"https:\/\/kapitalis.com\/tunisie\/2019\/03\/01\/presidence-de-la-republique-habib-essid-va-t-il-demissionner\/","url":"https:\/\/kapitalis.com\/tunisie\/2019\/03\/01\/presidence-de-la-republique-habib-essid-va-t-il-demissionner\/","name":"Pr\u00e9sidence de la r\u00e9publique : Habib Essid va-t-il d\u00e9missionner ? - Kapitalis","isPartOf":{"@id":"https:\/\/kapitalis.com\/tunisie\/#website"},"primaryImageOfPage":{"@id":"https:\/\/kapitalis.com\/tunisie\/2019\/03\/01\/presidence-de-la-republique-habib-essid-va-t-il-demissionner\/#primaryimage"},"image":{"@id":"https:\/\/kapitalis.com\/tunisie\/2019\/03\/01\/presidence-de-la-republique-habib-essid-va-t-il-demissionner\/#primaryimage"},"thumbnailUrl":"http:\/\/kapitalis.com\/tunisie\/wp-content\/uploads\/2016\/06\/Habib-Essid-malaise-hopital.jpg","datePublished":"2019-03-01T13:03:38+00:00","dateModified":"2019-03-01T13:04:48+00:00","breadcrumb":{"@id":"https:\/\/kapitalis.com\/tunisie\/2019\/03\/01\/presidence-de-la-republique-habib-essid-va-t-il-demissionner\/#breadcrumb"},"inLanguage":"fr-FR","potentialAction":[{"@type":"ReadAction","target":["https:\/\/kapitalis.com\/tunisie\/2019\/03\/01\/presidence-de-la-republique-habib-essid-va-t-il-demissionner\/"]}]},{"@type":"ImageObject","inLanguage":"fr-FR","@id":"https:\/\/kapitalis.com\/tunisie\/2019\/03\/01\/presidence-de-la-republique-habib-essid-va-t-il-demissionner\/#primaryimage","url":"http:\/\/kapitalis.com\/tunisie\/wp-content\/uploads\/2016\/06\/Habib-Essid-malaise-hopital.jpg","contentUrl":"http:\/\/kapitalis.com\/tunisie\/wp-content\/uploads\/2016\/06\/Habib-Essid-malaise-hopital.jpg"},{"@type":"BreadcrumbList","@id":"https:\/\/kapitalis.com\/tunisie\/2019\/03\/01\/presidence-de-la-republique-habib-essid-va-t-il-demissionner\/#breadcrumb","itemListElement":[{"@type":"ListItem","position":1,"name":"Accueil","item":"https:\/\/kapitalis.com\/tunisie\/"},{"@type":"ListItem","position":2,"name":"Pr\u00e9sidence de la r\u00e9publique : Habib Essid va-t-il d\u00e9missionner ?"}]},{"@type":"WebSite","@id":"https:\/\/kapitalis.com\/tunisie\/#website","url":"https:\/\/kapitalis.com\/tunisie\/","name":"Kapitalis","description":"L&#039;actualit\u00e9 en Tunisie et dans le monde","publisher":{"@id":"https:\/\/kapitalis.com\/tunisie\/#organization"},"potentialAction":[{"@type":"SearchAction","target":{"@type":"EntryPoint","urlTemplate":"https:\/\/kapitalis.com\/tunisie\/?s={search_term_string}"},"query-input":{"@type":"PropertyValueSpecification","valueRequired":true,"valueName":"search_term_string"}}],"inLanguage":"fr-FR"},{"@type":"Organization","@id":"https:\/\/kapitalis.com\/tunisie\/#organization","name":"Kapitalis","url":"https:\/\/kapitalis.com\/tunisie\/","logo":{"@type":"ImageObject","inLanguage":"fr-FR","@id":"https:\/\/kapitalis.com\/tunisie\/#\/schema\/logo\/image\/","url":"https:\/\/kapitalis.com\/tunisie\/wp-content\/uploads\/2022\/05\/Kapitalis-big-size.png","contentUrl":"https:\/\/kapitalis.com\/tunisie\/wp-content\/uploads\/2022\/05\/Kapitalis-big-size.png","width":5000,"height":1500,"caption":"Kapitalis"},"image":{"@id":"https:\/\/kapitalis.com\/tunisie\/#\/schema\/logo\/image\/"},"sameAs":["https:\/\/www.facebook.com\/KapitalisInfo\/","https:\/\/x.com\/KapitalisInfo","https:\/\/www.youtube.com\/channel\/UC-yDYrHyfFBWWZaOw3FPg9Q"]},{"@type":"Person","@id":"https:\/\/kapitalis.com\/tunisie\/#\/schema\/person\/2c6e134b2f3369dffcd1daf5f087d28b","name":"emna benabdallah","url":"https:\/\/kapitalis.com\/tunisie\/author\/emna\/"}]}},"_links":{"self":[{"href":"https:\/\/kapitalis.com\/tunisie\/wp-json\/wp\/v2\/posts\/200494","targetHints":{"allow":["GET"]}}],"collection":[{"href":"https:\/\/kapitalis.com\/tunisie\/wp-json\/wp\/v2\/posts"}],"about":[{"href":"https:\/\/kapitalis.com\/tunisie\/wp-json\/wp\/v2\/types\/post"}],"author":[{"embeddable":true,"href":"https:\/\/kapitalis.com\/tunisie\/wp-json\/wp\/v2\/users\/16"}],"replies":[{"embeddable":true,"href":"https:\/\/kapitalis.com\/tunisie\/wp-json\/wp\/v2\/comments?post=200494"}],"version-history":[{"count":0,"href":"https:\/\/kapitalis.com\/tunisie\/wp-json\/wp\/v2\/posts\/200494\/revisions"}],"wp:attachment":[{"href":"https:\/\/kapitalis.com\/tunisie\/wp-json\/wp\/v2\/media?parent=200494"}],"wp:term":[{"taxonomy":"category","embeddable":true,"href":"https:\/\/kapitalis.com\/tunisie\/wp-json\/wp\/v2\/categories?post=200494"},{"taxonomy":"post_tag","embeddable":true,"href":"https:\/\/kapitalis.com\/tunisie\/wp-json\/wp\/v2\/tags?post=200494"}],"curies":[{"name":"wp","href":"https:\/\/api.w.org\/{rel}","templated":true}]}}