{"id":200774,"date":"2019-03-04T08:07:34","date_gmt":"2019-03-04T07:07:34","guid":{"rendered":"http:\/\/kapitalis.com\/tunisie\/?p=200774"},"modified":"2019-03-04T08:07:34","modified_gmt":"2019-03-04T07:07:34","slug":"ift-celebration-de-la-journee-internationale-des-femmes","status":"publish","type":"post","link":"https:\/\/kapitalis.com\/tunisie\/2019\/03\/04\/ift-celebration-de-la-journee-internationale-des-femmes\/","title":{"rendered":"IFT : C\u00e9l\u00e9bration de la Journ\u00e9e internationale des femmes"},"content":{"rendered":"<p style=\"text-align: center;\"><img loading=\"lazy\" decoding=\"async\" class=\"alignnone size-full wp-image-200775\" src=\"http:\/\/kapitalis.com\/tunisie\/wp-content\/uploads\/2019\/03\/Journee-Internationale-des-femmes-IFT.jpg\" alt=\"\" width=\"626\" height=\"380\" \/><\/p>\n<p><em><strong>\u00c0 l\u2019occasion de la Journ\u00e9e internationale des femmes (8 mars), l\u2019Institut fran\u00e7ais de Tunisie (IFT) organise une rencontre autour des droits des femmes, demain, mardi 5 mars 2019.<\/strong><\/em><\/p>\n<p><!--more--><\/p>\n<p>Cette journ\u00e9e sera d\u00e9di\u00e9e aux femmes aux parcours exceptionnels, avec des t\u00e9moignages et des d\u00e9bats en pr\u00e9sence de la ministre de la Femme, de la Famille, de l\u2019Enfance et des seniors Neziha Laabidi.<\/p>\n<p>Organis\u00e9 par l\u2019ambassade de France en Tunisie et l\u2019IFT, l\u2019\u00e9v\u00e9nement sera inaugur\u00e9 par l\u2019ambassadeur fran\u00e7ais Olivier Poivre d\u2019Arvor et comprendra la pr\u00e9sentation d\u2019une s\u00e9rie d\u2019initiatives favorisant l\u2019employabilit\u00e9 des femmes et des portraits de femmes exceptionnelles \u00e0 travers des t\u00e9moignages et des photographies.<\/p>\n<p>La deuxi\u00e8me partie de l\u2019\u00e9v\u00e9nement sera marqu\u00e9e par la remise des prix UBCI \u2013 Groupe BNB Paribas qui s\u2019est engag\u00e9 en faveur de l\u2019entrepreneuriat f\u00e9minin \u00e0 travers le programme <em>\u00abThe Next Woman Tunisie\u00bb<\/em>. Au programme \u00e9galement l\u2019inauguration de l\u2019exposition photographique <em>\u00abVisez la lune\u00bb<\/em> autour de l\u2019autocensure des femmes, qui sera appuy\u00e9e par des t\u00e9moignages de Saloua Khiari (gouverneure de Nabeul), Samia Charfi Kaddour (directrice g\u00e9n\u00e9rale de la valorisation de la recherche), Aziza Seddik (directrice de l\u2019Acad\u00e9mie de formation \u00e0 la s\u00e9curit\u00e9 de l\u2019aviation), Majda Cheour (chef de service \u00e0 l\u2019h\u00f4pital Razi) \u2026<\/p>\n<p style=\"text-align: right;\"><strong>Fawz Ben Ali<\/strong><\/p>\n","protected":false},"excerpt":{"rendered":"<p>\u00c0 l\u2019occasion de la Journ\u00e9e internationale des femmes (8 mars), l\u2019Institut fran\u00e7ais de Tunisie (IFT) organise une rencontre autour des droits des femmes, demain, mardi 5 mars 2019.<\/p>\n","protected":false},"author":8,"featured_media":200775,"comment_status":"open","ping_status":"open","sticky":false,"template":"","format":"standard","meta":{"footnotes":""},"categories":[994,2433],"tags":[8083,3226,17129,22803],"class_list":["post-200774","post","type-post","status-publish","format-standard","has-post-thumbnail","hentry","category-culture","category-tunisie","tag-entrepreneuriat-feminin","tag-institut-francais-de-tunisie","tag-olivier-poivre-darvor","tag-saloua-khiari"],"yoast_head":"<!-- This site is optimized with the Yoast SEO plugin v26.6 - https:\/\/yoast.com\/wordpress\/plugins\/seo\/ -->\n<title>IFT : C\u00e9l\u00e9bration de la Journ\u00e9e internationale des femmes - Kapitalis<\/title>\n<meta name=\"robots\" content=\"index, follow, max-snippet:-1, max-image-preview:large, max-video-preview:-1\" \/>\n<link rel=\"canonical\" href=\"https:\/\/kapitalis.com\/tunisie\/2019\/03\/04\/ift-celebration-de-la-journee-internationale-des-femmes\/\" \/>\n<meta property=\"og:locale\" content=\"fr_FR\" \/>\n<meta property=\"og:type\" content=\"article\" \/>\n<meta property=\"og:title\" content=\"IFT : C\u00e9l\u00e9bration de la Journ\u00e9e internationale des femmes - Kapitalis\" \/>\n<meta property=\"og:description\" content=\"\u00c0 l\u2019occasion de la Journ\u00e9e internationale des femmes (8 mars), l\u2019Institut fran\u00e7ais de Tunisie (IFT) organise une rencontre autour des droits des femmes, demain, mardi 5 mars 2019.\" \/>\n<meta property=\"og:url\" content=\"https:\/\/kapitalis.com\/tunisie\/2019\/03\/04\/ift-celebration-de-la-journee-internationale-des-femmes\/\" \/>\n<meta property=\"og:site_name\" content=\"Kapitalis\" \/>\n<meta property=\"article:publisher\" content=\"https:\/\/www.facebook.com\/KapitalisInfo\/\" \/>\n<meta property=\"article:published_time\" content=\"2019-03-04T07:07:34+00:00\" \/>\n<meta property=\"og:image\" content=\"https:\/\/kapitalis.com\/tunisie\/wp-content\/uploads\/2022\/05\/kapitalis-logo-fb.png\" \/>\n\t<meta property=\"og:image:width\" content=\"1200\" \/>\n\t<meta property=\"og:image:height\" content=\"630\" \/>\n\t<meta property=\"og:image:type\" content=\"image\/png\" \/>\n<meta name=\"author\" content=\"webmaster kapitalis\" \/>\n<meta name=\"twitter:card\" content=\"summary_large_image\" \/>\n<meta name=\"twitter:creator\" content=\"@KapitalisInfo\" \/>\n<meta name=\"twitter:site\" content=\"@KapitalisInfo\" \/>\n<meta name=\"twitter:label1\" content=\"\u00c9crit par\" \/>\n\t<meta name=\"twitter:data1\" content=\"webmaster kapitalis\" \/>\n\t<meta name=\"twitter:label2\" content=\"Dur\u00e9e de lecture estim\u00e9e\" \/>\n\t<meta name=\"twitter:data2\" content=\"1 minute\" \/>\n<script type=\"application\/ld+json\" class=\"yoast-schema-graph\">{\"@context\":\"https:\/\/schema.org\",\"@graph\":[{\"@type\":\"Article\",\"@id\":\"https:\/\/kapitalis.com\/tunisie\/2019\/03\/04\/ift-celebration-de-la-journee-internationale-des-femmes\/#article\",\"isPartOf\":{\"@id\":\"https:\/\/kapitalis.com\/tunisie\/2019\/03\/04\/ift-celebration-de-la-journee-internationale-des-femmes\/\"},\"author\":{\"name\":\"webmaster kapitalis\",\"@id\":\"https:\/\/kapitalis.com\/tunisie\/#\/schema\/person\/d71f33a9ca44f7bad4698210b480c8e9\"},\"headline\":\"IFT : C\u00e9l\u00e9bration de la Journ\u00e9e internationale des femmes\",\"datePublished\":\"2019-03-04T07:07:34+00:00\",\"mainEntityOfPage\":{\"@id\":\"https:\/\/kapitalis.com\/tunisie\/2019\/03\/04\/ift-celebration-de-la-journee-internationale-des-femmes\/\"},\"wordCount\":243,\"commentCount\":3,\"publisher\":{\"@id\":\"https:\/\/kapitalis.com\/tunisie\/#organization\"},\"image\":{\"@id\":\"https:\/\/kapitalis.com\/tunisie\/2019\/03\/04\/ift-celebration-de-la-journee-internationale-des-femmes\/#primaryimage\"},\"thumbnailUrl\":\"\",\"keywords\":[\"entrepreneuriat f\u00e9minin\",\"Institut fran\u00e7ais de Tunisie\",\"Olivier Poivre d\u2019Arvor\",\"Saloua Khiari\"],\"articleSection\":[\"CULTURE\",\"Tunisie\"],\"inLanguage\":\"fr-FR\",\"potentialAction\":[{\"@type\":\"CommentAction\",\"name\":\"Comment\",\"target\":[\"https:\/\/kapitalis.com\/tunisie\/2019\/03\/04\/ift-celebration-de-la-journee-internationale-des-femmes\/#respond\"]}]},{\"@type\":\"WebPage\",\"@id\":\"https:\/\/kapitalis.com\/tunisie\/2019\/03\/04\/ift-celebration-de-la-journee-internationale-des-femmes\/\",\"url\":\"https:\/\/kapitalis.com\/tunisie\/2019\/03\/04\/ift-celebration-de-la-journee-internationale-des-femmes\/\",\"name\":\"IFT : C\u00e9l\u00e9bration de la Journ\u00e9e internationale des femmes - Kapitalis\",\"isPartOf\":{\"@id\":\"https:\/\/kapitalis.com\/tunisie\/#website\"},\"primaryImageOfPage\":{\"@id\":\"https:\/\/kapitalis.com\/tunisie\/2019\/03\/04\/ift-celebration-de-la-journee-internationale-des-femmes\/#primaryimage\"},\"image\":{\"@id\":\"https:\/\/kapitalis.com\/tunisie\/2019\/03\/04\/ift-celebration-de-la-journee-internationale-des-femmes\/#primaryimage\"},\"thumbnailUrl\":\"\",\"datePublished\":\"2019-03-04T07:07:34+00:00\",\"breadcrumb\":{\"@id\":\"https:\/\/kapitalis.com\/tunisie\/2019\/03\/04\/ift-celebration-de-la-journee-internationale-des-femmes\/#breadcrumb\"},\"inLanguage\":\"fr-FR\",\"potentialAction\":[{\"@type\":\"ReadAction\",\"target\":[\"https:\/\/kapitalis.com\/tunisie\/2019\/03\/04\/ift-celebration-de-la-journee-internationale-des-femmes\/\"]}]},{\"@type\":\"ImageObject\",\"inLanguage\":\"fr-FR\",\"@id\":\"https:\/\/kapitalis.com\/tunisie\/2019\/03\/04\/ift-celebration-de-la-journee-internationale-des-femmes\/#primaryimage\",\"url\":\"\",\"contentUrl\":\"\"},{\"@type\":\"BreadcrumbList\",\"@id\":\"https:\/\/kapitalis.com\/tunisie\/2019\/03\/04\/ift-celebration-de-la-journee-internationale-des-femmes\/#breadcrumb\",\"itemListElement\":[{\"@type\":\"ListItem\",\"position\":1,\"name\":\"Accueil\",\"item\":\"https:\/\/kapitalis.com\/tunisie\/\"},{\"@type\":\"ListItem\",\"position\":2,\"name\":\"IFT : C\u00e9l\u00e9bration de la Journ\u00e9e internationale des femmes\"}]},{\"@type\":\"WebSite\",\"@id\":\"https:\/\/kapitalis.com\/tunisie\/#website\",\"url\":\"https:\/\/kapitalis.com\/tunisie\/\",\"name\":\"Kapitalis\",\"description\":\"L&#039;actualit\u00e9 en Tunisie et dans le monde\",\"publisher\":{\"@id\":\"https:\/\/kapitalis.com\/tunisie\/#organization\"},\"potentialAction\":[{\"@type\":\"SearchAction\",\"target\":{\"@type\":\"EntryPoint\",\"urlTemplate\":\"https:\/\/kapitalis.com\/tunisie\/?s={search_term_string}\"},\"query-input\":{\"@type\":\"PropertyValueSpecification\",\"valueRequired\":true,\"valueName\":\"search_term_string\"}}],\"inLanguage\":\"fr-FR\"},{\"@type\":\"Organization\",\"@id\":\"https:\/\/kapitalis.com\/tunisie\/#organization\",\"name\":\"Kapitalis\",\"url\":\"https:\/\/kapitalis.com\/tunisie\/\",\"logo\":{\"@type\":\"ImageObject\",\"inLanguage\":\"fr-FR\",\"@id\":\"https:\/\/kapitalis.com\/tunisie\/#\/schema\/logo\/image\/\",\"url\":\"https:\/\/kapitalis.com\/tunisie\/wp-content\/uploads\/2022\/05\/Kapitalis-big-size.png\",\"contentUrl\":\"https:\/\/kapitalis.com\/tunisie\/wp-content\/uploads\/2022\/05\/Kapitalis-big-size.png\",\"width\":5000,\"height\":1500,\"caption\":\"Kapitalis\"},\"image\":{\"@id\":\"https:\/\/kapitalis.com\/tunisie\/#\/schema\/logo\/image\/\"},\"sameAs\":[\"https:\/\/www.facebook.com\/KapitalisInfo\/\",\"https:\/\/x.com\/KapitalisInfo\",\"https:\/\/www.youtube.com\/channel\/UC-yDYrHyfFBWWZaOw3FPg9Q\"]},{\"@type\":\"Person\",\"@id\":\"https:\/\/kapitalis.com\/tunisie\/#\/schema\/person\/d71f33a9ca44f7bad4698210b480c8e9\",\"name\":\"webmaster kapitalis\",\"url\":\"https:\/\/kapitalis.com\/tunisie\/author\/webmaster-kapitalis\/\"}]}<\/script>\n<!-- \/ Yoast SEO plugin. -->","yoast_head_json":{"title":"IFT : C\u00e9l\u00e9bration de la Journ\u00e9e internationale des femmes - Kapitalis","robots":{"index":"index","follow":"follow","max-snippet":"max-snippet:-1","max-image-preview":"max-image-preview:large","max-video-preview":"max-video-preview:-1"},"canonical":"https:\/\/kapitalis.com\/tunisie\/2019\/03\/04\/ift-celebration-de-la-journee-internationale-des-femmes\/","og_locale":"fr_FR","og_type":"article","og_title":"IFT : C\u00e9l\u00e9bration de la Journ\u00e9e internationale des femmes - Kapitalis","og_description":"\u00c0 l\u2019occasion de la Journ\u00e9e internationale des femmes (8 mars), l\u2019Institut fran\u00e7ais de Tunisie (IFT) organise une rencontre autour des droits des femmes, demain, mardi 5 mars 2019.","og_url":"https:\/\/kapitalis.com\/tunisie\/2019\/03\/04\/ift-celebration-de-la-journee-internationale-des-femmes\/","og_site_name":"Kapitalis","article_publisher":"https:\/\/www.facebook.com\/KapitalisInfo\/","article_published_time":"2019-03-04T07:07:34+00:00","og_image":[{"width":1200,"height":630,"url":"https:\/\/kapitalis.com\/tunisie\/wp-content\/uploads\/2022\/05\/kapitalis-logo-fb.png","type":"image\/png"}],"author":"webmaster kapitalis","twitter_card":"summary_large_image","twitter_creator":"@KapitalisInfo","twitter_site":"@KapitalisInfo","twitter_misc":{"\u00c9crit par":"webmaster kapitalis","Dur\u00e9e de lecture estim\u00e9e":"1 minute"},"schema":{"@context":"https:\/\/schema.org","@graph":[{"@type":"Article","@id":"https:\/\/kapitalis.com\/tunisie\/2019\/03\/04\/ift-celebration-de-la-journee-internationale-des-femmes\/#article","isPartOf":{"@id":"https:\/\/kapitalis.com\/tunisie\/2019\/03\/04\/ift-celebration-de-la-journee-internationale-des-femmes\/"},"author":{"name":"webmaster kapitalis","@id":"https:\/\/kapitalis.com\/tunisie\/#\/schema\/person\/d71f33a9ca44f7bad4698210b480c8e9"},"headline":"IFT : C\u00e9l\u00e9bration de la Journ\u00e9e internationale des femmes","datePublished":"2019-03-04T07:07:34+00:00","mainEntityOfPage":{"@id":"https:\/\/kapitalis.com\/tunisie\/2019\/03\/04\/ift-celebration-de-la-journee-internationale-des-femmes\/"},"wordCount":243,"commentCount":3,"publisher":{"@id":"https:\/\/kapitalis.com\/tunisie\/#organization"},"image":{"@id":"https:\/\/kapitalis.com\/tunisie\/2019\/03\/04\/ift-celebration-de-la-journee-internationale-des-femmes\/#primaryimage"},"thumbnailUrl":"","keywords":["entrepreneuriat f\u00e9minin","Institut fran\u00e7ais de Tunisie","Olivier Poivre d\u2019Arvor","Saloua Khiari"],"articleSection":["CULTURE","Tunisie"],"inLanguage":"fr-FR","potentialAction":[{"@type":"CommentAction","name":"Comment","target":["https:\/\/kapitalis.com\/tunisie\/2019\/03\/04\/ift-celebration-de-la-journee-internationale-des-femmes\/#respond"]}]},{"@type":"WebPage","@id":"https:\/\/kapitalis.com\/tunisie\/2019\/03\/04\/ift-celebration-de-la-journee-internationale-des-femmes\/","url":"https:\/\/kapitalis.com\/tunisie\/2019\/03\/04\/ift-celebration-de-la-journee-internationale-des-femmes\/","name":"IFT : C\u00e9l\u00e9bration de la Journ\u00e9e internationale des femmes - Kapitalis","isPartOf":{"@id":"https:\/\/kapitalis.com\/tunisie\/#website"},"primaryImageOfPage":{"@id":"https:\/\/kapitalis.com\/tunisie\/2019\/03\/04\/ift-celebration-de-la-journee-internationale-des-femmes\/#primaryimage"},"image":{"@id":"https:\/\/kapitalis.com\/tunisie\/2019\/03\/04\/ift-celebration-de-la-journee-internationale-des-femmes\/#primaryimage"},"thumbnailUrl":"","datePublished":"2019-03-04T07:07:34+00:00","breadcrumb":{"@id":"https:\/\/kapitalis.com\/tunisie\/2019\/03\/04\/ift-celebration-de-la-journee-internationale-des-femmes\/#breadcrumb"},"inLanguage":"fr-FR","potentialAction":[{"@type":"ReadAction","target":["https:\/\/kapitalis.com\/tunisie\/2019\/03\/04\/ift-celebration-de-la-journee-internationale-des-femmes\/"]}]},{"@type":"ImageObject","inLanguage":"fr-FR","@id":"https:\/\/kapitalis.com\/tunisie\/2019\/03\/04\/ift-celebration-de-la-journee-internationale-des-femmes\/#primaryimage","url":"","contentUrl":""},{"@type":"BreadcrumbList","@id":"https:\/\/kapitalis.com\/tunisie\/2019\/03\/04\/ift-celebration-de-la-journee-internationale-des-femmes\/#breadcrumb","itemListElement":[{"@type":"ListItem","position":1,"name":"Accueil","item":"https:\/\/kapitalis.com\/tunisie\/"},{"@type":"ListItem","position":2,"name":"IFT : C\u00e9l\u00e9bration de la Journ\u00e9e internationale des femmes"}]},{"@type":"WebSite","@id":"https:\/\/kapitalis.com\/tunisie\/#website","url":"https:\/\/kapitalis.com\/tunisie\/","name":"Kapitalis","description":"L&#039;actualit\u00e9 en Tunisie et dans le monde","publisher":{"@id":"https:\/\/kapitalis.com\/tunisie\/#organization"},"potentialAction":[{"@type":"SearchAction","target":{"@type":"EntryPoint","urlTemplate":"https:\/\/kapitalis.com\/tunisie\/?s={search_term_string}"},"query-input":{"@type":"PropertyValueSpecification","valueRequired":true,"valueName":"search_term_string"}}],"inLanguage":"fr-FR"},{"@type":"Organization","@id":"https:\/\/kapitalis.com\/tunisie\/#organization","name":"Kapitalis","url":"https:\/\/kapitalis.com\/tunisie\/","logo":{"@type":"ImageObject","inLanguage":"fr-FR","@id":"https:\/\/kapitalis.com\/tunisie\/#\/schema\/logo\/image\/","url":"https:\/\/kapitalis.com\/tunisie\/wp-content\/uploads\/2022\/05\/Kapitalis-big-size.png","contentUrl":"https:\/\/kapitalis.com\/tunisie\/wp-content\/uploads\/2022\/05\/Kapitalis-big-size.png","width":5000,"height":1500,"caption":"Kapitalis"},"image":{"@id":"https:\/\/kapitalis.com\/tunisie\/#\/schema\/logo\/image\/"},"sameAs":["https:\/\/www.facebook.com\/KapitalisInfo\/","https:\/\/x.com\/KapitalisInfo","https:\/\/www.youtube.com\/channel\/UC-yDYrHyfFBWWZaOw3FPg9Q"]},{"@type":"Person","@id":"https:\/\/kapitalis.com\/tunisie\/#\/schema\/person\/d71f33a9ca44f7bad4698210b480c8e9","name":"webmaster kapitalis","url":"https:\/\/kapitalis.com\/tunisie\/author\/webmaster-kapitalis\/"}]}},"_links":{"self":[{"href":"https:\/\/kapitalis.com\/tunisie\/wp-json\/wp\/v2\/posts\/200774","targetHints":{"allow":["GET"]}}],"collection":[{"href":"https:\/\/kapitalis.com\/tunisie\/wp-json\/wp\/v2\/posts"}],"about":[{"href":"https:\/\/kapitalis.com\/tunisie\/wp-json\/wp\/v2\/types\/post"}],"author":[{"embeddable":true,"href":"https:\/\/kapitalis.com\/tunisie\/wp-json\/wp\/v2\/users\/8"}],"replies":[{"embeddable":true,"href":"https:\/\/kapitalis.com\/tunisie\/wp-json\/wp\/v2\/comments?post=200774"}],"version-history":[{"count":0,"href":"https:\/\/kapitalis.com\/tunisie\/wp-json\/wp\/v2\/posts\/200774\/revisions"}],"wp:featuredmedia":[{"embeddable":true,"href":"https:\/\/kapitalis.com\/tunisie\/wp-json\/wp\/v2\/media\/200775"}],"wp:attachment":[{"href":"https:\/\/kapitalis.com\/tunisie\/wp-json\/wp\/v2\/media?parent=200774"}],"wp:term":[{"taxonomy":"category","embeddable":true,"href":"https:\/\/kapitalis.com\/tunisie\/wp-json\/wp\/v2\/categories?post=200774"},{"taxonomy":"post_tag","embeddable":true,"href":"https:\/\/kapitalis.com\/tunisie\/wp-json\/wp\/v2\/tags?post=200774"}],"curies":[{"name":"wp","href":"https:\/\/api.w.org\/{rel}","templated":true}]}}