{"id":200822,"date":"2019-03-04T13:39:32","date_gmt":"2019-03-04T12:39:32","guid":{"rendered":"http:\/\/kapitalis.com\/tunisie\/?p=200822"},"modified":"2019-03-04T13:39:32","modified_gmt":"2019-03-04T12:39:32","slug":"meteo-semaine-ensoleillee-avec-des-temperatures-atteignant-29c","status":"publish","type":"post","link":"https:\/\/kapitalis.com\/tunisie\/2019\/03\/04\/meteo-semaine-ensoleillee-avec-des-temperatures-atteignant-29c\/","title":{"rendered":"M\u00e9t\u00e9o: Semaine ensoleill\u00e9e avec des temp\u00e9ratures atteignant 29\u00b0C"},"content":{"rendered":"<p style=\"text-align: center;\"><img loading=\"lazy\" decoding=\"async\" class=\"alignnone size-full wp-image-200823\" src=\"http:\/\/kapitalis.com\/tunisie\/wp-content\/uploads\/2019\/03\/Soleil-Tunisie-.jpg\" alt=\"\" width=\"626\" height=\"380\" \/><\/p>\n<p><em><strong>Une hausse des temp\u00e9ratures est pr\u00e9vue aujourd\u2019hui, lundi 4 mars 2019, avec des maximales variant entre 17 et 23\u00b0c et atteignant en cours de semaine 29\u00b0C.<\/strong><\/em><!--more--><\/p>\n<p>L\u2019Institut national de la m\u00e9t\u00e9orologie (INM) pr\u00e9voit un temps printanier pour cette semaine, qui sera ensoleill\u00e9e dans la plupart des r\u00e9gions avec des temp\u00e9ratures agr\u00e9ables et des vents faibles \u00e0 mod\u00e9r\u00e9s ne d\u00e9passant pas 30km\/h sur les c\u00f4tes.<\/p>\n<p>Le ciel sera partiellement voil\u00e9 sur l\u2019ensemble du pays, \u00e0 partir de jeudi soir, et des brumes attendues durant la matin\u00e9e du vendredi, mais les temp\u00e9ratures seront stationnaires et relativement \u00e9lev\u00e9es pour la saison.<\/p>\n<p style=\"text-align: right;\"><strong>Y. N.<\/strong><\/p>\n","protected":false},"excerpt":{"rendered":"<p>Une hausse des temp\u00e9ratures est pr\u00e9vue aujourd\u2019hui, lundi 4 mars 2019, avec des maximales variant entre 17 et 23\u00b0c et atteignant en cours de semaine 29\u00b0C.<\/p>\n","protected":false},"author":6,"featured_media":200823,"comment_status":"open","ping_status":"open","sticky":false,"template":"","format":"standard","meta":{"footnotes":""},"categories":[998,2433],"tags":[483,603,1666,1665],"class_list":["post-200822","post","type-post","status-publish","format-standard","has-post-thumbnail","hentry","category-societe","category-tunisie","tag-inm","tag-meteo","tag-soleil","tag-temperatures"],"yoast_head":"<!-- This site is optimized with the Yoast SEO plugin v26.6 - https:\/\/yoast.com\/wordpress\/plugins\/seo\/ -->\n<title>M\u00e9t\u00e9o: Semaine ensoleill\u00e9e avec des temp\u00e9ratures atteignant 29\u00b0C - Kapitalis<\/title>\n<meta name=\"robots\" content=\"index, follow, max-snippet:-1, max-image-preview:large, max-video-preview:-1\" \/>\n<link rel=\"canonical\" href=\"https:\/\/kapitalis.com\/tunisie\/2019\/03\/04\/meteo-semaine-ensoleillee-avec-des-temperatures-atteignant-29c\/\" \/>\n<meta property=\"og:locale\" content=\"fr_FR\" \/>\n<meta property=\"og:type\" content=\"article\" \/>\n<meta property=\"og:title\" content=\"M\u00e9t\u00e9o: Semaine ensoleill\u00e9e avec des temp\u00e9ratures atteignant 29\u00b0C - Kapitalis\" \/>\n<meta property=\"og:description\" content=\"Une hausse des temp\u00e9ratures est pr\u00e9vue aujourd\u2019hui, lundi 4 mars 2019, avec des maximales variant entre 17 et 23\u00b0c et atteignant en cours de semaine 29\u00b0C.\" \/>\n<meta property=\"og:url\" content=\"https:\/\/kapitalis.com\/tunisie\/2019\/03\/04\/meteo-semaine-ensoleillee-avec-des-temperatures-atteignant-29c\/\" \/>\n<meta property=\"og:site_name\" content=\"Kapitalis\" \/>\n<meta property=\"article:publisher\" content=\"https:\/\/www.facebook.com\/KapitalisInfo\/\" \/>\n<meta property=\"article:published_time\" content=\"2019-03-04T12:39:32+00:00\" \/>\n<meta property=\"og:image\" content=\"https:\/\/kapitalis.com\/tunisie\/wp-content\/uploads\/2022\/05\/kapitalis-logo-fb.png\" \/>\n\t<meta property=\"og:image:width\" content=\"1200\" \/>\n\t<meta property=\"og:image:height\" content=\"630\" \/>\n\t<meta property=\"og:image:type\" content=\"image\/png\" \/>\n<meta name=\"author\" content=\"Yusra NY\" \/>\n<meta name=\"twitter:card\" content=\"summary_large_image\" \/>\n<meta name=\"twitter:creator\" content=\"@KapitalisInfo\" \/>\n<meta name=\"twitter:site\" content=\"@KapitalisInfo\" \/>\n<meta name=\"twitter:label1\" content=\"\u00c9crit par\" \/>\n\t<meta name=\"twitter:data1\" content=\"Yusra NY\" \/>\n\t<meta name=\"twitter:label2\" content=\"Dur\u00e9e de lecture estim\u00e9e\" \/>\n\t<meta name=\"twitter:data2\" content=\"1 minute\" \/>\n<script type=\"application\/ld+json\" class=\"yoast-schema-graph\">{\"@context\":\"https:\/\/schema.org\",\"@graph\":[{\"@type\":\"Article\",\"@id\":\"https:\/\/kapitalis.com\/tunisie\/2019\/03\/04\/meteo-semaine-ensoleillee-avec-des-temperatures-atteignant-29c\/#article\",\"isPartOf\":{\"@id\":\"https:\/\/kapitalis.com\/tunisie\/2019\/03\/04\/meteo-semaine-ensoleillee-avec-des-temperatures-atteignant-29c\/\"},\"author\":{\"name\":\"Yusra NY\",\"@id\":\"https:\/\/kapitalis.com\/tunisie\/#\/schema\/person\/74bbde0154d49d790a92aaeac5bc01d5\"},\"headline\":\"M\u00e9t\u00e9o: Semaine ensoleill\u00e9e avec des temp\u00e9ratures atteignant 29\u00b0C\",\"datePublished\":\"2019-03-04T12:39:32+00:00\",\"mainEntityOfPage\":{\"@id\":\"https:\/\/kapitalis.com\/tunisie\/2019\/03\/04\/meteo-semaine-ensoleillee-avec-des-temperatures-atteignant-29c\/\"},\"wordCount\":127,\"commentCount\":0,\"publisher\":{\"@id\":\"https:\/\/kapitalis.com\/tunisie\/#organization\"},\"image\":{\"@id\":\"https:\/\/kapitalis.com\/tunisie\/2019\/03\/04\/meteo-semaine-ensoleillee-avec-des-temperatures-atteignant-29c\/#primaryimage\"},\"thumbnailUrl\":\"\",\"keywords\":[\"INM\",\"m\u00e9t\u00e9o\",\"soleil\",\"temp\u00e9ratures\"],\"articleSection\":[\"SOCIETE\",\"Tunisie\"],\"inLanguage\":\"fr-FR\",\"potentialAction\":[{\"@type\":\"CommentAction\",\"name\":\"Comment\",\"target\":[\"https:\/\/kapitalis.com\/tunisie\/2019\/03\/04\/meteo-semaine-ensoleillee-avec-des-temperatures-atteignant-29c\/#respond\"]}]},{\"@type\":\"WebPage\",\"@id\":\"https:\/\/kapitalis.com\/tunisie\/2019\/03\/04\/meteo-semaine-ensoleillee-avec-des-temperatures-atteignant-29c\/\",\"url\":\"https:\/\/kapitalis.com\/tunisie\/2019\/03\/04\/meteo-semaine-ensoleillee-avec-des-temperatures-atteignant-29c\/\",\"name\":\"M\u00e9t\u00e9o: Semaine ensoleill\u00e9e avec des temp\u00e9ratures atteignant 29\u00b0C - Kapitalis\",\"isPartOf\":{\"@id\":\"https:\/\/kapitalis.com\/tunisie\/#website\"},\"primaryImageOfPage\":{\"@id\":\"https:\/\/kapitalis.com\/tunisie\/2019\/03\/04\/meteo-semaine-ensoleillee-avec-des-temperatures-atteignant-29c\/#primaryimage\"},\"image\":{\"@id\":\"https:\/\/kapitalis.com\/tunisie\/2019\/03\/04\/meteo-semaine-ensoleillee-avec-des-temperatures-atteignant-29c\/#primaryimage\"},\"thumbnailUrl\":\"\",\"datePublished\":\"2019-03-04T12:39:32+00:00\",\"breadcrumb\":{\"@id\":\"https:\/\/kapitalis.com\/tunisie\/2019\/03\/04\/meteo-semaine-ensoleillee-avec-des-temperatures-atteignant-29c\/#breadcrumb\"},\"inLanguage\":\"fr-FR\",\"potentialAction\":[{\"@type\":\"ReadAction\",\"target\":[\"https:\/\/kapitalis.com\/tunisie\/2019\/03\/04\/meteo-semaine-ensoleillee-avec-des-temperatures-atteignant-29c\/\"]}]},{\"@type\":\"ImageObject\",\"inLanguage\":\"fr-FR\",\"@id\":\"https:\/\/kapitalis.com\/tunisie\/2019\/03\/04\/meteo-semaine-ensoleillee-avec-des-temperatures-atteignant-29c\/#primaryimage\",\"url\":\"\",\"contentUrl\":\"\"},{\"@type\":\"BreadcrumbList\",\"@id\":\"https:\/\/kapitalis.com\/tunisie\/2019\/03\/04\/meteo-semaine-ensoleillee-avec-des-temperatures-atteignant-29c\/#breadcrumb\",\"itemListElement\":[{\"@type\":\"ListItem\",\"position\":1,\"name\":\"Accueil\",\"item\":\"https:\/\/kapitalis.com\/tunisie\/\"},{\"@type\":\"ListItem\",\"position\":2,\"name\":\"M\u00e9t\u00e9o: Semaine ensoleill\u00e9e avec des temp\u00e9ratures atteignant 29\u00b0C\"}]},{\"@type\":\"WebSite\",\"@id\":\"https:\/\/kapitalis.com\/tunisie\/#website\",\"url\":\"https:\/\/kapitalis.com\/tunisie\/\",\"name\":\"Kapitalis\",\"description\":\"L&#039;actualit\u00e9 en Tunisie et dans le monde\",\"publisher\":{\"@id\":\"https:\/\/kapitalis.com\/tunisie\/#organization\"},\"potentialAction\":[{\"@type\":\"SearchAction\",\"target\":{\"@type\":\"EntryPoint\",\"urlTemplate\":\"https:\/\/kapitalis.com\/tunisie\/?s={search_term_string}\"},\"query-input\":{\"@type\":\"PropertyValueSpecification\",\"valueRequired\":true,\"valueName\":\"search_term_string\"}}],\"inLanguage\":\"fr-FR\"},{\"@type\":\"Organization\",\"@id\":\"https:\/\/kapitalis.com\/tunisie\/#organization\",\"name\":\"Kapitalis\",\"url\":\"https:\/\/kapitalis.com\/tunisie\/\",\"logo\":{\"@type\":\"ImageObject\",\"inLanguage\":\"fr-FR\",\"@id\":\"https:\/\/kapitalis.com\/tunisie\/#\/schema\/logo\/image\/\",\"url\":\"https:\/\/kapitalis.com\/tunisie\/wp-content\/uploads\/2022\/05\/Kapitalis-big-size.png\",\"contentUrl\":\"https:\/\/kapitalis.com\/tunisie\/wp-content\/uploads\/2022\/05\/Kapitalis-big-size.png\",\"width\":5000,\"height\":1500,\"caption\":\"Kapitalis\"},\"image\":{\"@id\":\"https:\/\/kapitalis.com\/tunisie\/#\/schema\/logo\/image\/\"},\"sameAs\":[\"https:\/\/www.facebook.com\/KapitalisInfo\/\",\"https:\/\/x.com\/KapitalisInfo\",\"https:\/\/www.youtube.com\/channel\/UC-yDYrHyfFBWWZaOw3FPg9Q\"]},{\"@type\":\"Person\",\"@id\":\"https:\/\/kapitalis.com\/tunisie\/#\/schema\/person\/74bbde0154d49d790a92aaeac5bc01d5\",\"name\":\"Yusra NY\",\"url\":\"https:\/\/kapitalis.com\/tunisie\/author\/yuza_adam\/\"}]}<\/script>\n<!-- \/ Yoast SEO plugin. -->","yoast_head_json":{"title":"M\u00e9t\u00e9o: Semaine ensoleill\u00e9e avec des temp\u00e9ratures atteignant 29\u00b0C - Kapitalis","robots":{"index":"index","follow":"follow","max-snippet":"max-snippet:-1","max-image-preview":"max-image-preview:large","max-video-preview":"max-video-preview:-1"},"canonical":"https:\/\/kapitalis.com\/tunisie\/2019\/03\/04\/meteo-semaine-ensoleillee-avec-des-temperatures-atteignant-29c\/","og_locale":"fr_FR","og_type":"article","og_title":"M\u00e9t\u00e9o: Semaine ensoleill\u00e9e avec des temp\u00e9ratures atteignant 29\u00b0C - Kapitalis","og_description":"Une hausse des temp\u00e9ratures est pr\u00e9vue aujourd\u2019hui, lundi 4 mars 2019, avec des maximales variant entre 17 et 23\u00b0c et atteignant en cours de semaine 29\u00b0C.","og_url":"https:\/\/kapitalis.com\/tunisie\/2019\/03\/04\/meteo-semaine-ensoleillee-avec-des-temperatures-atteignant-29c\/","og_site_name":"Kapitalis","article_publisher":"https:\/\/www.facebook.com\/KapitalisInfo\/","article_published_time":"2019-03-04T12:39:32+00:00","og_image":[{"width":1200,"height":630,"url":"https:\/\/kapitalis.com\/tunisie\/wp-content\/uploads\/2022\/05\/kapitalis-logo-fb.png","type":"image\/png"}],"author":"Yusra NY","twitter_card":"summary_large_image","twitter_creator":"@KapitalisInfo","twitter_site":"@KapitalisInfo","twitter_misc":{"\u00c9crit par":"Yusra NY","Dur\u00e9e de lecture estim\u00e9e":"1 minute"},"schema":{"@context":"https:\/\/schema.org","@graph":[{"@type":"Article","@id":"https:\/\/kapitalis.com\/tunisie\/2019\/03\/04\/meteo-semaine-ensoleillee-avec-des-temperatures-atteignant-29c\/#article","isPartOf":{"@id":"https:\/\/kapitalis.com\/tunisie\/2019\/03\/04\/meteo-semaine-ensoleillee-avec-des-temperatures-atteignant-29c\/"},"author":{"name":"Yusra NY","@id":"https:\/\/kapitalis.com\/tunisie\/#\/schema\/person\/74bbde0154d49d790a92aaeac5bc01d5"},"headline":"M\u00e9t\u00e9o: Semaine ensoleill\u00e9e avec des temp\u00e9ratures atteignant 29\u00b0C","datePublished":"2019-03-04T12:39:32+00:00","mainEntityOfPage":{"@id":"https:\/\/kapitalis.com\/tunisie\/2019\/03\/04\/meteo-semaine-ensoleillee-avec-des-temperatures-atteignant-29c\/"},"wordCount":127,"commentCount":0,"publisher":{"@id":"https:\/\/kapitalis.com\/tunisie\/#organization"},"image":{"@id":"https:\/\/kapitalis.com\/tunisie\/2019\/03\/04\/meteo-semaine-ensoleillee-avec-des-temperatures-atteignant-29c\/#primaryimage"},"thumbnailUrl":"","keywords":["INM","m\u00e9t\u00e9o","soleil","temp\u00e9ratures"],"articleSection":["SOCIETE","Tunisie"],"inLanguage":"fr-FR","potentialAction":[{"@type":"CommentAction","name":"Comment","target":["https:\/\/kapitalis.com\/tunisie\/2019\/03\/04\/meteo-semaine-ensoleillee-avec-des-temperatures-atteignant-29c\/#respond"]}]},{"@type":"WebPage","@id":"https:\/\/kapitalis.com\/tunisie\/2019\/03\/04\/meteo-semaine-ensoleillee-avec-des-temperatures-atteignant-29c\/","url":"https:\/\/kapitalis.com\/tunisie\/2019\/03\/04\/meteo-semaine-ensoleillee-avec-des-temperatures-atteignant-29c\/","name":"M\u00e9t\u00e9o: Semaine ensoleill\u00e9e avec des temp\u00e9ratures atteignant 29\u00b0C - Kapitalis","isPartOf":{"@id":"https:\/\/kapitalis.com\/tunisie\/#website"},"primaryImageOfPage":{"@id":"https:\/\/kapitalis.com\/tunisie\/2019\/03\/04\/meteo-semaine-ensoleillee-avec-des-temperatures-atteignant-29c\/#primaryimage"},"image":{"@id":"https:\/\/kapitalis.com\/tunisie\/2019\/03\/04\/meteo-semaine-ensoleillee-avec-des-temperatures-atteignant-29c\/#primaryimage"},"thumbnailUrl":"","datePublished":"2019-03-04T12:39:32+00:00","breadcrumb":{"@id":"https:\/\/kapitalis.com\/tunisie\/2019\/03\/04\/meteo-semaine-ensoleillee-avec-des-temperatures-atteignant-29c\/#breadcrumb"},"inLanguage":"fr-FR","potentialAction":[{"@type":"ReadAction","target":["https:\/\/kapitalis.com\/tunisie\/2019\/03\/04\/meteo-semaine-ensoleillee-avec-des-temperatures-atteignant-29c\/"]}]},{"@type":"ImageObject","inLanguage":"fr-FR","@id":"https:\/\/kapitalis.com\/tunisie\/2019\/03\/04\/meteo-semaine-ensoleillee-avec-des-temperatures-atteignant-29c\/#primaryimage","url":"","contentUrl":""},{"@type":"BreadcrumbList","@id":"https:\/\/kapitalis.com\/tunisie\/2019\/03\/04\/meteo-semaine-ensoleillee-avec-des-temperatures-atteignant-29c\/#breadcrumb","itemListElement":[{"@type":"ListItem","position":1,"name":"Accueil","item":"https:\/\/kapitalis.com\/tunisie\/"},{"@type":"ListItem","position":2,"name":"M\u00e9t\u00e9o: Semaine ensoleill\u00e9e avec des temp\u00e9ratures atteignant 29\u00b0C"}]},{"@type":"WebSite","@id":"https:\/\/kapitalis.com\/tunisie\/#website","url":"https:\/\/kapitalis.com\/tunisie\/","name":"Kapitalis","description":"L&#039;actualit\u00e9 en Tunisie et dans le monde","publisher":{"@id":"https:\/\/kapitalis.com\/tunisie\/#organization"},"potentialAction":[{"@type":"SearchAction","target":{"@type":"EntryPoint","urlTemplate":"https:\/\/kapitalis.com\/tunisie\/?s={search_term_string}"},"query-input":{"@type":"PropertyValueSpecification","valueRequired":true,"valueName":"search_term_string"}}],"inLanguage":"fr-FR"},{"@type":"Organization","@id":"https:\/\/kapitalis.com\/tunisie\/#organization","name":"Kapitalis","url":"https:\/\/kapitalis.com\/tunisie\/","logo":{"@type":"ImageObject","inLanguage":"fr-FR","@id":"https:\/\/kapitalis.com\/tunisie\/#\/schema\/logo\/image\/","url":"https:\/\/kapitalis.com\/tunisie\/wp-content\/uploads\/2022\/05\/Kapitalis-big-size.png","contentUrl":"https:\/\/kapitalis.com\/tunisie\/wp-content\/uploads\/2022\/05\/Kapitalis-big-size.png","width":5000,"height":1500,"caption":"Kapitalis"},"image":{"@id":"https:\/\/kapitalis.com\/tunisie\/#\/schema\/logo\/image\/"},"sameAs":["https:\/\/www.facebook.com\/KapitalisInfo\/","https:\/\/x.com\/KapitalisInfo","https:\/\/www.youtube.com\/channel\/UC-yDYrHyfFBWWZaOw3FPg9Q"]},{"@type":"Person","@id":"https:\/\/kapitalis.com\/tunisie\/#\/schema\/person\/74bbde0154d49d790a92aaeac5bc01d5","name":"Yusra NY","url":"https:\/\/kapitalis.com\/tunisie\/author\/yuza_adam\/"}]}},"_links":{"self":[{"href":"https:\/\/kapitalis.com\/tunisie\/wp-json\/wp\/v2\/posts\/200822","targetHints":{"allow":["GET"]}}],"collection":[{"href":"https:\/\/kapitalis.com\/tunisie\/wp-json\/wp\/v2\/posts"}],"about":[{"href":"https:\/\/kapitalis.com\/tunisie\/wp-json\/wp\/v2\/types\/post"}],"author":[{"embeddable":true,"href":"https:\/\/kapitalis.com\/tunisie\/wp-json\/wp\/v2\/users\/6"}],"replies":[{"embeddable":true,"href":"https:\/\/kapitalis.com\/tunisie\/wp-json\/wp\/v2\/comments?post=200822"}],"version-history":[{"count":0,"href":"https:\/\/kapitalis.com\/tunisie\/wp-json\/wp\/v2\/posts\/200822\/revisions"}],"wp:featuredmedia":[{"embeddable":true,"href":"https:\/\/kapitalis.com\/tunisie\/wp-json\/wp\/v2\/media\/200823"}],"wp:attachment":[{"href":"https:\/\/kapitalis.com\/tunisie\/wp-json\/wp\/v2\/media?parent=200822"}],"wp:term":[{"taxonomy":"category","embeddable":true,"href":"https:\/\/kapitalis.com\/tunisie\/wp-json\/wp\/v2\/categories?post=200822"},{"taxonomy":"post_tag","embeddable":true,"href":"https:\/\/kapitalis.com\/tunisie\/wp-json\/wp\/v2\/tags?post=200822"}],"curies":[{"name":"wp","href":"https:\/\/api.w.org\/{rel}","templated":true}]}}