{"id":200887,"date":"2019-03-04T18:09:39","date_gmt":"2019-03-04T17:09:39","guid":{"rendered":"http:\/\/kapitalis.com\/tunisie\/?p=200887"},"modified":"2019-03-04T18:11:49","modified_gmt":"2019-03-04T17:11:49","slug":"hafedh-caid-essebsi-reprend-langue-avec-rached-ghannouchi","status":"publish","type":"post","link":"https:\/\/kapitalis.com\/tunisie\/2019\/03\/04\/hafedh-caid-essebsi-reprend-langue-avec-rached-ghannouchi\/","title":{"rendered":"Hafedh Ca\u00efd Essebsi reprend langue avec Rached Ghannouchi"},"content":{"rendered":"<p style=\"text-align: center;\"><img loading=\"lazy\" decoding=\"async\" class=\"alignnone size-full wp-image-172805\" src=\"http:\/\/kapitalis.com\/tunisie\/wp-content\/uploads\/2018\/09\/Hafedh-Ca\u00efd-Essebsi_Rached-Ghannouchi.jpg\" alt=\"\" width=\"626\" height=\"380\" \/><\/p>\n<p><em><strong>Apr\u00e8s une rupture de dialogue qui a dur\u00e9 plusieurs mois, Hafedh Ca\u00efd Essebsi, directeur du comit\u00e9 politique de Nidaa Tounes, et Rached Ghannouchi, chef du mouvement islamiste Ennahdha, se sont rencontr\u00e9s, aujourd&rsquo;hui, lundi 4 mars 2019, et ont convenu de poursuivre les concertations.\u00a0<\/strong><\/em><!--more--><\/p>\n<p>C&rsquo;est ce qu&rsquo;a indiqu\u00e9 Imed Khemiri, porte-parole et d\u00e9put\u00e9 d&rsquo;Ennahdha, dans une d\u00e9claration au journal en langue arabe \u00ab\u00a0<a href=\"http:\/\/www.akherkhabaronline.com\/ar\/%D9%88%D8%B7%D9%86%D9%8A%D8%A9\/91495\/%D8%B9%D9%85%D8%A7%D8%AF-%D8%A7%D9%84%D8%AE%D9%85%D9%8A%D8%B1%D9%8A-%D9%84%D9%80-%D8%A2%D8%AE%D8%B1-%D8%AE%D8%A8%D8%B1-%D8%A3%D9%88%D9%86%D9%84%D8%A7%D9%8A%D9%86-%D8%A7%D9%84%D8%BA%D9%86%D9%88%D8%B4%D9%8A-%D9%88%D9%82%D8%A7%D8%A6%D8%AF-%D8%A7%D9%84%D8%B3%D8%A8%D8%B3%D9%8A-%D8%A5%D8%AA%D9%81%D9%82%D8%A7-%D8%B9%D9%84%D9%89-%D8%A3%D9%86-%D9%8A%D8%A8%D9%82%D9%89-%D8%A7%D9%84%D8%AD%D9%88%D8%A7%D8%B1-%D9%85%D8%B3%D8%AA%D9%85%D8%B1-%D8%A7-%D8%A8%D9%8A%D9%86-%D8%A7%D9%84%D8%AD%D8%B1%D9%83%D8%AA%D9%8A%D9%86.html\" target=\"_blank\" rel=\"noopener\"><em>Akher Khabar Online<\/em><\/a>\u00ab\u00a0, aujourd&rsquo;hui, en pr\u00e9cisant que les deux hommes ont \u00e9voqu\u00e9 la situation g\u00e9n\u00e9rale en Tunisie sans donner plus de d\u00e9tails sur le contenu politique de cette entrevue, qui intervient apr\u00e8s une longue p\u00e9riode de froid voulue et provoqu\u00e9e par le pr\u00e9sident de la r\u00e9publique B\u00e9ji Ca\u00efd Essebsi, et ce en raison du soutien apport\u00e9 par le mouvement islamiste au chef du gouvernement, Youssef Chahed, dont le chef de l&rsquo;Etat voulait (et veut toujours) la peau.<\/p>\n<p>Ce divorce, qui, rappelons-le, avait fait couler beaucoup d&rsquo;encre, avait \u00e9t\u00e9 acclam\u00e9 par plusieurs dirigeants de Nidaa Tounes, notamment Hafedh Ca\u00efd Essebsi lui-m\u00eame, le d\u00e9put\u00e9 Mongi Harbaoui et le charg\u00e9 des affaires politiques, Borhen Bsa\u00efes, pour ne citer\u00a0que ceux-l\u00e0.<\/p>\n<p>Les deux parties vont se rencontrer \u00e0 nouveau dans les prochains jours, a indiqu\u00e9\u00a0Imed Khemiri dans une autre d\u00e9claration accord\u00e9e \u00e0 l&rsquo;agence Tap.<\/p>\n<p>A l&rsquo;approche des \u00e9lections pr\u00e9sidentielles et l\u00e9gislatives, Nidaa, en perte de vitesse et ne sachant plus \u00e0 quel saint se vouer, et Ennahdha, inconsolable depuis la s\u00e9paration avec le clan Ca\u00efd Essebsi, vont pouvoir \u00e0 nouveau filer le grand-amour.<\/p>\n<p style=\"text-align: right;\"><strong>E. B. A.<\/strong><\/p>\n","protected":false},"excerpt":{"rendered":"<p>Apr\u00e8s une rupture de dialogue qui a dur\u00e9 plusieurs mois, Hafedh Ca\u00efd Essebsi, directeur du comit\u00e9 politique de Nidaa Tounes, et Rached Ghannouchi, chef du mouvement islamiste Ennahdha, se sont rencontr\u00e9s, aujourd&rsquo;hui, lundi 4 mars 2019, et ont convenu de poursuivre les concertations.\u00a0<\/p>\n","protected":false},"author":16,"featured_media":0,"comment_status":"open","ping_status":"open","sticky":false,"template":"","format":"standard","meta":{"footnotes":""},"categories":[997,2433],"tags":[27831,49571],"class_list":["post-200887","post","type-post","status-publish","format-standard","hentry","category-politique","category-tunisie","tag-imed-khemiri","tag-nidaa-tounes"],"yoast_head":"<!-- This site is optimized with the Yoast SEO plugin v26.6 - https:\/\/yoast.com\/wordpress\/plugins\/seo\/ -->\n<title>Hafedh Ca\u00efd Essebsi reprend langue avec Rached Ghannouchi - Kapitalis<\/title>\n<meta name=\"robots\" content=\"index, follow, max-snippet:-1, max-image-preview:large, max-video-preview:-1\" \/>\n<link rel=\"canonical\" href=\"https:\/\/kapitalis.com\/tunisie\/2019\/03\/04\/hafedh-caid-essebsi-reprend-langue-avec-rached-ghannouchi\/\" \/>\n<meta property=\"og:locale\" content=\"fr_FR\" \/>\n<meta property=\"og:type\" content=\"article\" \/>\n<meta property=\"og:title\" content=\"Hafedh Ca\u00efd Essebsi reprend langue avec Rached Ghannouchi - Kapitalis\" \/>\n<meta property=\"og:description\" content=\"Apr\u00e8s une rupture de dialogue qui a dur\u00e9 plusieurs mois, Hafedh Ca\u00efd Essebsi, directeur du comit\u00e9 politique de Nidaa Tounes, et Rached Ghannouchi, chef du mouvement islamiste Ennahdha, se sont rencontr\u00e9s, aujourd&rsquo;hui, lundi 4 mars 2019, et ont convenu de poursuivre les concertations.\u00a0\" \/>\n<meta property=\"og:url\" content=\"https:\/\/kapitalis.com\/tunisie\/2019\/03\/04\/hafedh-caid-essebsi-reprend-langue-avec-rached-ghannouchi\/\" \/>\n<meta property=\"og:site_name\" content=\"Kapitalis\" \/>\n<meta property=\"article:publisher\" content=\"https:\/\/www.facebook.com\/KapitalisInfo\/\" \/>\n<meta property=\"article:published_time\" content=\"2019-03-04T17:09:39+00:00\" \/>\n<meta property=\"article:modified_time\" content=\"2019-03-04T17:11:49+00:00\" \/>\n<meta property=\"og:image\" content=\"https:\/\/kapitalis.com\/tunisie\/wp-content\/uploads\/2022\/05\/kapitalis-logo-fb.png\" \/>\n\t<meta property=\"og:image:width\" content=\"1200\" \/>\n\t<meta property=\"og:image:height\" content=\"630\" \/>\n\t<meta property=\"og:image:type\" content=\"image\/png\" \/>\n<meta name=\"author\" content=\"emna benabdallah\" \/>\n<meta name=\"twitter:card\" content=\"summary_large_image\" \/>\n<meta name=\"twitter:creator\" content=\"@KapitalisInfo\" \/>\n<meta name=\"twitter:site\" content=\"@KapitalisInfo\" \/>\n<meta name=\"twitter:label1\" content=\"\u00c9crit par\" \/>\n\t<meta name=\"twitter:data1\" content=\"emna benabdallah\" \/>\n\t<meta name=\"twitter:label2\" content=\"Dur\u00e9e de lecture estim\u00e9e\" \/>\n\t<meta name=\"twitter:data2\" content=\"1 minute\" \/>\n<script type=\"application\/ld+json\" class=\"yoast-schema-graph\">{\"@context\":\"https:\/\/schema.org\",\"@graph\":[{\"@type\":\"Article\",\"@id\":\"https:\/\/kapitalis.com\/tunisie\/2019\/03\/04\/hafedh-caid-essebsi-reprend-langue-avec-rached-ghannouchi\/#article\",\"isPartOf\":{\"@id\":\"https:\/\/kapitalis.com\/tunisie\/2019\/03\/04\/hafedh-caid-essebsi-reprend-langue-avec-rached-ghannouchi\/\"},\"author\":{\"name\":\"emna benabdallah\",\"@id\":\"https:\/\/kapitalis.com\/tunisie\/#\/schema\/person\/2c6e134b2f3369dffcd1daf5f087d28b\"},\"headline\":\"Hafedh Ca\u00efd Essebsi reprend langue avec Rached Ghannouchi\",\"datePublished\":\"2019-03-04T17:09:39+00:00\",\"dateModified\":\"2019-03-04T17:11:49+00:00\",\"mainEntityOfPage\":{\"@id\":\"https:\/\/kapitalis.com\/tunisie\/2019\/03\/04\/hafedh-caid-essebsi-reprend-langue-avec-rached-ghannouchi\/\"},\"wordCount\":273,\"commentCount\":6,\"publisher\":{\"@id\":\"https:\/\/kapitalis.com\/tunisie\/#organization\"},\"keywords\":[\"Imed Khemiri\",\"Nidaa Tounes\"],\"articleSection\":[\"POLITIQUE\",\"Tunisie\"],\"inLanguage\":\"fr-FR\",\"potentialAction\":[{\"@type\":\"CommentAction\",\"name\":\"Comment\",\"target\":[\"https:\/\/kapitalis.com\/tunisie\/2019\/03\/04\/hafedh-caid-essebsi-reprend-langue-avec-rached-ghannouchi\/#respond\"]}]},{\"@type\":\"WebPage\",\"@id\":\"https:\/\/kapitalis.com\/tunisie\/2019\/03\/04\/hafedh-caid-essebsi-reprend-langue-avec-rached-ghannouchi\/\",\"url\":\"https:\/\/kapitalis.com\/tunisie\/2019\/03\/04\/hafedh-caid-essebsi-reprend-langue-avec-rached-ghannouchi\/\",\"name\":\"Hafedh Ca\u00efd Essebsi reprend langue avec Rached Ghannouchi - Kapitalis\",\"isPartOf\":{\"@id\":\"https:\/\/kapitalis.com\/tunisie\/#website\"},\"datePublished\":\"2019-03-04T17:09:39+00:00\",\"dateModified\":\"2019-03-04T17:11:49+00:00\",\"breadcrumb\":{\"@id\":\"https:\/\/kapitalis.com\/tunisie\/2019\/03\/04\/hafedh-caid-essebsi-reprend-langue-avec-rached-ghannouchi\/#breadcrumb\"},\"inLanguage\":\"fr-FR\",\"potentialAction\":[{\"@type\":\"ReadAction\",\"target\":[\"https:\/\/kapitalis.com\/tunisie\/2019\/03\/04\/hafedh-caid-essebsi-reprend-langue-avec-rached-ghannouchi\/\"]}]},{\"@type\":\"BreadcrumbList\",\"@id\":\"https:\/\/kapitalis.com\/tunisie\/2019\/03\/04\/hafedh-caid-essebsi-reprend-langue-avec-rached-ghannouchi\/#breadcrumb\",\"itemListElement\":[{\"@type\":\"ListItem\",\"position\":1,\"name\":\"Accueil\",\"item\":\"https:\/\/kapitalis.com\/tunisie\/\"},{\"@type\":\"ListItem\",\"position\":2,\"name\":\"Hafedh Ca\u00efd Essebsi reprend langue avec Rached Ghannouchi\"}]},{\"@type\":\"WebSite\",\"@id\":\"https:\/\/kapitalis.com\/tunisie\/#website\",\"url\":\"https:\/\/kapitalis.com\/tunisie\/\",\"name\":\"Kapitalis\",\"description\":\"L&#039;actualit\u00e9 en Tunisie et dans le monde\",\"publisher\":{\"@id\":\"https:\/\/kapitalis.com\/tunisie\/#organization\"},\"potentialAction\":[{\"@type\":\"SearchAction\",\"target\":{\"@type\":\"EntryPoint\",\"urlTemplate\":\"https:\/\/kapitalis.com\/tunisie\/?s={search_term_string}\"},\"query-input\":{\"@type\":\"PropertyValueSpecification\",\"valueRequired\":true,\"valueName\":\"search_term_string\"}}],\"inLanguage\":\"fr-FR\"},{\"@type\":\"Organization\",\"@id\":\"https:\/\/kapitalis.com\/tunisie\/#organization\",\"name\":\"Kapitalis\",\"url\":\"https:\/\/kapitalis.com\/tunisie\/\",\"logo\":{\"@type\":\"ImageObject\",\"inLanguage\":\"fr-FR\",\"@id\":\"https:\/\/kapitalis.com\/tunisie\/#\/schema\/logo\/image\/\",\"url\":\"https:\/\/kapitalis.com\/tunisie\/wp-content\/uploads\/2022\/05\/Kapitalis-big-size.png\",\"contentUrl\":\"https:\/\/kapitalis.com\/tunisie\/wp-content\/uploads\/2022\/05\/Kapitalis-big-size.png\",\"width\":5000,\"height\":1500,\"caption\":\"Kapitalis\"},\"image\":{\"@id\":\"https:\/\/kapitalis.com\/tunisie\/#\/schema\/logo\/image\/\"},\"sameAs\":[\"https:\/\/www.facebook.com\/KapitalisInfo\/\",\"https:\/\/x.com\/KapitalisInfo\",\"https:\/\/www.youtube.com\/channel\/UC-yDYrHyfFBWWZaOw3FPg9Q\"]},{\"@type\":\"Person\",\"@id\":\"https:\/\/kapitalis.com\/tunisie\/#\/schema\/person\/2c6e134b2f3369dffcd1daf5f087d28b\",\"name\":\"emna benabdallah\",\"url\":\"https:\/\/kapitalis.com\/tunisie\/author\/emna\/\"}]}<\/script>\n<!-- \/ Yoast SEO plugin. -->","yoast_head_json":{"title":"Hafedh Ca\u00efd Essebsi reprend langue avec Rached Ghannouchi - Kapitalis","robots":{"index":"index","follow":"follow","max-snippet":"max-snippet:-1","max-image-preview":"max-image-preview:large","max-video-preview":"max-video-preview:-1"},"canonical":"https:\/\/kapitalis.com\/tunisie\/2019\/03\/04\/hafedh-caid-essebsi-reprend-langue-avec-rached-ghannouchi\/","og_locale":"fr_FR","og_type":"article","og_title":"Hafedh Ca\u00efd Essebsi reprend langue avec Rached Ghannouchi - Kapitalis","og_description":"Apr\u00e8s une rupture de dialogue qui a dur\u00e9 plusieurs mois, Hafedh Ca\u00efd Essebsi, directeur du comit\u00e9 politique de Nidaa Tounes, et Rached Ghannouchi, chef du mouvement islamiste Ennahdha, se sont rencontr\u00e9s, aujourd&rsquo;hui, lundi 4 mars 2019, et ont convenu de poursuivre les concertations.\u00a0","og_url":"https:\/\/kapitalis.com\/tunisie\/2019\/03\/04\/hafedh-caid-essebsi-reprend-langue-avec-rached-ghannouchi\/","og_site_name":"Kapitalis","article_publisher":"https:\/\/www.facebook.com\/KapitalisInfo\/","article_published_time":"2019-03-04T17:09:39+00:00","article_modified_time":"2019-03-04T17:11:49+00:00","og_image":[{"width":1200,"height":630,"url":"https:\/\/kapitalis.com\/tunisie\/wp-content\/uploads\/2022\/05\/kapitalis-logo-fb.png","type":"image\/png"}],"author":"emna benabdallah","twitter_card":"summary_large_image","twitter_creator":"@KapitalisInfo","twitter_site":"@KapitalisInfo","twitter_misc":{"\u00c9crit par":"emna benabdallah","Dur\u00e9e de lecture estim\u00e9e":"1 minute"},"schema":{"@context":"https:\/\/schema.org","@graph":[{"@type":"Article","@id":"https:\/\/kapitalis.com\/tunisie\/2019\/03\/04\/hafedh-caid-essebsi-reprend-langue-avec-rached-ghannouchi\/#article","isPartOf":{"@id":"https:\/\/kapitalis.com\/tunisie\/2019\/03\/04\/hafedh-caid-essebsi-reprend-langue-avec-rached-ghannouchi\/"},"author":{"name":"emna benabdallah","@id":"https:\/\/kapitalis.com\/tunisie\/#\/schema\/person\/2c6e134b2f3369dffcd1daf5f087d28b"},"headline":"Hafedh Ca\u00efd Essebsi reprend langue avec Rached Ghannouchi","datePublished":"2019-03-04T17:09:39+00:00","dateModified":"2019-03-04T17:11:49+00:00","mainEntityOfPage":{"@id":"https:\/\/kapitalis.com\/tunisie\/2019\/03\/04\/hafedh-caid-essebsi-reprend-langue-avec-rached-ghannouchi\/"},"wordCount":273,"commentCount":6,"publisher":{"@id":"https:\/\/kapitalis.com\/tunisie\/#organization"},"keywords":["Imed Khemiri","Nidaa Tounes"],"articleSection":["POLITIQUE","Tunisie"],"inLanguage":"fr-FR","potentialAction":[{"@type":"CommentAction","name":"Comment","target":["https:\/\/kapitalis.com\/tunisie\/2019\/03\/04\/hafedh-caid-essebsi-reprend-langue-avec-rached-ghannouchi\/#respond"]}]},{"@type":"WebPage","@id":"https:\/\/kapitalis.com\/tunisie\/2019\/03\/04\/hafedh-caid-essebsi-reprend-langue-avec-rached-ghannouchi\/","url":"https:\/\/kapitalis.com\/tunisie\/2019\/03\/04\/hafedh-caid-essebsi-reprend-langue-avec-rached-ghannouchi\/","name":"Hafedh Ca\u00efd Essebsi reprend langue avec Rached Ghannouchi - Kapitalis","isPartOf":{"@id":"https:\/\/kapitalis.com\/tunisie\/#website"},"datePublished":"2019-03-04T17:09:39+00:00","dateModified":"2019-03-04T17:11:49+00:00","breadcrumb":{"@id":"https:\/\/kapitalis.com\/tunisie\/2019\/03\/04\/hafedh-caid-essebsi-reprend-langue-avec-rached-ghannouchi\/#breadcrumb"},"inLanguage":"fr-FR","potentialAction":[{"@type":"ReadAction","target":["https:\/\/kapitalis.com\/tunisie\/2019\/03\/04\/hafedh-caid-essebsi-reprend-langue-avec-rached-ghannouchi\/"]}]},{"@type":"BreadcrumbList","@id":"https:\/\/kapitalis.com\/tunisie\/2019\/03\/04\/hafedh-caid-essebsi-reprend-langue-avec-rached-ghannouchi\/#breadcrumb","itemListElement":[{"@type":"ListItem","position":1,"name":"Accueil","item":"https:\/\/kapitalis.com\/tunisie\/"},{"@type":"ListItem","position":2,"name":"Hafedh Ca\u00efd Essebsi reprend langue avec Rached Ghannouchi"}]},{"@type":"WebSite","@id":"https:\/\/kapitalis.com\/tunisie\/#website","url":"https:\/\/kapitalis.com\/tunisie\/","name":"Kapitalis","description":"L&#039;actualit\u00e9 en Tunisie et dans le monde","publisher":{"@id":"https:\/\/kapitalis.com\/tunisie\/#organization"},"potentialAction":[{"@type":"SearchAction","target":{"@type":"EntryPoint","urlTemplate":"https:\/\/kapitalis.com\/tunisie\/?s={search_term_string}"},"query-input":{"@type":"PropertyValueSpecification","valueRequired":true,"valueName":"search_term_string"}}],"inLanguage":"fr-FR"},{"@type":"Organization","@id":"https:\/\/kapitalis.com\/tunisie\/#organization","name":"Kapitalis","url":"https:\/\/kapitalis.com\/tunisie\/","logo":{"@type":"ImageObject","inLanguage":"fr-FR","@id":"https:\/\/kapitalis.com\/tunisie\/#\/schema\/logo\/image\/","url":"https:\/\/kapitalis.com\/tunisie\/wp-content\/uploads\/2022\/05\/Kapitalis-big-size.png","contentUrl":"https:\/\/kapitalis.com\/tunisie\/wp-content\/uploads\/2022\/05\/Kapitalis-big-size.png","width":5000,"height":1500,"caption":"Kapitalis"},"image":{"@id":"https:\/\/kapitalis.com\/tunisie\/#\/schema\/logo\/image\/"},"sameAs":["https:\/\/www.facebook.com\/KapitalisInfo\/","https:\/\/x.com\/KapitalisInfo","https:\/\/www.youtube.com\/channel\/UC-yDYrHyfFBWWZaOw3FPg9Q"]},{"@type":"Person","@id":"https:\/\/kapitalis.com\/tunisie\/#\/schema\/person\/2c6e134b2f3369dffcd1daf5f087d28b","name":"emna benabdallah","url":"https:\/\/kapitalis.com\/tunisie\/author\/emna\/"}]}},"_links":{"self":[{"href":"https:\/\/kapitalis.com\/tunisie\/wp-json\/wp\/v2\/posts\/200887","targetHints":{"allow":["GET"]}}],"collection":[{"href":"https:\/\/kapitalis.com\/tunisie\/wp-json\/wp\/v2\/posts"}],"about":[{"href":"https:\/\/kapitalis.com\/tunisie\/wp-json\/wp\/v2\/types\/post"}],"author":[{"embeddable":true,"href":"https:\/\/kapitalis.com\/tunisie\/wp-json\/wp\/v2\/users\/16"}],"replies":[{"embeddable":true,"href":"https:\/\/kapitalis.com\/tunisie\/wp-json\/wp\/v2\/comments?post=200887"}],"version-history":[{"count":0,"href":"https:\/\/kapitalis.com\/tunisie\/wp-json\/wp\/v2\/posts\/200887\/revisions"}],"wp:attachment":[{"href":"https:\/\/kapitalis.com\/tunisie\/wp-json\/wp\/v2\/media?parent=200887"}],"wp:term":[{"taxonomy":"category","embeddable":true,"href":"https:\/\/kapitalis.com\/tunisie\/wp-json\/wp\/v2\/categories?post=200887"},{"taxonomy":"post_tag","embeddable":true,"href":"https:\/\/kapitalis.com\/tunisie\/wp-json\/wp\/v2\/tags?post=200887"}],"curies":[{"name":"wp","href":"https:\/\/api.w.org\/{rel}","templated":true}]}}