{"id":200964,"date":"2019-03-05T11:05:04","date_gmt":"2019-03-05T10:05:04","guid":{"rendered":"http:\/\/kapitalis.com\/tunisie\/?p=200964"},"modified":"2019-03-05T11:05:04","modified_gmt":"2019-03-05T10:05:04","slug":"tunisair-tarifs-early-purchase-pour-lete-2019-en-faveur-des-tunisiens","status":"publish","type":"post","link":"https:\/\/kapitalis.com\/tunisie\/2019\/03\/05\/tunisair-tarifs-early-purchase-pour-lete-2019-en-faveur-des-tunisiens\/","title":{"rendered":"Tunisair : Tarifs \u00abEarly Purchase\u00bb pour l\u2019\u00e9t\u00e9 2019 en faveur des Tunisiens"},"content":{"rendered":"<p style=\"text-align: center;\"><img loading=\"lazy\" decoding=\"async\" class=\"alignnone size-full wp-image-149541\" src=\"http:\/\/kapitalis.com\/tunisie\/wp-content\/uploads\/2018\/04\/Tunisair-Ban.jpg\" alt=\"\" width=\"626\" height=\"380\" \/><\/p>\n<p><em><strong>La compagnie nationale Tunisair annonce dans un communiqu\u00e9 publi\u00e9 aujourd\u2019hui, mardi 5 mars 2019, le lancement d\u2019une op\u00e9ration \u00abEarly Purchase\u00bb en faveur des Tunisiens \u00e0 l\u2019\u00e9tranger avec une offre de 30% de r\u00e9duction sur les tarifs en hors taxes au d\u00e9part de tous ses march\u00e9s.<\/strong> <\/em><\/p>\n<p><!--more--><\/p>\n<p>Cette offre pr\u00e9sente plusieurs caract\u00e9ristiques. Ses tarifs sont vendables \u00e0 partir du 26 f\u00e9vrier 2019 jusqu&rsquo;au 31 mars 2019, pour une p\u00e9riode de voyage comprise entre le 1er juin 2019 et le 20 ao\u00fbt 2019 (dernier retour).<\/p>\n<p>Ces tarifs n&rsquo;ont pas de minimum de s\u00e9jour, mais ont un maximum de s\u00e9jour de 3 mois.<\/p>\n<p>Un quota de 50.000 si\u00e8ges a \u00e9t\u00e9 allou\u00e9 \u00e0 cette op\u00e9ration, indique la compagnie, en pr\u00e9cisant que des r\u00e9ductions sp\u00e9ciales selon l\u2019\u00e2ge seront appliqu\u00e9es sur les tarifs en hors taxes comme suit : &#8211; 90% pour le b\u00e9b\u00e9 (moins de 2 ans) ; &#8211; 33% pour l\u2019enfant (de 2 ans \u00e0 moins de 18 ans), &#8211; 25% pour le jeune (de 18 ans \u00e0 moins de 26 ans).<\/p>\n<p>Selon le communiqu\u00e9, ces tarifs sont combinables avec les autres tarifs travailleurs, sont applicables uniquement sur les vols r\u00e9guliers de Tunisair, et donnent droit \u00e0 une franchise bagage en soute, sur l\u2019Europe et l\u2019Afrique du Nord, de 32 Kg (en 1 ou 2 pi\u00e8ces) au lieu de 23 kg.<\/p>\n<p>Enfin, le changement et le remboursement sont autoris\u00e9s moyennant des p\u00e9nalit\u00e9s \u00e0 payer.<\/p>\n<p><em><strong>Source<\/strong><\/em> : communiqu\u00e9.<\/p>\n","protected":false},"excerpt":{"rendered":"<p>La compagnie nationale Tunisair annonce dans un communiqu\u00e9 publi\u00e9 aujourd\u2019hui, mardi 5 mars 2019, le lancement d\u2019une op\u00e9ration \u00abEarly Purchase\u00bb en faveur des Tunisiens \u00e0 l\u2019\u00e9tranger avec une offre de 30% de r\u00e9duction sur les tarifs en hors taxes au d\u00e9part de tous ses march\u00e9s.<\/p>\n","protected":false},"author":8,"featured_media":0,"comment_status":"open","ping_status":"open","sticky":false,"template":"","format":"standard","meta":{"footnotes":""},"categories":[993,2433],"tags":[1501,4788],"class_list":["post-200964","post","type-post","status-publish","format-standard","hentry","category-conso","category-tunisie","tag-tunisair","tag-tunisiens-a-letranger"],"yoast_head":"<!-- This site is optimized with the Yoast SEO plugin v26.6 - https:\/\/yoast.com\/wordpress\/plugins\/seo\/ -->\n<title>Tunisair : Tarifs \u00abEarly Purchase\u00bb pour l\u2019\u00e9t\u00e9 2019 en faveur des Tunisiens - Kapitalis<\/title>\n<meta name=\"robots\" content=\"index, follow, max-snippet:-1, max-image-preview:large, max-video-preview:-1\" \/>\n<link rel=\"canonical\" href=\"https:\/\/kapitalis.com\/tunisie\/2019\/03\/05\/tunisair-tarifs-early-purchase-pour-lete-2019-en-faveur-des-tunisiens\/\" \/>\n<meta property=\"og:locale\" content=\"fr_FR\" \/>\n<meta property=\"og:type\" content=\"article\" \/>\n<meta property=\"og:title\" content=\"Tunisair : Tarifs \u00abEarly Purchase\u00bb pour l\u2019\u00e9t\u00e9 2019 en faveur des Tunisiens - Kapitalis\" \/>\n<meta property=\"og:description\" content=\"La compagnie nationale Tunisair annonce dans un communiqu\u00e9 publi\u00e9 aujourd\u2019hui, mardi 5 mars 2019, le lancement d\u2019une op\u00e9ration \u00abEarly Purchase\u00bb en faveur des Tunisiens \u00e0 l\u2019\u00e9tranger avec une offre de 30% de r\u00e9duction sur les tarifs en hors taxes au d\u00e9part de tous ses march\u00e9s.\" \/>\n<meta property=\"og:url\" content=\"https:\/\/kapitalis.com\/tunisie\/2019\/03\/05\/tunisair-tarifs-early-purchase-pour-lete-2019-en-faveur-des-tunisiens\/\" \/>\n<meta property=\"og:site_name\" content=\"Kapitalis\" \/>\n<meta property=\"article:publisher\" content=\"https:\/\/www.facebook.com\/KapitalisInfo\/\" \/>\n<meta property=\"article:published_time\" content=\"2019-03-05T10:05:04+00:00\" \/>\n<meta property=\"og:image\" content=\"http:\/\/kapitalis.com\/tunisie\/wp-content\/uploads\/2018\/04\/Tunisair-Ban.jpg\" \/>\n<meta name=\"author\" content=\"webmaster kapitalis\" \/>\n<meta name=\"twitter:card\" content=\"summary_large_image\" \/>\n<meta name=\"twitter:creator\" content=\"@KapitalisInfo\" \/>\n<meta name=\"twitter:site\" content=\"@KapitalisInfo\" \/>\n<meta name=\"twitter:label1\" content=\"\u00c9crit par\" \/>\n\t<meta name=\"twitter:data1\" content=\"webmaster kapitalis\" \/>\n\t<meta name=\"twitter:label2\" content=\"Dur\u00e9e de lecture estim\u00e9e\" \/>\n\t<meta name=\"twitter:data2\" content=\"1 minute\" \/>\n<script type=\"application\/ld+json\" class=\"yoast-schema-graph\">{\"@context\":\"https:\/\/schema.org\",\"@graph\":[{\"@type\":\"Article\",\"@id\":\"https:\/\/kapitalis.com\/tunisie\/2019\/03\/05\/tunisair-tarifs-early-purchase-pour-lete-2019-en-faveur-des-tunisiens\/#article\",\"isPartOf\":{\"@id\":\"https:\/\/kapitalis.com\/tunisie\/2019\/03\/05\/tunisair-tarifs-early-purchase-pour-lete-2019-en-faveur-des-tunisiens\/\"},\"author\":{\"name\":\"webmaster kapitalis\",\"@id\":\"https:\/\/kapitalis.com\/tunisie\/#\/schema\/person\/d71f33a9ca44f7bad4698210b480c8e9\"},\"headline\":\"Tunisair : Tarifs \u00abEarly Purchase\u00bb pour l\u2019\u00e9t\u00e9 2019 en faveur des Tunisiens\",\"datePublished\":\"2019-03-05T10:05:04+00:00\",\"mainEntityOfPage\":{\"@id\":\"https:\/\/kapitalis.com\/tunisie\/2019\/03\/05\/tunisair-tarifs-early-purchase-pour-lete-2019-en-faveur-des-tunisiens\/\"},\"wordCount\":239,\"commentCount\":9,\"publisher\":{\"@id\":\"https:\/\/kapitalis.com\/tunisie\/#organization\"},\"image\":{\"@id\":\"https:\/\/kapitalis.com\/tunisie\/2019\/03\/05\/tunisair-tarifs-early-purchase-pour-lete-2019-en-faveur-des-tunisiens\/#primaryimage\"},\"thumbnailUrl\":\"http:\/\/kapitalis.com\/tunisie\/wp-content\/uploads\/2018\/04\/Tunisair-Ban.jpg\",\"keywords\":[\"Tunisair\",\"Tunisiens \u00e0 l'\u00e9tranger\"],\"articleSection\":[\"CONSO\",\"Tunisie\"],\"inLanguage\":\"fr-FR\",\"potentialAction\":[{\"@type\":\"CommentAction\",\"name\":\"Comment\",\"target\":[\"https:\/\/kapitalis.com\/tunisie\/2019\/03\/05\/tunisair-tarifs-early-purchase-pour-lete-2019-en-faveur-des-tunisiens\/#respond\"]}]},{\"@type\":\"WebPage\",\"@id\":\"https:\/\/kapitalis.com\/tunisie\/2019\/03\/05\/tunisair-tarifs-early-purchase-pour-lete-2019-en-faveur-des-tunisiens\/\",\"url\":\"https:\/\/kapitalis.com\/tunisie\/2019\/03\/05\/tunisair-tarifs-early-purchase-pour-lete-2019-en-faveur-des-tunisiens\/\",\"name\":\"Tunisair : Tarifs \u00abEarly Purchase\u00bb pour l\u2019\u00e9t\u00e9 2019 en faveur des Tunisiens - Kapitalis\",\"isPartOf\":{\"@id\":\"https:\/\/kapitalis.com\/tunisie\/#website\"},\"primaryImageOfPage\":{\"@id\":\"https:\/\/kapitalis.com\/tunisie\/2019\/03\/05\/tunisair-tarifs-early-purchase-pour-lete-2019-en-faveur-des-tunisiens\/#primaryimage\"},\"image\":{\"@id\":\"https:\/\/kapitalis.com\/tunisie\/2019\/03\/05\/tunisair-tarifs-early-purchase-pour-lete-2019-en-faveur-des-tunisiens\/#primaryimage\"},\"thumbnailUrl\":\"http:\/\/kapitalis.com\/tunisie\/wp-content\/uploads\/2018\/04\/Tunisair-Ban.jpg\",\"datePublished\":\"2019-03-05T10:05:04+00:00\",\"breadcrumb\":{\"@id\":\"https:\/\/kapitalis.com\/tunisie\/2019\/03\/05\/tunisair-tarifs-early-purchase-pour-lete-2019-en-faveur-des-tunisiens\/#breadcrumb\"},\"inLanguage\":\"fr-FR\",\"potentialAction\":[{\"@type\":\"ReadAction\",\"target\":[\"https:\/\/kapitalis.com\/tunisie\/2019\/03\/05\/tunisair-tarifs-early-purchase-pour-lete-2019-en-faveur-des-tunisiens\/\"]}]},{\"@type\":\"ImageObject\",\"inLanguage\":\"fr-FR\",\"@id\":\"https:\/\/kapitalis.com\/tunisie\/2019\/03\/05\/tunisair-tarifs-early-purchase-pour-lete-2019-en-faveur-des-tunisiens\/#primaryimage\",\"url\":\"http:\/\/kapitalis.com\/tunisie\/wp-content\/uploads\/2018\/04\/Tunisair-Ban.jpg\",\"contentUrl\":\"http:\/\/kapitalis.com\/tunisie\/wp-content\/uploads\/2018\/04\/Tunisair-Ban.jpg\"},{\"@type\":\"BreadcrumbList\",\"@id\":\"https:\/\/kapitalis.com\/tunisie\/2019\/03\/05\/tunisair-tarifs-early-purchase-pour-lete-2019-en-faveur-des-tunisiens\/#breadcrumb\",\"itemListElement\":[{\"@type\":\"ListItem\",\"position\":1,\"name\":\"Accueil\",\"item\":\"https:\/\/kapitalis.com\/tunisie\/\"},{\"@type\":\"ListItem\",\"position\":2,\"name\":\"Tunisair : Tarifs \u00abEarly Purchase\u00bb pour l\u2019\u00e9t\u00e9 2019 en faveur des Tunisiens\"}]},{\"@type\":\"WebSite\",\"@id\":\"https:\/\/kapitalis.com\/tunisie\/#website\",\"url\":\"https:\/\/kapitalis.com\/tunisie\/\",\"name\":\"Kapitalis\",\"description\":\"L&#039;actualit\u00e9 en Tunisie et dans le monde\",\"publisher\":{\"@id\":\"https:\/\/kapitalis.com\/tunisie\/#organization\"},\"potentialAction\":[{\"@type\":\"SearchAction\",\"target\":{\"@type\":\"EntryPoint\",\"urlTemplate\":\"https:\/\/kapitalis.com\/tunisie\/?s={search_term_string}\"},\"query-input\":{\"@type\":\"PropertyValueSpecification\",\"valueRequired\":true,\"valueName\":\"search_term_string\"}}],\"inLanguage\":\"fr-FR\"},{\"@type\":\"Organization\",\"@id\":\"https:\/\/kapitalis.com\/tunisie\/#organization\",\"name\":\"Kapitalis\",\"url\":\"https:\/\/kapitalis.com\/tunisie\/\",\"logo\":{\"@type\":\"ImageObject\",\"inLanguage\":\"fr-FR\",\"@id\":\"https:\/\/kapitalis.com\/tunisie\/#\/schema\/logo\/image\/\",\"url\":\"https:\/\/kapitalis.com\/tunisie\/wp-content\/uploads\/2022\/05\/Kapitalis-big-size.png\",\"contentUrl\":\"https:\/\/kapitalis.com\/tunisie\/wp-content\/uploads\/2022\/05\/Kapitalis-big-size.png\",\"width\":5000,\"height\":1500,\"caption\":\"Kapitalis\"},\"image\":{\"@id\":\"https:\/\/kapitalis.com\/tunisie\/#\/schema\/logo\/image\/\"},\"sameAs\":[\"https:\/\/www.facebook.com\/KapitalisInfo\/\",\"https:\/\/x.com\/KapitalisInfo\",\"https:\/\/www.youtube.com\/channel\/UC-yDYrHyfFBWWZaOw3FPg9Q\"]},{\"@type\":\"Person\",\"@id\":\"https:\/\/kapitalis.com\/tunisie\/#\/schema\/person\/d71f33a9ca44f7bad4698210b480c8e9\",\"name\":\"webmaster kapitalis\",\"url\":\"https:\/\/kapitalis.com\/tunisie\/author\/webmaster-kapitalis\/\"}]}<\/script>\n<!-- \/ Yoast SEO plugin. -->","yoast_head_json":{"title":"Tunisair : Tarifs \u00abEarly Purchase\u00bb pour l\u2019\u00e9t\u00e9 2019 en faveur des Tunisiens - Kapitalis","robots":{"index":"index","follow":"follow","max-snippet":"max-snippet:-1","max-image-preview":"max-image-preview:large","max-video-preview":"max-video-preview:-1"},"canonical":"https:\/\/kapitalis.com\/tunisie\/2019\/03\/05\/tunisair-tarifs-early-purchase-pour-lete-2019-en-faveur-des-tunisiens\/","og_locale":"fr_FR","og_type":"article","og_title":"Tunisair : Tarifs \u00abEarly Purchase\u00bb pour l\u2019\u00e9t\u00e9 2019 en faveur des Tunisiens - Kapitalis","og_description":"La compagnie nationale Tunisair annonce dans un communiqu\u00e9 publi\u00e9 aujourd\u2019hui, mardi 5 mars 2019, le lancement d\u2019une op\u00e9ration \u00abEarly Purchase\u00bb en faveur des Tunisiens \u00e0 l\u2019\u00e9tranger avec une offre de 30% de r\u00e9duction sur les tarifs en hors taxes au d\u00e9part de tous ses march\u00e9s.","og_url":"https:\/\/kapitalis.com\/tunisie\/2019\/03\/05\/tunisair-tarifs-early-purchase-pour-lete-2019-en-faveur-des-tunisiens\/","og_site_name":"Kapitalis","article_publisher":"https:\/\/www.facebook.com\/KapitalisInfo\/","article_published_time":"2019-03-05T10:05:04+00:00","og_image":[{"url":"http:\/\/kapitalis.com\/tunisie\/wp-content\/uploads\/2018\/04\/Tunisair-Ban.jpg","type":"","width":"","height":""}],"author":"webmaster kapitalis","twitter_card":"summary_large_image","twitter_creator":"@KapitalisInfo","twitter_site":"@KapitalisInfo","twitter_misc":{"\u00c9crit par":"webmaster kapitalis","Dur\u00e9e de lecture estim\u00e9e":"1 minute"},"schema":{"@context":"https:\/\/schema.org","@graph":[{"@type":"Article","@id":"https:\/\/kapitalis.com\/tunisie\/2019\/03\/05\/tunisair-tarifs-early-purchase-pour-lete-2019-en-faveur-des-tunisiens\/#article","isPartOf":{"@id":"https:\/\/kapitalis.com\/tunisie\/2019\/03\/05\/tunisair-tarifs-early-purchase-pour-lete-2019-en-faveur-des-tunisiens\/"},"author":{"name":"webmaster kapitalis","@id":"https:\/\/kapitalis.com\/tunisie\/#\/schema\/person\/d71f33a9ca44f7bad4698210b480c8e9"},"headline":"Tunisair : Tarifs \u00abEarly Purchase\u00bb pour l\u2019\u00e9t\u00e9 2019 en faveur des Tunisiens","datePublished":"2019-03-05T10:05:04+00:00","mainEntityOfPage":{"@id":"https:\/\/kapitalis.com\/tunisie\/2019\/03\/05\/tunisair-tarifs-early-purchase-pour-lete-2019-en-faveur-des-tunisiens\/"},"wordCount":239,"commentCount":9,"publisher":{"@id":"https:\/\/kapitalis.com\/tunisie\/#organization"},"image":{"@id":"https:\/\/kapitalis.com\/tunisie\/2019\/03\/05\/tunisair-tarifs-early-purchase-pour-lete-2019-en-faveur-des-tunisiens\/#primaryimage"},"thumbnailUrl":"http:\/\/kapitalis.com\/tunisie\/wp-content\/uploads\/2018\/04\/Tunisair-Ban.jpg","keywords":["Tunisair","Tunisiens \u00e0 l'\u00e9tranger"],"articleSection":["CONSO","Tunisie"],"inLanguage":"fr-FR","potentialAction":[{"@type":"CommentAction","name":"Comment","target":["https:\/\/kapitalis.com\/tunisie\/2019\/03\/05\/tunisair-tarifs-early-purchase-pour-lete-2019-en-faveur-des-tunisiens\/#respond"]}]},{"@type":"WebPage","@id":"https:\/\/kapitalis.com\/tunisie\/2019\/03\/05\/tunisair-tarifs-early-purchase-pour-lete-2019-en-faveur-des-tunisiens\/","url":"https:\/\/kapitalis.com\/tunisie\/2019\/03\/05\/tunisair-tarifs-early-purchase-pour-lete-2019-en-faveur-des-tunisiens\/","name":"Tunisair : Tarifs \u00abEarly Purchase\u00bb pour l\u2019\u00e9t\u00e9 2019 en faveur des Tunisiens - Kapitalis","isPartOf":{"@id":"https:\/\/kapitalis.com\/tunisie\/#website"},"primaryImageOfPage":{"@id":"https:\/\/kapitalis.com\/tunisie\/2019\/03\/05\/tunisair-tarifs-early-purchase-pour-lete-2019-en-faveur-des-tunisiens\/#primaryimage"},"image":{"@id":"https:\/\/kapitalis.com\/tunisie\/2019\/03\/05\/tunisair-tarifs-early-purchase-pour-lete-2019-en-faveur-des-tunisiens\/#primaryimage"},"thumbnailUrl":"http:\/\/kapitalis.com\/tunisie\/wp-content\/uploads\/2018\/04\/Tunisair-Ban.jpg","datePublished":"2019-03-05T10:05:04+00:00","breadcrumb":{"@id":"https:\/\/kapitalis.com\/tunisie\/2019\/03\/05\/tunisair-tarifs-early-purchase-pour-lete-2019-en-faveur-des-tunisiens\/#breadcrumb"},"inLanguage":"fr-FR","potentialAction":[{"@type":"ReadAction","target":["https:\/\/kapitalis.com\/tunisie\/2019\/03\/05\/tunisair-tarifs-early-purchase-pour-lete-2019-en-faveur-des-tunisiens\/"]}]},{"@type":"ImageObject","inLanguage":"fr-FR","@id":"https:\/\/kapitalis.com\/tunisie\/2019\/03\/05\/tunisair-tarifs-early-purchase-pour-lete-2019-en-faveur-des-tunisiens\/#primaryimage","url":"http:\/\/kapitalis.com\/tunisie\/wp-content\/uploads\/2018\/04\/Tunisair-Ban.jpg","contentUrl":"http:\/\/kapitalis.com\/tunisie\/wp-content\/uploads\/2018\/04\/Tunisair-Ban.jpg"},{"@type":"BreadcrumbList","@id":"https:\/\/kapitalis.com\/tunisie\/2019\/03\/05\/tunisair-tarifs-early-purchase-pour-lete-2019-en-faveur-des-tunisiens\/#breadcrumb","itemListElement":[{"@type":"ListItem","position":1,"name":"Accueil","item":"https:\/\/kapitalis.com\/tunisie\/"},{"@type":"ListItem","position":2,"name":"Tunisair : Tarifs \u00abEarly Purchase\u00bb pour l\u2019\u00e9t\u00e9 2019 en faveur des Tunisiens"}]},{"@type":"WebSite","@id":"https:\/\/kapitalis.com\/tunisie\/#website","url":"https:\/\/kapitalis.com\/tunisie\/","name":"Kapitalis","description":"L&#039;actualit\u00e9 en Tunisie et dans le monde","publisher":{"@id":"https:\/\/kapitalis.com\/tunisie\/#organization"},"potentialAction":[{"@type":"SearchAction","target":{"@type":"EntryPoint","urlTemplate":"https:\/\/kapitalis.com\/tunisie\/?s={search_term_string}"},"query-input":{"@type":"PropertyValueSpecification","valueRequired":true,"valueName":"search_term_string"}}],"inLanguage":"fr-FR"},{"@type":"Organization","@id":"https:\/\/kapitalis.com\/tunisie\/#organization","name":"Kapitalis","url":"https:\/\/kapitalis.com\/tunisie\/","logo":{"@type":"ImageObject","inLanguage":"fr-FR","@id":"https:\/\/kapitalis.com\/tunisie\/#\/schema\/logo\/image\/","url":"https:\/\/kapitalis.com\/tunisie\/wp-content\/uploads\/2022\/05\/Kapitalis-big-size.png","contentUrl":"https:\/\/kapitalis.com\/tunisie\/wp-content\/uploads\/2022\/05\/Kapitalis-big-size.png","width":5000,"height":1500,"caption":"Kapitalis"},"image":{"@id":"https:\/\/kapitalis.com\/tunisie\/#\/schema\/logo\/image\/"},"sameAs":["https:\/\/www.facebook.com\/KapitalisInfo\/","https:\/\/x.com\/KapitalisInfo","https:\/\/www.youtube.com\/channel\/UC-yDYrHyfFBWWZaOw3FPg9Q"]},{"@type":"Person","@id":"https:\/\/kapitalis.com\/tunisie\/#\/schema\/person\/d71f33a9ca44f7bad4698210b480c8e9","name":"webmaster kapitalis","url":"https:\/\/kapitalis.com\/tunisie\/author\/webmaster-kapitalis\/"}]}},"_links":{"self":[{"href":"https:\/\/kapitalis.com\/tunisie\/wp-json\/wp\/v2\/posts\/200964","targetHints":{"allow":["GET"]}}],"collection":[{"href":"https:\/\/kapitalis.com\/tunisie\/wp-json\/wp\/v2\/posts"}],"about":[{"href":"https:\/\/kapitalis.com\/tunisie\/wp-json\/wp\/v2\/types\/post"}],"author":[{"embeddable":true,"href":"https:\/\/kapitalis.com\/tunisie\/wp-json\/wp\/v2\/users\/8"}],"replies":[{"embeddable":true,"href":"https:\/\/kapitalis.com\/tunisie\/wp-json\/wp\/v2\/comments?post=200964"}],"version-history":[{"count":0,"href":"https:\/\/kapitalis.com\/tunisie\/wp-json\/wp\/v2\/posts\/200964\/revisions"}],"wp:attachment":[{"href":"https:\/\/kapitalis.com\/tunisie\/wp-json\/wp\/v2\/media?parent=200964"}],"wp:term":[{"taxonomy":"category","embeddable":true,"href":"https:\/\/kapitalis.com\/tunisie\/wp-json\/wp\/v2\/categories?post=200964"},{"taxonomy":"post_tag","embeddable":true,"href":"https:\/\/kapitalis.com\/tunisie\/wp-json\/wp\/v2\/tags?post=200964"}],"curies":[{"name":"wp","href":"https:\/\/api.w.org\/{rel}","templated":true}]}}