{"id":200990,"date":"2019-03-05T13:28:55","date_gmt":"2019-03-05T12:28:55","guid":{"rendered":"http:\/\/kapitalis.com\/tunisie\/?p=200990"},"modified":"2019-03-05T13:28:55","modified_gmt":"2019-03-05T12:28:55","slug":"des-rues-aux-noms-de-pionnieres-tunisiennes-a-lariana","status":"publish","type":"post","link":"https:\/\/kapitalis.com\/tunisie\/2019\/03\/05\/des-rues-aux-noms-de-pionnieres-tunisiennes-a-lariana\/","title":{"rendered":"Des rues aux noms de pionni\u00e8res tunisiennes \u00e0 l&rsquo;Ariana"},"content":{"rendered":"<p style=\"text-align: center;\"><img loading=\"lazy\" decoding=\"async\" class=\"alignnone size-full wp-image-200997\" src=\"http:\/\/kapitalis.com\/tunisie\/wp-content\/uploads\/2019\/03\/Ariana-rue-Femmes-pionni\u00e8res-tunisiennes.jpg\" alt=\"\" width=\"626\" height=\"380\" \/><\/p>\n<p><em><strong>Plusieurs rues de l\u2019Ariana porteront bient\u00f4t les noms de pionni\u00e8res tunisiennes. C\u2019est ainsi que la commune de de la ville des roses a choisi de c\u00e9l\u00e9brer la Journ\u00e9e internationale de la femme, le 8 mars 2019.<\/strong><\/em><!--more--><\/p>\n<p>Le conseil municipal de l\u2019Ariana a approuv\u00e9 cette d\u00e9cision, lors d\u2019une r\u00e9union organis\u00e9e samedi dernier.<\/p>\n<p>A l&rsquo;octroi de noms de pionni\u00e8res tunisiennes \u00e0 certaines rues de la commune, s\u2019ajoutera l\u2019inauguration de la \u00ab\u00a0<em>Place des militantes<\/em>\u00ab\u00a0, au niveau du carrefour de la rue Othman Ibn Affan et de la rue Mouaouia Ibn Abi Sofi\u00e8ne \u00e0 El-Menzah.<\/p>\n<p>Parmi les noms choisis, on retrouve des Tunisiennes ayant brill\u00e9 dans les domaines allant de l\u2019art \u00e0 la m\u00e9decine en passant par la politique et le militantisme f\u00e9ministe comme Bchira Ben Mrad, Safia Ben Sahbi Farhat, Asma Belkhodja Reba\u00ef et Maya Jeribi.<\/p>\n<p>Le conseil municipal ajoute \u00e0 cette belle liste les noms de Kalthoum Bornaz (productrice et r\u00e9alisatrice), Taouhida Ben Che\u00efkh (m\u00e9decin p\u00e9diatre) Mongia Amira Mabrouk, (1<sup>\u00e8re<\/sup> tunisienne musulmane agr\u00e9g\u00e9e de lettres arabes de l\u2019Universit\u00e9 Sorbonne), Badra Ben Mustapha (1<sup>\u00e8re<\/sup> sage-femme tunisienne) et Alya Menchari (1<sup>\u00e8re<\/sup> femme pilote de ligne).<\/p>\n<p style=\"text-align: right;\"><strong>Y. N.<\/strong><\/p>\n<blockquote class=\"wp-embedded-content\" data-secret=\"2dsvvDz940\"><p><a href=\"https:\/\/kapitalis.com\/tunisie\/2018\/05\/20\/in-memoriam-et-maya-jribi-incarna-le-militantisme\/\">In memoriam : Et Maya Jribi incarna le militantisme<\/a><\/p><\/blockquote>\n<p><iframe loading=\"lazy\" class=\"wp-embedded-content\" sandbox=\"allow-scripts\" security=\"restricted\" style=\"position: absolute; clip: rect(1px, 1px, 1px, 1px);\" title=\"\u00ab\u00a0In memoriam : Et Maya Jribi incarna le militantisme\u00a0\u00bb &#8212; Kapitalis\" src=\"https:\/\/kapitalis.com\/tunisie\/2018\/05\/20\/in-memoriam-et-maya-jribi-incarna-le-militantisme\/embed\/#?secret=dPQBLPNJA5#?secret=2dsvvDz940\" data-secret=\"2dsvvDz940\" width=\"600\" height=\"338\" frameborder=\"0\" marginwidth=\"0\" marginheight=\"0\" scrolling=\"no\"><\/iframe><\/p>\n<blockquote class=\"wp-embedded-content\" data-secret=\"2P75U91xip\"><p><a href=\"https:\/\/kapitalis.com\/tunisie\/2018\/09\/15\/hommage-a-kalthoum-bornaz-a-la-rentree-de-la-cinematheque-tunisienne\/\">Hommage \u00e0 Kalthoum Bornaz \u00e0 la rentr\u00e9e de la Cin\u00e9math\u00e8que tunisienne<\/a><\/p><\/blockquote>\n<p><iframe loading=\"lazy\" class=\"wp-embedded-content\" sandbox=\"allow-scripts\" security=\"restricted\" style=\"position: absolute; clip: rect(1px, 1px, 1px, 1px);\" title=\"\u00ab\u00a0Hommage \u00e0 Kalthoum Bornaz \u00e0 la rentr\u00e9e de la Cin\u00e9math\u00e8que tunisienne\u00a0\u00bb &#8212; Kapitalis\" src=\"https:\/\/kapitalis.com\/tunisie\/2018\/09\/15\/hommage-a-kalthoum-bornaz-a-la-rentree-de-la-cinematheque-tunisienne\/embed\/#?secret=ZmKBhKQsoH#?secret=2P75U91xip\" data-secret=\"2P75U91xip\" width=\"600\" height=\"338\" frameborder=\"0\" marginwidth=\"0\" marginheight=\"0\" scrolling=\"no\"><\/iframe><\/p>\n","protected":false},"excerpt":{"rendered":"<p>Plusieurs rues de l\u2019Ariana porteront bient\u00f4t les noms de pionni\u00e8res tunisiennes. C\u2019est ainsi que la commune de de la ville des roses a choisi de c\u00e9l\u00e9brer la Journ\u00e9e internationale de la femme, le 8 mars 2019.<\/p>\n","protected":false},"author":6,"featured_media":200997,"comment_status":"open","ping_status":"open","sticky":false,"template":"","format":"standard","meta":{"footnotes":""},"categories":[998,2433],"tags":[79,4476,4414],"class_list":["post-200990","post","type-post","status-publish","format-standard","has-post-thumbnail","hentry","category-societe","category-tunisie","tag-ariana","tag-fete-de-la-femme","tag-maya-jeribi"],"yoast_head":"<!-- This site is optimized with the Yoast SEO plugin v26.6 - https:\/\/yoast.com\/wordpress\/plugins\/seo\/ -->\n<title>Des rues aux noms de pionni\u00e8res tunisiennes \u00e0 l&#039;Ariana - Kapitalis<\/title>\n<meta name=\"robots\" content=\"index, follow, max-snippet:-1, max-image-preview:large, max-video-preview:-1\" \/>\n<link rel=\"canonical\" href=\"https:\/\/kapitalis.com\/tunisie\/2019\/03\/05\/des-rues-aux-noms-de-pionnieres-tunisiennes-a-lariana\/\" \/>\n<meta property=\"og:locale\" content=\"fr_FR\" \/>\n<meta property=\"og:type\" content=\"article\" \/>\n<meta property=\"og:title\" content=\"Des rues aux noms de pionni\u00e8res tunisiennes \u00e0 l&#039;Ariana - Kapitalis\" \/>\n<meta property=\"og:description\" content=\"Plusieurs rues de l\u2019Ariana porteront bient\u00f4t les noms de pionni\u00e8res tunisiennes. C\u2019est ainsi que la commune de de la ville des roses a choisi de c\u00e9l\u00e9brer la Journ\u00e9e internationale de la femme, le 8 mars 2019.\" \/>\n<meta property=\"og:url\" content=\"https:\/\/kapitalis.com\/tunisie\/2019\/03\/05\/des-rues-aux-noms-de-pionnieres-tunisiennes-a-lariana\/\" \/>\n<meta property=\"og:site_name\" content=\"Kapitalis\" \/>\n<meta property=\"article:publisher\" content=\"https:\/\/www.facebook.com\/KapitalisInfo\/\" \/>\n<meta property=\"article:published_time\" content=\"2019-03-05T12:28:55+00:00\" \/>\n<meta property=\"og:image\" content=\"https:\/\/kapitalis.com\/tunisie\/wp-content\/uploads\/2022\/05\/kapitalis-logo-fb.png\" \/>\n\t<meta property=\"og:image:width\" content=\"1200\" \/>\n\t<meta property=\"og:image:height\" content=\"630\" \/>\n\t<meta property=\"og:image:type\" content=\"image\/png\" \/>\n<meta name=\"author\" content=\"Yusra NY\" \/>\n<meta name=\"twitter:card\" content=\"summary_large_image\" \/>\n<meta name=\"twitter:creator\" content=\"@KapitalisInfo\" \/>\n<meta name=\"twitter:site\" content=\"@KapitalisInfo\" \/>\n<meta name=\"twitter:label1\" content=\"\u00c9crit par\" \/>\n\t<meta name=\"twitter:data1\" content=\"Yusra NY\" \/>\n\t<meta name=\"twitter:label2\" content=\"Dur\u00e9e de lecture estim\u00e9e\" \/>\n\t<meta name=\"twitter:data2\" content=\"1 minute\" \/>\n<script type=\"application\/ld+json\" class=\"yoast-schema-graph\">{\"@context\":\"https:\/\/schema.org\",\"@graph\":[{\"@type\":\"Article\",\"@id\":\"https:\/\/kapitalis.com\/tunisie\/2019\/03\/05\/des-rues-aux-noms-de-pionnieres-tunisiennes-a-lariana\/#article\",\"isPartOf\":{\"@id\":\"https:\/\/kapitalis.com\/tunisie\/2019\/03\/05\/des-rues-aux-noms-de-pionnieres-tunisiennes-a-lariana\/\"},\"author\":{\"name\":\"Yusra NY\",\"@id\":\"https:\/\/kapitalis.com\/tunisie\/#\/schema\/person\/74bbde0154d49d790a92aaeac5bc01d5\"},\"headline\":\"Des rues aux noms de pionni\u00e8res tunisiennes \u00e0 l&rsquo;Ariana\",\"datePublished\":\"2019-03-05T12:28:55+00:00\",\"mainEntityOfPage\":{\"@id\":\"https:\/\/kapitalis.com\/tunisie\/2019\/03\/05\/des-rues-aux-noms-de-pionnieres-tunisiennes-a-lariana\/\"},\"wordCount\":222,\"commentCount\":1,\"publisher\":{\"@id\":\"https:\/\/kapitalis.com\/tunisie\/#organization\"},\"image\":{\"@id\":\"https:\/\/kapitalis.com\/tunisie\/2019\/03\/05\/des-rues-aux-noms-de-pionnieres-tunisiennes-a-lariana\/#primaryimage\"},\"thumbnailUrl\":\"\",\"keywords\":[\"Ariana\",\"f\u00eate de la femme\",\"Maya Jeribi\"],\"articleSection\":[\"SOCIETE\",\"Tunisie\"],\"inLanguage\":\"fr-FR\",\"potentialAction\":[{\"@type\":\"CommentAction\",\"name\":\"Comment\",\"target\":[\"https:\/\/kapitalis.com\/tunisie\/2019\/03\/05\/des-rues-aux-noms-de-pionnieres-tunisiennes-a-lariana\/#respond\"]}]},{\"@type\":\"WebPage\",\"@id\":\"https:\/\/kapitalis.com\/tunisie\/2019\/03\/05\/des-rues-aux-noms-de-pionnieres-tunisiennes-a-lariana\/\",\"url\":\"https:\/\/kapitalis.com\/tunisie\/2019\/03\/05\/des-rues-aux-noms-de-pionnieres-tunisiennes-a-lariana\/\",\"name\":\"Des rues aux noms de pionni\u00e8res tunisiennes \u00e0 l'Ariana - Kapitalis\",\"isPartOf\":{\"@id\":\"https:\/\/kapitalis.com\/tunisie\/#website\"},\"primaryImageOfPage\":{\"@id\":\"https:\/\/kapitalis.com\/tunisie\/2019\/03\/05\/des-rues-aux-noms-de-pionnieres-tunisiennes-a-lariana\/#primaryimage\"},\"image\":{\"@id\":\"https:\/\/kapitalis.com\/tunisie\/2019\/03\/05\/des-rues-aux-noms-de-pionnieres-tunisiennes-a-lariana\/#primaryimage\"},\"thumbnailUrl\":\"\",\"datePublished\":\"2019-03-05T12:28:55+00:00\",\"breadcrumb\":{\"@id\":\"https:\/\/kapitalis.com\/tunisie\/2019\/03\/05\/des-rues-aux-noms-de-pionnieres-tunisiennes-a-lariana\/#breadcrumb\"},\"inLanguage\":\"fr-FR\",\"potentialAction\":[{\"@type\":\"ReadAction\",\"target\":[\"https:\/\/kapitalis.com\/tunisie\/2019\/03\/05\/des-rues-aux-noms-de-pionnieres-tunisiennes-a-lariana\/\"]}]},{\"@type\":\"ImageObject\",\"inLanguage\":\"fr-FR\",\"@id\":\"https:\/\/kapitalis.com\/tunisie\/2019\/03\/05\/des-rues-aux-noms-de-pionnieres-tunisiennes-a-lariana\/#primaryimage\",\"url\":\"\",\"contentUrl\":\"\"},{\"@type\":\"BreadcrumbList\",\"@id\":\"https:\/\/kapitalis.com\/tunisie\/2019\/03\/05\/des-rues-aux-noms-de-pionnieres-tunisiennes-a-lariana\/#breadcrumb\",\"itemListElement\":[{\"@type\":\"ListItem\",\"position\":1,\"name\":\"Accueil\",\"item\":\"https:\/\/kapitalis.com\/tunisie\/\"},{\"@type\":\"ListItem\",\"position\":2,\"name\":\"Des rues aux noms de pionni\u00e8res tunisiennes \u00e0 l&rsquo;Ariana\"}]},{\"@type\":\"WebSite\",\"@id\":\"https:\/\/kapitalis.com\/tunisie\/#website\",\"url\":\"https:\/\/kapitalis.com\/tunisie\/\",\"name\":\"Kapitalis\",\"description\":\"L&#039;actualit\u00e9 en Tunisie et dans le monde\",\"publisher\":{\"@id\":\"https:\/\/kapitalis.com\/tunisie\/#organization\"},\"potentialAction\":[{\"@type\":\"SearchAction\",\"target\":{\"@type\":\"EntryPoint\",\"urlTemplate\":\"https:\/\/kapitalis.com\/tunisie\/?s={search_term_string}\"},\"query-input\":{\"@type\":\"PropertyValueSpecification\",\"valueRequired\":true,\"valueName\":\"search_term_string\"}}],\"inLanguage\":\"fr-FR\"},{\"@type\":\"Organization\",\"@id\":\"https:\/\/kapitalis.com\/tunisie\/#organization\",\"name\":\"Kapitalis\",\"url\":\"https:\/\/kapitalis.com\/tunisie\/\",\"logo\":{\"@type\":\"ImageObject\",\"inLanguage\":\"fr-FR\",\"@id\":\"https:\/\/kapitalis.com\/tunisie\/#\/schema\/logo\/image\/\",\"url\":\"https:\/\/kapitalis.com\/tunisie\/wp-content\/uploads\/2022\/05\/Kapitalis-big-size.png\",\"contentUrl\":\"https:\/\/kapitalis.com\/tunisie\/wp-content\/uploads\/2022\/05\/Kapitalis-big-size.png\",\"width\":5000,\"height\":1500,\"caption\":\"Kapitalis\"},\"image\":{\"@id\":\"https:\/\/kapitalis.com\/tunisie\/#\/schema\/logo\/image\/\"},\"sameAs\":[\"https:\/\/www.facebook.com\/KapitalisInfo\/\",\"https:\/\/x.com\/KapitalisInfo\",\"https:\/\/www.youtube.com\/channel\/UC-yDYrHyfFBWWZaOw3FPg9Q\"]},{\"@type\":\"Person\",\"@id\":\"https:\/\/kapitalis.com\/tunisie\/#\/schema\/person\/74bbde0154d49d790a92aaeac5bc01d5\",\"name\":\"Yusra NY\",\"url\":\"https:\/\/kapitalis.com\/tunisie\/author\/yuza_adam\/\"}]}<\/script>\n<!-- \/ Yoast SEO plugin. -->","yoast_head_json":{"title":"Des rues aux noms de pionni\u00e8res tunisiennes \u00e0 l'Ariana - Kapitalis","robots":{"index":"index","follow":"follow","max-snippet":"max-snippet:-1","max-image-preview":"max-image-preview:large","max-video-preview":"max-video-preview:-1"},"canonical":"https:\/\/kapitalis.com\/tunisie\/2019\/03\/05\/des-rues-aux-noms-de-pionnieres-tunisiennes-a-lariana\/","og_locale":"fr_FR","og_type":"article","og_title":"Des rues aux noms de pionni\u00e8res tunisiennes \u00e0 l'Ariana - Kapitalis","og_description":"Plusieurs rues de l\u2019Ariana porteront bient\u00f4t les noms de pionni\u00e8res tunisiennes. C\u2019est ainsi que la commune de de la ville des roses a choisi de c\u00e9l\u00e9brer la Journ\u00e9e internationale de la femme, le 8 mars 2019.","og_url":"https:\/\/kapitalis.com\/tunisie\/2019\/03\/05\/des-rues-aux-noms-de-pionnieres-tunisiennes-a-lariana\/","og_site_name":"Kapitalis","article_publisher":"https:\/\/www.facebook.com\/KapitalisInfo\/","article_published_time":"2019-03-05T12:28:55+00:00","og_image":[{"width":1200,"height":630,"url":"https:\/\/kapitalis.com\/tunisie\/wp-content\/uploads\/2022\/05\/kapitalis-logo-fb.png","type":"image\/png"}],"author":"Yusra NY","twitter_card":"summary_large_image","twitter_creator":"@KapitalisInfo","twitter_site":"@KapitalisInfo","twitter_misc":{"\u00c9crit par":"Yusra NY","Dur\u00e9e de lecture estim\u00e9e":"1 minute"},"schema":{"@context":"https:\/\/schema.org","@graph":[{"@type":"Article","@id":"https:\/\/kapitalis.com\/tunisie\/2019\/03\/05\/des-rues-aux-noms-de-pionnieres-tunisiennes-a-lariana\/#article","isPartOf":{"@id":"https:\/\/kapitalis.com\/tunisie\/2019\/03\/05\/des-rues-aux-noms-de-pionnieres-tunisiennes-a-lariana\/"},"author":{"name":"Yusra NY","@id":"https:\/\/kapitalis.com\/tunisie\/#\/schema\/person\/74bbde0154d49d790a92aaeac5bc01d5"},"headline":"Des rues aux noms de pionni\u00e8res tunisiennes \u00e0 l&rsquo;Ariana","datePublished":"2019-03-05T12:28:55+00:00","mainEntityOfPage":{"@id":"https:\/\/kapitalis.com\/tunisie\/2019\/03\/05\/des-rues-aux-noms-de-pionnieres-tunisiennes-a-lariana\/"},"wordCount":222,"commentCount":1,"publisher":{"@id":"https:\/\/kapitalis.com\/tunisie\/#organization"},"image":{"@id":"https:\/\/kapitalis.com\/tunisie\/2019\/03\/05\/des-rues-aux-noms-de-pionnieres-tunisiennes-a-lariana\/#primaryimage"},"thumbnailUrl":"","keywords":["Ariana","f\u00eate de la femme","Maya Jeribi"],"articleSection":["SOCIETE","Tunisie"],"inLanguage":"fr-FR","potentialAction":[{"@type":"CommentAction","name":"Comment","target":["https:\/\/kapitalis.com\/tunisie\/2019\/03\/05\/des-rues-aux-noms-de-pionnieres-tunisiennes-a-lariana\/#respond"]}]},{"@type":"WebPage","@id":"https:\/\/kapitalis.com\/tunisie\/2019\/03\/05\/des-rues-aux-noms-de-pionnieres-tunisiennes-a-lariana\/","url":"https:\/\/kapitalis.com\/tunisie\/2019\/03\/05\/des-rues-aux-noms-de-pionnieres-tunisiennes-a-lariana\/","name":"Des rues aux noms de pionni\u00e8res tunisiennes \u00e0 l'Ariana - Kapitalis","isPartOf":{"@id":"https:\/\/kapitalis.com\/tunisie\/#website"},"primaryImageOfPage":{"@id":"https:\/\/kapitalis.com\/tunisie\/2019\/03\/05\/des-rues-aux-noms-de-pionnieres-tunisiennes-a-lariana\/#primaryimage"},"image":{"@id":"https:\/\/kapitalis.com\/tunisie\/2019\/03\/05\/des-rues-aux-noms-de-pionnieres-tunisiennes-a-lariana\/#primaryimage"},"thumbnailUrl":"","datePublished":"2019-03-05T12:28:55+00:00","breadcrumb":{"@id":"https:\/\/kapitalis.com\/tunisie\/2019\/03\/05\/des-rues-aux-noms-de-pionnieres-tunisiennes-a-lariana\/#breadcrumb"},"inLanguage":"fr-FR","potentialAction":[{"@type":"ReadAction","target":["https:\/\/kapitalis.com\/tunisie\/2019\/03\/05\/des-rues-aux-noms-de-pionnieres-tunisiennes-a-lariana\/"]}]},{"@type":"ImageObject","inLanguage":"fr-FR","@id":"https:\/\/kapitalis.com\/tunisie\/2019\/03\/05\/des-rues-aux-noms-de-pionnieres-tunisiennes-a-lariana\/#primaryimage","url":"","contentUrl":""},{"@type":"BreadcrumbList","@id":"https:\/\/kapitalis.com\/tunisie\/2019\/03\/05\/des-rues-aux-noms-de-pionnieres-tunisiennes-a-lariana\/#breadcrumb","itemListElement":[{"@type":"ListItem","position":1,"name":"Accueil","item":"https:\/\/kapitalis.com\/tunisie\/"},{"@type":"ListItem","position":2,"name":"Des rues aux noms de pionni\u00e8res tunisiennes \u00e0 l&rsquo;Ariana"}]},{"@type":"WebSite","@id":"https:\/\/kapitalis.com\/tunisie\/#website","url":"https:\/\/kapitalis.com\/tunisie\/","name":"Kapitalis","description":"L&#039;actualit\u00e9 en Tunisie et dans le monde","publisher":{"@id":"https:\/\/kapitalis.com\/tunisie\/#organization"},"potentialAction":[{"@type":"SearchAction","target":{"@type":"EntryPoint","urlTemplate":"https:\/\/kapitalis.com\/tunisie\/?s={search_term_string}"},"query-input":{"@type":"PropertyValueSpecification","valueRequired":true,"valueName":"search_term_string"}}],"inLanguage":"fr-FR"},{"@type":"Organization","@id":"https:\/\/kapitalis.com\/tunisie\/#organization","name":"Kapitalis","url":"https:\/\/kapitalis.com\/tunisie\/","logo":{"@type":"ImageObject","inLanguage":"fr-FR","@id":"https:\/\/kapitalis.com\/tunisie\/#\/schema\/logo\/image\/","url":"https:\/\/kapitalis.com\/tunisie\/wp-content\/uploads\/2022\/05\/Kapitalis-big-size.png","contentUrl":"https:\/\/kapitalis.com\/tunisie\/wp-content\/uploads\/2022\/05\/Kapitalis-big-size.png","width":5000,"height":1500,"caption":"Kapitalis"},"image":{"@id":"https:\/\/kapitalis.com\/tunisie\/#\/schema\/logo\/image\/"},"sameAs":["https:\/\/www.facebook.com\/KapitalisInfo\/","https:\/\/x.com\/KapitalisInfo","https:\/\/www.youtube.com\/channel\/UC-yDYrHyfFBWWZaOw3FPg9Q"]},{"@type":"Person","@id":"https:\/\/kapitalis.com\/tunisie\/#\/schema\/person\/74bbde0154d49d790a92aaeac5bc01d5","name":"Yusra NY","url":"https:\/\/kapitalis.com\/tunisie\/author\/yuza_adam\/"}]}},"_links":{"self":[{"href":"https:\/\/kapitalis.com\/tunisie\/wp-json\/wp\/v2\/posts\/200990","targetHints":{"allow":["GET"]}}],"collection":[{"href":"https:\/\/kapitalis.com\/tunisie\/wp-json\/wp\/v2\/posts"}],"about":[{"href":"https:\/\/kapitalis.com\/tunisie\/wp-json\/wp\/v2\/types\/post"}],"author":[{"embeddable":true,"href":"https:\/\/kapitalis.com\/tunisie\/wp-json\/wp\/v2\/users\/6"}],"replies":[{"embeddable":true,"href":"https:\/\/kapitalis.com\/tunisie\/wp-json\/wp\/v2\/comments?post=200990"}],"version-history":[{"count":0,"href":"https:\/\/kapitalis.com\/tunisie\/wp-json\/wp\/v2\/posts\/200990\/revisions"}],"wp:featuredmedia":[{"embeddable":true,"href":"https:\/\/kapitalis.com\/tunisie\/wp-json\/wp\/v2\/media\/200997"}],"wp:attachment":[{"href":"https:\/\/kapitalis.com\/tunisie\/wp-json\/wp\/v2\/media?parent=200990"}],"wp:term":[{"taxonomy":"category","embeddable":true,"href":"https:\/\/kapitalis.com\/tunisie\/wp-json\/wp\/v2\/categories?post=200990"},{"taxonomy":"post_tag","embeddable":true,"href":"https:\/\/kapitalis.com\/tunisie\/wp-json\/wp\/v2\/tags?post=200990"}],"curies":[{"name":"wp","href":"https:\/\/api.w.org\/{rel}","templated":true}]}}