{"id":201251,"date":"2019-03-06T17:19:42","date_gmt":"2019-03-06T16:19:42","guid":{"rendered":"http:\/\/kapitalis.com\/tunisie\/?p=201251"},"modified":"2019-03-06T17:19:42","modified_gmt":"2019-03-06T16:19:42","slug":"nabil-baffoun-devoile-les-dates-des-elections-legislatives-et-presidentielles","status":"publish","type":"post","link":"https:\/\/kapitalis.com\/tunisie\/2019\/03\/06\/nabil-baffoun-devoile-les-dates-des-elections-legislatives-et-presidentielles\/","title":{"rendered":"Nabil Baffoun d\u00e9voile les dates des \u00e9lections l\u00e9gislatives et pr\u00e9sidentielles"},"content":{"rendered":"<p style=\"text-align: center;\"><img loading=\"lazy\" decoding=\"async\" class=\"alignnone size-full wp-image-201252\" src=\"http:\/\/kapitalis.com\/tunisie\/wp-content\/uploads\/2019\/03\/Nabil-Baffoun.jpg\" alt=\"\" width=\"626\" height=\"380\" \/><\/p>\n<p><em><strong>Nabil Baffoun, pr\u00e9sident de l&rsquo;Instance sup\u00e9rieure ind\u00e9pendante des \u00e9lections (Isie), a officiellement annonc\u00e9 les dates des \u00e9lections l\u00e9gislatives et pr\u00e9sidentielles pr\u00e9vues dans les prochains mois.<\/strong><\/em><!--more--><\/p>\n<p>Lors d&rsquo;une conf\u00e9rence de presse tenue aujourd&rsquo;hui, mercredi 6 mars 2019, \u00e0 Tunis, M. Baffoun a indiqu\u00e9 que les l\u00e9gislatives se tiendront le dimanche 6 octobre prochain dans toute la Tunisie. Les Tunisiens vivant \u00e0 l&rsquo;\u00e9tranger auront trois jours pour voter, \u00e0 savoir le vendredi, le samedi et le dimanche, 4, 5 et 6 octobre.<\/p>\n<p>En ce qui concerne des \u00e9lections pr\u00e9sidentielles, le premier tour aura lieu le 10 novembre en Tunisie et le vendredi, samedi et dimanche, 8, 9 et 10 du m\u00eame mois \u00e0 l&rsquo;\u00e9tranger. Le deuxi\u00e8me tour, quant \u00e0 lui, se d\u00e9roulera le 29 d\u00e9cembre, en m\u00eame temps, en Tunisie et \u00e0 l&rsquo;\u00e9tranger.<\/p>\n<p style=\"text-align: right;\"><strong>E. B. A.<\/strong><\/p>\n","protected":false},"excerpt":{"rendered":"<p>Nabil Baffoun, pr\u00e9sident de l&rsquo;Instance sup\u00e9rieure ind\u00e9pendante des \u00e9lections (Isie), a officiellement annonc\u00e9 les dates des \u00e9lections l\u00e9gislatives et pr\u00e9sidentielles pr\u00e9vues dans les prochains mois.<\/p>\n","protected":false},"author":16,"featured_media":201252,"comment_status":"open","ping_status":"open","sticky":false,"template":"","format":"standard","meta":{"footnotes":""},"categories":[997,2433],"tags":[313,499,9031,19465,4375,1117],"class_list":["post-201251","post","type-post","status-publish","format-standard","has-post-thumbnail","hentry","category-politique","category-tunisie","tag-elections","tag-isie","tag-legislatives","tag-nabil-baffoun","tag-presidentielles","tag-tunisiens"],"yoast_head":"<!-- This site is optimized with the Yoast SEO plugin v26.6 - https:\/\/yoast.com\/wordpress\/plugins\/seo\/ -->\n<title>Nabil Baffoun d\u00e9voile les dates des \u00e9lections l\u00e9gislatives et pr\u00e9sidentielles - Kapitalis<\/title>\n<meta name=\"robots\" content=\"index, follow, max-snippet:-1, max-image-preview:large, max-video-preview:-1\" \/>\n<link rel=\"canonical\" href=\"https:\/\/kapitalis.com\/tunisie\/2019\/03\/06\/nabil-baffoun-devoile-les-dates-des-elections-legislatives-et-presidentielles\/\" \/>\n<meta property=\"og:locale\" content=\"fr_FR\" \/>\n<meta property=\"og:type\" content=\"article\" \/>\n<meta property=\"og:title\" content=\"Nabil Baffoun d\u00e9voile les dates des \u00e9lections l\u00e9gislatives et pr\u00e9sidentielles - Kapitalis\" \/>\n<meta property=\"og:description\" content=\"Nabil Baffoun, pr\u00e9sident de l&rsquo;Instance sup\u00e9rieure ind\u00e9pendante des \u00e9lections (Isie), a officiellement annonc\u00e9 les dates des \u00e9lections l\u00e9gislatives et pr\u00e9sidentielles pr\u00e9vues dans les prochains mois.\" \/>\n<meta property=\"og:url\" content=\"https:\/\/kapitalis.com\/tunisie\/2019\/03\/06\/nabil-baffoun-devoile-les-dates-des-elections-legislatives-et-presidentielles\/\" \/>\n<meta property=\"og:site_name\" content=\"Kapitalis\" \/>\n<meta property=\"article:publisher\" content=\"https:\/\/www.facebook.com\/KapitalisInfo\/\" \/>\n<meta property=\"article:published_time\" content=\"2019-03-06T16:19:42+00:00\" \/>\n<meta property=\"og:image\" content=\"https:\/\/kapitalis.com\/tunisie\/wp-content\/uploads\/2022\/05\/kapitalis-logo-fb.png\" \/>\n\t<meta property=\"og:image:width\" content=\"1200\" \/>\n\t<meta property=\"og:image:height\" content=\"630\" \/>\n\t<meta property=\"og:image:type\" content=\"image\/png\" \/>\n<meta name=\"author\" content=\"emna benabdallah\" \/>\n<meta name=\"twitter:card\" content=\"summary_large_image\" \/>\n<meta name=\"twitter:creator\" content=\"@KapitalisInfo\" \/>\n<meta name=\"twitter:site\" content=\"@KapitalisInfo\" \/>\n<meta name=\"twitter:label1\" content=\"\u00c9crit par\" \/>\n\t<meta name=\"twitter:data1\" content=\"emna benabdallah\" \/>\n\t<meta name=\"twitter:label2\" content=\"Dur\u00e9e de lecture estim\u00e9e\" \/>\n\t<meta name=\"twitter:data2\" content=\"1 minute\" \/>\n<script type=\"application\/ld+json\" class=\"yoast-schema-graph\">{\"@context\":\"https:\/\/schema.org\",\"@graph\":[{\"@type\":\"Article\",\"@id\":\"https:\/\/kapitalis.com\/tunisie\/2019\/03\/06\/nabil-baffoun-devoile-les-dates-des-elections-legislatives-et-presidentielles\/#article\",\"isPartOf\":{\"@id\":\"https:\/\/kapitalis.com\/tunisie\/2019\/03\/06\/nabil-baffoun-devoile-les-dates-des-elections-legislatives-et-presidentielles\/\"},\"author\":{\"name\":\"emna benabdallah\",\"@id\":\"https:\/\/kapitalis.com\/tunisie\/#\/schema\/person\/2c6e134b2f3369dffcd1daf5f087d28b\"},\"headline\":\"Nabil Baffoun d\u00e9voile les dates des \u00e9lections l\u00e9gislatives et pr\u00e9sidentielles\",\"datePublished\":\"2019-03-06T16:19:42+00:00\",\"mainEntityOfPage\":{\"@id\":\"https:\/\/kapitalis.com\/tunisie\/2019\/03\/06\/nabil-baffoun-devoile-les-dates-des-elections-legislatives-et-presidentielles\/\"},\"wordCount\":147,\"commentCount\":0,\"publisher\":{\"@id\":\"https:\/\/kapitalis.com\/tunisie\/#organization\"},\"image\":{\"@id\":\"https:\/\/kapitalis.com\/tunisie\/2019\/03\/06\/nabil-baffoun-devoile-les-dates-des-elections-legislatives-et-presidentielles\/#primaryimage\"},\"thumbnailUrl\":\"\",\"keywords\":[\"\u00e9lections\",\"Isie\",\"l\u00e9gislatives\",\"Nabil Baffoun\",\"pr\u00e9sidentielles\",\"tunisiens\"],\"articleSection\":[\"POLITIQUE\",\"Tunisie\"],\"inLanguage\":\"fr-FR\",\"potentialAction\":[{\"@type\":\"CommentAction\",\"name\":\"Comment\",\"target\":[\"https:\/\/kapitalis.com\/tunisie\/2019\/03\/06\/nabil-baffoun-devoile-les-dates-des-elections-legislatives-et-presidentielles\/#respond\"]}]},{\"@type\":\"WebPage\",\"@id\":\"https:\/\/kapitalis.com\/tunisie\/2019\/03\/06\/nabil-baffoun-devoile-les-dates-des-elections-legislatives-et-presidentielles\/\",\"url\":\"https:\/\/kapitalis.com\/tunisie\/2019\/03\/06\/nabil-baffoun-devoile-les-dates-des-elections-legislatives-et-presidentielles\/\",\"name\":\"Nabil Baffoun d\u00e9voile les dates des \u00e9lections l\u00e9gislatives et pr\u00e9sidentielles - Kapitalis\",\"isPartOf\":{\"@id\":\"https:\/\/kapitalis.com\/tunisie\/#website\"},\"primaryImageOfPage\":{\"@id\":\"https:\/\/kapitalis.com\/tunisie\/2019\/03\/06\/nabil-baffoun-devoile-les-dates-des-elections-legislatives-et-presidentielles\/#primaryimage\"},\"image\":{\"@id\":\"https:\/\/kapitalis.com\/tunisie\/2019\/03\/06\/nabil-baffoun-devoile-les-dates-des-elections-legislatives-et-presidentielles\/#primaryimage\"},\"thumbnailUrl\":\"\",\"datePublished\":\"2019-03-06T16:19:42+00:00\",\"breadcrumb\":{\"@id\":\"https:\/\/kapitalis.com\/tunisie\/2019\/03\/06\/nabil-baffoun-devoile-les-dates-des-elections-legislatives-et-presidentielles\/#breadcrumb\"},\"inLanguage\":\"fr-FR\",\"potentialAction\":[{\"@type\":\"ReadAction\",\"target\":[\"https:\/\/kapitalis.com\/tunisie\/2019\/03\/06\/nabil-baffoun-devoile-les-dates-des-elections-legislatives-et-presidentielles\/\"]}]},{\"@type\":\"ImageObject\",\"inLanguage\":\"fr-FR\",\"@id\":\"https:\/\/kapitalis.com\/tunisie\/2019\/03\/06\/nabil-baffoun-devoile-les-dates-des-elections-legislatives-et-presidentielles\/#primaryimage\",\"url\":\"\",\"contentUrl\":\"\"},{\"@type\":\"BreadcrumbList\",\"@id\":\"https:\/\/kapitalis.com\/tunisie\/2019\/03\/06\/nabil-baffoun-devoile-les-dates-des-elections-legislatives-et-presidentielles\/#breadcrumb\",\"itemListElement\":[{\"@type\":\"ListItem\",\"position\":1,\"name\":\"Accueil\",\"item\":\"https:\/\/kapitalis.com\/tunisie\/\"},{\"@type\":\"ListItem\",\"position\":2,\"name\":\"Nabil Baffoun d\u00e9voile les dates des \u00e9lections l\u00e9gislatives et pr\u00e9sidentielles\"}]},{\"@type\":\"WebSite\",\"@id\":\"https:\/\/kapitalis.com\/tunisie\/#website\",\"url\":\"https:\/\/kapitalis.com\/tunisie\/\",\"name\":\"Kapitalis\",\"description\":\"L&#039;actualit\u00e9 en Tunisie et dans le monde\",\"publisher\":{\"@id\":\"https:\/\/kapitalis.com\/tunisie\/#organization\"},\"potentialAction\":[{\"@type\":\"SearchAction\",\"target\":{\"@type\":\"EntryPoint\",\"urlTemplate\":\"https:\/\/kapitalis.com\/tunisie\/?s={search_term_string}\"},\"query-input\":{\"@type\":\"PropertyValueSpecification\",\"valueRequired\":true,\"valueName\":\"search_term_string\"}}],\"inLanguage\":\"fr-FR\"},{\"@type\":\"Organization\",\"@id\":\"https:\/\/kapitalis.com\/tunisie\/#organization\",\"name\":\"Kapitalis\",\"url\":\"https:\/\/kapitalis.com\/tunisie\/\",\"logo\":{\"@type\":\"ImageObject\",\"inLanguage\":\"fr-FR\",\"@id\":\"https:\/\/kapitalis.com\/tunisie\/#\/schema\/logo\/image\/\",\"url\":\"https:\/\/kapitalis.com\/tunisie\/wp-content\/uploads\/2022\/05\/Kapitalis-big-size.png\",\"contentUrl\":\"https:\/\/kapitalis.com\/tunisie\/wp-content\/uploads\/2022\/05\/Kapitalis-big-size.png\",\"width\":5000,\"height\":1500,\"caption\":\"Kapitalis\"},\"image\":{\"@id\":\"https:\/\/kapitalis.com\/tunisie\/#\/schema\/logo\/image\/\"},\"sameAs\":[\"https:\/\/www.facebook.com\/KapitalisInfo\/\",\"https:\/\/x.com\/KapitalisInfo\",\"https:\/\/www.youtube.com\/channel\/UC-yDYrHyfFBWWZaOw3FPg9Q\"]},{\"@type\":\"Person\",\"@id\":\"https:\/\/kapitalis.com\/tunisie\/#\/schema\/person\/2c6e134b2f3369dffcd1daf5f087d28b\",\"name\":\"emna benabdallah\",\"url\":\"https:\/\/kapitalis.com\/tunisie\/author\/emna\/\"}]}<\/script>\n<!-- \/ Yoast SEO plugin. -->","yoast_head_json":{"title":"Nabil Baffoun d\u00e9voile les dates des \u00e9lections l\u00e9gislatives et pr\u00e9sidentielles - Kapitalis","robots":{"index":"index","follow":"follow","max-snippet":"max-snippet:-1","max-image-preview":"max-image-preview:large","max-video-preview":"max-video-preview:-1"},"canonical":"https:\/\/kapitalis.com\/tunisie\/2019\/03\/06\/nabil-baffoun-devoile-les-dates-des-elections-legislatives-et-presidentielles\/","og_locale":"fr_FR","og_type":"article","og_title":"Nabil Baffoun d\u00e9voile les dates des \u00e9lections l\u00e9gislatives et pr\u00e9sidentielles - Kapitalis","og_description":"Nabil Baffoun, pr\u00e9sident de l&rsquo;Instance sup\u00e9rieure ind\u00e9pendante des \u00e9lections (Isie), a officiellement annonc\u00e9 les dates des \u00e9lections l\u00e9gislatives et pr\u00e9sidentielles pr\u00e9vues dans les prochains mois.","og_url":"https:\/\/kapitalis.com\/tunisie\/2019\/03\/06\/nabil-baffoun-devoile-les-dates-des-elections-legislatives-et-presidentielles\/","og_site_name":"Kapitalis","article_publisher":"https:\/\/www.facebook.com\/KapitalisInfo\/","article_published_time":"2019-03-06T16:19:42+00:00","og_image":[{"width":1200,"height":630,"url":"https:\/\/kapitalis.com\/tunisie\/wp-content\/uploads\/2022\/05\/kapitalis-logo-fb.png","type":"image\/png"}],"author":"emna benabdallah","twitter_card":"summary_large_image","twitter_creator":"@KapitalisInfo","twitter_site":"@KapitalisInfo","twitter_misc":{"\u00c9crit par":"emna benabdallah","Dur\u00e9e de lecture estim\u00e9e":"1 minute"},"schema":{"@context":"https:\/\/schema.org","@graph":[{"@type":"Article","@id":"https:\/\/kapitalis.com\/tunisie\/2019\/03\/06\/nabil-baffoun-devoile-les-dates-des-elections-legislatives-et-presidentielles\/#article","isPartOf":{"@id":"https:\/\/kapitalis.com\/tunisie\/2019\/03\/06\/nabil-baffoun-devoile-les-dates-des-elections-legislatives-et-presidentielles\/"},"author":{"name":"emna benabdallah","@id":"https:\/\/kapitalis.com\/tunisie\/#\/schema\/person\/2c6e134b2f3369dffcd1daf5f087d28b"},"headline":"Nabil Baffoun d\u00e9voile les dates des \u00e9lections l\u00e9gislatives et pr\u00e9sidentielles","datePublished":"2019-03-06T16:19:42+00:00","mainEntityOfPage":{"@id":"https:\/\/kapitalis.com\/tunisie\/2019\/03\/06\/nabil-baffoun-devoile-les-dates-des-elections-legislatives-et-presidentielles\/"},"wordCount":147,"commentCount":0,"publisher":{"@id":"https:\/\/kapitalis.com\/tunisie\/#organization"},"image":{"@id":"https:\/\/kapitalis.com\/tunisie\/2019\/03\/06\/nabil-baffoun-devoile-les-dates-des-elections-legislatives-et-presidentielles\/#primaryimage"},"thumbnailUrl":"","keywords":["\u00e9lections","Isie","l\u00e9gislatives","Nabil Baffoun","pr\u00e9sidentielles","tunisiens"],"articleSection":["POLITIQUE","Tunisie"],"inLanguage":"fr-FR","potentialAction":[{"@type":"CommentAction","name":"Comment","target":["https:\/\/kapitalis.com\/tunisie\/2019\/03\/06\/nabil-baffoun-devoile-les-dates-des-elections-legislatives-et-presidentielles\/#respond"]}]},{"@type":"WebPage","@id":"https:\/\/kapitalis.com\/tunisie\/2019\/03\/06\/nabil-baffoun-devoile-les-dates-des-elections-legislatives-et-presidentielles\/","url":"https:\/\/kapitalis.com\/tunisie\/2019\/03\/06\/nabil-baffoun-devoile-les-dates-des-elections-legislatives-et-presidentielles\/","name":"Nabil Baffoun d\u00e9voile les dates des \u00e9lections l\u00e9gislatives et pr\u00e9sidentielles - Kapitalis","isPartOf":{"@id":"https:\/\/kapitalis.com\/tunisie\/#website"},"primaryImageOfPage":{"@id":"https:\/\/kapitalis.com\/tunisie\/2019\/03\/06\/nabil-baffoun-devoile-les-dates-des-elections-legislatives-et-presidentielles\/#primaryimage"},"image":{"@id":"https:\/\/kapitalis.com\/tunisie\/2019\/03\/06\/nabil-baffoun-devoile-les-dates-des-elections-legislatives-et-presidentielles\/#primaryimage"},"thumbnailUrl":"","datePublished":"2019-03-06T16:19:42+00:00","breadcrumb":{"@id":"https:\/\/kapitalis.com\/tunisie\/2019\/03\/06\/nabil-baffoun-devoile-les-dates-des-elections-legislatives-et-presidentielles\/#breadcrumb"},"inLanguage":"fr-FR","potentialAction":[{"@type":"ReadAction","target":["https:\/\/kapitalis.com\/tunisie\/2019\/03\/06\/nabil-baffoun-devoile-les-dates-des-elections-legislatives-et-presidentielles\/"]}]},{"@type":"ImageObject","inLanguage":"fr-FR","@id":"https:\/\/kapitalis.com\/tunisie\/2019\/03\/06\/nabil-baffoun-devoile-les-dates-des-elections-legislatives-et-presidentielles\/#primaryimage","url":"","contentUrl":""},{"@type":"BreadcrumbList","@id":"https:\/\/kapitalis.com\/tunisie\/2019\/03\/06\/nabil-baffoun-devoile-les-dates-des-elections-legislatives-et-presidentielles\/#breadcrumb","itemListElement":[{"@type":"ListItem","position":1,"name":"Accueil","item":"https:\/\/kapitalis.com\/tunisie\/"},{"@type":"ListItem","position":2,"name":"Nabil Baffoun d\u00e9voile les dates des \u00e9lections l\u00e9gislatives et pr\u00e9sidentielles"}]},{"@type":"WebSite","@id":"https:\/\/kapitalis.com\/tunisie\/#website","url":"https:\/\/kapitalis.com\/tunisie\/","name":"Kapitalis","description":"L&#039;actualit\u00e9 en Tunisie et dans le monde","publisher":{"@id":"https:\/\/kapitalis.com\/tunisie\/#organization"},"potentialAction":[{"@type":"SearchAction","target":{"@type":"EntryPoint","urlTemplate":"https:\/\/kapitalis.com\/tunisie\/?s={search_term_string}"},"query-input":{"@type":"PropertyValueSpecification","valueRequired":true,"valueName":"search_term_string"}}],"inLanguage":"fr-FR"},{"@type":"Organization","@id":"https:\/\/kapitalis.com\/tunisie\/#organization","name":"Kapitalis","url":"https:\/\/kapitalis.com\/tunisie\/","logo":{"@type":"ImageObject","inLanguage":"fr-FR","@id":"https:\/\/kapitalis.com\/tunisie\/#\/schema\/logo\/image\/","url":"https:\/\/kapitalis.com\/tunisie\/wp-content\/uploads\/2022\/05\/Kapitalis-big-size.png","contentUrl":"https:\/\/kapitalis.com\/tunisie\/wp-content\/uploads\/2022\/05\/Kapitalis-big-size.png","width":5000,"height":1500,"caption":"Kapitalis"},"image":{"@id":"https:\/\/kapitalis.com\/tunisie\/#\/schema\/logo\/image\/"},"sameAs":["https:\/\/www.facebook.com\/KapitalisInfo\/","https:\/\/x.com\/KapitalisInfo","https:\/\/www.youtube.com\/channel\/UC-yDYrHyfFBWWZaOw3FPg9Q"]},{"@type":"Person","@id":"https:\/\/kapitalis.com\/tunisie\/#\/schema\/person\/2c6e134b2f3369dffcd1daf5f087d28b","name":"emna benabdallah","url":"https:\/\/kapitalis.com\/tunisie\/author\/emna\/"}]}},"_links":{"self":[{"href":"https:\/\/kapitalis.com\/tunisie\/wp-json\/wp\/v2\/posts\/201251","targetHints":{"allow":["GET"]}}],"collection":[{"href":"https:\/\/kapitalis.com\/tunisie\/wp-json\/wp\/v2\/posts"}],"about":[{"href":"https:\/\/kapitalis.com\/tunisie\/wp-json\/wp\/v2\/types\/post"}],"author":[{"embeddable":true,"href":"https:\/\/kapitalis.com\/tunisie\/wp-json\/wp\/v2\/users\/16"}],"replies":[{"embeddable":true,"href":"https:\/\/kapitalis.com\/tunisie\/wp-json\/wp\/v2\/comments?post=201251"}],"version-history":[{"count":0,"href":"https:\/\/kapitalis.com\/tunisie\/wp-json\/wp\/v2\/posts\/201251\/revisions"}],"wp:featuredmedia":[{"embeddable":true,"href":"https:\/\/kapitalis.com\/tunisie\/wp-json\/wp\/v2\/media\/201252"}],"wp:attachment":[{"href":"https:\/\/kapitalis.com\/tunisie\/wp-json\/wp\/v2\/media?parent=201251"}],"wp:term":[{"taxonomy":"category","embeddable":true,"href":"https:\/\/kapitalis.com\/tunisie\/wp-json\/wp\/v2\/categories?post=201251"},{"taxonomy":"post_tag","embeddable":true,"href":"https:\/\/kapitalis.com\/tunisie\/wp-json\/wp\/v2\/tags?post=201251"}],"curies":[{"name":"wp","href":"https:\/\/api.w.org\/{rel}","templated":true}]}}