{"id":201472,"date":"2019-03-08T09:52:42","date_gmt":"2019-03-08T08:52:42","guid":{"rendered":"http:\/\/kapitalis.com\/tunisie\/?p=201472"},"modified":"2019-03-08T09:52:42","modified_gmt":"2019-03-08T08:52:42","slug":"rene-trabelsi-nous-sommes-quasiment-sortis-de-la-crise","status":"publish","type":"post","link":"https:\/\/kapitalis.com\/tunisie\/2019\/03\/08\/rene-trabelsi-nous-sommes-quasiment-sortis-de-la-crise\/","title":{"rendered":"Ren\u00e9 Trabelsi: \u00abNous sommes quasiment sortis de la crise\u00bb"},"content":{"rendered":"<p style=\"text-align: center;\"><img loading=\"lazy\" decoding=\"async\" class=\"alignnone size-full wp-image-189234\" src=\"http:\/\/kapitalis.com\/tunisie\/wp-content\/uploads\/2018\/12\/Ren\u00e9-Trabelsi.jpg\" alt=\"\" width=\"626\" height=\"380\" \/><\/p>\n<p><em><strong>L\u2019activit\u00e9 touristique tunisienne est sur la voie de la reprise totale et le nombre de visiteurs \u00e9trangers a presque retrouv\u00e9 son niveau d\u2019avant la crise. C\u2019est ce qu\u2019a affirm\u00e9 hier, jeudi 7 mars 2019, le ministre du Tourisme Ren\u00e9 Trabelsi.<\/strong> <\/em><\/p>\n<p><!--more--><\/p>\n<p>Le tourisme, qui contribue \u00e0 hauteur de pr\u00e8s de 8% du PIB tunisien et emploie 400.000 personnes, a \u00e9t\u00e9 durement secou\u00e9 au lendemain des soul\u00e8vements du Printemps arabe de 2011 et de deux attentats terroristes du Bardo et de Sousse, en 2015.<\/p>\n<p>\u00c0 pr\u00e9sent, la page de cette travers\u00e9e du d\u00e9sert est tourn\u00e9e: en 2018, les revenus g\u00e9n\u00e9r\u00e9s par l\u2019industrie tunisienne du tourisme ont atteint 1,36 milliard de dollars, soit plus de 4,15 milliards de dinars tunisiens (MdDT), et notre pays a attir\u00e9 8,3 millions de visiteurs, d\u2019Alg\u00e9rie, de Russie et d\u2019autres pays europ\u00e9ens.<br \/>\n<em>\u00ab2018 a \u00e9t\u00e9 une bonne ann\u00e9e, a d\u00e9clar\u00e9 Ren\u00e9 Trabelsi \u00e0 l\u2019<a href=\"https:\/\/af.reuters.com\/article\/topNews\/idAFKCN1QO1WF-OZATP\" target=\"_blank\" rel=\"noopener\">agence Reuters<\/a>. \u00c7a y est, nous pouvons dire que la crise est derri\u00e8re nous\u00bb<\/em>, ajoutant que, pour les mois de janvier et f\u00e9vrier de cette ann\u00e9e, les arriv\u00e9es de touristes ont atteint de meilleurs niveaux qu\u2019en 2010, c\u2019est-\u00e0-dire d\u2019avant le Printemps arabe.<\/p>\n<p>En effet, l\u2019ann\u00e9e derni\u00e8re, apr\u00e8s une absence quasi-totale, les plus grands voyagistes europ\u00e9ens ont d\u00e9cid\u00e9 de reprogrammer la destination Tunisie et, en 2018, le nombre de touristes \u00e9trangers a augment\u00e9 d\u2019environ 45% \u2013 avec un retour en force des Allemands de 52%!<\/p>\n<p>Pour Ren\u00e9 Trabelsi, en 2019, la barre des 9 millions de touristes est tout \u00e0 fait atteignable. Il suffira tout simplement de convaincre les derniers h\u00e9sitants. En autres actions, le ministre du Tourisme a d\u00e9clar\u00e9 qu\u2019il tient beaucoup \u00e0 attirer un plus grand nombre de touristes britanniques et qu\u2019\u00e0 cette fin, le mois prochain, une d\u00e9l\u00e9gation de son d\u00e9partement fera un d\u00e9placement \u00e0 Londres, dans le cadre de cette reconqu\u00eate du march\u00e9 britannique.<\/p>\n<p style=\"text-align: right;\"><strong>Marwan Chahla<\/strong><\/p>\n<blockquote class=\"wp-embedded-content\" data-secret=\"1rSnhOl64s\"><p><a href=\"https:\/\/kapitalis.com\/tunisie\/2019\/03\/01\/rene-trabelsi-zaghouan-nouvelle-capitale-du-tourisme-alternatif\/\">Ren\u00e9 Trabelsi veut faire de Zaghouan un centre de tourisme alternatif<\/a><\/p><\/blockquote>\n<p><iframe loading=\"lazy\" class=\"wp-embedded-content\" sandbox=\"allow-scripts\" security=\"restricted\" style=\"position: absolute; clip: rect(1px, 1px, 1px, 1px);\" title=\"\u00ab\u00a0Ren\u00e9 Trabelsi veut faire de Zaghouan un centre de tourisme alternatif\u00a0\u00bb &#8212; Kapitalis\" src=\"https:\/\/kapitalis.com\/tunisie\/2019\/03\/01\/rene-trabelsi-zaghouan-nouvelle-capitale-du-tourisme-alternatif\/embed\/#?secret=7SiICaaOgo#?secret=1rSnhOl64s\" data-secret=\"1rSnhOl64s\" width=\"600\" height=\"338\" frameborder=\"0\" marginwidth=\"0\" marginheight=\"0\" scrolling=\"no\"><\/iframe><\/p>\n<blockquote class=\"wp-embedded-content\" data-secret=\"Hbr0SuVc9E\"><p><a href=\"https:\/\/kapitalis.com\/tunisie\/2019\/01\/25\/madrid-le-roi-despagne-au-stand-tunisien-avec-rene-trabelsi\/\">Madrid : Le roi d&rsquo;Espagne au stand tunisien avec Ren\u00e9 Trabelsi (Photos)<\/a><\/p><\/blockquote>\n<p><iframe loading=\"lazy\" class=\"wp-embedded-content\" sandbox=\"allow-scripts\" security=\"restricted\" style=\"position: absolute; clip: rect(1px, 1px, 1px, 1px);\" title=\"\u00ab\u00a0Madrid : Le roi d&rsquo;Espagne au stand tunisien avec Ren\u00e9 Trabelsi (Photos)\u00a0\u00bb &#8212; Kapitalis\" src=\"https:\/\/kapitalis.com\/tunisie\/2019\/01\/25\/madrid-le-roi-despagne-au-stand-tunisien-avec-rene-trabelsi\/embed\/#?secret=CdTUVclx0j#?secret=Hbr0SuVc9E\" data-secret=\"Hbr0SuVc9E\" width=\"600\" height=\"338\" frameborder=\"0\" marginwidth=\"0\" marginheight=\"0\" scrolling=\"no\"><\/iframe><\/p>\n<blockquote class=\"wp-embedded-content\" data-secret=\"Aa3aNWxn5p\"><p><a href=\"https:\/\/kapitalis.com\/tunisie\/2019\/01\/25\/lemission-de-cyril-hanouna-sur-c8-prochainement-en-direct-de-tunisie\/\">L\u2019\u00e9mission de Cyril Hanouna sur C8 prochainement en direct de Tunisie<\/a><\/p><\/blockquote>\n<p><iframe loading=\"lazy\" class=\"wp-embedded-content\" sandbox=\"allow-scripts\" security=\"restricted\" style=\"position: absolute; clip: rect(1px, 1px, 1px, 1px);\" title=\"\u00ab\u00a0L\u2019\u00e9mission de Cyril Hanouna sur C8 prochainement en direct de Tunisie\u00a0\u00bb &#8212; Kapitalis\" src=\"https:\/\/kapitalis.com\/tunisie\/2019\/01\/25\/lemission-de-cyril-hanouna-sur-c8-prochainement-en-direct-de-tunisie\/embed\/#?secret=OaWBh8YCcA#?secret=Aa3aNWxn5p\" data-secret=\"Aa3aNWxn5p\" width=\"600\" height=\"338\" frameborder=\"0\" marginwidth=\"0\" marginheight=\"0\" scrolling=\"no\"><\/iframe><\/p>\n","protected":false},"excerpt":{"rendered":"<p>L\u2019activit\u00e9 touristique tunisienne est sur la voie de la reprise totale et le nombre de visiteurs \u00e9trangers a presque retrouv\u00e9 son niveau d\u2019avant la crise. C\u2019est ce qu\u2019a affirm\u00e9 hier, jeudi 7 mars 2019, le ministre du Tourisme Ren\u00e9 Trabelsi.<\/p>\n","protected":false},"author":8,"featured_media":0,"comment_status":"open","ping_status":"open","sticky":false,"template":"","format":"standard","meta":{"footnotes":""},"categories":[995,2433],"tags":[7179,4938,908],"class_list":["post-201472","post","type-post","status-publish","format-standard","hentry","category-economie","category-tunisie","tag-destination-tunisie","tag-rene-trabelsi","tag-tourisme"],"yoast_head":"<!-- This site is optimized with the Yoast SEO plugin v26.6 - https:\/\/yoast.com\/wordpress\/plugins\/seo\/ -->\n<title>Ren\u00e9 Trabelsi: \u00abNous sommes quasiment sortis de la crise\u00bb - Kapitalis<\/title>\n<meta name=\"robots\" content=\"index, follow, max-snippet:-1, max-image-preview:large, max-video-preview:-1\" \/>\n<link rel=\"canonical\" href=\"https:\/\/kapitalis.com\/tunisie\/2019\/03\/08\/rene-trabelsi-nous-sommes-quasiment-sortis-de-la-crise\/\" \/>\n<meta property=\"og:locale\" content=\"fr_FR\" \/>\n<meta property=\"og:type\" content=\"article\" \/>\n<meta property=\"og:title\" content=\"Ren\u00e9 Trabelsi: \u00abNous sommes quasiment sortis de la crise\u00bb - Kapitalis\" \/>\n<meta property=\"og:description\" content=\"L\u2019activit\u00e9 touristique tunisienne est sur la voie de la reprise totale et le nombre de visiteurs \u00e9trangers a presque retrouv\u00e9 son niveau d\u2019avant la crise. C\u2019est ce qu\u2019a affirm\u00e9 hier, jeudi 7 mars 2019, le ministre du Tourisme Ren\u00e9 Trabelsi.\" \/>\n<meta property=\"og:url\" content=\"https:\/\/kapitalis.com\/tunisie\/2019\/03\/08\/rene-trabelsi-nous-sommes-quasiment-sortis-de-la-crise\/\" \/>\n<meta property=\"og:site_name\" content=\"Kapitalis\" \/>\n<meta property=\"article:publisher\" content=\"https:\/\/www.facebook.com\/KapitalisInfo\/\" \/>\n<meta property=\"article:published_time\" content=\"2019-03-08T08:52:42+00:00\" \/>\n<meta property=\"og:image\" content=\"https:\/\/kapitalis.com\/tunisie\/wp-content\/uploads\/2022\/05\/kapitalis-logo-fb.png\" \/>\n\t<meta property=\"og:image:width\" content=\"1200\" \/>\n\t<meta property=\"og:image:height\" content=\"630\" \/>\n\t<meta property=\"og:image:type\" content=\"image\/png\" \/>\n<meta name=\"author\" content=\"webmaster kapitalis\" \/>\n<meta name=\"twitter:card\" content=\"summary_large_image\" \/>\n<meta name=\"twitter:creator\" content=\"@KapitalisInfo\" \/>\n<meta name=\"twitter:site\" content=\"@KapitalisInfo\" \/>\n<meta name=\"twitter:label1\" content=\"\u00c9crit par\" \/>\n\t<meta name=\"twitter:data1\" content=\"webmaster kapitalis\" \/>\n\t<meta name=\"twitter:label2\" content=\"Dur\u00e9e de lecture estim\u00e9e\" \/>\n\t<meta name=\"twitter:data2\" content=\"2 minutes\" \/>\n<script type=\"application\/ld+json\" class=\"yoast-schema-graph\">{\"@context\":\"https:\/\/schema.org\",\"@graph\":[{\"@type\":\"Article\",\"@id\":\"https:\/\/kapitalis.com\/tunisie\/2019\/03\/08\/rene-trabelsi-nous-sommes-quasiment-sortis-de-la-crise\/#article\",\"isPartOf\":{\"@id\":\"https:\/\/kapitalis.com\/tunisie\/2019\/03\/08\/rene-trabelsi-nous-sommes-quasiment-sortis-de-la-crise\/\"},\"author\":{\"name\":\"webmaster kapitalis\",\"@id\":\"https:\/\/kapitalis.com\/tunisie\/#\/schema\/person\/d71f33a9ca44f7bad4698210b480c8e9\"},\"headline\":\"Ren\u00e9 Trabelsi: \u00abNous sommes quasiment sortis de la crise\u00bb\",\"datePublished\":\"2019-03-08T08:52:42+00:00\",\"mainEntityOfPage\":{\"@id\":\"https:\/\/kapitalis.com\/tunisie\/2019\/03\/08\/rene-trabelsi-nous-sommes-quasiment-sortis-de-la-crise\/\"},\"wordCount\":349,\"commentCount\":0,\"publisher\":{\"@id\":\"https:\/\/kapitalis.com\/tunisie\/#organization\"},\"keywords\":[\"destination Tunisie\",\"Ren\u00e9 Trabelsi\",\"tourisme\"],\"articleSection\":[\"ECONOMIE\",\"Tunisie\"],\"inLanguage\":\"fr-FR\",\"potentialAction\":[{\"@type\":\"CommentAction\",\"name\":\"Comment\",\"target\":[\"https:\/\/kapitalis.com\/tunisie\/2019\/03\/08\/rene-trabelsi-nous-sommes-quasiment-sortis-de-la-crise\/#respond\"]}]},{\"@type\":\"WebPage\",\"@id\":\"https:\/\/kapitalis.com\/tunisie\/2019\/03\/08\/rene-trabelsi-nous-sommes-quasiment-sortis-de-la-crise\/\",\"url\":\"https:\/\/kapitalis.com\/tunisie\/2019\/03\/08\/rene-trabelsi-nous-sommes-quasiment-sortis-de-la-crise\/\",\"name\":\"Ren\u00e9 Trabelsi: \u00abNous sommes quasiment sortis de la crise\u00bb - Kapitalis\",\"isPartOf\":{\"@id\":\"https:\/\/kapitalis.com\/tunisie\/#website\"},\"datePublished\":\"2019-03-08T08:52:42+00:00\",\"breadcrumb\":{\"@id\":\"https:\/\/kapitalis.com\/tunisie\/2019\/03\/08\/rene-trabelsi-nous-sommes-quasiment-sortis-de-la-crise\/#breadcrumb\"},\"inLanguage\":\"fr-FR\",\"potentialAction\":[{\"@type\":\"ReadAction\",\"target\":[\"https:\/\/kapitalis.com\/tunisie\/2019\/03\/08\/rene-trabelsi-nous-sommes-quasiment-sortis-de-la-crise\/\"]}]},{\"@type\":\"BreadcrumbList\",\"@id\":\"https:\/\/kapitalis.com\/tunisie\/2019\/03\/08\/rene-trabelsi-nous-sommes-quasiment-sortis-de-la-crise\/#breadcrumb\",\"itemListElement\":[{\"@type\":\"ListItem\",\"position\":1,\"name\":\"Accueil\",\"item\":\"https:\/\/kapitalis.com\/tunisie\/\"},{\"@type\":\"ListItem\",\"position\":2,\"name\":\"Ren\u00e9 Trabelsi: \u00abNous sommes quasiment sortis de la crise\u00bb\"}]},{\"@type\":\"WebSite\",\"@id\":\"https:\/\/kapitalis.com\/tunisie\/#website\",\"url\":\"https:\/\/kapitalis.com\/tunisie\/\",\"name\":\"Kapitalis\",\"description\":\"L&#039;actualit\u00e9 en Tunisie et dans le monde\",\"publisher\":{\"@id\":\"https:\/\/kapitalis.com\/tunisie\/#organization\"},\"potentialAction\":[{\"@type\":\"SearchAction\",\"target\":{\"@type\":\"EntryPoint\",\"urlTemplate\":\"https:\/\/kapitalis.com\/tunisie\/?s={search_term_string}\"},\"query-input\":{\"@type\":\"PropertyValueSpecification\",\"valueRequired\":true,\"valueName\":\"search_term_string\"}}],\"inLanguage\":\"fr-FR\"},{\"@type\":\"Organization\",\"@id\":\"https:\/\/kapitalis.com\/tunisie\/#organization\",\"name\":\"Kapitalis\",\"url\":\"https:\/\/kapitalis.com\/tunisie\/\",\"logo\":{\"@type\":\"ImageObject\",\"inLanguage\":\"fr-FR\",\"@id\":\"https:\/\/kapitalis.com\/tunisie\/#\/schema\/logo\/image\/\",\"url\":\"https:\/\/kapitalis.com\/tunisie\/wp-content\/uploads\/2022\/05\/Kapitalis-big-size.png\",\"contentUrl\":\"https:\/\/kapitalis.com\/tunisie\/wp-content\/uploads\/2022\/05\/Kapitalis-big-size.png\",\"width\":5000,\"height\":1500,\"caption\":\"Kapitalis\"},\"image\":{\"@id\":\"https:\/\/kapitalis.com\/tunisie\/#\/schema\/logo\/image\/\"},\"sameAs\":[\"https:\/\/www.facebook.com\/KapitalisInfo\/\",\"https:\/\/x.com\/KapitalisInfo\",\"https:\/\/www.youtube.com\/channel\/UC-yDYrHyfFBWWZaOw3FPg9Q\"]},{\"@type\":\"Person\",\"@id\":\"https:\/\/kapitalis.com\/tunisie\/#\/schema\/person\/d71f33a9ca44f7bad4698210b480c8e9\",\"name\":\"webmaster kapitalis\",\"url\":\"https:\/\/kapitalis.com\/tunisie\/author\/webmaster-kapitalis\/\"}]}<\/script>\n<!-- \/ Yoast SEO plugin. -->","yoast_head_json":{"title":"Ren\u00e9 Trabelsi: \u00abNous sommes quasiment sortis de la crise\u00bb - Kapitalis","robots":{"index":"index","follow":"follow","max-snippet":"max-snippet:-1","max-image-preview":"max-image-preview:large","max-video-preview":"max-video-preview:-1"},"canonical":"https:\/\/kapitalis.com\/tunisie\/2019\/03\/08\/rene-trabelsi-nous-sommes-quasiment-sortis-de-la-crise\/","og_locale":"fr_FR","og_type":"article","og_title":"Ren\u00e9 Trabelsi: \u00abNous sommes quasiment sortis de la crise\u00bb - Kapitalis","og_description":"L\u2019activit\u00e9 touristique tunisienne est sur la voie de la reprise totale et le nombre de visiteurs \u00e9trangers a presque retrouv\u00e9 son niveau d\u2019avant la crise. C\u2019est ce qu\u2019a affirm\u00e9 hier, jeudi 7 mars 2019, le ministre du Tourisme Ren\u00e9 Trabelsi.","og_url":"https:\/\/kapitalis.com\/tunisie\/2019\/03\/08\/rene-trabelsi-nous-sommes-quasiment-sortis-de-la-crise\/","og_site_name":"Kapitalis","article_publisher":"https:\/\/www.facebook.com\/KapitalisInfo\/","article_published_time":"2019-03-08T08:52:42+00:00","og_image":[{"width":1200,"height":630,"url":"https:\/\/kapitalis.com\/tunisie\/wp-content\/uploads\/2022\/05\/kapitalis-logo-fb.png","type":"image\/png"}],"author":"webmaster kapitalis","twitter_card":"summary_large_image","twitter_creator":"@KapitalisInfo","twitter_site":"@KapitalisInfo","twitter_misc":{"\u00c9crit par":"webmaster kapitalis","Dur\u00e9e de lecture estim\u00e9e":"2 minutes"},"schema":{"@context":"https:\/\/schema.org","@graph":[{"@type":"Article","@id":"https:\/\/kapitalis.com\/tunisie\/2019\/03\/08\/rene-trabelsi-nous-sommes-quasiment-sortis-de-la-crise\/#article","isPartOf":{"@id":"https:\/\/kapitalis.com\/tunisie\/2019\/03\/08\/rene-trabelsi-nous-sommes-quasiment-sortis-de-la-crise\/"},"author":{"name":"webmaster kapitalis","@id":"https:\/\/kapitalis.com\/tunisie\/#\/schema\/person\/d71f33a9ca44f7bad4698210b480c8e9"},"headline":"Ren\u00e9 Trabelsi: \u00abNous sommes quasiment sortis de la crise\u00bb","datePublished":"2019-03-08T08:52:42+00:00","mainEntityOfPage":{"@id":"https:\/\/kapitalis.com\/tunisie\/2019\/03\/08\/rene-trabelsi-nous-sommes-quasiment-sortis-de-la-crise\/"},"wordCount":349,"commentCount":0,"publisher":{"@id":"https:\/\/kapitalis.com\/tunisie\/#organization"},"keywords":["destination Tunisie","Ren\u00e9 Trabelsi","tourisme"],"articleSection":["ECONOMIE","Tunisie"],"inLanguage":"fr-FR","potentialAction":[{"@type":"CommentAction","name":"Comment","target":["https:\/\/kapitalis.com\/tunisie\/2019\/03\/08\/rene-trabelsi-nous-sommes-quasiment-sortis-de-la-crise\/#respond"]}]},{"@type":"WebPage","@id":"https:\/\/kapitalis.com\/tunisie\/2019\/03\/08\/rene-trabelsi-nous-sommes-quasiment-sortis-de-la-crise\/","url":"https:\/\/kapitalis.com\/tunisie\/2019\/03\/08\/rene-trabelsi-nous-sommes-quasiment-sortis-de-la-crise\/","name":"Ren\u00e9 Trabelsi: \u00abNous sommes quasiment sortis de la crise\u00bb - Kapitalis","isPartOf":{"@id":"https:\/\/kapitalis.com\/tunisie\/#website"},"datePublished":"2019-03-08T08:52:42+00:00","breadcrumb":{"@id":"https:\/\/kapitalis.com\/tunisie\/2019\/03\/08\/rene-trabelsi-nous-sommes-quasiment-sortis-de-la-crise\/#breadcrumb"},"inLanguage":"fr-FR","potentialAction":[{"@type":"ReadAction","target":["https:\/\/kapitalis.com\/tunisie\/2019\/03\/08\/rene-trabelsi-nous-sommes-quasiment-sortis-de-la-crise\/"]}]},{"@type":"BreadcrumbList","@id":"https:\/\/kapitalis.com\/tunisie\/2019\/03\/08\/rene-trabelsi-nous-sommes-quasiment-sortis-de-la-crise\/#breadcrumb","itemListElement":[{"@type":"ListItem","position":1,"name":"Accueil","item":"https:\/\/kapitalis.com\/tunisie\/"},{"@type":"ListItem","position":2,"name":"Ren\u00e9 Trabelsi: \u00abNous sommes quasiment sortis de la crise\u00bb"}]},{"@type":"WebSite","@id":"https:\/\/kapitalis.com\/tunisie\/#website","url":"https:\/\/kapitalis.com\/tunisie\/","name":"Kapitalis","description":"L&#039;actualit\u00e9 en Tunisie et dans le monde","publisher":{"@id":"https:\/\/kapitalis.com\/tunisie\/#organization"},"potentialAction":[{"@type":"SearchAction","target":{"@type":"EntryPoint","urlTemplate":"https:\/\/kapitalis.com\/tunisie\/?s={search_term_string}"},"query-input":{"@type":"PropertyValueSpecification","valueRequired":true,"valueName":"search_term_string"}}],"inLanguage":"fr-FR"},{"@type":"Organization","@id":"https:\/\/kapitalis.com\/tunisie\/#organization","name":"Kapitalis","url":"https:\/\/kapitalis.com\/tunisie\/","logo":{"@type":"ImageObject","inLanguage":"fr-FR","@id":"https:\/\/kapitalis.com\/tunisie\/#\/schema\/logo\/image\/","url":"https:\/\/kapitalis.com\/tunisie\/wp-content\/uploads\/2022\/05\/Kapitalis-big-size.png","contentUrl":"https:\/\/kapitalis.com\/tunisie\/wp-content\/uploads\/2022\/05\/Kapitalis-big-size.png","width":5000,"height":1500,"caption":"Kapitalis"},"image":{"@id":"https:\/\/kapitalis.com\/tunisie\/#\/schema\/logo\/image\/"},"sameAs":["https:\/\/www.facebook.com\/KapitalisInfo\/","https:\/\/x.com\/KapitalisInfo","https:\/\/www.youtube.com\/channel\/UC-yDYrHyfFBWWZaOw3FPg9Q"]},{"@type":"Person","@id":"https:\/\/kapitalis.com\/tunisie\/#\/schema\/person\/d71f33a9ca44f7bad4698210b480c8e9","name":"webmaster kapitalis","url":"https:\/\/kapitalis.com\/tunisie\/author\/webmaster-kapitalis\/"}]}},"_links":{"self":[{"href":"https:\/\/kapitalis.com\/tunisie\/wp-json\/wp\/v2\/posts\/201472","targetHints":{"allow":["GET"]}}],"collection":[{"href":"https:\/\/kapitalis.com\/tunisie\/wp-json\/wp\/v2\/posts"}],"about":[{"href":"https:\/\/kapitalis.com\/tunisie\/wp-json\/wp\/v2\/types\/post"}],"author":[{"embeddable":true,"href":"https:\/\/kapitalis.com\/tunisie\/wp-json\/wp\/v2\/users\/8"}],"replies":[{"embeddable":true,"href":"https:\/\/kapitalis.com\/tunisie\/wp-json\/wp\/v2\/comments?post=201472"}],"version-history":[{"count":0,"href":"https:\/\/kapitalis.com\/tunisie\/wp-json\/wp\/v2\/posts\/201472\/revisions"}],"wp:attachment":[{"href":"https:\/\/kapitalis.com\/tunisie\/wp-json\/wp\/v2\/media?parent=201472"}],"wp:term":[{"taxonomy":"category","embeddable":true,"href":"https:\/\/kapitalis.com\/tunisie\/wp-json\/wp\/v2\/categories?post=201472"},{"taxonomy":"post_tag","embeddable":true,"href":"https:\/\/kapitalis.com\/tunisie\/wp-json\/wp\/v2\/tags?post=201472"}],"curies":[{"name":"wp","href":"https:\/\/api.w.org\/{rel}","templated":true}]}}