{"id":201505,"date":"2019-03-08T12:18:51","date_gmt":"2019-03-08T11:18:51","guid":{"rendered":"http:\/\/kapitalis.com\/tunisie\/?p=201505"},"modified":"2019-03-08T12:37:58","modified_gmt":"2019-03-08T11:37:58","slug":"bardo-taxee-de-regionaliste-la-maire-ennahdha-appelee-a-demissionner","status":"publish","type":"post","link":"https:\/\/kapitalis.com\/tunisie\/2019\/03\/08\/bardo-taxee-de-regionaliste-la-maire-ennahdha-appelee-a-demissionner\/","title":{"rendered":"Bardo : Tax\u00e9e de r\u00e9gionaliste, la maire Ennahdha appel\u00e9e \u00e0 d\u00e9missionner"},"content":{"rendered":"<p><img loading=\"lazy\" decoding=\"async\" class=\"size-full wp-image-201510 aligncenter\" src=\"http:\/\/kapitalis.com\/tunisie\/wp-content\/uploads\/2019\/03\/Zaineb-Ben-Hassoine-maire-Bardo.jpg\" alt=\"\" width=\"626\" height=\"380\" \/><\/p>\n<p><strong><em>La maire du Bardo, Zeineb Ben Hassine (Ennahdha), a \u00e9t\u00e9 appel\u00e9e \u00e0 d\u00e9missionner apr\u00e8s avoir \u00a0lanc\u00e9 des propos r\u00e9gionalistes \u00e0 un habitant de sa commune. Seize membres de son conseil municipal, dont certains issus du m\u00eame parti, se joignent \u00e0 ces appels.<\/em><\/strong><!--more--><\/p>\n<p>Zeineb Ben Hassine, ancienne d\u00e9put\u00e9e au dernier parlement de Ben Ali, qui a rencontr\u00e9 hier, jeudi 7 mars 2019, les habitants venus manifester contre le projet de cr\u00e9ation d\u2019un RER au Bardo, s\u2019est montr\u00e9e agressive envers un habitant qu\u2019elle n\u2019a pas laiss\u00e9 s\u2019exprimer\u00a0:\u00a0\u00ab<em>Je sais ce que je fais, je ne viens pas derri\u00e8re les panneaux<\/em> (dans le sens\u00a0: je ne suis pas une provinciale, Ndlr)\u00bb.<\/p>\n<p>Tr\u00e8s vite, ses propos ont \u00e9t\u00e9 d\u00e9nonc\u00e9s et une campagne a \u00e9t\u00e9 men\u00e9e contre la maire tax\u00e9e de r\u00e9gionalisme. Des slogans ont m\u00eame \u00e9t\u00e9 ajout\u00e9s aux photos de profils des internautes tunisiens avec la mention\u00a0: <em>\u00abJe viens de derri\u00e8re les panneaux<\/em>\u00bb. Les d\u00e9tracteurs de madame la maire l\u2019ont appel\u00e9e \u00e0 c\u00e9der son poste et des partis politiques, \u00e0 l\u2019instar d\u2019Afek Tounes, l\u2019ont aussi appel\u00e9e \u00e0 d\u00e9missionner.<\/p>\n<p>Ce matin, une r\u00e9union au si\u00e8ge de la municipalit\u00e9 \u00e0 du \u00eatre annul\u00e9e \u00e0 cause des fortes tensions entre la maire et les membres de son conseil. \u00ab<em>Vu le niveau du dialogue, je pr\u00e9f\u00e8re mettre fin \u00e0 cette rencontre<\/em>\u00bb, a-t-elle lanc\u00e9 avant de quitter le bureau.<\/p>\n<p>Le dirigeant Ennahdha, Lotfi Zitoun s\u2019est joint \u00e0 ses compatriotes et a demand\u00e9 \u00e0 Mme Ben Hassine de pr\u00e9senter des excuses officielles, estimant que de tels propos ne repr\u00e9sentent pas son parti.<\/p>\n<p>Zeineb Ben Hassine, qui a pr\u00e9sent\u00e9 des excuses sur le net, a cependant pr\u00e9cis\u00e9, aujourd&rsquo;hui, sur Shems FM, que, contrairement aux rumeurs, Ennahdha ne lui a pas demand\u00e9 de d\u00e9missionner.<\/p>\n<p>\u00ab<em>Mon p\u00e8re est originaire de Zaghouan et ma m\u00e8re de Medenine, je n&rsquo;ai donc aucun probl\u00e8me avec les r\u00e9gions et je ne peux pas \u00eatre r\u00e9gionaliste<\/em>\u00bb, a-t-elle dit, ajoutant que l&rsquo;habitant l&rsquo;a agress\u00e9e et\u00ab<em>personne n&rsquo;a d\u00e9nonc\u00e9 cela<\/em>\u00bb.<\/p>\n<p>Elle se dit m\u00eame harcel\u00e9e et assure que ses d\u00e9tracteurs s&rsquo;attaquent \u00e0 elle,\u00a0\u00ab<em>parce qu&rsquo;ils n&rsquo;acceptent pas qu&rsquo;Ennahdha ait remport\u00e9 les municipales dans cette commune\u00bb<\/em>. Une interpr\u00e9tation ou excuse erron\u00e9e car des membres de son conseil issus du parti de Rached Ghannouchi sont les premiers \u00e0 critiquer \u00ab<em>sa gestion, son manque d&rsquo;\u00e9coute, son autoritarisme et autres abus\u00bb<\/em> et \u00e0 d\u00e9noncer ses propos r\u00e9gionalistes.<\/p>\n<p style=\"text-align: right;\"><strong>Y. N.<\/strong><\/p>\n","protected":false},"excerpt":{"rendered":"<p>La maire du Bardo, Zeineb Ben Hassine (Ennahdha), a \u00e9t\u00e9 appel\u00e9e \u00e0 d\u00e9missionner apr\u00e8s avoir \u00a0lanc\u00e9 des propos r\u00e9gionalistes \u00e0 un habitant de sa commune. Seize membres de son conseil municipal, dont certains issus du m\u00eame parti, se joignent \u00e0 ces appels.<\/p>\n","protected":false},"author":6,"featured_media":201510,"comment_status":"open","ping_status":"open","sticky":false,"template":"","format":"standard","meta":{"footnotes":""},"categories":[997,2433],"tags":[132,9421,1312,1696],"class_list":["post-201505","post","type-post","status-publish","format-standard","has-post-thumbnail","hentry","category-politique","category-tunisie","tag-bardo","tag-maire","tag-parti-islamiste","tag-regionalisme"],"yoast_head":"<!-- This site is optimized with the Yoast SEO plugin v26.6 - https:\/\/yoast.com\/wordpress\/plugins\/seo\/ -->\n<title>Bardo : Tax\u00e9e de r\u00e9gionaliste, la maire Ennahdha appel\u00e9e \u00e0 d\u00e9missionner - Kapitalis<\/title>\n<meta name=\"robots\" content=\"index, follow, max-snippet:-1, max-image-preview:large, max-video-preview:-1\" \/>\n<link rel=\"canonical\" href=\"https:\/\/kapitalis.com\/tunisie\/2019\/03\/08\/bardo-taxee-de-regionaliste-la-maire-ennahdha-appelee-a-demissionner\/\" \/>\n<meta property=\"og:locale\" content=\"fr_FR\" \/>\n<meta property=\"og:type\" content=\"article\" \/>\n<meta property=\"og:title\" content=\"Bardo : Tax\u00e9e de r\u00e9gionaliste, la maire Ennahdha appel\u00e9e \u00e0 d\u00e9missionner - Kapitalis\" \/>\n<meta property=\"og:description\" content=\"La maire du Bardo, Zeineb Ben Hassine (Ennahdha), a \u00e9t\u00e9 appel\u00e9e \u00e0 d\u00e9missionner apr\u00e8s avoir \u00a0lanc\u00e9 des propos r\u00e9gionalistes \u00e0 un habitant de sa commune. Seize membres de son conseil municipal, dont certains issus du m\u00eame parti, se joignent \u00e0 ces appels.\" \/>\n<meta property=\"og:url\" content=\"https:\/\/kapitalis.com\/tunisie\/2019\/03\/08\/bardo-taxee-de-regionaliste-la-maire-ennahdha-appelee-a-demissionner\/\" \/>\n<meta property=\"og:site_name\" content=\"Kapitalis\" \/>\n<meta property=\"article:publisher\" content=\"https:\/\/www.facebook.com\/KapitalisInfo\/\" \/>\n<meta property=\"article:published_time\" content=\"2019-03-08T11:18:51+00:00\" \/>\n<meta property=\"article:modified_time\" content=\"2019-03-08T11:37:58+00:00\" \/>\n<meta property=\"og:image\" content=\"https:\/\/kapitalis.com\/tunisie\/wp-content\/uploads\/2022\/05\/kapitalis-logo-fb.png\" \/>\n\t<meta property=\"og:image:width\" content=\"1200\" \/>\n\t<meta property=\"og:image:height\" content=\"630\" \/>\n\t<meta property=\"og:image:type\" content=\"image\/png\" \/>\n<meta name=\"author\" content=\"Yusra NY\" \/>\n<meta name=\"twitter:card\" content=\"summary_large_image\" \/>\n<meta name=\"twitter:creator\" content=\"@KapitalisInfo\" \/>\n<meta name=\"twitter:site\" content=\"@KapitalisInfo\" \/>\n<meta name=\"twitter:label1\" content=\"\u00c9crit par\" \/>\n\t<meta name=\"twitter:data1\" content=\"Yusra NY\" \/>\n\t<meta name=\"twitter:label2\" content=\"Dur\u00e9e de lecture estim\u00e9e\" \/>\n\t<meta name=\"twitter:data2\" content=\"2 minutes\" \/>\n<script type=\"application\/ld+json\" class=\"yoast-schema-graph\">{\"@context\":\"https:\/\/schema.org\",\"@graph\":[{\"@type\":\"Article\",\"@id\":\"https:\/\/kapitalis.com\/tunisie\/2019\/03\/08\/bardo-taxee-de-regionaliste-la-maire-ennahdha-appelee-a-demissionner\/#article\",\"isPartOf\":{\"@id\":\"https:\/\/kapitalis.com\/tunisie\/2019\/03\/08\/bardo-taxee-de-regionaliste-la-maire-ennahdha-appelee-a-demissionner\/\"},\"author\":{\"name\":\"Yusra NY\",\"@id\":\"https:\/\/kapitalis.com\/tunisie\/#\/schema\/person\/74bbde0154d49d790a92aaeac5bc01d5\"},\"headline\":\"Bardo : Tax\u00e9e de r\u00e9gionaliste, la maire Ennahdha appel\u00e9e \u00e0 d\u00e9missionner\",\"datePublished\":\"2019-03-08T11:18:51+00:00\",\"dateModified\":\"2019-03-08T11:37:58+00:00\",\"mainEntityOfPage\":{\"@id\":\"https:\/\/kapitalis.com\/tunisie\/2019\/03\/08\/bardo-taxee-de-regionaliste-la-maire-ennahdha-appelee-a-demissionner\/\"},\"wordCount\":441,\"commentCount\":4,\"publisher\":{\"@id\":\"https:\/\/kapitalis.com\/tunisie\/#organization\"},\"image\":{\"@id\":\"https:\/\/kapitalis.com\/tunisie\/2019\/03\/08\/bardo-taxee-de-regionaliste-la-maire-ennahdha-appelee-a-demissionner\/#primaryimage\"},\"thumbnailUrl\":\"\",\"keywords\":[\"Bardo\",\"maire\",\"parti islamiste\",\"r\u00e9gionalisme\"],\"articleSection\":[\"POLITIQUE\",\"Tunisie\"],\"inLanguage\":\"fr-FR\",\"potentialAction\":[{\"@type\":\"CommentAction\",\"name\":\"Comment\",\"target\":[\"https:\/\/kapitalis.com\/tunisie\/2019\/03\/08\/bardo-taxee-de-regionaliste-la-maire-ennahdha-appelee-a-demissionner\/#respond\"]}]},{\"@type\":\"WebPage\",\"@id\":\"https:\/\/kapitalis.com\/tunisie\/2019\/03\/08\/bardo-taxee-de-regionaliste-la-maire-ennahdha-appelee-a-demissionner\/\",\"url\":\"https:\/\/kapitalis.com\/tunisie\/2019\/03\/08\/bardo-taxee-de-regionaliste-la-maire-ennahdha-appelee-a-demissionner\/\",\"name\":\"Bardo : Tax\u00e9e de r\u00e9gionaliste, la maire Ennahdha appel\u00e9e \u00e0 d\u00e9missionner - Kapitalis\",\"isPartOf\":{\"@id\":\"https:\/\/kapitalis.com\/tunisie\/#website\"},\"primaryImageOfPage\":{\"@id\":\"https:\/\/kapitalis.com\/tunisie\/2019\/03\/08\/bardo-taxee-de-regionaliste-la-maire-ennahdha-appelee-a-demissionner\/#primaryimage\"},\"image\":{\"@id\":\"https:\/\/kapitalis.com\/tunisie\/2019\/03\/08\/bardo-taxee-de-regionaliste-la-maire-ennahdha-appelee-a-demissionner\/#primaryimage\"},\"thumbnailUrl\":\"\",\"datePublished\":\"2019-03-08T11:18:51+00:00\",\"dateModified\":\"2019-03-08T11:37:58+00:00\",\"breadcrumb\":{\"@id\":\"https:\/\/kapitalis.com\/tunisie\/2019\/03\/08\/bardo-taxee-de-regionaliste-la-maire-ennahdha-appelee-a-demissionner\/#breadcrumb\"},\"inLanguage\":\"fr-FR\",\"potentialAction\":[{\"@type\":\"ReadAction\",\"target\":[\"https:\/\/kapitalis.com\/tunisie\/2019\/03\/08\/bardo-taxee-de-regionaliste-la-maire-ennahdha-appelee-a-demissionner\/\"]}]},{\"@type\":\"ImageObject\",\"inLanguage\":\"fr-FR\",\"@id\":\"https:\/\/kapitalis.com\/tunisie\/2019\/03\/08\/bardo-taxee-de-regionaliste-la-maire-ennahdha-appelee-a-demissionner\/#primaryimage\",\"url\":\"\",\"contentUrl\":\"\"},{\"@type\":\"BreadcrumbList\",\"@id\":\"https:\/\/kapitalis.com\/tunisie\/2019\/03\/08\/bardo-taxee-de-regionaliste-la-maire-ennahdha-appelee-a-demissionner\/#breadcrumb\",\"itemListElement\":[{\"@type\":\"ListItem\",\"position\":1,\"name\":\"Accueil\",\"item\":\"https:\/\/kapitalis.com\/tunisie\/\"},{\"@type\":\"ListItem\",\"position\":2,\"name\":\"Bardo : Tax\u00e9e de r\u00e9gionaliste, la maire Ennahdha appel\u00e9e \u00e0 d\u00e9missionner\"}]},{\"@type\":\"WebSite\",\"@id\":\"https:\/\/kapitalis.com\/tunisie\/#website\",\"url\":\"https:\/\/kapitalis.com\/tunisie\/\",\"name\":\"Kapitalis\",\"description\":\"L&#039;actualit\u00e9 en Tunisie et dans le monde\",\"publisher\":{\"@id\":\"https:\/\/kapitalis.com\/tunisie\/#organization\"},\"potentialAction\":[{\"@type\":\"SearchAction\",\"target\":{\"@type\":\"EntryPoint\",\"urlTemplate\":\"https:\/\/kapitalis.com\/tunisie\/?s={search_term_string}\"},\"query-input\":{\"@type\":\"PropertyValueSpecification\",\"valueRequired\":true,\"valueName\":\"search_term_string\"}}],\"inLanguage\":\"fr-FR\"},{\"@type\":\"Organization\",\"@id\":\"https:\/\/kapitalis.com\/tunisie\/#organization\",\"name\":\"Kapitalis\",\"url\":\"https:\/\/kapitalis.com\/tunisie\/\",\"logo\":{\"@type\":\"ImageObject\",\"inLanguage\":\"fr-FR\",\"@id\":\"https:\/\/kapitalis.com\/tunisie\/#\/schema\/logo\/image\/\",\"url\":\"https:\/\/kapitalis.com\/tunisie\/wp-content\/uploads\/2022\/05\/Kapitalis-big-size.png\",\"contentUrl\":\"https:\/\/kapitalis.com\/tunisie\/wp-content\/uploads\/2022\/05\/Kapitalis-big-size.png\",\"width\":5000,\"height\":1500,\"caption\":\"Kapitalis\"},\"image\":{\"@id\":\"https:\/\/kapitalis.com\/tunisie\/#\/schema\/logo\/image\/\"},\"sameAs\":[\"https:\/\/www.facebook.com\/KapitalisInfo\/\",\"https:\/\/x.com\/KapitalisInfo\",\"https:\/\/www.youtube.com\/channel\/UC-yDYrHyfFBWWZaOw3FPg9Q\"]},{\"@type\":\"Person\",\"@id\":\"https:\/\/kapitalis.com\/tunisie\/#\/schema\/person\/74bbde0154d49d790a92aaeac5bc01d5\",\"name\":\"Yusra NY\",\"url\":\"https:\/\/kapitalis.com\/tunisie\/author\/yuza_adam\/\"}]}<\/script>\n<!-- \/ Yoast SEO plugin. -->","yoast_head_json":{"title":"Bardo : Tax\u00e9e de r\u00e9gionaliste, la maire Ennahdha appel\u00e9e \u00e0 d\u00e9missionner - Kapitalis","robots":{"index":"index","follow":"follow","max-snippet":"max-snippet:-1","max-image-preview":"max-image-preview:large","max-video-preview":"max-video-preview:-1"},"canonical":"https:\/\/kapitalis.com\/tunisie\/2019\/03\/08\/bardo-taxee-de-regionaliste-la-maire-ennahdha-appelee-a-demissionner\/","og_locale":"fr_FR","og_type":"article","og_title":"Bardo : Tax\u00e9e de r\u00e9gionaliste, la maire Ennahdha appel\u00e9e \u00e0 d\u00e9missionner - Kapitalis","og_description":"La maire du Bardo, Zeineb Ben Hassine (Ennahdha), a \u00e9t\u00e9 appel\u00e9e \u00e0 d\u00e9missionner apr\u00e8s avoir \u00a0lanc\u00e9 des propos r\u00e9gionalistes \u00e0 un habitant de sa commune. Seize membres de son conseil municipal, dont certains issus du m\u00eame parti, se joignent \u00e0 ces appels.","og_url":"https:\/\/kapitalis.com\/tunisie\/2019\/03\/08\/bardo-taxee-de-regionaliste-la-maire-ennahdha-appelee-a-demissionner\/","og_site_name":"Kapitalis","article_publisher":"https:\/\/www.facebook.com\/KapitalisInfo\/","article_published_time":"2019-03-08T11:18:51+00:00","article_modified_time":"2019-03-08T11:37:58+00:00","og_image":[{"width":1200,"height":630,"url":"https:\/\/kapitalis.com\/tunisie\/wp-content\/uploads\/2022\/05\/kapitalis-logo-fb.png","type":"image\/png"}],"author":"Yusra NY","twitter_card":"summary_large_image","twitter_creator":"@KapitalisInfo","twitter_site":"@KapitalisInfo","twitter_misc":{"\u00c9crit par":"Yusra NY","Dur\u00e9e de lecture estim\u00e9e":"2 minutes"},"schema":{"@context":"https:\/\/schema.org","@graph":[{"@type":"Article","@id":"https:\/\/kapitalis.com\/tunisie\/2019\/03\/08\/bardo-taxee-de-regionaliste-la-maire-ennahdha-appelee-a-demissionner\/#article","isPartOf":{"@id":"https:\/\/kapitalis.com\/tunisie\/2019\/03\/08\/bardo-taxee-de-regionaliste-la-maire-ennahdha-appelee-a-demissionner\/"},"author":{"name":"Yusra NY","@id":"https:\/\/kapitalis.com\/tunisie\/#\/schema\/person\/74bbde0154d49d790a92aaeac5bc01d5"},"headline":"Bardo : Tax\u00e9e de r\u00e9gionaliste, la maire Ennahdha appel\u00e9e \u00e0 d\u00e9missionner","datePublished":"2019-03-08T11:18:51+00:00","dateModified":"2019-03-08T11:37:58+00:00","mainEntityOfPage":{"@id":"https:\/\/kapitalis.com\/tunisie\/2019\/03\/08\/bardo-taxee-de-regionaliste-la-maire-ennahdha-appelee-a-demissionner\/"},"wordCount":441,"commentCount":4,"publisher":{"@id":"https:\/\/kapitalis.com\/tunisie\/#organization"},"image":{"@id":"https:\/\/kapitalis.com\/tunisie\/2019\/03\/08\/bardo-taxee-de-regionaliste-la-maire-ennahdha-appelee-a-demissionner\/#primaryimage"},"thumbnailUrl":"","keywords":["Bardo","maire","parti islamiste","r\u00e9gionalisme"],"articleSection":["POLITIQUE","Tunisie"],"inLanguage":"fr-FR","potentialAction":[{"@type":"CommentAction","name":"Comment","target":["https:\/\/kapitalis.com\/tunisie\/2019\/03\/08\/bardo-taxee-de-regionaliste-la-maire-ennahdha-appelee-a-demissionner\/#respond"]}]},{"@type":"WebPage","@id":"https:\/\/kapitalis.com\/tunisie\/2019\/03\/08\/bardo-taxee-de-regionaliste-la-maire-ennahdha-appelee-a-demissionner\/","url":"https:\/\/kapitalis.com\/tunisie\/2019\/03\/08\/bardo-taxee-de-regionaliste-la-maire-ennahdha-appelee-a-demissionner\/","name":"Bardo : Tax\u00e9e de r\u00e9gionaliste, la maire Ennahdha appel\u00e9e \u00e0 d\u00e9missionner - Kapitalis","isPartOf":{"@id":"https:\/\/kapitalis.com\/tunisie\/#website"},"primaryImageOfPage":{"@id":"https:\/\/kapitalis.com\/tunisie\/2019\/03\/08\/bardo-taxee-de-regionaliste-la-maire-ennahdha-appelee-a-demissionner\/#primaryimage"},"image":{"@id":"https:\/\/kapitalis.com\/tunisie\/2019\/03\/08\/bardo-taxee-de-regionaliste-la-maire-ennahdha-appelee-a-demissionner\/#primaryimage"},"thumbnailUrl":"","datePublished":"2019-03-08T11:18:51+00:00","dateModified":"2019-03-08T11:37:58+00:00","breadcrumb":{"@id":"https:\/\/kapitalis.com\/tunisie\/2019\/03\/08\/bardo-taxee-de-regionaliste-la-maire-ennahdha-appelee-a-demissionner\/#breadcrumb"},"inLanguage":"fr-FR","potentialAction":[{"@type":"ReadAction","target":["https:\/\/kapitalis.com\/tunisie\/2019\/03\/08\/bardo-taxee-de-regionaliste-la-maire-ennahdha-appelee-a-demissionner\/"]}]},{"@type":"ImageObject","inLanguage":"fr-FR","@id":"https:\/\/kapitalis.com\/tunisie\/2019\/03\/08\/bardo-taxee-de-regionaliste-la-maire-ennahdha-appelee-a-demissionner\/#primaryimage","url":"","contentUrl":""},{"@type":"BreadcrumbList","@id":"https:\/\/kapitalis.com\/tunisie\/2019\/03\/08\/bardo-taxee-de-regionaliste-la-maire-ennahdha-appelee-a-demissionner\/#breadcrumb","itemListElement":[{"@type":"ListItem","position":1,"name":"Accueil","item":"https:\/\/kapitalis.com\/tunisie\/"},{"@type":"ListItem","position":2,"name":"Bardo : Tax\u00e9e de r\u00e9gionaliste, la maire Ennahdha appel\u00e9e \u00e0 d\u00e9missionner"}]},{"@type":"WebSite","@id":"https:\/\/kapitalis.com\/tunisie\/#website","url":"https:\/\/kapitalis.com\/tunisie\/","name":"Kapitalis","description":"L&#039;actualit\u00e9 en Tunisie et dans le monde","publisher":{"@id":"https:\/\/kapitalis.com\/tunisie\/#organization"},"potentialAction":[{"@type":"SearchAction","target":{"@type":"EntryPoint","urlTemplate":"https:\/\/kapitalis.com\/tunisie\/?s={search_term_string}"},"query-input":{"@type":"PropertyValueSpecification","valueRequired":true,"valueName":"search_term_string"}}],"inLanguage":"fr-FR"},{"@type":"Organization","@id":"https:\/\/kapitalis.com\/tunisie\/#organization","name":"Kapitalis","url":"https:\/\/kapitalis.com\/tunisie\/","logo":{"@type":"ImageObject","inLanguage":"fr-FR","@id":"https:\/\/kapitalis.com\/tunisie\/#\/schema\/logo\/image\/","url":"https:\/\/kapitalis.com\/tunisie\/wp-content\/uploads\/2022\/05\/Kapitalis-big-size.png","contentUrl":"https:\/\/kapitalis.com\/tunisie\/wp-content\/uploads\/2022\/05\/Kapitalis-big-size.png","width":5000,"height":1500,"caption":"Kapitalis"},"image":{"@id":"https:\/\/kapitalis.com\/tunisie\/#\/schema\/logo\/image\/"},"sameAs":["https:\/\/www.facebook.com\/KapitalisInfo\/","https:\/\/x.com\/KapitalisInfo","https:\/\/www.youtube.com\/channel\/UC-yDYrHyfFBWWZaOw3FPg9Q"]},{"@type":"Person","@id":"https:\/\/kapitalis.com\/tunisie\/#\/schema\/person\/74bbde0154d49d790a92aaeac5bc01d5","name":"Yusra NY","url":"https:\/\/kapitalis.com\/tunisie\/author\/yuza_adam\/"}]}},"_links":{"self":[{"href":"https:\/\/kapitalis.com\/tunisie\/wp-json\/wp\/v2\/posts\/201505","targetHints":{"allow":["GET"]}}],"collection":[{"href":"https:\/\/kapitalis.com\/tunisie\/wp-json\/wp\/v2\/posts"}],"about":[{"href":"https:\/\/kapitalis.com\/tunisie\/wp-json\/wp\/v2\/types\/post"}],"author":[{"embeddable":true,"href":"https:\/\/kapitalis.com\/tunisie\/wp-json\/wp\/v2\/users\/6"}],"replies":[{"embeddable":true,"href":"https:\/\/kapitalis.com\/tunisie\/wp-json\/wp\/v2\/comments?post=201505"}],"version-history":[{"count":0,"href":"https:\/\/kapitalis.com\/tunisie\/wp-json\/wp\/v2\/posts\/201505\/revisions"}],"wp:featuredmedia":[{"embeddable":true,"href":"https:\/\/kapitalis.com\/tunisie\/wp-json\/wp\/v2\/media\/201510"}],"wp:attachment":[{"href":"https:\/\/kapitalis.com\/tunisie\/wp-json\/wp\/v2\/media?parent=201505"}],"wp:term":[{"taxonomy":"category","embeddable":true,"href":"https:\/\/kapitalis.com\/tunisie\/wp-json\/wp\/v2\/categories?post=201505"},{"taxonomy":"post_tag","embeddable":true,"href":"https:\/\/kapitalis.com\/tunisie\/wp-json\/wp\/v2\/tags?post=201505"}],"curies":[{"name":"wp","href":"https:\/\/api.w.org\/{rel}","templated":true}]}}