{"id":201524,"date":"2019-03-08T12:59:04","date_gmt":"2019-03-08T11:59:04","guid":{"rendered":"http:\/\/kapitalis.com\/tunisie\/?p=201524"},"modified":"2019-03-08T12:59:04","modified_gmt":"2019-03-08T11:59:04","slug":"tunisie-le-deficit-commercial-seleve-a-2-4624-2-mois-de-2019","status":"publish","type":"post","link":"https:\/\/kapitalis.com\/tunisie\/2019\/03\/08\/tunisie-le-deficit-commercial-seleve-a-2-4624-2-mois-de-2019\/","title":{"rendered":"Tunisie : Le d\u00e9ficit commercial s\u2019\u00e9l\u00e8ve \u00e0 2.462,4 (2 mois de 2019)"},"content":{"rendered":"<p style=\"text-align: center;\"><img loading=\"lazy\" decoding=\"async\" class=\"alignnone size-full wp-image-17650\" src=\"http:\/\/kapitalis.com\/tunisie\/wp-content\/uploads\/2015\/10\/Exportations.jpg\" alt=\"\" width=\"626\" height=\"380\" \/><\/p>\n<p><em><strong>Suite \u00e0 la hausse du niveau des exportations (+16,7%) et des importations (+15,3%), aux prix courants, durant les deux mois de 2019, le d\u00e9ficit de la balance commerciale s\u2019est \u00e9tabli \u00e0 un niveau de 2.462,4 millions de dinars tunisiens (MDT) contre 2.215,3 MDT durant les deux mois de l\u2019ann\u00e9e 2018.<\/strong> <\/em><\/p>\n<p><!--more--><\/p>\n<p>Les r\u00e9sultats des \u00e9changes commerciaux de la Tunisie avec l\u2019ext\u00e9rieur aux prix courants durant les deux mois de l\u2019ann\u00e9e 2019 montrent que les exportations ont augment\u00e9 de 16,7% (+42,9% durant la m\u00eame p\u00e9riode de l\u2019ann\u00e9e 2018).<\/p>\n<p>Les exportations ont atteint le niveau de 7719,4 MDT contre 6.612,1 MDT durant les deux mois de l\u2019ann\u00e9e 2018.<\/p>\n<p>De m\u00eame, les importations ont enregistr\u00e9 une hausse de 15,3% (+23,7% durant la m\u00eame p\u00e9riode de l\u2019ann\u00e9e 2018). Les importations quant \u00e0 elles ont atteint la valeur de 10.181,8 MDT contre 8.827,4 MDT durant les deux mois de l\u2019ann\u00e9e 2018.<\/p>\n<p>Suite \u00e0 cette \u00e9volution au niveau des exportations (+16,7%) et des importations (+15,3%), le d\u00e9ficit s\u2019est \u00e9tabli \u00e0 un niveau de 2.462,4 MDT contre 2.215,3 MDT durant les deux mois de l\u2019ann\u00e9e 2018.<\/p>\n<p>Le taux de couverture a enregistr\u00e9 une augmentation de 0,9 points par rapport au deux mois de l\u2019ann\u00e9e 2018 pour s\u2019\u00e9tablir \u00e0 un taux de 75,8% contre 74,9%.<\/p>\n<p>La r\u00e9partition des \u00e9changes par r\u00e9gime montre une hausse des exportations sous le r\u00e9gime offshore de 17,6% contre +33,1% durant les deux mois de l\u2019ann\u00e9e 2018. Sous le m\u00eame r\u00e9gime les importations augmentent de 11,9% contre +42,5% durant la m\u00eame p\u00e9riode en 2018.<\/p>\n<p>Sous le r\u00e9gime g\u00e9n\u00e9ral, les exportations sont en hausse de 14,6% contre +74,2% durant les deux mois de l\u2019ann\u00e9e 2018. De m\u00eame, les importations augmentent de 17,1% contre +15,9% durant la m\u00eame p\u00e9riode en 2018.<\/p>\n<p>L\u2019augmentation observ\u00e9e au niveau de l\u2019exportation (+16,7%) durant les deux mois de l\u2019ann\u00e9e 2019 concerne la majorit\u00e9 des secteurs.<\/p>\n<p>En effet, des accroissements ont \u00e9t\u00e9 enregistr\u00e9es dans le secteur des mines, phosphates et d\u00e9riv\u00e9s de 69,5%, le secteur de l\u2019\u00e9nergie de 41,9%, le secteur des industries manufacturi\u00e8res de 35%, le secteur des industries m\u00e9caniques et \u00e9lectriques de 19,2%, et le secteur textile et habillement et cuirs de 15,1%.<\/p>\n<p>En revanche, le secteur de l\u2019agriculture et des industries agro-alimentaires a enregistr\u00e9 une baisse de 15,7%, suite \u00e0 la diminution de nos ventes en huiles d\u2019olives (288,6 MDT contre 544,8 MDT).<\/p>\n<p>L\u2019augmentation des importations de 15,3% est due \u00e0 la hausse observ\u00e9e au niveau des secteurs li\u00e9s \u00e0 la production et \u00e0 l\u2019investissement. En effet, nos acquisitions en biens d\u2019\u00e9quipement et mati\u00e8res premi\u00e8res et demi-produits ont enregistr\u00e9 des augmentations respectives de 19,9% et 11,7%.<\/p>\n<p>De m\u00eame nos importations en produits \u00e9nerg\u00e9tiques ont augment\u00e9 de 9%, sous l\u2019effet de la hausse de nos achats de gaz naturel (528,9 MDT contre 302,2 MDT).<\/p>\n<p>En revanche les importations ont diminu\u00e9 de 0,7% pour les produits agricoles et alimentaires de base et de 7,4% pour les mines, phosphates et d\u00e9riv\u00e9s.<\/p>\n<p>Les exportations tunisiennes vers l\u2019Union europ\u00e9enne (74,6% du total des exportations) ont augment\u00e9 de 16,9%.<\/p>\n<p>Cette \u00e9volution est expliqu\u00e9e, d\u2019une part, par la hausse de nos exportations vers certains partenaires europ\u00e9ens, tels que l\u2019Allemagne (+35,6%) et l\u2019Italie (+ 21,1%) et la France (+16,5). Par ailleurs, nos ventes sont en diminution avec d\u2019autres pays europ\u00e9ens notamment avec les Pays Bas (-21%) et l\u2019Espagne (-18,4%).<\/p>\n<p>Avec les pays arabes, les exportations ont augment\u00e9 avec la Libye de 82,6%, l\u2019Alg\u00e9rie de 39%, et le Maroc de 13,2%.<\/p>\n<p>Pour les importations, les \u00e9changes commerciaux des biens avec l\u2019Union europ\u00e9enne (52,4% du total des importations) ont enregistr\u00e9 une hausse de 6,6% pour s\u2019\u00e9tablir \u00e0 5.340,3 MDT. Les importations ont augment\u00e9 de 21,7% avec l\u2019Italie et de 5,7% avec la France.<\/p>\n<p>Le solde de la balance commerciale est d\u00e9ficitaire de 2.462,4 MDT suite au d\u00e9ficit enregistr\u00e9 avec certains pays, tel que la Chine (-940 MDT), la Turquie (-435,9 MDT), l\u2019Italie (423,6MD), l\u2019Alg\u00e9rie (-420,5 MDT), la Russie (-238,3 MDT).<\/p>\n<p>En revanche, le solde de la balance commerciale a enregistr\u00e9 un exc\u00e9dant avec d\u2019autres pays principalement avec notre premier partenaire la France de 943,6 MDT, la Libye de 218 MDT et le Maroc de 95,1 MDT.<\/p>\n<p>Selon le r\u00e9gime, les \u00e9changes commerciaux sont d\u00e9ficitaires sous le r\u00e9gime g\u00e9n\u00e9ral de 4.654 MDT (-3.935,2 MDT durant les deux mois 2018). En revanche, ils sont exc\u00e9dentaires sous le r\u00e9gime offshore de 2.191,6 MDT (+1.719,9 MDT durant les deux mois 2018).<\/p>\n<p>Hors \u00e9nergie, le d\u00e9ficit de la balance commerciale se r\u00e9duit \u00e0 1.735,9 MDT. Le d\u00e9ficit de la balance \u00e9nerg\u00e9tique s\u2019\u00e9tablit \u00e0 726,5 MDT (29,5% du total du d\u00e9ficit) contre 797,8 MDT durant la m\u00eame p\u00e9riode en 2018.<\/p>\n<p><em><strong>Source<\/strong><\/em> : Communiqu\u00e9.<\/p>\n","protected":false},"excerpt":{"rendered":"<p>Suite \u00e0 la hausse du niveau des exportations (+16,7%) et des importations (+15,3%), aux prix courants, durant les deux mois de 2019, le d\u00e9ficit de la balance commerciale s\u2019est \u00e9tabli \u00e0 un niveau de 2.462,4 millions de dinars tunisiens (MDT) contre 2.215,3 MDT durant les deux mois de l\u2019ann\u00e9e 2018.<\/p>\n","protected":false},"author":8,"featured_media":0,"comment_status":"open","ping_status":"open","sticky":false,"template":"","format":"standard","meta":{"footnotes":""},"categories":[995,2433],"tags":[3390,1874,8125,365,469],"class_list":["post-201524","post","type-post","status-publish","format-standard","hentry","category-economie","category-tunisie","tag-balance-commerciale","tag-deficit-commercial","tag-echanges-commerciaux","tag-exportations","tag-importations"],"yoast_head":"<!-- This site is optimized with the Yoast SEO plugin v26.6 - https:\/\/yoast.com\/wordpress\/plugins\/seo\/ -->\n<title>Tunisie : Le d\u00e9ficit commercial s\u2019\u00e9l\u00e8ve \u00e0 2.462,4 (2 mois de 2019) - Kapitalis<\/title>\n<meta name=\"robots\" content=\"index, follow, max-snippet:-1, max-image-preview:large, max-video-preview:-1\" \/>\n<link rel=\"canonical\" href=\"https:\/\/kapitalis.com\/tunisie\/2019\/03\/08\/tunisie-le-deficit-commercial-seleve-a-2-4624-2-mois-de-2019\/\" \/>\n<meta property=\"og:locale\" content=\"fr_FR\" \/>\n<meta property=\"og:type\" content=\"article\" \/>\n<meta property=\"og:title\" content=\"Tunisie : Le d\u00e9ficit commercial s\u2019\u00e9l\u00e8ve \u00e0 2.462,4 (2 mois de 2019) - Kapitalis\" \/>\n<meta property=\"og:description\" content=\"Suite \u00e0 la hausse du niveau des exportations (+16,7%) et des importations (+15,3%), aux prix courants, durant les deux mois de 2019, le d\u00e9ficit de la balance commerciale s\u2019est \u00e9tabli \u00e0 un niveau de 2.462,4 millions de dinars tunisiens (MDT) contre 2.215,3 MDT durant les deux mois de l\u2019ann\u00e9e 2018.\" \/>\n<meta property=\"og:url\" content=\"https:\/\/kapitalis.com\/tunisie\/2019\/03\/08\/tunisie-le-deficit-commercial-seleve-a-2-4624-2-mois-de-2019\/\" \/>\n<meta property=\"og:site_name\" content=\"Kapitalis\" \/>\n<meta property=\"article:publisher\" content=\"https:\/\/www.facebook.com\/KapitalisInfo\/\" \/>\n<meta property=\"article:published_time\" content=\"2019-03-08T11:59:04+00:00\" \/>\n<meta property=\"og:image\" content=\"http:\/\/kapitalis.com\/tunisie\/wp-content\/uploads\/2015\/10\/Exportations.jpg\" \/>\n<meta name=\"author\" content=\"webmaster kapitalis\" \/>\n<meta name=\"twitter:card\" content=\"summary_large_image\" \/>\n<meta name=\"twitter:creator\" content=\"@KapitalisInfo\" \/>\n<meta name=\"twitter:site\" content=\"@KapitalisInfo\" \/>\n<meta name=\"twitter:label1\" content=\"\u00c9crit par\" \/>\n\t<meta name=\"twitter:data1\" content=\"webmaster kapitalis\" \/>\n\t<meta name=\"twitter:label2\" content=\"Dur\u00e9e de lecture estim\u00e9e\" \/>\n\t<meta name=\"twitter:data2\" content=\"4 minutes\" \/>\n<script type=\"application\/ld+json\" class=\"yoast-schema-graph\">{\"@context\":\"https:\/\/schema.org\",\"@graph\":[{\"@type\":\"Article\",\"@id\":\"https:\/\/kapitalis.com\/tunisie\/2019\/03\/08\/tunisie-le-deficit-commercial-seleve-a-2-4624-2-mois-de-2019\/#article\",\"isPartOf\":{\"@id\":\"https:\/\/kapitalis.com\/tunisie\/2019\/03\/08\/tunisie-le-deficit-commercial-seleve-a-2-4624-2-mois-de-2019\/\"},\"author\":{\"name\":\"webmaster kapitalis\",\"@id\":\"https:\/\/kapitalis.com\/tunisie\/#\/schema\/person\/d71f33a9ca44f7bad4698210b480c8e9\"},\"headline\":\"Tunisie : Le d\u00e9ficit commercial s\u2019\u00e9l\u00e8ve \u00e0 2.462,4 (2 mois de 2019)\",\"datePublished\":\"2019-03-08T11:59:04+00:00\",\"mainEntityOfPage\":{\"@id\":\"https:\/\/kapitalis.com\/tunisie\/2019\/03\/08\/tunisie-le-deficit-commercial-seleve-a-2-4624-2-mois-de-2019\/\"},\"wordCount\":776,\"commentCount\":0,\"publisher\":{\"@id\":\"https:\/\/kapitalis.com\/tunisie\/#organization\"},\"image\":{\"@id\":\"https:\/\/kapitalis.com\/tunisie\/2019\/03\/08\/tunisie-le-deficit-commercial-seleve-a-2-4624-2-mois-de-2019\/#primaryimage\"},\"thumbnailUrl\":\"http:\/\/kapitalis.com\/tunisie\/wp-content\/uploads\/2015\/10\/Exportations.jpg\",\"keywords\":[\"balance commerciale\",\"d\u00e9ficit commercial\",\"\u00e9changes commerciaux\",\"exportations\",\"importations\"],\"articleSection\":[\"ECONOMIE\",\"Tunisie\"],\"inLanguage\":\"fr-FR\",\"potentialAction\":[{\"@type\":\"CommentAction\",\"name\":\"Comment\",\"target\":[\"https:\/\/kapitalis.com\/tunisie\/2019\/03\/08\/tunisie-le-deficit-commercial-seleve-a-2-4624-2-mois-de-2019\/#respond\"]}]},{\"@type\":\"WebPage\",\"@id\":\"https:\/\/kapitalis.com\/tunisie\/2019\/03\/08\/tunisie-le-deficit-commercial-seleve-a-2-4624-2-mois-de-2019\/\",\"url\":\"https:\/\/kapitalis.com\/tunisie\/2019\/03\/08\/tunisie-le-deficit-commercial-seleve-a-2-4624-2-mois-de-2019\/\",\"name\":\"Tunisie : Le d\u00e9ficit commercial s\u2019\u00e9l\u00e8ve \u00e0 2.462,4 (2 mois de 2019) - Kapitalis\",\"isPartOf\":{\"@id\":\"https:\/\/kapitalis.com\/tunisie\/#website\"},\"primaryImageOfPage\":{\"@id\":\"https:\/\/kapitalis.com\/tunisie\/2019\/03\/08\/tunisie-le-deficit-commercial-seleve-a-2-4624-2-mois-de-2019\/#primaryimage\"},\"image\":{\"@id\":\"https:\/\/kapitalis.com\/tunisie\/2019\/03\/08\/tunisie-le-deficit-commercial-seleve-a-2-4624-2-mois-de-2019\/#primaryimage\"},\"thumbnailUrl\":\"http:\/\/kapitalis.com\/tunisie\/wp-content\/uploads\/2015\/10\/Exportations.jpg\",\"datePublished\":\"2019-03-08T11:59:04+00:00\",\"breadcrumb\":{\"@id\":\"https:\/\/kapitalis.com\/tunisie\/2019\/03\/08\/tunisie-le-deficit-commercial-seleve-a-2-4624-2-mois-de-2019\/#breadcrumb\"},\"inLanguage\":\"fr-FR\",\"potentialAction\":[{\"@type\":\"ReadAction\",\"target\":[\"https:\/\/kapitalis.com\/tunisie\/2019\/03\/08\/tunisie-le-deficit-commercial-seleve-a-2-4624-2-mois-de-2019\/\"]}]},{\"@type\":\"ImageObject\",\"inLanguage\":\"fr-FR\",\"@id\":\"https:\/\/kapitalis.com\/tunisie\/2019\/03\/08\/tunisie-le-deficit-commercial-seleve-a-2-4624-2-mois-de-2019\/#primaryimage\",\"url\":\"http:\/\/kapitalis.com\/tunisie\/wp-content\/uploads\/2015\/10\/Exportations.jpg\",\"contentUrl\":\"http:\/\/kapitalis.com\/tunisie\/wp-content\/uploads\/2015\/10\/Exportations.jpg\"},{\"@type\":\"BreadcrumbList\",\"@id\":\"https:\/\/kapitalis.com\/tunisie\/2019\/03\/08\/tunisie-le-deficit-commercial-seleve-a-2-4624-2-mois-de-2019\/#breadcrumb\",\"itemListElement\":[{\"@type\":\"ListItem\",\"position\":1,\"name\":\"Accueil\",\"item\":\"https:\/\/kapitalis.com\/tunisie\/\"},{\"@type\":\"ListItem\",\"position\":2,\"name\":\"Tunisie : Le d\u00e9ficit commercial s\u2019\u00e9l\u00e8ve \u00e0 2.462,4 (2 mois de 2019)\"}]},{\"@type\":\"WebSite\",\"@id\":\"https:\/\/kapitalis.com\/tunisie\/#website\",\"url\":\"https:\/\/kapitalis.com\/tunisie\/\",\"name\":\"Kapitalis\",\"description\":\"L&#039;actualit\u00e9 en Tunisie et dans le monde\",\"publisher\":{\"@id\":\"https:\/\/kapitalis.com\/tunisie\/#organization\"},\"potentialAction\":[{\"@type\":\"SearchAction\",\"target\":{\"@type\":\"EntryPoint\",\"urlTemplate\":\"https:\/\/kapitalis.com\/tunisie\/?s={search_term_string}\"},\"query-input\":{\"@type\":\"PropertyValueSpecification\",\"valueRequired\":true,\"valueName\":\"search_term_string\"}}],\"inLanguage\":\"fr-FR\"},{\"@type\":\"Organization\",\"@id\":\"https:\/\/kapitalis.com\/tunisie\/#organization\",\"name\":\"Kapitalis\",\"url\":\"https:\/\/kapitalis.com\/tunisie\/\",\"logo\":{\"@type\":\"ImageObject\",\"inLanguage\":\"fr-FR\",\"@id\":\"https:\/\/kapitalis.com\/tunisie\/#\/schema\/logo\/image\/\",\"url\":\"https:\/\/kapitalis.com\/tunisie\/wp-content\/uploads\/2022\/05\/Kapitalis-big-size.png\",\"contentUrl\":\"https:\/\/kapitalis.com\/tunisie\/wp-content\/uploads\/2022\/05\/Kapitalis-big-size.png\",\"width\":5000,\"height\":1500,\"caption\":\"Kapitalis\"},\"image\":{\"@id\":\"https:\/\/kapitalis.com\/tunisie\/#\/schema\/logo\/image\/\"},\"sameAs\":[\"https:\/\/www.facebook.com\/KapitalisInfo\/\",\"https:\/\/x.com\/KapitalisInfo\",\"https:\/\/www.youtube.com\/channel\/UC-yDYrHyfFBWWZaOw3FPg9Q\"]},{\"@type\":\"Person\",\"@id\":\"https:\/\/kapitalis.com\/tunisie\/#\/schema\/person\/d71f33a9ca44f7bad4698210b480c8e9\",\"name\":\"webmaster kapitalis\",\"url\":\"https:\/\/kapitalis.com\/tunisie\/author\/webmaster-kapitalis\/\"}]}<\/script>\n<!-- \/ Yoast SEO plugin. -->","yoast_head_json":{"title":"Tunisie : Le d\u00e9ficit commercial s\u2019\u00e9l\u00e8ve \u00e0 2.462,4 (2 mois de 2019) - Kapitalis","robots":{"index":"index","follow":"follow","max-snippet":"max-snippet:-1","max-image-preview":"max-image-preview:large","max-video-preview":"max-video-preview:-1"},"canonical":"https:\/\/kapitalis.com\/tunisie\/2019\/03\/08\/tunisie-le-deficit-commercial-seleve-a-2-4624-2-mois-de-2019\/","og_locale":"fr_FR","og_type":"article","og_title":"Tunisie : Le d\u00e9ficit commercial s\u2019\u00e9l\u00e8ve \u00e0 2.462,4 (2 mois de 2019) - Kapitalis","og_description":"Suite \u00e0 la hausse du niveau des exportations (+16,7%) et des importations (+15,3%), aux prix courants, durant les deux mois de 2019, le d\u00e9ficit de la balance commerciale s\u2019est \u00e9tabli \u00e0 un niveau de 2.462,4 millions de dinars tunisiens (MDT) contre 2.215,3 MDT durant les deux mois de l\u2019ann\u00e9e 2018.","og_url":"https:\/\/kapitalis.com\/tunisie\/2019\/03\/08\/tunisie-le-deficit-commercial-seleve-a-2-4624-2-mois-de-2019\/","og_site_name":"Kapitalis","article_publisher":"https:\/\/www.facebook.com\/KapitalisInfo\/","article_published_time":"2019-03-08T11:59:04+00:00","og_image":[{"url":"http:\/\/kapitalis.com\/tunisie\/wp-content\/uploads\/2015\/10\/Exportations.jpg","type":"","width":"","height":""}],"author":"webmaster kapitalis","twitter_card":"summary_large_image","twitter_creator":"@KapitalisInfo","twitter_site":"@KapitalisInfo","twitter_misc":{"\u00c9crit par":"webmaster kapitalis","Dur\u00e9e de lecture estim\u00e9e":"4 minutes"},"schema":{"@context":"https:\/\/schema.org","@graph":[{"@type":"Article","@id":"https:\/\/kapitalis.com\/tunisie\/2019\/03\/08\/tunisie-le-deficit-commercial-seleve-a-2-4624-2-mois-de-2019\/#article","isPartOf":{"@id":"https:\/\/kapitalis.com\/tunisie\/2019\/03\/08\/tunisie-le-deficit-commercial-seleve-a-2-4624-2-mois-de-2019\/"},"author":{"name":"webmaster kapitalis","@id":"https:\/\/kapitalis.com\/tunisie\/#\/schema\/person\/d71f33a9ca44f7bad4698210b480c8e9"},"headline":"Tunisie : Le d\u00e9ficit commercial s\u2019\u00e9l\u00e8ve \u00e0 2.462,4 (2 mois de 2019)","datePublished":"2019-03-08T11:59:04+00:00","mainEntityOfPage":{"@id":"https:\/\/kapitalis.com\/tunisie\/2019\/03\/08\/tunisie-le-deficit-commercial-seleve-a-2-4624-2-mois-de-2019\/"},"wordCount":776,"commentCount":0,"publisher":{"@id":"https:\/\/kapitalis.com\/tunisie\/#organization"},"image":{"@id":"https:\/\/kapitalis.com\/tunisie\/2019\/03\/08\/tunisie-le-deficit-commercial-seleve-a-2-4624-2-mois-de-2019\/#primaryimage"},"thumbnailUrl":"http:\/\/kapitalis.com\/tunisie\/wp-content\/uploads\/2015\/10\/Exportations.jpg","keywords":["balance commerciale","d\u00e9ficit commercial","\u00e9changes commerciaux","exportations","importations"],"articleSection":["ECONOMIE","Tunisie"],"inLanguage":"fr-FR","potentialAction":[{"@type":"CommentAction","name":"Comment","target":["https:\/\/kapitalis.com\/tunisie\/2019\/03\/08\/tunisie-le-deficit-commercial-seleve-a-2-4624-2-mois-de-2019\/#respond"]}]},{"@type":"WebPage","@id":"https:\/\/kapitalis.com\/tunisie\/2019\/03\/08\/tunisie-le-deficit-commercial-seleve-a-2-4624-2-mois-de-2019\/","url":"https:\/\/kapitalis.com\/tunisie\/2019\/03\/08\/tunisie-le-deficit-commercial-seleve-a-2-4624-2-mois-de-2019\/","name":"Tunisie : Le d\u00e9ficit commercial s\u2019\u00e9l\u00e8ve \u00e0 2.462,4 (2 mois de 2019) - Kapitalis","isPartOf":{"@id":"https:\/\/kapitalis.com\/tunisie\/#website"},"primaryImageOfPage":{"@id":"https:\/\/kapitalis.com\/tunisie\/2019\/03\/08\/tunisie-le-deficit-commercial-seleve-a-2-4624-2-mois-de-2019\/#primaryimage"},"image":{"@id":"https:\/\/kapitalis.com\/tunisie\/2019\/03\/08\/tunisie-le-deficit-commercial-seleve-a-2-4624-2-mois-de-2019\/#primaryimage"},"thumbnailUrl":"http:\/\/kapitalis.com\/tunisie\/wp-content\/uploads\/2015\/10\/Exportations.jpg","datePublished":"2019-03-08T11:59:04+00:00","breadcrumb":{"@id":"https:\/\/kapitalis.com\/tunisie\/2019\/03\/08\/tunisie-le-deficit-commercial-seleve-a-2-4624-2-mois-de-2019\/#breadcrumb"},"inLanguage":"fr-FR","potentialAction":[{"@type":"ReadAction","target":["https:\/\/kapitalis.com\/tunisie\/2019\/03\/08\/tunisie-le-deficit-commercial-seleve-a-2-4624-2-mois-de-2019\/"]}]},{"@type":"ImageObject","inLanguage":"fr-FR","@id":"https:\/\/kapitalis.com\/tunisie\/2019\/03\/08\/tunisie-le-deficit-commercial-seleve-a-2-4624-2-mois-de-2019\/#primaryimage","url":"http:\/\/kapitalis.com\/tunisie\/wp-content\/uploads\/2015\/10\/Exportations.jpg","contentUrl":"http:\/\/kapitalis.com\/tunisie\/wp-content\/uploads\/2015\/10\/Exportations.jpg"},{"@type":"BreadcrumbList","@id":"https:\/\/kapitalis.com\/tunisie\/2019\/03\/08\/tunisie-le-deficit-commercial-seleve-a-2-4624-2-mois-de-2019\/#breadcrumb","itemListElement":[{"@type":"ListItem","position":1,"name":"Accueil","item":"https:\/\/kapitalis.com\/tunisie\/"},{"@type":"ListItem","position":2,"name":"Tunisie : Le d\u00e9ficit commercial s\u2019\u00e9l\u00e8ve \u00e0 2.462,4 (2 mois de 2019)"}]},{"@type":"WebSite","@id":"https:\/\/kapitalis.com\/tunisie\/#website","url":"https:\/\/kapitalis.com\/tunisie\/","name":"Kapitalis","description":"L&#039;actualit\u00e9 en Tunisie et dans le monde","publisher":{"@id":"https:\/\/kapitalis.com\/tunisie\/#organization"},"potentialAction":[{"@type":"SearchAction","target":{"@type":"EntryPoint","urlTemplate":"https:\/\/kapitalis.com\/tunisie\/?s={search_term_string}"},"query-input":{"@type":"PropertyValueSpecification","valueRequired":true,"valueName":"search_term_string"}}],"inLanguage":"fr-FR"},{"@type":"Organization","@id":"https:\/\/kapitalis.com\/tunisie\/#organization","name":"Kapitalis","url":"https:\/\/kapitalis.com\/tunisie\/","logo":{"@type":"ImageObject","inLanguage":"fr-FR","@id":"https:\/\/kapitalis.com\/tunisie\/#\/schema\/logo\/image\/","url":"https:\/\/kapitalis.com\/tunisie\/wp-content\/uploads\/2022\/05\/Kapitalis-big-size.png","contentUrl":"https:\/\/kapitalis.com\/tunisie\/wp-content\/uploads\/2022\/05\/Kapitalis-big-size.png","width":5000,"height":1500,"caption":"Kapitalis"},"image":{"@id":"https:\/\/kapitalis.com\/tunisie\/#\/schema\/logo\/image\/"},"sameAs":["https:\/\/www.facebook.com\/KapitalisInfo\/","https:\/\/x.com\/KapitalisInfo","https:\/\/www.youtube.com\/channel\/UC-yDYrHyfFBWWZaOw3FPg9Q"]},{"@type":"Person","@id":"https:\/\/kapitalis.com\/tunisie\/#\/schema\/person\/d71f33a9ca44f7bad4698210b480c8e9","name":"webmaster kapitalis","url":"https:\/\/kapitalis.com\/tunisie\/author\/webmaster-kapitalis\/"}]}},"_links":{"self":[{"href":"https:\/\/kapitalis.com\/tunisie\/wp-json\/wp\/v2\/posts\/201524","targetHints":{"allow":["GET"]}}],"collection":[{"href":"https:\/\/kapitalis.com\/tunisie\/wp-json\/wp\/v2\/posts"}],"about":[{"href":"https:\/\/kapitalis.com\/tunisie\/wp-json\/wp\/v2\/types\/post"}],"author":[{"embeddable":true,"href":"https:\/\/kapitalis.com\/tunisie\/wp-json\/wp\/v2\/users\/8"}],"replies":[{"embeddable":true,"href":"https:\/\/kapitalis.com\/tunisie\/wp-json\/wp\/v2\/comments?post=201524"}],"version-history":[{"count":0,"href":"https:\/\/kapitalis.com\/tunisie\/wp-json\/wp\/v2\/posts\/201524\/revisions"}],"wp:attachment":[{"href":"https:\/\/kapitalis.com\/tunisie\/wp-json\/wp\/v2\/media?parent=201524"}],"wp:term":[{"taxonomy":"category","embeddable":true,"href":"https:\/\/kapitalis.com\/tunisie\/wp-json\/wp\/v2\/categories?post=201524"},{"taxonomy":"post_tag","embeddable":true,"href":"https:\/\/kapitalis.com\/tunisie\/wp-json\/wp\/v2\/tags?post=201524"}],"curies":[{"name":"wp","href":"https:\/\/api.w.org\/{rel}","templated":true}]}}