{"id":201530,"date":"2019-03-08T13:57:53","date_gmt":"2019-03-08T12:57:53","guid":{"rendered":"http:\/\/kapitalis.com\/tunisie\/?p=201530"},"modified":"2019-03-08T13:57:53","modified_gmt":"2019-03-08T12:57:53","slug":"officiel-prolongation-du-conge-de-maternite-en-tunisie","status":"publish","type":"post","link":"https:\/\/kapitalis.com\/tunisie\/2019\/03\/08\/officiel-prolongation-du-conge-de-maternite-en-tunisie\/","title":{"rendered":"Officiel : Prolongation du cong\u00e9 de maternit\u00e9 en Tunisie"},"content":{"rendered":"<p style=\"text-align: center;\"><img loading=\"lazy\" decoding=\"async\" class=\"alignnone size-full wp-image-201541\" src=\"http:\/\/kapitalis.com\/tunisie\/wp-content\/uploads\/2019\/03\/Chahed-Conseil-ministeriel-8-mars-femme.jpg\" alt=\"\" width=\"626\" height=\"380\" \/><\/p>\n<p style=\"text-align: center;\"><em>Un conseil des ministres consacr\u00e9 \u00e0 la femme presqu&rsquo;exclusivement masculin.<\/em><\/p>\n<p><em><strong>Un conseil minist\u00e9riel pr\u00e9sid\u00e9 par le chef du gouvernement Youssef Chahed, tenu aujourd\u2019hui, vendredi 8 mars 2019, \u00e0 la Kasbah, \u00e0 l&rsquo;occasion de la Journ\u00e9e internationale de la Femme, a annonc\u00e9 la prolongation du cong\u00e9 de maternit\u00e9.<\/strong><\/em><!--more--><\/p>\n<p>Apr\u00e8s leur accouchement, les femmes b\u00e9n\u00e9ficieront d\u00e9sormais de 3 mois de cong\u00e9 de maternit\u00e9 au lieu de 2\u00a0jusque l\u00e0. Elle b\u00e9n\u00e9ficiera aussi\u00a0d&rsquo;un cong\u00e9 pr\u00e9natal allant de 15 \u00e0 30 jours. C&rsquo;est ce\u00a0qu&rsquo;a\u00a0annonc\u00e9 le chef du gouvernement \u00e0 l&rsquo;issue du conseil minist\u00e9riel.<\/p>\n<p>On est certes loin des 8 mois propos\u00e9s,\u00a0en d\u00e9cembre 2018, par la Commission nationale charg\u00e9e du projet de loi des cong\u00e9s de maternit\u00e9 et de paternit\u00e9, mais c\u2019est un pas qui devrait r\u00e9jouir les futures mamans.<\/p>\n<p>Le conseil municipal a \u00e9galement annonc\u00e9 d\u2019autres mesures en faveur de la femme, d\u00e9cid\u00e9es \u00e0 l\u2019occasion de la f\u00eate qui leur est d\u00e9di\u00e9e, notamment pour les ouvri\u00e8res agricoles qui, gr\u00e2ce au lancement du programme <em>\u00ab\u00a0A7mini\u00a0\u00bb<\/em> (Prot\u00e8ge-moi), vont pouvoir b\u00e9n\u00e9ficier de couverture sociale avec acc\u00e8s gratuit aux soins et pension de retraite.<\/p>\n<p>Le probl\u00e8me de transport des femmes agricoles, parfois victimes d\u2019accidents de la route, sera r\u00e9gl\u00e9 gr\u00e2ce \u00e0 la mise en place d\u2019un syst\u00e8me de transport s\u00e9curis\u00e9\u00a0: \u00ab<em>Elles rejoindront leur lieu de travail en toute s\u00e9curit\u00e9 et en toute dignit\u00e9<\/em>\u00bb, a insist\u00e9 le chef du gouvernement.<\/p>\n<p>On esp\u00e8re que, cette fois-ci, on d\u00e9passera l&rsquo;effet d&rsquo;annonce auquel on s&rsquo;est habitu\u00e9 tous les 8 mars de chaque ann\u00e9e ou encore le 13 ao\u00fbt, correspondant \u00e0 f\u00eate nationale de la femme, en Tunisie.<\/p>\n<p>Le conseil minist\u00e9riel a \u00e9galement annonc\u00e9 l\u2019amendement de la loi sur le Code de la nationalit\u00e9 tunisienne, pour accorder la nationalit\u00e9 tunisienne aux enfants n\u00e9s \u00e0 l\u2019\u00e9tranger, de m\u00e8re tunisienne et de p\u00e8re \u00e9tranger, et qui, jusque-l\u00e0, ne pouvaient l&rsquo;obtenir.<\/p>\n<p style=\"text-align: right;\"><strong>Y. N.<\/strong><\/p>\n<blockquote class=\"wp-embedded-content\" data-secret=\"EEflMb5xLl\"><p><a href=\"https:\/\/kapitalis.com\/tunisie\/2018\/12\/13\/tunisie-le-conges-de-maternite-pourrait-atteindre-jusqua-8-mois\/\">Tunisie : Le cong\u00e9 de maternit\u00e9 pourrait atteindre jusqu&rsquo;\u00e0 8 mois<\/a><\/p><\/blockquote>\n<p><iframe loading=\"lazy\" class=\"wp-embedded-content\" sandbox=\"allow-scripts\" security=\"restricted\" style=\"position: absolute; clip: rect(1px, 1px, 1px, 1px);\" title=\"\u00ab\u00a0Tunisie : Le cong\u00e9 de maternit\u00e9 pourrait atteindre jusqu&rsquo;\u00e0 8 mois\u00a0\u00bb &#8212; Kapitalis\" src=\"https:\/\/kapitalis.com\/tunisie\/2018\/12\/13\/tunisie-le-conges-de-maternite-pourrait-atteindre-jusqua-8-mois\/embed\/#?secret=l6frfNShCI#?secret=EEflMb5xLl\" data-secret=\"EEflMb5xLl\" width=\"600\" height=\"338\" frameborder=\"0\" marginwidth=\"0\" marginheight=\"0\" scrolling=\"no\"><\/iframe><\/p>\n<blockquote class=\"wp-embedded-content\" data-secret=\"3QFcXTiEIS\"><p><a href=\"https:\/\/kapitalis.com\/tunisie\/2017\/08\/14\/vers-lamelioration-des-conditions-de-transport-des-ouvrieres-agricoles\/\">Vers l\u2019am\u00e9lioration des conditions de transport des ouvri\u00e8res agricoles<\/a><\/p><\/blockquote>\n<p><iframe loading=\"lazy\" class=\"wp-embedded-content\" sandbox=\"allow-scripts\" security=\"restricted\" style=\"position: absolute; clip: rect(1px, 1px, 1px, 1px);\" title=\"\u00ab\u00a0Vers l\u2019am\u00e9lioration des conditions de transport des ouvri\u00e8res agricoles\u00a0\u00bb &#8212; Kapitalis\" src=\"https:\/\/kapitalis.com\/tunisie\/2017\/08\/14\/vers-lamelioration-des-conditions-de-transport-des-ouvrieres-agricoles\/embed\/#?secret=5fCh58gFMh#?secret=3QFcXTiEIS\" data-secret=\"3QFcXTiEIS\" width=\"600\" height=\"338\" frameborder=\"0\" marginwidth=\"0\" marginheight=\"0\" scrolling=\"no\"><\/iframe><\/p>\n","protected":false},"excerpt":{"rendered":"<p>Un conseil des ministres consacr\u00e9 \u00e0 la femme presqu&rsquo;exclusivement masculin. Un conseil minist\u00e9riel pr\u00e9sid\u00e9 par le chef du gouvernement Youssef Chahed, tenu aujourd\u2019hui, vendredi 8 mars 2019, \u00e0 la Kasbah, \u00e0 l&rsquo;occasion de la Journ\u00e9e internationale de la Femme, a annonc\u00e9 la prolongation du cong\u00e9 de maternit\u00e9.<\/p>\n","protected":false},"author":6,"featured_media":201541,"comment_status":"open","ping_status":"open","sticky":false,"template":"","format":"standard","meta":{"footnotes":""},"categories":[998,2433],"tags":[1289,12901,3679],"class_list":["post-201530","post","type-post","status-publish","format-standard","has-post-thumbnail","hentry","category-societe","category-tunisie","tag-femme","tag-femmes-rurales","tag-fete"],"yoast_head":"<!-- This site is optimized with the Yoast SEO plugin v26.6 - https:\/\/yoast.com\/wordpress\/plugins\/seo\/ -->\n<title>Officiel : Prolongation du cong\u00e9 de maternit\u00e9 en Tunisie - Kapitalis<\/title>\n<meta name=\"robots\" content=\"index, follow, max-snippet:-1, max-image-preview:large, max-video-preview:-1\" \/>\n<link rel=\"canonical\" href=\"https:\/\/kapitalis.com\/tunisie\/2019\/03\/08\/officiel-prolongation-du-conge-de-maternite-en-tunisie\/\" \/>\n<meta property=\"og:locale\" content=\"fr_FR\" \/>\n<meta property=\"og:type\" content=\"article\" \/>\n<meta property=\"og:title\" content=\"Officiel : Prolongation du cong\u00e9 de maternit\u00e9 en Tunisie - Kapitalis\" \/>\n<meta property=\"og:description\" content=\"Un conseil des ministres consacr\u00e9 \u00e0 la femme presqu&rsquo;exclusivement masculin. Un conseil minist\u00e9riel pr\u00e9sid\u00e9 par le chef du gouvernement Youssef Chahed, tenu aujourd\u2019hui, vendredi 8 mars 2019, \u00e0 la Kasbah, \u00e0 l&rsquo;occasion de la Journ\u00e9e internationale de la Femme, a annonc\u00e9 la prolongation du cong\u00e9 de maternit\u00e9.\" \/>\n<meta property=\"og:url\" content=\"https:\/\/kapitalis.com\/tunisie\/2019\/03\/08\/officiel-prolongation-du-conge-de-maternite-en-tunisie\/\" \/>\n<meta property=\"og:site_name\" content=\"Kapitalis\" \/>\n<meta property=\"article:publisher\" content=\"https:\/\/www.facebook.com\/KapitalisInfo\/\" \/>\n<meta property=\"article:published_time\" content=\"2019-03-08T12:57:53+00:00\" \/>\n<meta property=\"og:image\" content=\"https:\/\/kapitalis.com\/tunisie\/wp-content\/uploads\/2022\/05\/kapitalis-logo-fb.png\" \/>\n\t<meta property=\"og:image:width\" content=\"1200\" \/>\n\t<meta property=\"og:image:height\" content=\"630\" \/>\n\t<meta property=\"og:image:type\" content=\"image\/png\" \/>\n<meta name=\"author\" content=\"Yusra NY\" \/>\n<meta name=\"twitter:card\" content=\"summary_large_image\" \/>\n<meta name=\"twitter:creator\" content=\"@KapitalisInfo\" \/>\n<meta name=\"twitter:site\" content=\"@KapitalisInfo\" \/>\n<meta name=\"twitter:label1\" content=\"\u00c9crit par\" \/>\n\t<meta name=\"twitter:data1\" content=\"Yusra NY\" \/>\n\t<meta name=\"twitter:label2\" content=\"Dur\u00e9e de lecture estim\u00e9e\" \/>\n\t<meta name=\"twitter:data2\" content=\"2 minutes\" \/>\n<script type=\"application\/ld+json\" class=\"yoast-schema-graph\">{\"@context\":\"https:\/\/schema.org\",\"@graph\":[{\"@type\":\"Article\",\"@id\":\"https:\/\/kapitalis.com\/tunisie\/2019\/03\/08\/officiel-prolongation-du-conge-de-maternite-en-tunisie\/#article\",\"isPartOf\":{\"@id\":\"https:\/\/kapitalis.com\/tunisie\/2019\/03\/08\/officiel-prolongation-du-conge-de-maternite-en-tunisie\/\"},\"author\":{\"name\":\"Yusra NY\",\"@id\":\"https:\/\/kapitalis.com\/tunisie\/#\/schema\/person\/74bbde0154d49d790a92aaeac5bc01d5\"},\"headline\":\"Officiel : Prolongation du cong\u00e9 de maternit\u00e9 en Tunisie\",\"datePublished\":\"2019-03-08T12:57:53+00:00\",\"mainEntityOfPage\":{\"@id\":\"https:\/\/kapitalis.com\/tunisie\/2019\/03\/08\/officiel-prolongation-du-conge-de-maternite-en-tunisie\/\"},\"wordCount\":352,\"commentCount\":8,\"publisher\":{\"@id\":\"https:\/\/kapitalis.com\/tunisie\/#organization\"},\"image\":{\"@id\":\"https:\/\/kapitalis.com\/tunisie\/2019\/03\/08\/officiel-prolongation-du-conge-de-maternite-en-tunisie\/#primaryimage\"},\"thumbnailUrl\":\"\",\"keywords\":[\"femme\",\"femmes rurales\",\"f\u00eate\"],\"articleSection\":[\"SOCIETE\",\"Tunisie\"],\"inLanguage\":\"fr-FR\",\"potentialAction\":[{\"@type\":\"CommentAction\",\"name\":\"Comment\",\"target\":[\"https:\/\/kapitalis.com\/tunisie\/2019\/03\/08\/officiel-prolongation-du-conge-de-maternite-en-tunisie\/#respond\"]}]},{\"@type\":\"WebPage\",\"@id\":\"https:\/\/kapitalis.com\/tunisie\/2019\/03\/08\/officiel-prolongation-du-conge-de-maternite-en-tunisie\/\",\"url\":\"https:\/\/kapitalis.com\/tunisie\/2019\/03\/08\/officiel-prolongation-du-conge-de-maternite-en-tunisie\/\",\"name\":\"Officiel : Prolongation du cong\u00e9 de maternit\u00e9 en Tunisie - Kapitalis\",\"isPartOf\":{\"@id\":\"https:\/\/kapitalis.com\/tunisie\/#website\"},\"primaryImageOfPage\":{\"@id\":\"https:\/\/kapitalis.com\/tunisie\/2019\/03\/08\/officiel-prolongation-du-conge-de-maternite-en-tunisie\/#primaryimage\"},\"image\":{\"@id\":\"https:\/\/kapitalis.com\/tunisie\/2019\/03\/08\/officiel-prolongation-du-conge-de-maternite-en-tunisie\/#primaryimage\"},\"thumbnailUrl\":\"\",\"datePublished\":\"2019-03-08T12:57:53+00:00\",\"breadcrumb\":{\"@id\":\"https:\/\/kapitalis.com\/tunisie\/2019\/03\/08\/officiel-prolongation-du-conge-de-maternite-en-tunisie\/#breadcrumb\"},\"inLanguage\":\"fr-FR\",\"potentialAction\":[{\"@type\":\"ReadAction\",\"target\":[\"https:\/\/kapitalis.com\/tunisie\/2019\/03\/08\/officiel-prolongation-du-conge-de-maternite-en-tunisie\/\"]}]},{\"@type\":\"ImageObject\",\"inLanguage\":\"fr-FR\",\"@id\":\"https:\/\/kapitalis.com\/tunisie\/2019\/03\/08\/officiel-prolongation-du-conge-de-maternite-en-tunisie\/#primaryimage\",\"url\":\"\",\"contentUrl\":\"\"},{\"@type\":\"BreadcrumbList\",\"@id\":\"https:\/\/kapitalis.com\/tunisie\/2019\/03\/08\/officiel-prolongation-du-conge-de-maternite-en-tunisie\/#breadcrumb\",\"itemListElement\":[{\"@type\":\"ListItem\",\"position\":1,\"name\":\"Accueil\",\"item\":\"https:\/\/kapitalis.com\/tunisie\/\"},{\"@type\":\"ListItem\",\"position\":2,\"name\":\"Officiel : Prolongation du cong\u00e9 de maternit\u00e9 en Tunisie\"}]},{\"@type\":\"WebSite\",\"@id\":\"https:\/\/kapitalis.com\/tunisie\/#website\",\"url\":\"https:\/\/kapitalis.com\/tunisie\/\",\"name\":\"Kapitalis\",\"description\":\"L&#039;actualit\u00e9 en Tunisie et dans le monde\",\"publisher\":{\"@id\":\"https:\/\/kapitalis.com\/tunisie\/#organization\"},\"potentialAction\":[{\"@type\":\"SearchAction\",\"target\":{\"@type\":\"EntryPoint\",\"urlTemplate\":\"https:\/\/kapitalis.com\/tunisie\/?s={search_term_string}\"},\"query-input\":{\"@type\":\"PropertyValueSpecification\",\"valueRequired\":true,\"valueName\":\"search_term_string\"}}],\"inLanguage\":\"fr-FR\"},{\"@type\":\"Organization\",\"@id\":\"https:\/\/kapitalis.com\/tunisie\/#organization\",\"name\":\"Kapitalis\",\"url\":\"https:\/\/kapitalis.com\/tunisie\/\",\"logo\":{\"@type\":\"ImageObject\",\"inLanguage\":\"fr-FR\",\"@id\":\"https:\/\/kapitalis.com\/tunisie\/#\/schema\/logo\/image\/\",\"url\":\"https:\/\/kapitalis.com\/tunisie\/wp-content\/uploads\/2022\/05\/Kapitalis-big-size.png\",\"contentUrl\":\"https:\/\/kapitalis.com\/tunisie\/wp-content\/uploads\/2022\/05\/Kapitalis-big-size.png\",\"width\":5000,\"height\":1500,\"caption\":\"Kapitalis\"},\"image\":{\"@id\":\"https:\/\/kapitalis.com\/tunisie\/#\/schema\/logo\/image\/\"},\"sameAs\":[\"https:\/\/www.facebook.com\/KapitalisInfo\/\",\"https:\/\/x.com\/KapitalisInfo\",\"https:\/\/www.youtube.com\/channel\/UC-yDYrHyfFBWWZaOw3FPg9Q\"]},{\"@type\":\"Person\",\"@id\":\"https:\/\/kapitalis.com\/tunisie\/#\/schema\/person\/74bbde0154d49d790a92aaeac5bc01d5\",\"name\":\"Yusra NY\",\"url\":\"https:\/\/kapitalis.com\/tunisie\/author\/yuza_adam\/\"}]}<\/script>\n<!-- \/ Yoast SEO plugin. -->","yoast_head_json":{"title":"Officiel : Prolongation du cong\u00e9 de maternit\u00e9 en Tunisie - Kapitalis","robots":{"index":"index","follow":"follow","max-snippet":"max-snippet:-1","max-image-preview":"max-image-preview:large","max-video-preview":"max-video-preview:-1"},"canonical":"https:\/\/kapitalis.com\/tunisie\/2019\/03\/08\/officiel-prolongation-du-conge-de-maternite-en-tunisie\/","og_locale":"fr_FR","og_type":"article","og_title":"Officiel : Prolongation du cong\u00e9 de maternit\u00e9 en Tunisie - Kapitalis","og_description":"Un conseil des ministres consacr\u00e9 \u00e0 la femme presqu&rsquo;exclusivement masculin. Un conseil minist\u00e9riel pr\u00e9sid\u00e9 par le chef du gouvernement Youssef Chahed, tenu aujourd\u2019hui, vendredi 8 mars 2019, \u00e0 la Kasbah, \u00e0 l&rsquo;occasion de la Journ\u00e9e internationale de la Femme, a annonc\u00e9 la prolongation du cong\u00e9 de maternit\u00e9.","og_url":"https:\/\/kapitalis.com\/tunisie\/2019\/03\/08\/officiel-prolongation-du-conge-de-maternite-en-tunisie\/","og_site_name":"Kapitalis","article_publisher":"https:\/\/www.facebook.com\/KapitalisInfo\/","article_published_time":"2019-03-08T12:57:53+00:00","og_image":[{"width":1200,"height":630,"url":"https:\/\/kapitalis.com\/tunisie\/wp-content\/uploads\/2022\/05\/kapitalis-logo-fb.png","type":"image\/png"}],"author":"Yusra NY","twitter_card":"summary_large_image","twitter_creator":"@KapitalisInfo","twitter_site":"@KapitalisInfo","twitter_misc":{"\u00c9crit par":"Yusra NY","Dur\u00e9e de lecture estim\u00e9e":"2 minutes"},"schema":{"@context":"https:\/\/schema.org","@graph":[{"@type":"Article","@id":"https:\/\/kapitalis.com\/tunisie\/2019\/03\/08\/officiel-prolongation-du-conge-de-maternite-en-tunisie\/#article","isPartOf":{"@id":"https:\/\/kapitalis.com\/tunisie\/2019\/03\/08\/officiel-prolongation-du-conge-de-maternite-en-tunisie\/"},"author":{"name":"Yusra NY","@id":"https:\/\/kapitalis.com\/tunisie\/#\/schema\/person\/74bbde0154d49d790a92aaeac5bc01d5"},"headline":"Officiel : Prolongation du cong\u00e9 de maternit\u00e9 en Tunisie","datePublished":"2019-03-08T12:57:53+00:00","mainEntityOfPage":{"@id":"https:\/\/kapitalis.com\/tunisie\/2019\/03\/08\/officiel-prolongation-du-conge-de-maternite-en-tunisie\/"},"wordCount":352,"commentCount":8,"publisher":{"@id":"https:\/\/kapitalis.com\/tunisie\/#organization"},"image":{"@id":"https:\/\/kapitalis.com\/tunisie\/2019\/03\/08\/officiel-prolongation-du-conge-de-maternite-en-tunisie\/#primaryimage"},"thumbnailUrl":"","keywords":["femme","femmes rurales","f\u00eate"],"articleSection":["SOCIETE","Tunisie"],"inLanguage":"fr-FR","potentialAction":[{"@type":"CommentAction","name":"Comment","target":["https:\/\/kapitalis.com\/tunisie\/2019\/03\/08\/officiel-prolongation-du-conge-de-maternite-en-tunisie\/#respond"]}]},{"@type":"WebPage","@id":"https:\/\/kapitalis.com\/tunisie\/2019\/03\/08\/officiel-prolongation-du-conge-de-maternite-en-tunisie\/","url":"https:\/\/kapitalis.com\/tunisie\/2019\/03\/08\/officiel-prolongation-du-conge-de-maternite-en-tunisie\/","name":"Officiel : Prolongation du cong\u00e9 de maternit\u00e9 en Tunisie - Kapitalis","isPartOf":{"@id":"https:\/\/kapitalis.com\/tunisie\/#website"},"primaryImageOfPage":{"@id":"https:\/\/kapitalis.com\/tunisie\/2019\/03\/08\/officiel-prolongation-du-conge-de-maternite-en-tunisie\/#primaryimage"},"image":{"@id":"https:\/\/kapitalis.com\/tunisie\/2019\/03\/08\/officiel-prolongation-du-conge-de-maternite-en-tunisie\/#primaryimage"},"thumbnailUrl":"","datePublished":"2019-03-08T12:57:53+00:00","breadcrumb":{"@id":"https:\/\/kapitalis.com\/tunisie\/2019\/03\/08\/officiel-prolongation-du-conge-de-maternite-en-tunisie\/#breadcrumb"},"inLanguage":"fr-FR","potentialAction":[{"@type":"ReadAction","target":["https:\/\/kapitalis.com\/tunisie\/2019\/03\/08\/officiel-prolongation-du-conge-de-maternite-en-tunisie\/"]}]},{"@type":"ImageObject","inLanguage":"fr-FR","@id":"https:\/\/kapitalis.com\/tunisie\/2019\/03\/08\/officiel-prolongation-du-conge-de-maternite-en-tunisie\/#primaryimage","url":"","contentUrl":""},{"@type":"BreadcrumbList","@id":"https:\/\/kapitalis.com\/tunisie\/2019\/03\/08\/officiel-prolongation-du-conge-de-maternite-en-tunisie\/#breadcrumb","itemListElement":[{"@type":"ListItem","position":1,"name":"Accueil","item":"https:\/\/kapitalis.com\/tunisie\/"},{"@type":"ListItem","position":2,"name":"Officiel : Prolongation du cong\u00e9 de maternit\u00e9 en Tunisie"}]},{"@type":"WebSite","@id":"https:\/\/kapitalis.com\/tunisie\/#website","url":"https:\/\/kapitalis.com\/tunisie\/","name":"Kapitalis","description":"L&#039;actualit\u00e9 en Tunisie et dans le monde","publisher":{"@id":"https:\/\/kapitalis.com\/tunisie\/#organization"},"potentialAction":[{"@type":"SearchAction","target":{"@type":"EntryPoint","urlTemplate":"https:\/\/kapitalis.com\/tunisie\/?s={search_term_string}"},"query-input":{"@type":"PropertyValueSpecification","valueRequired":true,"valueName":"search_term_string"}}],"inLanguage":"fr-FR"},{"@type":"Organization","@id":"https:\/\/kapitalis.com\/tunisie\/#organization","name":"Kapitalis","url":"https:\/\/kapitalis.com\/tunisie\/","logo":{"@type":"ImageObject","inLanguage":"fr-FR","@id":"https:\/\/kapitalis.com\/tunisie\/#\/schema\/logo\/image\/","url":"https:\/\/kapitalis.com\/tunisie\/wp-content\/uploads\/2022\/05\/Kapitalis-big-size.png","contentUrl":"https:\/\/kapitalis.com\/tunisie\/wp-content\/uploads\/2022\/05\/Kapitalis-big-size.png","width":5000,"height":1500,"caption":"Kapitalis"},"image":{"@id":"https:\/\/kapitalis.com\/tunisie\/#\/schema\/logo\/image\/"},"sameAs":["https:\/\/www.facebook.com\/KapitalisInfo\/","https:\/\/x.com\/KapitalisInfo","https:\/\/www.youtube.com\/channel\/UC-yDYrHyfFBWWZaOw3FPg9Q"]},{"@type":"Person","@id":"https:\/\/kapitalis.com\/tunisie\/#\/schema\/person\/74bbde0154d49d790a92aaeac5bc01d5","name":"Yusra NY","url":"https:\/\/kapitalis.com\/tunisie\/author\/yuza_adam\/"}]}},"_links":{"self":[{"href":"https:\/\/kapitalis.com\/tunisie\/wp-json\/wp\/v2\/posts\/201530","targetHints":{"allow":["GET"]}}],"collection":[{"href":"https:\/\/kapitalis.com\/tunisie\/wp-json\/wp\/v2\/posts"}],"about":[{"href":"https:\/\/kapitalis.com\/tunisie\/wp-json\/wp\/v2\/types\/post"}],"author":[{"embeddable":true,"href":"https:\/\/kapitalis.com\/tunisie\/wp-json\/wp\/v2\/users\/6"}],"replies":[{"embeddable":true,"href":"https:\/\/kapitalis.com\/tunisie\/wp-json\/wp\/v2\/comments?post=201530"}],"version-history":[{"count":0,"href":"https:\/\/kapitalis.com\/tunisie\/wp-json\/wp\/v2\/posts\/201530\/revisions"}],"wp:featuredmedia":[{"embeddable":true,"href":"https:\/\/kapitalis.com\/tunisie\/wp-json\/wp\/v2\/media\/201541"}],"wp:attachment":[{"href":"https:\/\/kapitalis.com\/tunisie\/wp-json\/wp\/v2\/media?parent=201530"}],"wp:term":[{"taxonomy":"category","embeddable":true,"href":"https:\/\/kapitalis.com\/tunisie\/wp-json\/wp\/v2\/categories?post=201530"},{"taxonomy":"post_tag","embeddable":true,"href":"https:\/\/kapitalis.com\/tunisie\/wp-json\/wp\/v2\/tags?post=201530"}],"curies":[{"name":"wp","href":"https:\/\/api.w.org\/{rel}","templated":true}]}}