{"id":202114,"date":"2019-03-13T10:13:20","date_gmt":"2019-03-13T09:13:20","guid":{"rendered":"http:\/\/kapitalis.com\/tunisie\/?p=202114"},"modified":"2019-03-13T10:13:20","modified_gmt":"2019-03-13T09:13:20","slug":"le-fonds-tasdir-a-la-rencontre-des-entreprises-du-nord-ouest-tunisien","status":"publish","type":"post","link":"https:\/\/kapitalis.com\/tunisie\/2019\/03\/13\/le-fonds-tasdir-a-la-rencontre-des-entreprises-du-nord-ouest-tunisien\/","title":{"rendered":"Le Fonds Tasdir+ \u00e0 la rencontre des entreprises du nord-ouest tunisien"},"content":{"rendered":"<p style=\"text-align: center;\"><img loading=\"lazy\" decoding=\"async\" class=\"alignnone size-full wp-image-202115\" src=\"http:\/\/kapitalis.com\/tunisie\/wp-content\/uploads\/2019\/03\/Fonds-Tasdir-Jendouba.jpg\" alt=\"\" width=\"626\" height=\"380\" \/><\/p>\n<p><em><strong>Le Fonds de d\u00e9veloppement et de diversification des march\u00e9s \u00e0 l\u2019exportation Tasdir+ a organis\u00e9, le mardi 12 mars 2019, une matin\u00e9e d\u2019information avec les entreprises de la r\u00e9gion de Jendouba qui programment de se d\u00e9velopper \u00e0 l\u2019international et diversifier leurs march\u00e9s \u00e0 l\u2019exportation.<\/strong> <\/em><\/p>\n<p><!--more--><\/p>\n<p>Cette matin\u00e9e d\u2019information, organis\u00e9e avec la collaboration de la Chambre de commerce et de l\u2019industrie du Nord-Ouest, s\u2019inscrit dans le cadre de son programme <em>\u00abOp\u00e9ration coup de poing pour l\u2019export\u00bb<\/em> lanc\u00e9 pour d\u00e9velopper l\u2019exportation des r\u00e9gions int\u00e9rieures.<\/p>\n<p>Une cinquantaine d\u2019op\u00e9rateurs entre agriculteurs et industriels notamment ont pris part \u00e0 cette rencontre dont le but \u00e9tait de pr\u00e9senter le programme d\u2019appui aux entreprises que propose Tasdir+ et de percevoir par la m\u00eame occasion le potentiel r\u00e9el de la r\u00e9gion afin d\u2019adapter l\u2019approche en fonction des besoins sp\u00e9cifiques des entreprises locales.<br \/>\nCherif Lachneni et Riadh Bezzarga, respectivement pr\u00e9sident de la Chambre du Nord-Ouest et directeur coordinateur du Fonds Tasdir+, ont notamment mis en exergue les avantages que propose le programme pour les entreprises qui adoptent la d\u00e9marche de l\u2019export et la diversification des march\u00e9s ext\u00e9rieurs.<\/p>\n<p>Les entreprises de la r\u00e9gion ont dans ce contexte \u00e9t\u00e9 fortement encourag\u00e9es a d\u00e9poser leurs candidatures pour b\u00e9n\u00e9ficier des outils techniques et financiers mis \u00e0 leurs disposition sachant bien que moins de 1% des entreprises de Jendouba sont appuy\u00e9es \u00e0 ce jour par Tasdir+ et moins de 5% du total sont issues de la r\u00e9gion du nord-ouest.<\/p>\n<p>Le Fonds Tasdir+ souhaite \u00e9liminer ce gap avec un programme d\u2019approche et de communication adapt\u00e9 \u00e0 la r\u00e9gion pour augmenter de mani\u00e8re significative le nombre d\u2019entreprises du nord-ouest adh\u00e9rentes \u00e0 son programme. Les entreprises du secteur agricole, agro-alimentaire et certains secteurs de l\u2019industrie sont sp\u00e9cifiquement cibl\u00e9s par le Fonds Tasdir+ avec un accent particulier pour l\u2019encouragement \u00e0 l\u2019exportation vers l\u2019Alg\u00e9rie proche.<\/p>\n<p style=\"text-align: center;\"><img loading=\"lazy\" decoding=\"async\" class=\"alignnone wp-image-202116\" src=\"http:\/\/kapitalis.com\/tunisie\/wp-content\/uploads\/2019\/03\/Fonds-Tasdir-Jendouba-2.jpg\" alt=\"\" width=\"500\" height=\"375\" \/><\/p>\n<p>Le directeur coordinateur du Fonds a par ailleurs rappel\u00e9 que Tasdir+ appuie \u00e9galement les fili\u00e8res par des actions transversales structurantes. Il a exhort\u00e9 les associations d\u2019encadrement de la r\u00e9gion \u00e0 pr\u00e9senter des projets de business plans ambitieux pour leurs fili\u00e8res sur les march\u00e9s internationaux d\u2019int\u00e9r\u00eat. Les exemples de cr\u00e9ation de plateformes commerciales ou logistiques pour un nombre d\u2019entreprises dans les march\u00e9s cibles reste envisageable.<\/p>\n<p>Outre la rencontre avec les entreprises du gouvernorat de Jendouba, les responsables du Fonds Tasdir+ ont programm\u00e9 des rencontres durant la pr\u00e9sente semaine avec les entreprises de B\u00e9ja (mercredi 13 mars), de Bizerte (jeudi 14 mars) et du Cap-Bon (vendredi 15 mars). D\u2019autres rencontres avec les entreprises de Kasserine, Tozeur et Gab\u00e8s-Zarzis sont \u00e9galement pr\u00e9vues durant la derni\u00e8re semaine du mois de mars.<\/p>\n<p><em><strong>Source<\/strong><\/em> : communiqu\u00e9.<\/p>\n<p>&nbsp;<\/p>\n","protected":false},"excerpt":{"rendered":"<p>Le Fonds de d\u00e9veloppement et de diversification des march\u00e9s \u00e0 l\u2019exportation Tasdir+ a organis\u00e9, le mardi 12 mars 2019, une matin\u00e9e d\u2019information avec les entreprises de la r\u00e9gion de Jendouba qui programment de se d\u00e9velopper \u00e0 l\u2019international et diversifier leurs march\u00e9s \u00e0 l\u2019exportation.<\/p>\n","protected":false},"author":8,"featured_media":202115,"comment_status":"open","ping_status":"open","sticky":false,"template":"","format":"standard","meta":{"footnotes":""},"categories":[995,2433],"tags":[365,50236,41628],"class_list":["post-202114","post","type-post","status-publish","format-standard","has-post-thumbnail","hentry","category-economie","category-tunisie","tag-exportations","tag-fonds-tasdir","tag-riadh-bezzarga"],"yoast_head":"<!-- This site is optimized with the Yoast SEO plugin v26.6 - https:\/\/yoast.com\/wordpress\/plugins\/seo\/ -->\n<title>Le Fonds Tasdir+ \u00e0 la rencontre des entreprises du nord-ouest tunisien - Kapitalis<\/title>\n<meta name=\"robots\" content=\"index, follow, max-snippet:-1, max-image-preview:large, max-video-preview:-1\" \/>\n<link rel=\"canonical\" href=\"https:\/\/kapitalis.com\/tunisie\/2019\/03\/13\/le-fonds-tasdir-a-la-rencontre-des-entreprises-du-nord-ouest-tunisien\/\" \/>\n<meta property=\"og:locale\" content=\"fr_FR\" \/>\n<meta property=\"og:type\" content=\"article\" \/>\n<meta property=\"og:title\" content=\"Le Fonds Tasdir+ \u00e0 la rencontre des entreprises du nord-ouest tunisien - Kapitalis\" \/>\n<meta property=\"og:description\" content=\"Le Fonds de d\u00e9veloppement et de diversification des march\u00e9s \u00e0 l\u2019exportation Tasdir+ a organis\u00e9, le mardi 12 mars 2019, une matin\u00e9e d\u2019information avec les entreprises de la r\u00e9gion de Jendouba qui programment de se d\u00e9velopper \u00e0 l\u2019international et diversifier leurs march\u00e9s \u00e0 l\u2019exportation.\" \/>\n<meta property=\"og:url\" content=\"https:\/\/kapitalis.com\/tunisie\/2019\/03\/13\/le-fonds-tasdir-a-la-rencontre-des-entreprises-du-nord-ouest-tunisien\/\" \/>\n<meta property=\"og:site_name\" content=\"Kapitalis\" \/>\n<meta property=\"article:publisher\" content=\"https:\/\/www.facebook.com\/KapitalisInfo\/\" \/>\n<meta property=\"article:published_time\" content=\"2019-03-13T09:13:20+00:00\" \/>\n<meta property=\"og:image\" content=\"https:\/\/kapitalis.com\/tunisie\/wp-content\/uploads\/2022\/05\/kapitalis-logo-fb.png\" \/>\n\t<meta property=\"og:image:width\" content=\"1200\" \/>\n\t<meta property=\"og:image:height\" content=\"630\" \/>\n\t<meta property=\"og:image:type\" content=\"image\/png\" \/>\n<meta name=\"author\" content=\"webmaster kapitalis\" \/>\n<meta name=\"twitter:card\" content=\"summary_large_image\" \/>\n<meta name=\"twitter:creator\" content=\"@KapitalisInfo\" \/>\n<meta name=\"twitter:site\" content=\"@KapitalisInfo\" \/>\n<meta name=\"twitter:label1\" content=\"\u00c9crit par\" \/>\n\t<meta name=\"twitter:data1\" content=\"webmaster kapitalis\" \/>\n\t<meta name=\"twitter:label2\" content=\"Dur\u00e9e de lecture estim\u00e9e\" \/>\n\t<meta name=\"twitter:data2\" content=\"2 minutes\" \/>\n<script type=\"application\/ld+json\" class=\"yoast-schema-graph\">{\"@context\":\"https:\/\/schema.org\",\"@graph\":[{\"@type\":\"Article\",\"@id\":\"https:\/\/kapitalis.com\/tunisie\/2019\/03\/13\/le-fonds-tasdir-a-la-rencontre-des-entreprises-du-nord-ouest-tunisien\/#article\",\"isPartOf\":{\"@id\":\"https:\/\/kapitalis.com\/tunisie\/2019\/03\/13\/le-fonds-tasdir-a-la-rencontre-des-entreprises-du-nord-ouest-tunisien\/\"},\"author\":{\"name\":\"webmaster kapitalis\",\"@id\":\"https:\/\/kapitalis.com\/tunisie\/#\/schema\/person\/d71f33a9ca44f7bad4698210b480c8e9\"},\"headline\":\"Le Fonds Tasdir+ \u00e0 la rencontre des entreprises du nord-ouest tunisien\",\"datePublished\":\"2019-03-13T09:13:20+00:00\",\"mainEntityOfPage\":{\"@id\":\"https:\/\/kapitalis.com\/tunisie\/2019\/03\/13\/le-fonds-tasdir-a-la-rencontre-des-entreprises-du-nord-ouest-tunisien\/\"},\"wordCount\":490,\"commentCount\":0,\"publisher\":{\"@id\":\"https:\/\/kapitalis.com\/tunisie\/#organization\"},\"image\":{\"@id\":\"https:\/\/kapitalis.com\/tunisie\/2019\/03\/13\/le-fonds-tasdir-a-la-rencontre-des-entreprises-du-nord-ouest-tunisien\/#primaryimage\"},\"thumbnailUrl\":\"\",\"keywords\":[\"exportations\",\"fonds Tasdir+\",\"Riadh Bezzarga\"],\"articleSection\":[\"ECONOMIE\",\"Tunisie\"],\"inLanguage\":\"fr-FR\",\"potentialAction\":[{\"@type\":\"CommentAction\",\"name\":\"Comment\",\"target\":[\"https:\/\/kapitalis.com\/tunisie\/2019\/03\/13\/le-fonds-tasdir-a-la-rencontre-des-entreprises-du-nord-ouest-tunisien\/#respond\"]}]},{\"@type\":\"WebPage\",\"@id\":\"https:\/\/kapitalis.com\/tunisie\/2019\/03\/13\/le-fonds-tasdir-a-la-rencontre-des-entreprises-du-nord-ouest-tunisien\/\",\"url\":\"https:\/\/kapitalis.com\/tunisie\/2019\/03\/13\/le-fonds-tasdir-a-la-rencontre-des-entreprises-du-nord-ouest-tunisien\/\",\"name\":\"Le Fonds Tasdir+ \u00e0 la rencontre des entreprises du nord-ouest tunisien - Kapitalis\",\"isPartOf\":{\"@id\":\"https:\/\/kapitalis.com\/tunisie\/#website\"},\"primaryImageOfPage\":{\"@id\":\"https:\/\/kapitalis.com\/tunisie\/2019\/03\/13\/le-fonds-tasdir-a-la-rencontre-des-entreprises-du-nord-ouest-tunisien\/#primaryimage\"},\"image\":{\"@id\":\"https:\/\/kapitalis.com\/tunisie\/2019\/03\/13\/le-fonds-tasdir-a-la-rencontre-des-entreprises-du-nord-ouest-tunisien\/#primaryimage\"},\"thumbnailUrl\":\"\",\"datePublished\":\"2019-03-13T09:13:20+00:00\",\"breadcrumb\":{\"@id\":\"https:\/\/kapitalis.com\/tunisie\/2019\/03\/13\/le-fonds-tasdir-a-la-rencontre-des-entreprises-du-nord-ouest-tunisien\/#breadcrumb\"},\"inLanguage\":\"fr-FR\",\"potentialAction\":[{\"@type\":\"ReadAction\",\"target\":[\"https:\/\/kapitalis.com\/tunisie\/2019\/03\/13\/le-fonds-tasdir-a-la-rencontre-des-entreprises-du-nord-ouest-tunisien\/\"]}]},{\"@type\":\"ImageObject\",\"inLanguage\":\"fr-FR\",\"@id\":\"https:\/\/kapitalis.com\/tunisie\/2019\/03\/13\/le-fonds-tasdir-a-la-rencontre-des-entreprises-du-nord-ouest-tunisien\/#primaryimage\",\"url\":\"\",\"contentUrl\":\"\"},{\"@type\":\"BreadcrumbList\",\"@id\":\"https:\/\/kapitalis.com\/tunisie\/2019\/03\/13\/le-fonds-tasdir-a-la-rencontre-des-entreprises-du-nord-ouest-tunisien\/#breadcrumb\",\"itemListElement\":[{\"@type\":\"ListItem\",\"position\":1,\"name\":\"Accueil\",\"item\":\"https:\/\/kapitalis.com\/tunisie\/\"},{\"@type\":\"ListItem\",\"position\":2,\"name\":\"Le Fonds Tasdir+ \u00e0 la rencontre des entreprises du nord-ouest tunisien\"}]},{\"@type\":\"WebSite\",\"@id\":\"https:\/\/kapitalis.com\/tunisie\/#website\",\"url\":\"https:\/\/kapitalis.com\/tunisie\/\",\"name\":\"Kapitalis\",\"description\":\"L&#039;actualit\u00e9 en Tunisie et dans le monde\",\"publisher\":{\"@id\":\"https:\/\/kapitalis.com\/tunisie\/#organization\"},\"potentialAction\":[{\"@type\":\"SearchAction\",\"target\":{\"@type\":\"EntryPoint\",\"urlTemplate\":\"https:\/\/kapitalis.com\/tunisie\/?s={search_term_string}\"},\"query-input\":{\"@type\":\"PropertyValueSpecification\",\"valueRequired\":true,\"valueName\":\"search_term_string\"}}],\"inLanguage\":\"fr-FR\"},{\"@type\":\"Organization\",\"@id\":\"https:\/\/kapitalis.com\/tunisie\/#organization\",\"name\":\"Kapitalis\",\"url\":\"https:\/\/kapitalis.com\/tunisie\/\",\"logo\":{\"@type\":\"ImageObject\",\"inLanguage\":\"fr-FR\",\"@id\":\"https:\/\/kapitalis.com\/tunisie\/#\/schema\/logo\/image\/\",\"url\":\"https:\/\/kapitalis.com\/tunisie\/wp-content\/uploads\/2022\/05\/Kapitalis-big-size.png\",\"contentUrl\":\"https:\/\/kapitalis.com\/tunisie\/wp-content\/uploads\/2022\/05\/Kapitalis-big-size.png\",\"width\":5000,\"height\":1500,\"caption\":\"Kapitalis\"},\"image\":{\"@id\":\"https:\/\/kapitalis.com\/tunisie\/#\/schema\/logo\/image\/\"},\"sameAs\":[\"https:\/\/www.facebook.com\/KapitalisInfo\/\",\"https:\/\/x.com\/KapitalisInfo\",\"https:\/\/www.youtube.com\/channel\/UC-yDYrHyfFBWWZaOw3FPg9Q\"]},{\"@type\":\"Person\",\"@id\":\"https:\/\/kapitalis.com\/tunisie\/#\/schema\/person\/d71f33a9ca44f7bad4698210b480c8e9\",\"name\":\"webmaster kapitalis\",\"url\":\"https:\/\/kapitalis.com\/tunisie\/author\/webmaster-kapitalis\/\"}]}<\/script>\n<!-- \/ Yoast SEO plugin. -->","yoast_head_json":{"title":"Le Fonds Tasdir+ \u00e0 la rencontre des entreprises du nord-ouest tunisien - Kapitalis","robots":{"index":"index","follow":"follow","max-snippet":"max-snippet:-1","max-image-preview":"max-image-preview:large","max-video-preview":"max-video-preview:-1"},"canonical":"https:\/\/kapitalis.com\/tunisie\/2019\/03\/13\/le-fonds-tasdir-a-la-rencontre-des-entreprises-du-nord-ouest-tunisien\/","og_locale":"fr_FR","og_type":"article","og_title":"Le Fonds Tasdir+ \u00e0 la rencontre des entreprises du nord-ouest tunisien - Kapitalis","og_description":"Le Fonds de d\u00e9veloppement et de diversification des march\u00e9s \u00e0 l\u2019exportation Tasdir+ a organis\u00e9, le mardi 12 mars 2019, une matin\u00e9e d\u2019information avec les entreprises de la r\u00e9gion de Jendouba qui programment de se d\u00e9velopper \u00e0 l\u2019international et diversifier leurs march\u00e9s \u00e0 l\u2019exportation.","og_url":"https:\/\/kapitalis.com\/tunisie\/2019\/03\/13\/le-fonds-tasdir-a-la-rencontre-des-entreprises-du-nord-ouest-tunisien\/","og_site_name":"Kapitalis","article_publisher":"https:\/\/www.facebook.com\/KapitalisInfo\/","article_published_time":"2019-03-13T09:13:20+00:00","og_image":[{"width":1200,"height":630,"url":"https:\/\/kapitalis.com\/tunisie\/wp-content\/uploads\/2022\/05\/kapitalis-logo-fb.png","type":"image\/png"}],"author":"webmaster kapitalis","twitter_card":"summary_large_image","twitter_creator":"@KapitalisInfo","twitter_site":"@KapitalisInfo","twitter_misc":{"\u00c9crit par":"webmaster kapitalis","Dur\u00e9e de lecture estim\u00e9e":"2 minutes"},"schema":{"@context":"https:\/\/schema.org","@graph":[{"@type":"Article","@id":"https:\/\/kapitalis.com\/tunisie\/2019\/03\/13\/le-fonds-tasdir-a-la-rencontre-des-entreprises-du-nord-ouest-tunisien\/#article","isPartOf":{"@id":"https:\/\/kapitalis.com\/tunisie\/2019\/03\/13\/le-fonds-tasdir-a-la-rencontre-des-entreprises-du-nord-ouest-tunisien\/"},"author":{"name":"webmaster kapitalis","@id":"https:\/\/kapitalis.com\/tunisie\/#\/schema\/person\/d71f33a9ca44f7bad4698210b480c8e9"},"headline":"Le Fonds Tasdir+ \u00e0 la rencontre des entreprises du nord-ouest tunisien","datePublished":"2019-03-13T09:13:20+00:00","mainEntityOfPage":{"@id":"https:\/\/kapitalis.com\/tunisie\/2019\/03\/13\/le-fonds-tasdir-a-la-rencontre-des-entreprises-du-nord-ouest-tunisien\/"},"wordCount":490,"commentCount":0,"publisher":{"@id":"https:\/\/kapitalis.com\/tunisie\/#organization"},"image":{"@id":"https:\/\/kapitalis.com\/tunisie\/2019\/03\/13\/le-fonds-tasdir-a-la-rencontre-des-entreprises-du-nord-ouest-tunisien\/#primaryimage"},"thumbnailUrl":"","keywords":["exportations","fonds Tasdir+","Riadh Bezzarga"],"articleSection":["ECONOMIE","Tunisie"],"inLanguage":"fr-FR","potentialAction":[{"@type":"CommentAction","name":"Comment","target":["https:\/\/kapitalis.com\/tunisie\/2019\/03\/13\/le-fonds-tasdir-a-la-rencontre-des-entreprises-du-nord-ouest-tunisien\/#respond"]}]},{"@type":"WebPage","@id":"https:\/\/kapitalis.com\/tunisie\/2019\/03\/13\/le-fonds-tasdir-a-la-rencontre-des-entreprises-du-nord-ouest-tunisien\/","url":"https:\/\/kapitalis.com\/tunisie\/2019\/03\/13\/le-fonds-tasdir-a-la-rencontre-des-entreprises-du-nord-ouest-tunisien\/","name":"Le Fonds Tasdir+ \u00e0 la rencontre des entreprises du nord-ouest tunisien - Kapitalis","isPartOf":{"@id":"https:\/\/kapitalis.com\/tunisie\/#website"},"primaryImageOfPage":{"@id":"https:\/\/kapitalis.com\/tunisie\/2019\/03\/13\/le-fonds-tasdir-a-la-rencontre-des-entreprises-du-nord-ouest-tunisien\/#primaryimage"},"image":{"@id":"https:\/\/kapitalis.com\/tunisie\/2019\/03\/13\/le-fonds-tasdir-a-la-rencontre-des-entreprises-du-nord-ouest-tunisien\/#primaryimage"},"thumbnailUrl":"","datePublished":"2019-03-13T09:13:20+00:00","breadcrumb":{"@id":"https:\/\/kapitalis.com\/tunisie\/2019\/03\/13\/le-fonds-tasdir-a-la-rencontre-des-entreprises-du-nord-ouest-tunisien\/#breadcrumb"},"inLanguage":"fr-FR","potentialAction":[{"@type":"ReadAction","target":["https:\/\/kapitalis.com\/tunisie\/2019\/03\/13\/le-fonds-tasdir-a-la-rencontre-des-entreprises-du-nord-ouest-tunisien\/"]}]},{"@type":"ImageObject","inLanguage":"fr-FR","@id":"https:\/\/kapitalis.com\/tunisie\/2019\/03\/13\/le-fonds-tasdir-a-la-rencontre-des-entreprises-du-nord-ouest-tunisien\/#primaryimage","url":"","contentUrl":""},{"@type":"BreadcrumbList","@id":"https:\/\/kapitalis.com\/tunisie\/2019\/03\/13\/le-fonds-tasdir-a-la-rencontre-des-entreprises-du-nord-ouest-tunisien\/#breadcrumb","itemListElement":[{"@type":"ListItem","position":1,"name":"Accueil","item":"https:\/\/kapitalis.com\/tunisie\/"},{"@type":"ListItem","position":2,"name":"Le Fonds Tasdir+ \u00e0 la rencontre des entreprises du nord-ouest tunisien"}]},{"@type":"WebSite","@id":"https:\/\/kapitalis.com\/tunisie\/#website","url":"https:\/\/kapitalis.com\/tunisie\/","name":"Kapitalis","description":"L&#039;actualit\u00e9 en Tunisie et dans le monde","publisher":{"@id":"https:\/\/kapitalis.com\/tunisie\/#organization"},"potentialAction":[{"@type":"SearchAction","target":{"@type":"EntryPoint","urlTemplate":"https:\/\/kapitalis.com\/tunisie\/?s={search_term_string}"},"query-input":{"@type":"PropertyValueSpecification","valueRequired":true,"valueName":"search_term_string"}}],"inLanguage":"fr-FR"},{"@type":"Organization","@id":"https:\/\/kapitalis.com\/tunisie\/#organization","name":"Kapitalis","url":"https:\/\/kapitalis.com\/tunisie\/","logo":{"@type":"ImageObject","inLanguage":"fr-FR","@id":"https:\/\/kapitalis.com\/tunisie\/#\/schema\/logo\/image\/","url":"https:\/\/kapitalis.com\/tunisie\/wp-content\/uploads\/2022\/05\/Kapitalis-big-size.png","contentUrl":"https:\/\/kapitalis.com\/tunisie\/wp-content\/uploads\/2022\/05\/Kapitalis-big-size.png","width":5000,"height":1500,"caption":"Kapitalis"},"image":{"@id":"https:\/\/kapitalis.com\/tunisie\/#\/schema\/logo\/image\/"},"sameAs":["https:\/\/www.facebook.com\/KapitalisInfo\/","https:\/\/x.com\/KapitalisInfo","https:\/\/www.youtube.com\/channel\/UC-yDYrHyfFBWWZaOw3FPg9Q"]},{"@type":"Person","@id":"https:\/\/kapitalis.com\/tunisie\/#\/schema\/person\/d71f33a9ca44f7bad4698210b480c8e9","name":"webmaster kapitalis","url":"https:\/\/kapitalis.com\/tunisie\/author\/webmaster-kapitalis\/"}]}},"_links":{"self":[{"href":"https:\/\/kapitalis.com\/tunisie\/wp-json\/wp\/v2\/posts\/202114","targetHints":{"allow":["GET"]}}],"collection":[{"href":"https:\/\/kapitalis.com\/tunisie\/wp-json\/wp\/v2\/posts"}],"about":[{"href":"https:\/\/kapitalis.com\/tunisie\/wp-json\/wp\/v2\/types\/post"}],"author":[{"embeddable":true,"href":"https:\/\/kapitalis.com\/tunisie\/wp-json\/wp\/v2\/users\/8"}],"replies":[{"embeddable":true,"href":"https:\/\/kapitalis.com\/tunisie\/wp-json\/wp\/v2\/comments?post=202114"}],"version-history":[{"count":0,"href":"https:\/\/kapitalis.com\/tunisie\/wp-json\/wp\/v2\/posts\/202114\/revisions"}],"wp:featuredmedia":[{"embeddable":true,"href":"https:\/\/kapitalis.com\/tunisie\/wp-json\/wp\/v2\/media\/202115"}],"wp:attachment":[{"href":"https:\/\/kapitalis.com\/tunisie\/wp-json\/wp\/v2\/media?parent=202114"}],"wp:term":[{"taxonomy":"category","embeddable":true,"href":"https:\/\/kapitalis.com\/tunisie\/wp-json\/wp\/v2\/categories?post=202114"},{"taxonomy":"post_tag","embeddable":true,"href":"https:\/\/kapitalis.com\/tunisie\/wp-json\/wp\/v2\/tags?post=202114"}],"curies":[{"name":"wp","href":"https:\/\/api.w.org\/{rel}","templated":true}]}}