{"id":202206,"date":"2019-03-13T18:01:48","date_gmt":"2019-03-13T17:01:48","guid":{"rendered":"http:\/\/kapitalis.com\/tunisie\/?p=202206"},"modified":"2019-03-13T18:01:48","modified_gmt":"2019-03-13T17:01:48","slug":"une-forte-participation-tunisienne-au-salon-du-livre-de-paris-2019","status":"publish","type":"post","link":"https:\/\/kapitalis.com\/tunisie\/2019\/03\/13\/une-forte-participation-tunisienne-au-salon-du-livre-de-paris-2019\/","title":{"rendered":"Une forte participation tunisienne au Salon du Livre de Paris 2019"},"content":{"rendered":"<p style=\"text-align: center;\"><img loading=\"lazy\" decoding=\"async\" class=\"alignnone size-full wp-image-202207\" src=\"http:\/\/kapitalis.com\/tunisie\/wp-content\/uploads\/2019\/03\/Tunisie-Foire-du-livre-de-Tunis.jpg\" alt=\"\" width=\"626\" height=\"380\" \/><\/p>\n<p><em><strong>La Tunisie sera fortement repr\u00e9sent\u00e9e cette ann\u00e9e au Salon du Livre de Paris qui se tiendra du 15 au 18 mars 2019 au Parc des expositions de la Porte de Versailles.<\/strong><\/em><\/p>\n<p><!--more--><\/p>\n<p>Le Salon du livre de Paris, devenu r\u00e9cemment <em>\u00abParis Livre\u00bb<\/em> est une prestigieuse manifestation fran\u00e7aise consacr\u00e9e au livre et \u00e0 l\u2019\u00e9crit, qui se tient au printemps de chaque ann\u00e9e depuis 1981, r\u00e9unissant professionnels et grand public.<\/p>\n<p>Comme chaque ann\u00e9e, la Tunisie est pr\u00e9sente \u00e0 ce grand rendez-vous livresque avec des nouveaut\u00e9s qui refl\u00e8tent la richesse et la diversit\u00e9 du livre tunisien. Pour cette nouvelle \u00e9dition, le stand tunisien sera plac\u00e9 sous le signe <em>\u00abTunisie, libre de tout lire\u00bb<\/em> et sera fid\u00e8le \u00e0 ses pr\u00e9c\u00e9dentes participations remarquables, gr\u00e2ce \u00e0 une fructueuse collaboration entre le minist\u00e8re des Affaires culturelles, l\u2019ambassade de Tunisie \u00e0 Paris, l\u2019Union des \u00e9diteurs tunisiens, l\u2019Institut fran\u00e7ais de Tunisie et les \u00e9ditions Arabesques.<\/p>\n<p>Le stand de la Tunisie comprendra 15 maisons d\u2019\u00e9dition g\u00e9n\u00e9ralistes et sp\u00e9cialis\u00e9es, francophone et arabophones, publiques et priv\u00e9es.<\/p>\n<p>Les visiteurs pourront d\u00e9couvrir plus de 1000 ouvrages entre romans, recueils de po\u00e9sie, essais, bandes-dessin\u00e9es\u2026<br \/>\nAu programme \u00e9galement des rencontres et des s\u00e9ances de d\u00e9dicaces avec des \u00e9crivains tunisiens (Nadia Chaabane, Hafedh Boujmil, Rafik Darraji, Mohamed Ben Mustapha, Sonia Braham, Amir Fehri\u2026)<\/p>\n<p style=\"text-align: right;\"><strong>Fawz Ben Ali<\/strong><\/p>\n","protected":false},"excerpt":{"rendered":"<p>La Tunisie sera fortement repr\u00e9sent\u00e9e cette ann\u00e9e au Salon du Livre de Paris qui se tiendra du 15 au 18 mars 2019 au Parc des expositions de la Porte de Versailles.<\/p>\n","protected":false},"author":8,"featured_media":202207,"comment_status":"open","ping_status":"open","sticky":false,"template":"","format":"standard","meta":{"footnotes":""},"categories":[994,2433],"tags":[3226,24741,15533],"class_list":["post-202206","post","type-post","status-publish","format-standard","has-post-thumbnail","hentry","category-culture","category-tunisie","tag-institut-francais-de-tunisie","tag-nadia-chaabane","tag-union-des-editeurs-tunisiens"],"yoast_head":"<!-- This site is optimized with the Yoast SEO plugin v26.6 - https:\/\/yoast.com\/wordpress\/plugins\/seo\/ -->\n<title>Une forte participation tunisienne au Salon du Livre de Paris 2019 - Kapitalis<\/title>\n<meta name=\"robots\" content=\"index, follow, max-snippet:-1, max-image-preview:large, max-video-preview:-1\" \/>\n<link rel=\"canonical\" href=\"https:\/\/kapitalis.com\/tunisie\/2019\/03\/13\/une-forte-participation-tunisienne-au-salon-du-livre-de-paris-2019\/\" \/>\n<meta property=\"og:locale\" content=\"fr_FR\" \/>\n<meta property=\"og:type\" content=\"article\" \/>\n<meta property=\"og:title\" content=\"Une forte participation tunisienne au Salon du Livre de Paris 2019 - Kapitalis\" \/>\n<meta property=\"og:description\" content=\"La Tunisie sera fortement repr\u00e9sent\u00e9e cette ann\u00e9e au Salon du Livre de Paris qui se tiendra du 15 au 18 mars 2019 au Parc des expositions de la Porte de Versailles.\" \/>\n<meta property=\"og:url\" content=\"https:\/\/kapitalis.com\/tunisie\/2019\/03\/13\/une-forte-participation-tunisienne-au-salon-du-livre-de-paris-2019\/\" \/>\n<meta property=\"og:site_name\" content=\"Kapitalis\" \/>\n<meta property=\"article:publisher\" content=\"https:\/\/www.facebook.com\/KapitalisInfo\/\" \/>\n<meta property=\"article:published_time\" content=\"2019-03-13T17:01:48+00:00\" \/>\n<meta property=\"og:image\" content=\"https:\/\/kapitalis.com\/tunisie\/wp-content\/uploads\/2022\/05\/kapitalis-logo-fb.png\" \/>\n\t<meta property=\"og:image:width\" content=\"1200\" \/>\n\t<meta property=\"og:image:height\" content=\"630\" \/>\n\t<meta property=\"og:image:type\" content=\"image\/png\" \/>\n<meta name=\"author\" content=\"webmaster kapitalis\" \/>\n<meta name=\"twitter:card\" content=\"summary_large_image\" \/>\n<meta name=\"twitter:creator\" content=\"@KapitalisInfo\" \/>\n<meta name=\"twitter:site\" content=\"@KapitalisInfo\" \/>\n<meta name=\"twitter:label1\" content=\"\u00c9crit par\" \/>\n\t<meta name=\"twitter:data1\" content=\"webmaster kapitalis\" \/>\n\t<meta name=\"twitter:label2\" content=\"Dur\u00e9e de lecture estim\u00e9e\" \/>\n\t<meta name=\"twitter:data2\" content=\"1 minute\" \/>\n<script type=\"application\/ld+json\" class=\"yoast-schema-graph\">{\"@context\":\"https:\/\/schema.org\",\"@graph\":[{\"@type\":\"Article\",\"@id\":\"https:\/\/kapitalis.com\/tunisie\/2019\/03\/13\/une-forte-participation-tunisienne-au-salon-du-livre-de-paris-2019\/#article\",\"isPartOf\":{\"@id\":\"https:\/\/kapitalis.com\/tunisie\/2019\/03\/13\/une-forte-participation-tunisienne-au-salon-du-livre-de-paris-2019\/\"},\"author\":{\"name\":\"webmaster kapitalis\",\"@id\":\"https:\/\/kapitalis.com\/tunisie\/#\/schema\/person\/d71f33a9ca44f7bad4698210b480c8e9\"},\"headline\":\"Une forte participation tunisienne au Salon du Livre de Paris 2019\",\"datePublished\":\"2019-03-13T17:01:48+00:00\",\"mainEntityOfPage\":{\"@id\":\"https:\/\/kapitalis.com\/tunisie\/2019\/03\/13\/une-forte-participation-tunisienne-au-salon-du-livre-de-paris-2019\/\"},\"wordCount\":240,\"commentCount\":0,\"publisher\":{\"@id\":\"https:\/\/kapitalis.com\/tunisie\/#organization\"},\"image\":{\"@id\":\"https:\/\/kapitalis.com\/tunisie\/2019\/03\/13\/une-forte-participation-tunisienne-au-salon-du-livre-de-paris-2019\/#primaryimage\"},\"thumbnailUrl\":\"\",\"keywords\":[\"Institut fran\u00e7ais de Tunisie\",\"Nadia Chaabane\",\"Union des \u00e9diteurs tunisiens\"],\"articleSection\":[\"CULTURE\",\"Tunisie\"],\"inLanguage\":\"fr-FR\",\"potentialAction\":[{\"@type\":\"CommentAction\",\"name\":\"Comment\",\"target\":[\"https:\/\/kapitalis.com\/tunisie\/2019\/03\/13\/une-forte-participation-tunisienne-au-salon-du-livre-de-paris-2019\/#respond\"]}]},{\"@type\":\"WebPage\",\"@id\":\"https:\/\/kapitalis.com\/tunisie\/2019\/03\/13\/une-forte-participation-tunisienne-au-salon-du-livre-de-paris-2019\/\",\"url\":\"https:\/\/kapitalis.com\/tunisie\/2019\/03\/13\/une-forte-participation-tunisienne-au-salon-du-livre-de-paris-2019\/\",\"name\":\"Une forte participation tunisienne au Salon du Livre de Paris 2019 - Kapitalis\",\"isPartOf\":{\"@id\":\"https:\/\/kapitalis.com\/tunisie\/#website\"},\"primaryImageOfPage\":{\"@id\":\"https:\/\/kapitalis.com\/tunisie\/2019\/03\/13\/une-forte-participation-tunisienne-au-salon-du-livre-de-paris-2019\/#primaryimage\"},\"image\":{\"@id\":\"https:\/\/kapitalis.com\/tunisie\/2019\/03\/13\/une-forte-participation-tunisienne-au-salon-du-livre-de-paris-2019\/#primaryimage\"},\"thumbnailUrl\":\"\",\"datePublished\":\"2019-03-13T17:01:48+00:00\",\"breadcrumb\":{\"@id\":\"https:\/\/kapitalis.com\/tunisie\/2019\/03\/13\/une-forte-participation-tunisienne-au-salon-du-livre-de-paris-2019\/#breadcrumb\"},\"inLanguage\":\"fr-FR\",\"potentialAction\":[{\"@type\":\"ReadAction\",\"target\":[\"https:\/\/kapitalis.com\/tunisie\/2019\/03\/13\/une-forte-participation-tunisienne-au-salon-du-livre-de-paris-2019\/\"]}]},{\"@type\":\"ImageObject\",\"inLanguage\":\"fr-FR\",\"@id\":\"https:\/\/kapitalis.com\/tunisie\/2019\/03\/13\/une-forte-participation-tunisienne-au-salon-du-livre-de-paris-2019\/#primaryimage\",\"url\":\"\",\"contentUrl\":\"\"},{\"@type\":\"BreadcrumbList\",\"@id\":\"https:\/\/kapitalis.com\/tunisie\/2019\/03\/13\/une-forte-participation-tunisienne-au-salon-du-livre-de-paris-2019\/#breadcrumb\",\"itemListElement\":[{\"@type\":\"ListItem\",\"position\":1,\"name\":\"Accueil\",\"item\":\"https:\/\/kapitalis.com\/tunisie\/\"},{\"@type\":\"ListItem\",\"position\":2,\"name\":\"Une forte participation tunisienne au Salon du Livre de Paris 2019\"}]},{\"@type\":\"WebSite\",\"@id\":\"https:\/\/kapitalis.com\/tunisie\/#website\",\"url\":\"https:\/\/kapitalis.com\/tunisie\/\",\"name\":\"Kapitalis\",\"description\":\"L&#039;actualit\u00e9 en Tunisie et dans le monde\",\"publisher\":{\"@id\":\"https:\/\/kapitalis.com\/tunisie\/#organization\"},\"potentialAction\":[{\"@type\":\"SearchAction\",\"target\":{\"@type\":\"EntryPoint\",\"urlTemplate\":\"https:\/\/kapitalis.com\/tunisie\/?s={search_term_string}\"},\"query-input\":{\"@type\":\"PropertyValueSpecification\",\"valueRequired\":true,\"valueName\":\"search_term_string\"}}],\"inLanguage\":\"fr-FR\"},{\"@type\":\"Organization\",\"@id\":\"https:\/\/kapitalis.com\/tunisie\/#organization\",\"name\":\"Kapitalis\",\"url\":\"https:\/\/kapitalis.com\/tunisie\/\",\"logo\":{\"@type\":\"ImageObject\",\"inLanguage\":\"fr-FR\",\"@id\":\"https:\/\/kapitalis.com\/tunisie\/#\/schema\/logo\/image\/\",\"url\":\"https:\/\/kapitalis.com\/tunisie\/wp-content\/uploads\/2022\/05\/Kapitalis-big-size.png\",\"contentUrl\":\"https:\/\/kapitalis.com\/tunisie\/wp-content\/uploads\/2022\/05\/Kapitalis-big-size.png\",\"width\":5000,\"height\":1500,\"caption\":\"Kapitalis\"},\"image\":{\"@id\":\"https:\/\/kapitalis.com\/tunisie\/#\/schema\/logo\/image\/\"},\"sameAs\":[\"https:\/\/www.facebook.com\/KapitalisInfo\/\",\"https:\/\/x.com\/KapitalisInfo\",\"https:\/\/www.youtube.com\/channel\/UC-yDYrHyfFBWWZaOw3FPg9Q\"]},{\"@type\":\"Person\",\"@id\":\"https:\/\/kapitalis.com\/tunisie\/#\/schema\/person\/d71f33a9ca44f7bad4698210b480c8e9\",\"name\":\"webmaster kapitalis\",\"url\":\"https:\/\/kapitalis.com\/tunisie\/author\/webmaster-kapitalis\/\"}]}<\/script>\n<!-- \/ Yoast SEO plugin. -->","yoast_head_json":{"title":"Une forte participation tunisienne au Salon du Livre de Paris 2019 - Kapitalis","robots":{"index":"index","follow":"follow","max-snippet":"max-snippet:-1","max-image-preview":"max-image-preview:large","max-video-preview":"max-video-preview:-1"},"canonical":"https:\/\/kapitalis.com\/tunisie\/2019\/03\/13\/une-forte-participation-tunisienne-au-salon-du-livre-de-paris-2019\/","og_locale":"fr_FR","og_type":"article","og_title":"Une forte participation tunisienne au Salon du Livre de Paris 2019 - Kapitalis","og_description":"La Tunisie sera fortement repr\u00e9sent\u00e9e cette ann\u00e9e au Salon du Livre de Paris qui se tiendra du 15 au 18 mars 2019 au Parc des expositions de la Porte de Versailles.","og_url":"https:\/\/kapitalis.com\/tunisie\/2019\/03\/13\/une-forte-participation-tunisienne-au-salon-du-livre-de-paris-2019\/","og_site_name":"Kapitalis","article_publisher":"https:\/\/www.facebook.com\/KapitalisInfo\/","article_published_time":"2019-03-13T17:01:48+00:00","og_image":[{"width":1200,"height":630,"url":"https:\/\/kapitalis.com\/tunisie\/wp-content\/uploads\/2022\/05\/kapitalis-logo-fb.png","type":"image\/png"}],"author":"webmaster kapitalis","twitter_card":"summary_large_image","twitter_creator":"@KapitalisInfo","twitter_site":"@KapitalisInfo","twitter_misc":{"\u00c9crit par":"webmaster kapitalis","Dur\u00e9e de lecture estim\u00e9e":"1 minute"},"schema":{"@context":"https:\/\/schema.org","@graph":[{"@type":"Article","@id":"https:\/\/kapitalis.com\/tunisie\/2019\/03\/13\/une-forte-participation-tunisienne-au-salon-du-livre-de-paris-2019\/#article","isPartOf":{"@id":"https:\/\/kapitalis.com\/tunisie\/2019\/03\/13\/une-forte-participation-tunisienne-au-salon-du-livre-de-paris-2019\/"},"author":{"name":"webmaster kapitalis","@id":"https:\/\/kapitalis.com\/tunisie\/#\/schema\/person\/d71f33a9ca44f7bad4698210b480c8e9"},"headline":"Une forte participation tunisienne au Salon du Livre de Paris 2019","datePublished":"2019-03-13T17:01:48+00:00","mainEntityOfPage":{"@id":"https:\/\/kapitalis.com\/tunisie\/2019\/03\/13\/une-forte-participation-tunisienne-au-salon-du-livre-de-paris-2019\/"},"wordCount":240,"commentCount":0,"publisher":{"@id":"https:\/\/kapitalis.com\/tunisie\/#organization"},"image":{"@id":"https:\/\/kapitalis.com\/tunisie\/2019\/03\/13\/une-forte-participation-tunisienne-au-salon-du-livre-de-paris-2019\/#primaryimage"},"thumbnailUrl":"","keywords":["Institut fran\u00e7ais de Tunisie","Nadia Chaabane","Union des \u00e9diteurs tunisiens"],"articleSection":["CULTURE","Tunisie"],"inLanguage":"fr-FR","potentialAction":[{"@type":"CommentAction","name":"Comment","target":["https:\/\/kapitalis.com\/tunisie\/2019\/03\/13\/une-forte-participation-tunisienne-au-salon-du-livre-de-paris-2019\/#respond"]}]},{"@type":"WebPage","@id":"https:\/\/kapitalis.com\/tunisie\/2019\/03\/13\/une-forte-participation-tunisienne-au-salon-du-livre-de-paris-2019\/","url":"https:\/\/kapitalis.com\/tunisie\/2019\/03\/13\/une-forte-participation-tunisienne-au-salon-du-livre-de-paris-2019\/","name":"Une forte participation tunisienne au Salon du Livre de Paris 2019 - Kapitalis","isPartOf":{"@id":"https:\/\/kapitalis.com\/tunisie\/#website"},"primaryImageOfPage":{"@id":"https:\/\/kapitalis.com\/tunisie\/2019\/03\/13\/une-forte-participation-tunisienne-au-salon-du-livre-de-paris-2019\/#primaryimage"},"image":{"@id":"https:\/\/kapitalis.com\/tunisie\/2019\/03\/13\/une-forte-participation-tunisienne-au-salon-du-livre-de-paris-2019\/#primaryimage"},"thumbnailUrl":"","datePublished":"2019-03-13T17:01:48+00:00","breadcrumb":{"@id":"https:\/\/kapitalis.com\/tunisie\/2019\/03\/13\/une-forte-participation-tunisienne-au-salon-du-livre-de-paris-2019\/#breadcrumb"},"inLanguage":"fr-FR","potentialAction":[{"@type":"ReadAction","target":["https:\/\/kapitalis.com\/tunisie\/2019\/03\/13\/une-forte-participation-tunisienne-au-salon-du-livre-de-paris-2019\/"]}]},{"@type":"ImageObject","inLanguage":"fr-FR","@id":"https:\/\/kapitalis.com\/tunisie\/2019\/03\/13\/une-forte-participation-tunisienne-au-salon-du-livre-de-paris-2019\/#primaryimage","url":"","contentUrl":""},{"@type":"BreadcrumbList","@id":"https:\/\/kapitalis.com\/tunisie\/2019\/03\/13\/une-forte-participation-tunisienne-au-salon-du-livre-de-paris-2019\/#breadcrumb","itemListElement":[{"@type":"ListItem","position":1,"name":"Accueil","item":"https:\/\/kapitalis.com\/tunisie\/"},{"@type":"ListItem","position":2,"name":"Une forte participation tunisienne au Salon du Livre de Paris 2019"}]},{"@type":"WebSite","@id":"https:\/\/kapitalis.com\/tunisie\/#website","url":"https:\/\/kapitalis.com\/tunisie\/","name":"Kapitalis","description":"L&#039;actualit\u00e9 en Tunisie et dans le monde","publisher":{"@id":"https:\/\/kapitalis.com\/tunisie\/#organization"},"potentialAction":[{"@type":"SearchAction","target":{"@type":"EntryPoint","urlTemplate":"https:\/\/kapitalis.com\/tunisie\/?s={search_term_string}"},"query-input":{"@type":"PropertyValueSpecification","valueRequired":true,"valueName":"search_term_string"}}],"inLanguage":"fr-FR"},{"@type":"Organization","@id":"https:\/\/kapitalis.com\/tunisie\/#organization","name":"Kapitalis","url":"https:\/\/kapitalis.com\/tunisie\/","logo":{"@type":"ImageObject","inLanguage":"fr-FR","@id":"https:\/\/kapitalis.com\/tunisie\/#\/schema\/logo\/image\/","url":"https:\/\/kapitalis.com\/tunisie\/wp-content\/uploads\/2022\/05\/Kapitalis-big-size.png","contentUrl":"https:\/\/kapitalis.com\/tunisie\/wp-content\/uploads\/2022\/05\/Kapitalis-big-size.png","width":5000,"height":1500,"caption":"Kapitalis"},"image":{"@id":"https:\/\/kapitalis.com\/tunisie\/#\/schema\/logo\/image\/"},"sameAs":["https:\/\/www.facebook.com\/KapitalisInfo\/","https:\/\/x.com\/KapitalisInfo","https:\/\/www.youtube.com\/channel\/UC-yDYrHyfFBWWZaOw3FPg9Q"]},{"@type":"Person","@id":"https:\/\/kapitalis.com\/tunisie\/#\/schema\/person\/d71f33a9ca44f7bad4698210b480c8e9","name":"webmaster kapitalis","url":"https:\/\/kapitalis.com\/tunisie\/author\/webmaster-kapitalis\/"}]}},"_links":{"self":[{"href":"https:\/\/kapitalis.com\/tunisie\/wp-json\/wp\/v2\/posts\/202206","targetHints":{"allow":["GET"]}}],"collection":[{"href":"https:\/\/kapitalis.com\/tunisie\/wp-json\/wp\/v2\/posts"}],"about":[{"href":"https:\/\/kapitalis.com\/tunisie\/wp-json\/wp\/v2\/types\/post"}],"author":[{"embeddable":true,"href":"https:\/\/kapitalis.com\/tunisie\/wp-json\/wp\/v2\/users\/8"}],"replies":[{"embeddable":true,"href":"https:\/\/kapitalis.com\/tunisie\/wp-json\/wp\/v2\/comments?post=202206"}],"version-history":[{"count":0,"href":"https:\/\/kapitalis.com\/tunisie\/wp-json\/wp\/v2\/posts\/202206\/revisions"}],"wp:featuredmedia":[{"embeddable":true,"href":"https:\/\/kapitalis.com\/tunisie\/wp-json\/wp\/v2\/media\/202207"}],"wp:attachment":[{"href":"https:\/\/kapitalis.com\/tunisie\/wp-json\/wp\/v2\/media?parent=202206"}],"wp:term":[{"taxonomy":"category","embeddable":true,"href":"https:\/\/kapitalis.com\/tunisie\/wp-json\/wp\/v2\/categories?post=202206"},{"taxonomy":"post_tag","embeddable":true,"href":"https:\/\/kapitalis.com\/tunisie\/wp-json\/wp\/v2\/tags?post=202206"}],"curies":[{"name":"wp","href":"https:\/\/api.w.org\/{rel}","templated":true}]}}