{"id":202217,"date":"2019-03-13T18:38:37","date_gmt":"2019-03-13T17:38:37","guid":{"rendered":"http:\/\/kapitalis.com\/tunisie\/?p=202217"},"modified":"2019-03-13T18:38:37","modified_gmt":"2019-03-13T17:38:37","slug":"workshop-a-tunis-cooperation-tuniso-italienne-dans-les-nouvelles-energies","status":"publish","type":"post","link":"https:\/\/kapitalis.com\/tunisie\/2019\/03\/13\/workshop-a-tunis-cooperation-tuniso-italienne-dans-les-nouvelles-energies\/","title":{"rendered":"Workshop \u00e0 Tunis : Coop\u00e9ration tuniso-italienne dans les nouvelles \u00e9nergies"},"content":{"rendered":"<p style=\"text-align: center;\"><img loading=\"lazy\" decoding=\"async\" class=\"alignnone size-full wp-image-202218\" src=\"http:\/\/kapitalis.com\/tunisie\/wp-content\/uploads\/2019\/03\/Nouvelles-energies.jpg\" alt=\"\" width=\"626\" height=\"380\" \/><\/p>\n<p><strong><em>\u00abDu traitement des d\u00e9chets aux nouvelles \u00e9nergies. Les entreprises du sud de l\u2019Italie \u00e0 la d\u00e9couverte des opportunit\u00e9s qu\u2019offre la Tunisie\u00bb est le th\u00e8me d\u2019un workshop organis\u00e9 par Italian Trade Agency (ITA), le 25 mars 2019, \u00e0 l\u2019h\u00f4tel Sheraton Tunis.<\/em><\/strong><\/p>\n<p><!--more--><\/p>\n<p>La durabilit\u00e9 des syst\u00e8mes productifs, l\u2019efficacit\u00e9 \u00e9nerg\u00e9tique et la valorisation des d\u00e9chets sont les secteurs-cl\u00e9s sur lesquels se base la recherche des solutions innovantes de la derni\u00e8re d\u00e9cennie. Ce sont ces th\u00e8mes qui seront trait\u00e9s durant le workshop sur le th\u00e8me : <em>\u00abItalie-Tunisie, les avantages d\u2019une collaboration bas\u00e9e sur les \u00e9nergies renouvelables, sur la gestion des d\u00e9chets et du plastique dans l&rsquo;\u00e8re de l&rsquo;\u00e9conomie circulaire.\u00bb<\/em><\/p>\n<p>La manifestation, qui rentre dans le cadre du programme PES 2 (Plan Export Sud), est r\u00e9alis\u00e9e par l\u2019ICE de Tunis sous l\u2019\u00e9gide de l\u2019ambassade d&rsquo;Italie, gr\u00e2ce aux fonds de l\u2019Union europ\u00e9enne.<\/p>\n<p>L\u2019\u00e9v\u00e9nement est d\u00e9di\u00e9 exclusivement aux soci\u00e9t\u00e9s du sud de l\u2019Italie qui d\u00e9sirent nouer des relations de de collaboration commerciale et industrielle avec des contreparties tunisiennes des secteurs indiqu\u00e9s.<\/p>\n<p>Les entreprises italiennes qui participent au workshop, au nombre de sept, sont int\u00e9ress\u00e9es \u00e0 cr\u00e9er et d\u00e9velopper des contacts commerciaux et\/ou de partenariat en Tunisie, \u00e9tant sp\u00e9cialis\u00e9es dans le recyclage des d\u00e9chets, l\u2019efficacit\u00e9 \u00e9nerg\u00e9tique, le traitement des eaux, l\u2019\u00e9nergie \u00e9olienne et la cog\u00e9n\u00e9ration.<\/p>\n<p>La s\u00e9ance d\u2019ouverture de cette conf\u00e9rence sera pr\u00e9sid\u00e9e par l\u2019ambassadeur d\u2019Italie, Lorenzo Fanara. Donatella Iaricci, directrice de l&rsquo;ICE de Tunis, pr\u00e9sentera pour sa part les opportunit\u00e9s du programme PES 2.<\/p>\n<p>Le panel sera compos\u00e9 par les repr\u00e9sentants des institutions tunisiennes sp\u00e9cialis\u00e9es dans le secteur des \u00e9nergies renouvelables et du traitement des d\u00e9chets (minist\u00e8re de l\u2019Industrie, Anged, ANME), par des experts italiens qui repr\u00e9senteront le niveau des technologies appliqu\u00e9es en Italie ainsi que les exp\u00e9riences concr\u00e8tes d\u2019entreprises capables d\u2019utiliser des \u00e9nergies alternatives ainsi que par les repr\u00e9sentants d\u2019organismes internationaux comme la Berd pour la pr\u00e9sentation des formes de financements disponibles.<\/p>\n<p>L\u2019Italie et la Tunisie sont capables de mettre en place des collaborations conjointes, surtout au niveau des entreprises qui d\u00e9sirent travailler pour un syst\u00e8me productif circulaire et efficace.<em> \u00abLes 7 PME italiennes s\u00e9lectionn\u00e9es peuvent \u00eatre cet exemple de collaboration, s\u2019ils parviennent \u00e0 trouver les partenaires tunisiens. On compte beaucoup sur la r\u00e9ussite de cette manifestation \u00e0 travers les rencontres B2B qui auront lieu apr\u00e8s la conf\u00e9rence\u00bb,<\/em> d\u00e9clare la directrice ICE.<\/p>\n<p>Les facteurs favorables au d\u00e9veloppement des \u00e9nergies renouvelables en Tunisie sont li\u00e9s, d&rsquo;une part, \u00e0 la strat\u00e9gie nationale d\u2019\u00e9conomie d&rsquo;\u00e9nergie et de substitution des \u00e9nergies alternatives au p\u00e9trole et d\u2019autre part, aux opportunit\u00e9s qui se pr\u00e9sentent pour un pays, lequel par sa position strat\u00e9gique, peut agir comme une plateforme centrale de la M\u00e9diterran\u00e9e, point crucial de passage des interconnexions \u00e9nerg\u00e9tiques entre l\u2019Europe et l\u2019Afrique.<\/p>\n<p>D\u2019autre part, l\u2019Italie a augment\u00e9 en 2018 sa production d\u2019\u00e9nergie \u00e9lectrique qui provient \u00e0 raison de 50% des \u00e9nergies renouvelables, mais aussi du recyclage des d\u00e9chets, sur la base des donn\u00e9es Eurostat, environ 1\/5 des mat\u00e9riaux utilis\u00e9s dans le circuit de production italien est consid\u00e9r\u00e9 MPS <em>\u00abmati\u00e8re premi\u00e8re secondaire\u00bb<\/em>, ce qui la place en t\u00eate des grands pays de l\u2019UE.<\/p>\n<p>Le d\u00e9ficit \u00e9nerg\u00e9tique de la Tunisie est \u00e9lev\u00e9 et l\u2019approvisionnement d\u00e9pend de l\u2019\u00e9nergie d\u00e9velopp\u00e9e \u00e0 partir des hydrocarbures et leurs d\u00e9riv\u00e9s (l\u2019Italie est en t\u00eate comme pays fournisseur) et du gaz naturel import\u00e9 d\u2019autres pays pour d\u00e9velopper l\u2019\u00e9nergie \u00e9lectrique. Il est donc primordial et strat\u00e9gique pour la Tunisie de d\u00e9velopper un plan d\u2019autonomie \u00e9nerg\u00e9tique \u00e0 travers d\u2019autres sources de substitution et des collaborations internationales.<\/p>\n<p><em><strong>Source<\/strong><\/em> : communiqu\u00e9.<\/p>\n","protected":false},"excerpt":{"rendered":"<p>\u00abDu traitement des d\u00e9chets aux nouvelles \u00e9nergies. Les entreprises du sud de l\u2019Italie \u00e0 la d\u00e9couverte des opportunit\u00e9s qu\u2019offre la Tunisie\u00bb est le th\u00e8me d\u2019un workshop organis\u00e9 par Italian Trade Agency (ITA), le 25 mars 2019, \u00e0 l\u2019h\u00f4tel Sheraton Tunis.<\/p>\n","protected":false},"author":8,"featured_media":202218,"comment_status":"open","ping_status":"open","sticky":false,"template":"","format":"standard","meta":{"footnotes":""},"categories":[995,2433],"tags":[9356,6398,5640,46307],"class_list":["post-202217","post","type-post","status-publish","format-standard","has-post-thumbnail","hentry","category-economie","category-tunisie","tag-anged","tag-anme","tag-energies-renouvelables","tag-lorenzo-fanara"],"yoast_head":"<!-- This site is optimized with the Yoast SEO plugin v26.6 - https:\/\/yoast.com\/wordpress\/plugins\/seo\/ -->\n<title>Workshop \u00e0 Tunis : Coop\u00e9ration tuniso-italienne dans les nouvelles \u00e9nergies - Kapitalis<\/title>\n<meta name=\"robots\" content=\"index, follow, max-snippet:-1, max-image-preview:large, max-video-preview:-1\" \/>\n<link rel=\"canonical\" href=\"https:\/\/kapitalis.com\/tunisie\/2019\/03\/13\/workshop-a-tunis-cooperation-tuniso-italienne-dans-les-nouvelles-energies\/\" \/>\n<meta property=\"og:locale\" content=\"fr_FR\" \/>\n<meta property=\"og:type\" content=\"article\" \/>\n<meta property=\"og:title\" content=\"Workshop \u00e0 Tunis : Coop\u00e9ration tuniso-italienne dans les nouvelles \u00e9nergies - Kapitalis\" \/>\n<meta property=\"og:description\" content=\"\u00abDu traitement des d\u00e9chets aux nouvelles \u00e9nergies. Les entreprises du sud de l\u2019Italie \u00e0 la d\u00e9couverte des opportunit\u00e9s qu\u2019offre la Tunisie\u00bb est le th\u00e8me d\u2019un workshop organis\u00e9 par Italian Trade Agency (ITA), le 25 mars 2019, \u00e0 l\u2019h\u00f4tel Sheraton Tunis.\" \/>\n<meta property=\"og:url\" content=\"https:\/\/kapitalis.com\/tunisie\/2019\/03\/13\/workshop-a-tunis-cooperation-tuniso-italienne-dans-les-nouvelles-energies\/\" \/>\n<meta property=\"og:site_name\" content=\"Kapitalis\" \/>\n<meta property=\"article:publisher\" content=\"https:\/\/www.facebook.com\/KapitalisInfo\/\" \/>\n<meta property=\"article:published_time\" content=\"2019-03-13T17:38:37+00:00\" \/>\n<meta property=\"og:image\" content=\"https:\/\/kapitalis.com\/tunisie\/wp-content\/uploads\/2022\/05\/kapitalis-logo-fb.png\" \/>\n\t<meta property=\"og:image:width\" content=\"1200\" \/>\n\t<meta property=\"og:image:height\" content=\"630\" \/>\n\t<meta property=\"og:image:type\" content=\"image\/png\" \/>\n<meta name=\"author\" content=\"webmaster kapitalis\" \/>\n<meta name=\"twitter:card\" content=\"summary_large_image\" \/>\n<meta name=\"twitter:creator\" content=\"@KapitalisInfo\" \/>\n<meta name=\"twitter:site\" content=\"@KapitalisInfo\" \/>\n<meta name=\"twitter:label1\" content=\"\u00c9crit par\" \/>\n\t<meta name=\"twitter:data1\" content=\"webmaster kapitalis\" \/>\n\t<meta name=\"twitter:label2\" content=\"Dur\u00e9e de lecture estim\u00e9e\" \/>\n\t<meta name=\"twitter:data2\" content=\"3 minutes\" \/>\n<script type=\"application\/ld+json\" class=\"yoast-schema-graph\">{\"@context\":\"https:\/\/schema.org\",\"@graph\":[{\"@type\":\"Article\",\"@id\":\"https:\/\/kapitalis.com\/tunisie\/2019\/03\/13\/workshop-a-tunis-cooperation-tuniso-italienne-dans-les-nouvelles-energies\/#article\",\"isPartOf\":{\"@id\":\"https:\/\/kapitalis.com\/tunisie\/2019\/03\/13\/workshop-a-tunis-cooperation-tuniso-italienne-dans-les-nouvelles-energies\/\"},\"author\":{\"name\":\"webmaster kapitalis\",\"@id\":\"https:\/\/kapitalis.com\/tunisie\/#\/schema\/person\/d71f33a9ca44f7bad4698210b480c8e9\"},\"headline\":\"Workshop \u00e0 Tunis : Coop\u00e9ration tuniso-italienne dans les nouvelles \u00e9nergies\",\"datePublished\":\"2019-03-13T17:38:37+00:00\",\"mainEntityOfPage\":{\"@id\":\"https:\/\/kapitalis.com\/tunisie\/2019\/03\/13\/workshop-a-tunis-cooperation-tuniso-italienne-dans-les-nouvelles-energies\/\"},\"wordCount\":691,\"commentCount\":0,\"publisher\":{\"@id\":\"https:\/\/kapitalis.com\/tunisie\/#organization\"},\"image\":{\"@id\":\"https:\/\/kapitalis.com\/tunisie\/2019\/03\/13\/workshop-a-tunis-cooperation-tuniso-italienne-dans-les-nouvelles-energies\/#primaryimage\"},\"thumbnailUrl\":\"\",\"keywords\":[\"Anged\",\"ANME\",\"\u00e9nergies renouvelables\",\"Lorenzo Fanara\"],\"articleSection\":[\"ECONOMIE\",\"Tunisie\"],\"inLanguage\":\"fr-FR\",\"potentialAction\":[{\"@type\":\"CommentAction\",\"name\":\"Comment\",\"target\":[\"https:\/\/kapitalis.com\/tunisie\/2019\/03\/13\/workshop-a-tunis-cooperation-tuniso-italienne-dans-les-nouvelles-energies\/#respond\"]}]},{\"@type\":\"WebPage\",\"@id\":\"https:\/\/kapitalis.com\/tunisie\/2019\/03\/13\/workshop-a-tunis-cooperation-tuniso-italienne-dans-les-nouvelles-energies\/\",\"url\":\"https:\/\/kapitalis.com\/tunisie\/2019\/03\/13\/workshop-a-tunis-cooperation-tuniso-italienne-dans-les-nouvelles-energies\/\",\"name\":\"Workshop \u00e0 Tunis : Coop\u00e9ration tuniso-italienne dans les nouvelles \u00e9nergies - Kapitalis\",\"isPartOf\":{\"@id\":\"https:\/\/kapitalis.com\/tunisie\/#website\"},\"primaryImageOfPage\":{\"@id\":\"https:\/\/kapitalis.com\/tunisie\/2019\/03\/13\/workshop-a-tunis-cooperation-tuniso-italienne-dans-les-nouvelles-energies\/#primaryimage\"},\"image\":{\"@id\":\"https:\/\/kapitalis.com\/tunisie\/2019\/03\/13\/workshop-a-tunis-cooperation-tuniso-italienne-dans-les-nouvelles-energies\/#primaryimage\"},\"thumbnailUrl\":\"\",\"datePublished\":\"2019-03-13T17:38:37+00:00\",\"breadcrumb\":{\"@id\":\"https:\/\/kapitalis.com\/tunisie\/2019\/03\/13\/workshop-a-tunis-cooperation-tuniso-italienne-dans-les-nouvelles-energies\/#breadcrumb\"},\"inLanguage\":\"fr-FR\",\"potentialAction\":[{\"@type\":\"ReadAction\",\"target\":[\"https:\/\/kapitalis.com\/tunisie\/2019\/03\/13\/workshop-a-tunis-cooperation-tuniso-italienne-dans-les-nouvelles-energies\/\"]}]},{\"@type\":\"ImageObject\",\"inLanguage\":\"fr-FR\",\"@id\":\"https:\/\/kapitalis.com\/tunisie\/2019\/03\/13\/workshop-a-tunis-cooperation-tuniso-italienne-dans-les-nouvelles-energies\/#primaryimage\",\"url\":\"\",\"contentUrl\":\"\"},{\"@type\":\"BreadcrumbList\",\"@id\":\"https:\/\/kapitalis.com\/tunisie\/2019\/03\/13\/workshop-a-tunis-cooperation-tuniso-italienne-dans-les-nouvelles-energies\/#breadcrumb\",\"itemListElement\":[{\"@type\":\"ListItem\",\"position\":1,\"name\":\"Accueil\",\"item\":\"https:\/\/kapitalis.com\/tunisie\/\"},{\"@type\":\"ListItem\",\"position\":2,\"name\":\"Workshop \u00e0 Tunis : Coop\u00e9ration tuniso-italienne dans les nouvelles \u00e9nergies\"}]},{\"@type\":\"WebSite\",\"@id\":\"https:\/\/kapitalis.com\/tunisie\/#website\",\"url\":\"https:\/\/kapitalis.com\/tunisie\/\",\"name\":\"Kapitalis\",\"description\":\"L&#039;actualit\u00e9 en Tunisie et dans le monde\",\"publisher\":{\"@id\":\"https:\/\/kapitalis.com\/tunisie\/#organization\"},\"potentialAction\":[{\"@type\":\"SearchAction\",\"target\":{\"@type\":\"EntryPoint\",\"urlTemplate\":\"https:\/\/kapitalis.com\/tunisie\/?s={search_term_string}\"},\"query-input\":{\"@type\":\"PropertyValueSpecification\",\"valueRequired\":true,\"valueName\":\"search_term_string\"}}],\"inLanguage\":\"fr-FR\"},{\"@type\":\"Organization\",\"@id\":\"https:\/\/kapitalis.com\/tunisie\/#organization\",\"name\":\"Kapitalis\",\"url\":\"https:\/\/kapitalis.com\/tunisie\/\",\"logo\":{\"@type\":\"ImageObject\",\"inLanguage\":\"fr-FR\",\"@id\":\"https:\/\/kapitalis.com\/tunisie\/#\/schema\/logo\/image\/\",\"url\":\"https:\/\/kapitalis.com\/tunisie\/wp-content\/uploads\/2022\/05\/Kapitalis-big-size.png\",\"contentUrl\":\"https:\/\/kapitalis.com\/tunisie\/wp-content\/uploads\/2022\/05\/Kapitalis-big-size.png\",\"width\":5000,\"height\":1500,\"caption\":\"Kapitalis\"},\"image\":{\"@id\":\"https:\/\/kapitalis.com\/tunisie\/#\/schema\/logo\/image\/\"},\"sameAs\":[\"https:\/\/www.facebook.com\/KapitalisInfo\/\",\"https:\/\/x.com\/KapitalisInfo\",\"https:\/\/www.youtube.com\/channel\/UC-yDYrHyfFBWWZaOw3FPg9Q\"]},{\"@type\":\"Person\",\"@id\":\"https:\/\/kapitalis.com\/tunisie\/#\/schema\/person\/d71f33a9ca44f7bad4698210b480c8e9\",\"name\":\"webmaster kapitalis\",\"url\":\"https:\/\/kapitalis.com\/tunisie\/author\/webmaster-kapitalis\/\"}]}<\/script>\n<!-- \/ Yoast SEO plugin. -->","yoast_head_json":{"title":"Workshop \u00e0 Tunis : Coop\u00e9ration tuniso-italienne dans les nouvelles \u00e9nergies - Kapitalis","robots":{"index":"index","follow":"follow","max-snippet":"max-snippet:-1","max-image-preview":"max-image-preview:large","max-video-preview":"max-video-preview:-1"},"canonical":"https:\/\/kapitalis.com\/tunisie\/2019\/03\/13\/workshop-a-tunis-cooperation-tuniso-italienne-dans-les-nouvelles-energies\/","og_locale":"fr_FR","og_type":"article","og_title":"Workshop \u00e0 Tunis : Coop\u00e9ration tuniso-italienne dans les nouvelles \u00e9nergies - Kapitalis","og_description":"\u00abDu traitement des d\u00e9chets aux nouvelles \u00e9nergies. Les entreprises du sud de l\u2019Italie \u00e0 la d\u00e9couverte des opportunit\u00e9s qu\u2019offre la Tunisie\u00bb est le th\u00e8me d\u2019un workshop organis\u00e9 par Italian Trade Agency (ITA), le 25 mars 2019, \u00e0 l\u2019h\u00f4tel Sheraton Tunis.","og_url":"https:\/\/kapitalis.com\/tunisie\/2019\/03\/13\/workshop-a-tunis-cooperation-tuniso-italienne-dans-les-nouvelles-energies\/","og_site_name":"Kapitalis","article_publisher":"https:\/\/www.facebook.com\/KapitalisInfo\/","article_published_time":"2019-03-13T17:38:37+00:00","og_image":[{"width":1200,"height":630,"url":"https:\/\/kapitalis.com\/tunisie\/wp-content\/uploads\/2022\/05\/kapitalis-logo-fb.png","type":"image\/png"}],"author":"webmaster kapitalis","twitter_card":"summary_large_image","twitter_creator":"@KapitalisInfo","twitter_site":"@KapitalisInfo","twitter_misc":{"\u00c9crit par":"webmaster kapitalis","Dur\u00e9e de lecture estim\u00e9e":"3 minutes"},"schema":{"@context":"https:\/\/schema.org","@graph":[{"@type":"Article","@id":"https:\/\/kapitalis.com\/tunisie\/2019\/03\/13\/workshop-a-tunis-cooperation-tuniso-italienne-dans-les-nouvelles-energies\/#article","isPartOf":{"@id":"https:\/\/kapitalis.com\/tunisie\/2019\/03\/13\/workshop-a-tunis-cooperation-tuniso-italienne-dans-les-nouvelles-energies\/"},"author":{"name":"webmaster kapitalis","@id":"https:\/\/kapitalis.com\/tunisie\/#\/schema\/person\/d71f33a9ca44f7bad4698210b480c8e9"},"headline":"Workshop \u00e0 Tunis : Coop\u00e9ration tuniso-italienne dans les nouvelles \u00e9nergies","datePublished":"2019-03-13T17:38:37+00:00","mainEntityOfPage":{"@id":"https:\/\/kapitalis.com\/tunisie\/2019\/03\/13\/workshop-a-tunis-cooperation-tuniso-italienne-dans-les-nouvelles-energies\/"},"wordCount":691,"commentCount":0,"publisher":{"@id":"https:\/\/kapitalis.com\/tunisie\/#organization"},"image":{"@id":"https:\/\/kapitalis.com\/tunisie\/2019\/03\/13\/workshop-a-tunis-cooperation-tuniso-italienne-dans-les-nouvelles-energies\/#primaryimage"},"thumbnailUrl":"","keywords":["Anged","ANME","\u00e9nergies renouvelables","Lorenzo Fanara"],"articleSection":["ECONOMIE","Tunisie"],"inLanguage":"fr-FR","potentialAction":[{"@type":"CommentAction","name":"Comment","target":["https:\/\/kapitalis.com\/tunisie\/2019\/03\/13\/workshop-a-tunis-cooperation-tuniso-italienne-dans-les-nouvelles-energies\/#respond"]}]},{"@type":"WebPage","@id":"https:\/\/kapitalis.com\/tunisie\/2019\/03\/13\/workshop-a-tunis-cooperation-tuniso-italienne-dans-les-nouvelles-energies\/","url":"https:\/\/kapitalis.com\/tunisie\/2019\/03\/13\/workshop-a-tunis-cooperation-tuniso-italienne-dans-les-nouvelles-energies\/","name":"Workshop \u00e0 Tunis : Coop\u00e9ration tuniso-italienne dans les nouvelles \u00e9nergies - Kapitalis","isPartOf":{"@id":"https:\/\/kapitalis.com\/tunisie\/#website"},"primaryImageOfPage":{"@id":"https:\/\/kapitalis.com\/tunisie\/2019\/03\/13\/workshop-a-tunis-cooperation-tuniso-italienne-dans-les-nouvelles-energies\/#primaryimage"},"image":{"@id":"https:\/\/kapitalis.com\/tunisie\/2019\/03\/13\/workshop-a-tunis-cooperation-tuniso-italienne-dans-les-nouvelles-energies\/#primaryimage"},"thumbnailUrl":"","datePublished":"2019-03-13T17:38:37+00:00","breadcrumb":{"@id":"https:\/\/kapitalis.com\/tunisie\/2019\/03\/13\/workshop-a-tunis-cooperation-tuniso-italienne-dans-les-nouvelles-energies\/#breadcrumb"},"inLanguage":"fr-FR","potentialAction":[{"@type":"ReadAction","target":["https:\/\/kapitalis.com\/tunisie\/2019\/03\/13\/workshop-a-tunis-cooperation-tuniso-italienne-dans-les-nouvelles-energies\/"]}]},{"@type":"ImageObject","inLanguage":"fr-FR","@id":"https:\/\/kapitalis.com\/tunisie\/2019\/03\/13\/workshop-a-tunis-cooperation-tuniso-italienne-dans-les-nouvelles-energies\/#primaryimage","url":"","contentUrl":""},{"@type":"BreadcrumbList","@id":"https:\/\/kapitalis.com\/tunisie\/2019\/03\/13\/workshop-a-tunis-cooperation-tuniso-italienne-dans-les-nouvelles-energies\/#breadcrumb","itemListElement":[{"@type":"ListItem","position":1,"name":"Accueil","item":"https:\/\/kapitalis.com\/tunisie\/"},{"@type":"ListItem","position":2,"name":"Workshop \u00e0 Tunis : Coop\u00e9ration tuniso-italienne dans les nouvelles \u00e9nergies"}]},{"@type":"WebSite","@id":"https:\/\/kapitalis.com\/tunisie\/#website","url":"https:\/\/kapitalis.com\/tunisie\/","name":"Kapitalis","description":"L&#039;actualit\u00e9 en Tunisie et dans le monde","publisher":{"@id":"https:\/\/kapitalis.com\/tunisie\/#organization"},"potentialAction":[{"@type":"SearchAction","target":{"@type":"EntryPoint","urlTemplate":"https:\/\/kapitalis.com\/tunisie\/?s={search_term_string}"},"query-input":{"@type":"PropertyValueSpecification","valueRequired":true,"valueName":"search_term_string"}}],"inLanguage":"fr-FR"},{"@type":"Organization","@id":"https:\/\/kapitalis.com\/tunisie\/#organization","name":"Kapitalis","url":"https:\/\/kapitalis.com\/tunisie\/","logo":{"@type":"ImageObject","inLanguage":"fr-FR","@id":"https:\/\/kapitalis.com\/tunisie\/#\/schema\/logo\/image\/","url":"https:\/\/kapitalis.com\/tunisie\/wp-content\/uploads\/2022\/05\/Kapitalis-big-size.png","contentUrl":"https:\/\/kapitalis.com\/tunisie\/wp-content\/uploads\/2022\/05\/Kapitalis-big-size.png","width":5000,"height":1500,"caption":"Kapitalis"},"image":{"@id":"https:\/\/kapitalis.com\/tunisie\/#\/schema\/logo\/image\/"},"sameAs":["https:\/\/www.facebook.com\/KapitalisInfo\/","https:\/\/x.com\/KapitalisInfo","https:\/\/www.youtube.com\/channel\/UC-yDYrHyfFBWWZaOw3FPg9Q"]},{"@type":"Person","@id":"https:\/\/kapitalis.com\/tunisie\/#\/schema\/person\/d71f33a9ca44f7bad4698210b480c8e9","name":"webmaster kapitalis","url":"https:\/\/kapitalis.com\/tunisie\/author\/webmaster-kapitalis\/"}]}},"_links":{"self":[{"href":"https:\/\/kapitalis.com\/tunisie\/wp-json\/wp\/v2\/posts\/202217","targetHints":{"allow":["GET"]}}],"collection":[{"href":"https:\/\/kapitalis.com\/tunisie\/wp-json\/wp\/v2\/posts"}],"about":[{"href":"https:\/\/kapitalis.com\/tunisie\/wp-json\/wp\/v2\/types\/post"}],"author":[{"embeddable":true,"href":"https:\/\/kapitalis.com\/tunisie\/wp-json\/wp\/v2\/users\/8"}],"replies":[{"embeddable":true,"href":"https:\/\/kapitalis.com\/tunisie\/wp-json\/wp\/v2\/comments?post=202217"}],"version-history":[{"count":0,"href":"https:\/\/kapitalis.com\/tunisie\/wp-json\/wp\/v2\/posts\/202217\/revisions"}],"wp:featuredmedia":[{"embeddable":true,"href":"https:\/\/kapitalis.com\/tunisie\/wp-json\/wp\/v2\/media\/202218"}],"wp:attachment":[{"href":"https:\/\/kapitalis.com\/tunisie\/wp-json\/wp\/v2\/media?parent=202217"}],"wp:term":[{"taxonomy":"category","embeddable":true,"href":"https:\/\/kapitalis.com\/tunisie\/wp-json\/wp\/v2\/categories?post=202217"},{"taxonomy":"post_tag","embeddable":true,"href":"https:\/\/kapitalis.com\/tunisie\/wp-json\/wp\/v2\/tags?post=202217"}],"curies":[{"name":"wp","href":"https:\/\/api.w.org\/{rel}","templated":true}]}}