{"id":202274,"date":"2019-03-14T09:38:26","date_gmt":"2019-03-14T08:38:26","guid":{"rendered":"http:\/\/kapitalis.com\/tunisie\/?p=202274"},"modified":"2019-03-14T09:38:26","modified_gmt":"2019-03-14T08:38:26","slug":"les-jeunes-de-tunisie-portrait-de-groupe-par-le-pr-sofiane-bouhdiba","status":"publish","type":"post","link":"https:\/\/kapitalis.com\/tunisie\/2019\/03\/14\/les-jeunes-de-tunisie-portrait-de-groupe-par-le-pr-sofiane-bouhdiba\/","title":{"rendered":"Les jeunes de Tunisie, portrait de groupe par le Pr. Sofiane Bouhdiba"},"content":{"rendered":"<p style=\"text-align: center;\"><img loading=\"lazy\" decoding=\"async\" class=\"alignnone size-full wp-image-202275\" src=\"http:\/\/kapitalis.com\/tunisie\/wp-content\/uploads\/2019\/03\/Jeunes-de-Tunisie-Sofiane-Bouhdiba.jpg\" alt=\"\" width=\"626\" height=\"380\" \/><\/p>\n<p><em><strong>En 2011, les jeunes ont \u00e9t\u00e9 \u00e0 l\u2019origine d\u2019un vaste mouvement populaire qui a balay\u00e9 le r\u00e9gime en place en Tunisie. Ces jeunes font l\u2019objet de l&rsquo;ouvrage \u00ab\u00a0Jeunes de Tunisie\u00a0\u00bb (\u00e9d. L&rsquo;Harmattan, Paris, 2019), de Sofiane Bouhdiba, professeur de d\u00e9mographie \u00e0 l\u2019Universit\u00e9 de Tunis, sp\u00e9cialiste de la mortalit\u00e9.<\/strong><\/em><\/p>\n<p><!--more--><\/p>\n<p>Ce livre, assez accessible, \u00e9crit par un d\u00e9mographe de formation et d\u2019exp\u00e9rience, propose des r\u00e9ponses claires aux nombreuses interrogations que soul\u00e8ve la place r\u00e9elle des jeunes dans la population tunisienne.<\/p>\n<p>M\u00e9thodique et fondamentalement critique, l\u2019auteur d\u00e9crypte ici le comportement d\u00e9mographique des jeunes tunisiens, \u00e0 travers un examen approfondi des grandes \u00e9tapes qui marquent la vie d\u2019un jeune : l\u2019\u00e9ducation, la sexualit\u00e9, l\u2019entr\u00e9e sur les march\u00e9 de l\u2019emploi d\u2019abord, nuptial ensuite, la migration pour les plus aventureux, la mort pr\u00e9matur\u00e9e pour les plus malchanceux.<\/p>\n<p>\u00c0 partir de statistiques nationales r\u00e9centes et fiables, appuy\u00e9es par un travail de terrain qualitatif approfondi, l\u2019auteur nous livre dans cet ouvrage des r\u00e9flexions critiques, parfois \u00e9mouvantes, sur les dimensions d\u00e9mographiques, sociales, culturelles, \u00e9conomiques, politiques, de la jeunesse dans la Tunisie moderne.<\/p>\n<p>L\u2019ouvrage est une sorte de synth\u00e8se simplifi\u00e9e des observations de l\u2019expert. Et m\u00eame s\u2019il se base sur des statistiques officielles r\u00e9centes, son livre est avant tout le fruit de plusieurs ann\u00e9es de travail de terrain, la plupart ayant \u00e9t\u00e9 v\u00e9cues au plus pr\u00e8s des jeunes ruraux, mis\u00e9rables, criminels, \u00e9tudiants, chefs d\u2019entreprises, p\u00e8res de famille.<\/p>\n<p>Pour analyser la place des jeunes dans la population tunisienne, l\u2019auteur a choisi d\u2019organiser sa r\u00e9flexion en quatre grandes parties. Il commence par d\u00e9finir les concepts th\u00e9oriques, et notamment ce que signifient jeunes et jeunesse. Il entame ensuite une approche purement d\u00e9mographique de la jeunesse dans la population tunisienne, en examinant de pr\u00e8s les statistiques officielles les plus r\u00e9centes. C\u2019est \u00e9galement l\u2019occasion pour le d\u00e9mographe de voir dans quelle mesure les changements d\u00e9mographiques, observables sur les pyramides des \u00e2ges, ont \u00e9t\u00e9 \u00e0 l\u2019origine de v\u00e9ritables bouleversements des rapports interg\u00e9n\u00e9rationnels.<\/p>\n<p>La deuxi\u00e8me partie de l\u2019ouvrage examine la mani\u00e8re dont le jeune tunisien n\u00e9gocie aujourd\u2019hui son insertion dans la soci\u00e9t\u00e9, en se formant, en cherchant un emploi, en s\u2019investissant dans la vie citoyenne, en se mariant quelquefois, voire en quittant son pays, dans le but parfois d\u2019y revenir un jour.<\/p>\n<p>La troisi\u00e8me partie du livre est plus sp\u00e9cifiquement d\u00e9di\u00e9e \u00e0 la sant\u00e9 des jeunes, ce qui am\u00e8ne l\u2019auteur \u00e0 examiner leur mortalit\u00e9, qui rev\u00eat naturellement un caract\u00e8re pr\u00e9matur\u00e9. L\u2019ouvrage est clos par une r\u00e9flexion en termes de perspectives, ce qui am\u00e8ne l\u2019auteur \u00e0 identifier les principaux probl\u00e8mes rencontr\u00e9s par les jeunes, avec quelques pistes de recherche r\u00e9alistes pour contribuer \u00e0 faciliter leur insertion dans la soci\u00e9t\u00e9 moderne.<\/p>\n<p>Sofiane Bouhdiba a enseign\u00e9 dans de nombreuses universit\u00e9s en Europe, en Afrique et aux Etats Unis, et particip\u00e9 \u00e0 un grand nombre de conf\u00e9rences internationales sur les th\u00e8mes de la sant\u00e9 et la mortalit\u00e9 violente des jeunes.<\/p>\n<p>Consultant aux Nations Unies, il a eu l\u2019occasion d\u2019\u00e9tudier directement sur les terrains maghr\u00e9bin et africain les difficult\u00e9s rencontr\u00e9es au quotidien par les jeunes pour s\u2019ins\u00e9rer dans leurs soci\u00e9t\u00e9s, voire pour survivre dans un environnement g\u00e9rontocratique.<\/p>\n<p>&nbsp;<\/p>\n","protected":false},"excerpt":{"rendered":"<p>En 2011, les jeunes ont \u00e9t\u00e9 \u00e0 l\u2019origine d\u2019un vaste mouvement populaire qui a balay\u00e9 le r\u00e9gime en place en Tunisie. Ces jeunes font l\u2019objet de l&rsquo;ouvrage \u00ab\u00a0Jeunes de Tunisie\u00a0\u00bb (\u00e9d. L&rsquo;Harmattan, Paris, 2019), de Sofiane Bouhdiba, professeur de d\u00e9mographie \u00e0 l\u2019Universit\u00e9 de Tunis, sp\u00e9cialiste de la mortalit\u00e9.<\/p>\n","protected":false},"author":8,"featured_media":202275,"comment_status":"open","ping_status":"open","sticky":false,"template":"","format":"standard","meta":{"footnotes":""},"categories":[994,998,2433],"tags":[],"class_list":["post-202274","post","type-post","status-publish","format-standard","has-post-thumbnail","hentry","category-culture","category-societe","category-tunisie"],"yoast_head":"<!-- This site is optimized with the Yoast SEO plugin v26.6 - https:\/\/yoast.com\/wordpress\/plugins\/seo\/ -->\n<title>Les jeunes de Tunisie, portrait de groupe par le Pr. Sofiane Bouhdiba - Kapitalis<\/title>\n<meta name=\"robots\" content=\"index, follow, max-snippet:-1, max-image-preview:large, max-video-preview:-1\" \/>\n<link rel=\"canonical\" href=\"https:\/\/kapitalis.com\/tunisie\/2019\/03\/14\/les-jeunes-de-tunisie-portrait-de-groupe-par-le-pr-sofiane-bouhdiba\/\" \/>\n<meta property=\"og:locale\" content=\"fr_FR\" \/>\n<meta property=\"og:type\" content=\"article\" \/>\n<meta property=\"og:title\" content=\"Les jeunes de Tunisie, portrait de groupe par le Pr. Sofiane Bouhdiba - Kapitalis\" \/>\n<meta property=\"og:description\" content=\"En 2011, les jeunes ont \u00e9t\u00e9 \u00e0 l\u2019origine d\u2019un vaste mouvement populaire qui a balay\u00e9 le r\u00e9gime en place en Tunisie. Ces jeunes font l\u2019objet de l&rsquo;ouvrage \u00ab\u00a0Jeunes de Tunisie\u00a0\u00bb (\u00e9d. L&rsquo;Harmattan, Paris, 2019), de Sofiane Bouhdiba, professeur de d\u00e9mographie \u00e0 l\u2019Universit\u00e9 de Tunis, sp\u00e9cialiste de la mortalit\u00e9.\" \/>\n<meta property=\"og:url\" content=\"https:\/\/kapitalis.com\/tunisie\/2019\/03\/14\/les-jeunes-de-tunisie-portrait-de-groupe-par-le-pr-sofiane-bouhdiba\/\" \/>\n<meta property=\"og:site_name\" content=\"Kapitalis\" \/>\n<meta property=\"article:publisher\" content=\"https:\/\/www.facebook.com\/KapitalisInfo\/\" \/>\n<meta property=\"article:published_time\" content=\"2019-03-14T08:38:26+00:00\" \/>\n<meta property=\"og:image\" content=\"https:\/\/kapitalis.com\/tunisie\/wp-content\/uploads\/2022\/05\/kapitalis-logo-fb.png\" \/>\n\t<meta property=\"og:image:width\" content=\"1200\" \/>\n\t<meta property=\"og:image:height\" content=\"630\" \/>\n\t<meta property=\"og:image:type\" content=\"image\/png\" \/>\n<meta name=\"author\" content=\"webmaster kapitalis\" \/>\n<meta name=\"twitter:card\" content=\"summary_large_image\" \/>\n<meta name=\"twitter:creator\" content=\"@KapitalisInfo\" \/>\n<meta name=\"twitter:site\" content=\"@KapitalisInfo\" \/>\n<meta name=\"twitter:label1\" content=\"\u00c9crit par\" \/>\n\t<meta name=\"twitter:data1\" content=\"webmaster kapitalis\" \/>\n\t<meta name=\"twitter:label2\" content=\"Dur\u00e9e de lecture estim\u00e9e\" \/>\n\t<meta name=\"twitter:data2\" content=\"3 minutes\" \/>\n<script type=\"application\/ld+json\" class=\"yoast-schema-graph\">{\"@context\":\"https:\/\/schema.org\",\"@graph\":[{\"@type\":\"Article\",\"@id\":\"https:\/\/kapitalis.com\/tunisie\/2019\/03\/14\/les-jeunes-de-tunisie-portrait-de-groupe-par-le-pr-sofiane-bouhdiba\/#article\",\"isPartOf\":{\"@id\":\"https:\/\/kapitalis.com\/tunisie\/2019\/03\/14\/les-jeunes-de-tunisie-portrait-de-groupe-par-le-pr-sofiane-bouhdiba\/\"},\"author\":{\"name\":\"webmaster kapitalis\",\"@id\":\"https:\/\/kapitalis.com\/tunisie\/#\/schema\/person\/d71f33a9ca44f7bad4698210b480c8e9\"},\"headline\":\"Les jeunes de Tunisie, portrait de groupe par le Pr. Sofiane Bouhdiba\",\"datePublished\":\"2019-03-14T08:38:26+00:00\",\"mainEntityOfPage\":{\"@id\":\"https:\/\/kapitalis.com\/tunisie\/2019\/03\/14\/les-jeunes-de-tunisie-portrait-de-groupe-par-le-pr-sofiane-bouhdiba\/\"},\"wordCount\":602,\"commentCount\":0,\"publisher\":{\"@id\":\"https:\/\/kapitalis.com\/tunisie\/#organization\"},\"image\":{\"@id\":\"https:\/\/kapitalis.com\/tunisie\/2019\/03\/14\/les-jeunes-de-tunisie-portrait-de-groupe-par-le-pr-sofiane-bouhdiba\/#primaryimage\"},\"thumbnailUrl\":\"\",\"articleSection\":[\"CULTURE\",\"SOCIETE\",\"Tunisie\"],\"inLanguage\":\"fr-FR\",\"potentialAction\":[{\"@type\":\"CommentAction\",\"name\":\"Comment\",\"target\":[\"https:\/\/kapitalis.com\/tunisie\/2019\/03\/14\/les-jeunes-de-tunisie-portrait-de-groupe-par-le-pr-sofiane-bouhdiba\/#respond\"]}]},{\"@type\":\"WebPage\",\"@id\":\"https:\/\/kapitalis.com\/tunisie\/2019\/03\/14\/les-jeunes-de-tunisie-portrait-de-groupe-par-le-pr-sofiane-bouhdiba\/\",\"url\":\"https:\/\/kapitalis.com\/tunisie\/2019\/03\/14\/les-jeunes-de-tunisie-portrait-de-groupe-par-le-pr-sofiane-bouhdiba\/\",\"name\":\"Les jeunes de Tunisie, portrait de groupe par le Pr. Sofiane Bouhdiba - Kapitalis\",\"isPartOf\":{\"@id\":\"https:\/\/kapitalis.com\/tunisie\/#website\"},\"primaryImageOfPage\":{\"@id\":\"https:\/\/kapitalis.com\/tunisie\/2019\/03\/14\/les-jeunes-de-tunisie-portrait-de-groupe-par-le-pr-sofiane-bouhdiba\/#primaryimage\"},\"image\":{\"@id\":\"https:\/\/kapitalis.com\/tunisie\/2019\/03\/14\/les-jeunes-de-tunisie-portrait-de-groupe-par-le-pr-sofiane-bouhdiba\/#primaryimage\"},\"thumbnailUrl\":\"\",\"datePublished\":\"2019-03-14T08:38:26+00:00\",\"breadcrumb\":{\"@id\":\"https:\/\/kapitalis.com\/tunisie\/2019\/03\/14\/les-jeunes-de-tunisie-portrait-de-groupe-par-le-pr-sofiane-bouhdiba\/#breadcrumb\"},\"inLanguage\":\"fr-FR\",\"potentialAction\":[{\"@type\":\"ReadAction\",\"target\":[\"https:\/\/kapitalis.com\/tunisie\/2019\/03\/14\/les-jeunes-de-tunisie-portrait-de-groupe-par-le-pr-sofiane-bouhdiba\/\"]}]},{\"@type\":\"ImageObject\",\"inLanguage\":\"fr-FR\",\"@id\":\"https:\/\/kapitalis.com\/tunisie\/2019\/03\/14\/les-jeunes-de-tunisie-portrait-de-groupe-par-le-pr-sofiane-bouhdiba\/#primaryimage\",\"url\":\"\",\"contentUrl\":\"\"},{\"@type\":\"BreadcrumbList\",\"@id\":\"https:\/\/kapitalis.com\/tunisie\/2019\/03\/14\/les-jeunes-de-tunisie-portrait-de-groupe-par-le-pr-sofiane-bouhdiba\/#breadcrumb\",\"itemListElement\":[{\"@type\":\"ListItem\",\"position\":1,\"name\":\"Accueil\",\"item\":\"https:\/\/kapitalis.com\/tunisie\/\"},{\"@type\":\"ListItem\",\"position\":2,\"name\":\"Les jeunes de Tunisie, portrait de groupe par le Pr. Sofiane Bouhdiba\"}]},{\"@type\":\"WebSite\",\"@id\":\"https:\/\/kapitalis.com\/tunisie\/#website\",\"url\":\"https:\/\/kapitalis.com\/tunisie\/\",\"name\":\"Kapitalis\",\"description\":\"L&#039;actualit\u00e9 en Tunisie et dans le monde\",\"publisher\":{\"@id\":\"https:\/\/kapitalis.com\/tunisie\/#organization\"},\"potentialAction\":[{\"@type\":\"SearchAction\",\"target\":{\"@type\":\"EntryPoint\",\"urlTemplate\":\"https:\/\/kapitalis.com\/tunisie\/?s={search_term_string}\"},\"query-input\":{\"@type\":\"PropertyValueSpecification\",\"valueRequired\":true,\"valueName\":\"search_term_string\"}}],\"inLanguage\":\"fr-FR\"},{\"@type\":\"Organization\",\"@id\":\"https:\/\/kapitalis.com\/tunisie\/#organization\",\"name\":\"Kapitalis\",\"url\":\"https:\/\/kapitalis.com\/tunisie\/\",\"logo\":{\"@type\":\"ImageObject\",\"inLanguage\":\"fr-FR\",\"@id\":\"https:\/\/kapitalis.com\/tunisie\/#\/schema\/logo\/image\/\",\"url\":\"https:\/\/kapitalis.com\/tunisie\/wp-content\/uploads\/2022\/05\/Kapitalis-big-size.png\",\"contentUrl\":\"https:\/\/kapitalis.com\/tunisie\/wp-content\/uploads\/2022\/05\/Kapitalis-big-size.png\",\"width\":5000,\"height\":1500,\"caption\":\"Kapitalis\"},\"image\":{\"@id\":\"https:\/\/kapitalis.com\/tunisie\/#\/schema\/logo\/image\/\"},\"sameAs\":[\"https:\/\/www.facebook.com\/KapitalisInfo\/\",\"https:\/\/x.com\/KapitalisInfo\",\"https:\/\/www.youtube.com\/channel\/UC-yDYrHyfFBWWZaOw3FPg9Q\"]},{\"@type\":\"Person\",\"@id\":\"https:\/\/kapitalis.com\/tunisie\/#\/schema\/person\/d71f33a9ca44f7bad4698210b480c8e9\",\"name\":\"webmaster kapitalis\",\"url\":\"https:\/\/kapitalis.com\/tunisie\/author\/webmaster-kapitalis\/\"}]}<\/script>\n<!-- \/ Yoast SEO plugin. -->","yoast_head_json":{"title":"Les jeunes de Tunisie, portrait de groupe par le Pr. Sofiane Bouhdiba - Kapitalis","robots":{"index":"index","follow":"follow","max-snippet":"max-snippet:-1","max-image-preview":"max-image-preview:large","max-video-preview":"max-video-preview:-1"},"canonical":"https:\/\/kapitalis.com\/tunisie\/2019\/03\/14\/les-jeunes-de-tunisie-portrait-de-groupe-par-le-pr-sofiane-bouhdiba\/","og_locale":"fr_FR","og_type":"article","og_title":"Les jeunes de Tunisie, portrait de groupe par le Pr. Sofiane Bouhdiba - Kapitalis","og_description":"En 2011, les jeunes ont \u00e9t\u00e9 \u00e0 l\u2019origine d\u2019un vaste mouvement populaire qui a balay\u00e9 le r\u00e9gime en place en Tunisie. Ces jeunes font l\u2019objet de l&rsquo;ouvrage \u00ab\u00a0Jeunes de Tunisie\u00a0\u00bb (\u00e9d. L&rsquo;Harmattan, Paris, 2019), de Sofiane Bouhdiba, professeur de d\u00e9mographie \u00e0 l\u2019Universit\u00e9 de Tunis, sp\u00e9cialiste de la mortalit\u00e9.","og_url":"https:\/\/kapitalis.com\/tunisie\/2019\/03\/14\/les-jeunes-de-tunisie-portrait-de-groupe-par-le-pr-sofiane-bouhdiba\/","og_site_name":"Kapitalis","article_publisher":"https:\/\/www.facebook.com\/KapitalisInfo\/","article_published_time":"2019-03-14T08:38:26+00:00","og_image":[{"width":1200,"height":630,"url":"https:\/\/kapitalis.com\/tunisie\/wp-content\/uploads\/2022\/05\/kapitalis-logo-fb.png","type":"image\/png"}],"author":"webmaster kapitalis","twitter_card":"summary_large_image","twitter_creator":"@KapitalisInfo","twitter_site":"@KapitalisInfo","twitter_misc":{"\u00c9crit par":"webmaster kapitalis","Dur\u00e9e de lecture estim\u00e9e":"3 minutes"},"schema":{"@context":"https:\/\/schema.org","@graph":[{"@type":"Article","@id":"https:\/\/kapitalis.com\/tunisie\/2019\/03\/14\/les-jeunes-de-tunisie-portrait-de-groupe-par-le-pr-sofiane-bouhdiba\/#article","isPartOf":{"@id":"https:\/\/kapitalis.com\/tunisie\/2019\/03\/14\/les-jeunes-de-tunisie-portrait-de-groupe-par-le-pr-sofiane-bouhdiba\/"},"author":{"name":"webmaster kapitalis","@id":"https:\/\/kapitalis.com\/tunisie\/#\/schema\/person\/d71f33a9ca44f7bad4698210b480c8e9"},"headline":"Les jeunes de Tunisie, portrait de groupe par le Pr. Sofiane Bouhdiba","datePublished":"2019-03-14T08:38:26+00:00","mainEntityOfPage":{"@id":"https:\/\/kapitalis.com\/tunisie\/2019\/03\/14\/les-jeunes-de-tunisie-portrait-de-groupe-par-le-pr-sofiane-bouhdiba\/"},"wordCount":602,"commentCount":0,"publisher":{"@id":"https:\/\/kapitalis.com\/tunisie\/#organization"},"image":{"@id":"https:\/\/kapitalis.com\/tunisie\/2019\/03\/14\/les-jeunes-de-tunisie-portrait-de-groupe-par-le-pr-sofiane-bouhdiba\/#primaryimage"},"thumbnailUrl":"","articleSection":["CULTURE","SOCIETE","Tunisie"],"inLanguage":"fr-FR","potentialAction":[{"@type":"CommentAction","name":"Comment","target":["https:\/\/kapitalis.com\/tunisie\/2019\/03\/14\/les-jeunes-de-tunisie-portrait-de-groupe-par-le-pr-sofiane-bouhdiba\/#respond"]}]},{"@type":"WebPage","@id":"https:\/\/kapitalis.com\/tunisie\/2019\/03\/14\/les-jeunes-de-tunisie-portrait-de-groupe-par-le-pr-sofiane-bouhdiba\/","url":"https:\/\/kapitalis.com\/tunisie\/2019\/03\/14\/les-jeunes-de-tunisie-portrait-de-groupe-par-le-pr-sofiane-bouhdiba\/","name":"Les jeunes de Tunisie, portrait de groupe par le Pr. Sofiane Bouhdiba - Kapitalis","isPartOf":{"@id":"https:\/\/kapitalis.com\/tunisie\/#website"},"primaryImageOfPage":{"@id":"https:\/\/kapitalis.com\/tunisie\/2019\/03\/14\/les-jeunes-de-tunisie-portrait-de-groupe-par-le-pr-sofiane-bouhdiba\/#primaryimage"},"image":{"@id":"https:\/\/kapitalis.com\/tunisie\/2019\/03\/14\/les-jeunes-de-tunisie-portrait-de-groupe-par-le-pr-sofiane-bouhdiba\/#primaryimage"},"thumbnailUrl":"","datePublished":"2019-03-14T08:38:26+00:00","breadcrumb":{"@id":"https:\/\/kapitalis.com\/tunisie\/2019\/03\/14\/les-jeunes-de-tunisie-portrait-de-groupe-par-le-pr-sofiane-bouhdiba\/#breadcrumb"},"inLanguage":"fr-FR","potentialAction":[{"@type":"ReadAction","target":["https:\/\/kapitalis.com\/tunisie\/2019\/03\/14\/les-jeunes-de-tunisie-portrait-de-groupe-par-le-pr-sofiane-bouhdiba\/"]}]},{"@type":"ImageObject","inLanguage":"fr-FR","@id":"https:\/\/kapitalis.com\/tunisie\/2019\/03\/14\/les-jeunes-de-tunisie-portrait-de-groupe-par-le-pr-sofiane-bouhdiba\/#primaryimage","url":"","contentUrl":""},{"@type":"BreadcrumbList","@id":"https:\/\/kapitalis.com\/tunisie\/2019\/03\/14\/les-jeunes-de-tunisie-portrait-de-groupe-par-le-pr-sofiane-bouhdiba\/#breadcrumb","itemListElement":[{"@type":"ListItem","position":1,"name":"Accueil","item":"https:\/\/kapitalis.com\/tunisie\/"},{"@type":"ListItem","position":2,"name":"Les jeunes de Tunisie, portrait de groupe par le Pr. Sofiane Bouhdiba"}]},{"@type":"WebSite","@id":"https:\/\/kapitalis.com\/tunisie\/#website","url":"https:\/\/kapitalis.com\/tunisie\/","name":"Kapitalis","description":"L&#039;actualit\u00e9 en Tunisie et dans le monde","publisher":{"@id":"https:\/\/kapitalis.com\/tunisie\/#organization"},"potentialAction":[{"@type":"SearchAction","target":{"@type":"EntryPoint","urlTemplate":"https:\/\/kapitalis.com\/tunisie\/?s={search_term_string}"},"query-input":{"@type":"PropertyValueSpecification","valueRequired":true,"valueName":"search_term_string"}}],"inLanguage":"fr-FR"},{"@type":"Organization","@id":"https:\/\/kapitalis.com\/tunisie\/#organization","name":"Kapitalis","url":"https:\/\/kapitalis.com\/tunisie\/","logo":{"@type":"ImageObject","inLanguage":"fr-FR","@id":"https:\/\/kapitalis.com\/tunisie\/#\/schema\/logo\/image\/","url":"https:\/\/kapitalis.com\/tunisie\/wp-content\/uploads\/2022\/05\/Kapitalis-big-size.png","contentUrl":"https:\/\/kapitalis.com\/tunisie\/wp-content\/uploads\/2022\/05\/Kapitalis-big-size.png","width":5000,"height":1500,"caption":"Kapitalis"},"image":{"@id":"https:\/\/kapitalis.com\/tunisie\/#\/schema\/logo\/image\/"},"sameAs":["https:\/\/www.facebook.com\/KapitalisInfo\/","https:\/\/x.com\/KapitalisInfo","https:\/\/www.youtube.com\/channel\/UC-yDYrHyfFBWWZaOw3FPg9Q"]},{"@type":"Person","@id":"https:\/\/kapitalis.com\/tunisie\/#\/schema\/person\/d71f33a9ca44f7bad4698210b480c8e9","name":"webmaster kapitalis","url":"https:\/\/kapitalis.com\/tunisie\/author\/webmaster-kapitalis\/"}]}},"_links":{"self":[{"href":"https:\/\/kapitalis.com\/tunisie\/wp-json\/wp\/v2\/posts\/202274","targetHints":{"allow":["GET"]}}],"collection":[{"href":"https:\/\/kapitalis.com\/tunisie\/wp-json\/wp\/v2\/posts"}],"about":[{"href":"https:\/\/kapitalis.com\/tunisie\/wp-json\/wp\/v2\/types\/post"}],"author":[{"embeddable":true,"href":"https:\/\/kapitalis.com\/tunisie\/wp-json\/wp\/v2\/users\/8"}],"replies":[{"embeddable":true,"href":"https:\/\/kapitalis.com\/tunisie\/wp-json\/wp\/v2\/comments?post=202274"}],"version-history":[{"count":0,"href":"https:\/\/kapitalis.com\/tunisie\/wp-json\/wp\/v2\/posts\/202274\/revisions"}],"wp:featuredmedia":[{"embeddable":true,"href":"https:\/\/kapitalis.com\/tunisie\/wp-json\/wp\/v2\/media\/202275"}],"wp:attachment":[{"href":"https:\/\/kapitalis.com\/tunisie\/wp-json\/wp\/v2\/media?parent=202274"}],"wp:term":[{"taxonomy":"category","embeddable":true,"href":"https:\/\/kapitalis.com\/tunisie\/wp-json\/wp\/v2\/categories?post=202274"},{"taxonomy":"post_tag","embeddable":true,"href":"https:\/\/kapitalis.com\/tunisie\/wp-json\/wp\/v2\/tags?post=202274"}],"curies":[{"name":"wp","href":"https:\/\/api.w.org\/{rel}","templated":true}]}}