{"id":202326,"date":"2019-03-14T14:27:26","date_gmt":"2019-03-14T13:27:26","guid":{"rendered":"http:\/\/kapitalis.com\/tunisie\/?p=202326"},"modified":"2019-03-14T14:35:47","modified_gmt":"2019-03-14T13:35:47","slug":"la-maire-islamiste-de-tunis-souad-abderrahim-naime-pas-ibn-arabi","status":"publish","type":"post","link":"https:\/\/kapitalis.com\/tunisie\/2019\/03\/14\/la-maire-islamiste-de-tunis-souad-abderrahim-naime-pas-ibn-arabi\/","title":{"rendered":"La maire islamiste de Tunis Souad Abderrahim n\u2019aime pas Ibn Arabi"},"content":{"rendered":"<p style=\"text-align: center;\"><img loading=\"lazy\" decoding=\"async\" class=\"alignnone size-full wp-image-202324\" src=\"http:\/\/kapitalis.com\/tunisie\/wp-content\/uploads\/2019\/03\/Tunis-Rue-Serbi-Ibn-Arbi-Souad.jpg\" alt=\"\" width=\"626\" height=\"380\" \/><\/p>\n<p style=\"text-align: center;\"><em>Le secr\u00e9taire d&rsquo;Etat Hatem Ferjani (Nidaa Tounes), \u00e0 droite, applaudit chaleureusement. Il a son excuse: il ne conna\u00eet pas Ibn Arabi.\u00a0\u00a0<\/em><\/p>\n<p><em><strong>Le r\u00e9cent changement de la nomenclature de la Rue Ibn Arabi par la rue de Serbie, \u00e0 Tunis, interpelle par son inopportunit\u00e9 mais surtout par sa port\u00e9e id\u00e9ologique et politique.<\/strong><\/em><\/p>\n<p><!--more--><\/p>\n<p>Selon Dr Ahmed Bouazzi, membre du Conseil municipal de Tunis, qui rejette ce changement, cette substitution est <em>\u00abune d\u00e9cision unilat\u00e9rale prise par la maire islamiste Souad Abderrahim\u00bb<\/em>, rapporte aujourd\u2019hui jeudi 14 mars, <em>\u2018\u2018Akherkhabar online\u2019\u2019.<\/em><\/p>\n<p>Pourquoi Souad Abderrahim (\u00e9lue sur une liste Ennahdha) a-t-elle supprim\u00e9 la plaque portant le nom d\u2019Ibn Arabi, ce grand philosophe musulman du 12e si\u00e8cle ?<\/p>\n<p>Abu Abdallah Mohamed Ibn Ali Ibn Mohamed Ibn Arabi, n\u00e9 le 26 juillet 1165, \u00e0 Murcie, et mort le 16 novembre 1240 \u00e0 Damas, et surnomm\u00e9 <em>\u00abAch-Cheikh Al-Akbar\u00bb\u00a0<\/em>(le plus grand ma\u00eetre) ou encore <em>\u00abIbn Aflatun\u00bb<\/em> (le fils de Platon), est un juriste th\u00e9ologien, juriste, po\u00e8te, soufi, m\u00e9taphysicien et philosophe andalou, auteur de plus de 800 ouvrages. Il est consid\u00e9r\u00e9 comme le pivot de la pens\u00e9e m\u00e9taphysique de l\u2019islam, le plus grand penseur de la doctrine \u00e9sot\u00e9rique de l\u2019unicit\u00e9 de l\u2019\u00eatre (<em>\u00abwahdat al-wujud\u00bb<\/em>), qui lui a valu plusieurs ennemis de son temps et jusqu\u2019\u00e0 aujourd\u2019hui, dont les wahhabites bien entendu, car Ibn Arabi, au-del\u00e0 de la charia (religion litt\u00e9rale), appelle \u00e0 la voie spirituelle et exot\u00e9rique permettant la v\u00e9rit\u00e9 mystique.<\/p>\n<p>Evidemment, sa pens\u00e9e ne plait pas aux islamistes born\u00e9s, y compris Souad Abderrahim qui ne s\u2019\u00e9loigne pas beaucoup des\u2026 wahhabites !<\/p>\n<p style=\"text-align: right;\"><strong>H. M.<\/strong><\/p>\n<blockquote class=\"wp-embedded-content\" data-secret=\"LmmCv2sQra\"><p><a href=\"https:\/\/kapitalis.com\/tunisie\/2019\/01\/04\/souad-abderrahim-decrete-les-enseignes-a-tunis-desormais-en-arabe\/\">Souad Abderrahim d\u00e9cr\u00e8te : Les enseignes \u00e0 Tunis d\u00e9sormais en arabe<\/a><\/p><\/blockquote>\n<p><iframe loading=\"lazy\" class=\"wp-embedded-content\" sandbox=\"allow-scripts\" security=\"restricted\" style=\"position: absolute; clip: rect(1px, 1px, 1px, 1px);\" title=\"\u00ab\u00a0Souad Abderrahim d\u00e9cr\u00e8te : Les enseignes \u00e0 Tunis d\u00e9sormais en arabe\u00a0\u00bb &#8212; Kapitalis\" src=\"https:\/\/kapitalis.com\/tunisie\/2019\/01\/04\/souad-abderrahim-decrete-les-enseignes-a-tunis-desormais-en-arabe\/embed\/#?secret=z1uR8Xt1qA#?secret=LmmCv2sQra\" data-secret=\"LmmCv2sQra\" width=\"600\" height=\"338\" frameborder=\"0\" marginwidth=\"0\" marginheight=\"0\" scrolling=\"no\"><\/iframe><\/p>\n","protected":false},"excerpt":{"rendered":"<p>Le secr\u00e9taire d&rsquo;Etat Hatem Ferjani (Nidaa Tounes), \u00e0 droite, applaudit chaleureusement. Il a son excuse: il ne conna\u00eet pas Ibn Arabi.\u00a0\u00a0 Le r\u00e9cent changement de la nomenclature de la Rue Ibn Arabi par la rue de Serbie, \u00e0 Tunis, interpelle par son inopportunit\u00e9 mais surtout par sa port\u00e9e id\u00e9ologique et politique.<\/p>\n","protected":false},"author":8,"featured_media":202324,"comment_status":"open","ping_status":"open","sticky":false,"template":"","format":"standard","meta":{"footnotes":""},"categories":[997,2433],"tags":[16590,11253],"class_list":["post-202326","post","type-post","status-publish","format-standard","has-post-thumbnail","hentry","category-politique","category-tunisie","tag-souad-abderrahim","tag-wahhabites"],"yoast_head":"<!-- This site is optimized with the Yoast SEO plugin v26.6 - https:\/\/yoast.com\/wordpress\/plugins\/seo\/ -->\n<title>La maire islamiste de Tunis Souad Abderrahim n\u2019aime pas Ibn Arabi - Kapitalis<\/title>\n<meta name=\"robots\" content=\"index, follow, max-snippet:-1, max-image-preview:large, max-video-preview:-1\" \/>\n<link rel=\"canonical\" href=\"https:\/\/kapitalis.com\/tunisie\/2019\/03\/14\/la-maire-islamiste-de-tunis-souad-abderrahim-naime-pas-ibn-arabi\/\" \/>\n<meta property=\"og:locale\" content=\"fr_FR\" \/>\n<meta property=\"og:type\" content=\"article\" \/>\n<meta property=\"og:title\" content=\"La maire islamiste de Tunis Souad Abderrahim n\u2019aime pas Ibn Arabi - Kapitalis\" \/>\n<meta property=\"og:description\" content=\"Le secr\u00e9taire d&rsquo;Etat Hatem Ferjani (Nidaa Tounes), \u00e0 droite, applaudit chaleureusement. Il a son excuse: il ne conna\u00eet pas Ibn Arabi.\u00a0\u00a0 Le r\u00e9cent changement de la nomenclature de la Rue Ibn Arabi par la rue de Serbie, \u00e0 Tunis, interpelle par son inopportunit\u00e9 mais surtout par sa port\u00e9e id\u00e9ologique et politique.\" \/>\n<meta property=\"og:url\" content=\"https:\/\/kapitalis.com\/tunisie\/2019\/03\/14\/la-maire-islamiste-de-tunis-souad-abderrahim-naime-pas-ibn-arabi\/\" \/>\n<meta property=\"og:site_name\" content=\"Kapitalis\" \/>\n<meta property=\"article:publisher\" content=\"https:\/\/www.facebook.com\/KapitalisInfo\/\" \/>\n<meta property=\"article:published_time\" content=\"2019-03-14T13:27:26+00:00\" \/>\n<meta property=\"article:modified_time\" content=\"2019-03-14T13:35:47+00:00\" \/>\n<meta property=\"og:image\" content=\"https:\/\/kapitalis.com\/tunisie\/wp-content\/uploads\/2022\/05\/kapitalis-logo-fb.png\" \/>\n\t<meta property=\"og:image:width\" content=\"1200\" \/>\n\t<meta property=\"og:image:height\" content=\"630\" \/>\n\t<meta property=\"og:image:type\" content=\"image\/png\" \/>\n<meta name=\"author\" content=\"webmaster kapitalis\" \/>\n<meta name=\"twitter:card\" content=\"summary_large_image\" \/>\n<meta name=\"twitter:creator\" content=\"@KapitalisInfo\" \/>\n<meta name=\"twitter:site\" content=\"@KapitalisInfo\" \/>\n<meta name=\"twitter:label1\" content=\"\u00c9crit par\" \/>\n\t<meta name=\"twitter:data1\" content=\"webmaster kapitalis\" \/>\n\t<meta name=\"twitter:label2\" content=\"Dur\u00e9e de lecture estim\u00e9e\" \/>\n\t<meta name=\"twitter:data2\" content=\"1 minute\" \/>\n<script type=\"application\/ld+json\" class=\"yoast-schema-graph\">{\"@context\":\"https:\/\/schema.org\",\"@graph\":[{\"@type\":\"Article\",\"@id\":\"https:\/\/kapitalis.com\/tunisie\/2019\/03\/14\/la-maire-islamiste-de-tunis-souad-abderrahim-naime-pas-ibn-arabi\/#article\",\"isPartOf\":{\"@id\":\"https:\/\/kapitalis.com\/tunisie\/2019\/03\/14\/la-maire-islamiste-de-tunis-souad-abderrahim-naime-pas-ibn-arabi\/\"},\"author\":{\"name\":\"webmaster kapitalis\",\"@id\":\"https:\/\/kapitalis.com\/tunisie\/#\/schema\/person\/d71f33a9ca44f7bad4698210b480c8e9\"},\"headline\":\"La maire islamiste de Tunis Souad Abderrahim n\u2019aime pas Ibn Arabi\",\"datePublished\":\"2019-03-14T13:27:26+00:00\",\"dateModified\":\"2019-03-14T13:35:47+00:00\",\"mainEntityOfPage\":{\"@id\":\"https:\/\/kapitalis.com\/tunisie\/2019\/03\/14\/la-maire-islamiste-de-tunis-souad-abderrahim-naime-pas-ibn-arabi\/\"},\"wordCount\":285,\"commentCount\":17,\"publisher\":{\"@id\":\"https:\/\/kapitalis.com\/tunisie\/#organization\"},\"image\":{\"@id\":\"https:\/\/kapitalis.com\/tunisie\/2019\/03\/14\/la-maire-islamiste-de-tunis-souad-abderrahim-naime-pas-ibn-arabi\/#primaryimage\"},\"thumbnailUrl\":\"\",\"keywords\":[\"Souad Abderrahim\",\"wahhabites\"],\"articleSection\":[\"POLITIQUE\",\"Tunisie\"],\"inLanguage\":\"fr-FR\",\"potentialAction\":[{\"@type\":\"CommentAction\",\"name\":\"Comment\",\"target\":[\"https:\/\/kapitalis.com\/tunisie\/2019\/03\/14\/la-maire-islamiste-de-tunis-souad-abderrahim-naime-pas-ibn-arabi\/#respond\"]}]},{\"@type\":\"WebPage\",\"@id\":\"https:\/\/kapitalis.com\/tunisie\/2019\/03\/14\/la-maire-islamiste-de-tunis-souad-abderrahim-naime-pas-ibn-arabi\/\",\"url\":\"https:\/\/kapitalis.com\/tunisie\/2019\/03\/14\/la-maire-islamiste-de-tunis-souad-abderrahim-naime-pas-ibn-arabi\/\",\"name\":\"La maire islamiste de Tunis Souad Abderrahim n\u2019aime pas Ibn Arabi - Kapitalis\",\"isPartOf\":{\"@id\":\"https:\/\/kapitalis.com\/tunisie\/#website\"},\"primaryImageOfPage\":{\"@id\":\"https:\/\/kapitalis.com\/tunisie\/2019\/03\/14\/la-maire-islamiste-de-tunis-souad-abderrahim-naime-pas-ibn-arabi\/#primaryimage\"},\"image\":{\"@id\":\"https:\/\/kapitalis.com\/tunisie\/2019\/03\/14\/la-maire-islamiste-de-tunis-souad-abderrahim-naime-pas-ibn-arabi\/#primaryimage\"},\"thumbnailUrl\":\"\",\"datePublished\":\"2019-03-14T13:27:26+00:00\",\"dateModified\":\"2019-03-14T13:35:47+00:00\",\"breadcrumb\":{\"@id\":\"https:\/\/kapitalis.com\/tunisie\/2019\/03\/14\/la-maire-islamiste-de-tunis-souad-abderrahim-naime-pas-ibn-arabi\/#breadcrumb\"},\"inLanguage\":\"fr-FR\",\"potentialAction\":[{\"@type\":\"ReadAction\",\"target\":[\"https:\/\/kapitalis.com\/tunisie\/2019\/03\/14\/la-maire-islamiste-de-tunis-souad-abderrahim-naime-pas-ibn-arabi\/\"]}]},{\"@type\":\"ImageObject\",\"inLanguage\":\"fr-FR\",\"@id\":\"https:\/\/kapitalis.com\/tunisie\/2019\/03\/14\/la-maire-islamiste-de-tunis-souad-abderrahim-naime-pas-ibn-arabi\/#primaryimage\",\"url\":\"\",\"contentUrl\":\"\"},{\"@type\":\"BreadcrumbList\",\"@id\":\"https:\/\/kapitalis.com\/tunisie\/2019\/03\/14\/la-maire-islamiste-de-tunis-souad-abderrahim-naime-pas-ibn-arabi\/#breadcrumb\",\"itemListElement\":[{\"@type\":\"ListItem\",\"position\":1,\"name\":\"Accueil\",\"item\":\"https:\/\/kapitalis.com\/tunisie\/\"},{\"@type\":\"ListItem\",\"position\":2,\"name\":\"La maire islamiste de Tunis Souad Abderrahim n\u2019aime pas Ibn Arabi\"}]},{\"@type\":\"WebSite\",\"@id\":\"https:\/\/kapitalis.com\/tunisie\/#website\",\"url\":\"https:\/\/kapitalis.com\/tunisie\/\",\"name\":\"Kapitalis\",\"description\":\"L&#039;actualit\u00e9 en Tunisie et dans le monde\",\"publisher\":{\"@id\":\"https:\/\/kapitalis.com\/tunisie\/#organization\"},\"potentialAction\":[{\"@type\":\"SearchAction\",\"target\":{\"@type\":\"EntryPoint\",\"urlTemplate\":\"https:\/\/kapitalis.com\/tunisie\/?s={search_term_string}\"},\"query-input\":{\"@type\":\"PropertyValueSpecification\",\"valueRequired\":true,\"valueName\":\"search_term_string\"}}],\"inLanguage\":\"fr-FR\"},{\"@type\":\"Organization\",\"@id\":\"https:\/\/kapitalis.com\/tunisie\/#organization\",\"name\":\"Kapitalis\",\"url\":\"https:\/\/kapitalis.com\/tunisie\/\",\"logo\":{\"@type\":\"ImageObject\",\"inLanguage\":\"fr-FR\",\"@id\":\"https:\/\/kapitalis.com\/tunisie\/#\/schema\/logo\/image\/\",\"url\":\"https:\/\/kapitalis.com\/tunisie\/wp-content\/uploads\/2022\/05\/Kapitalis-big-size.png\",\"contentUrl\":\"https:\/\/kapitalis.com\/tunisie\/wp-content\/uploads\/2022\/05\/Kapitalis-big-size.png\",\"width\":5000,\"height\":1500,\"caption\":\"Kapitalis\"},\"image\":{\"@id\":\"https:\/\/kapitalis.com\/tunisie\/#\/schema\/logo\/image\/\"},\"sameAs\":[\"https:\/\/www.facebook.com\/KapitalisInfo\/\",\"https:\/\/x.com\/KapitalisInfo\",\"https:\/\/www.youtube.com\/channel\/UC-yDYrHyfFBWWZaOw3FPg9Q\"]},{\"@type\":\"Person\",\"@id\":\"https:\/\/kapitalis.com\/tunisie\/#\/schema\/person\/d71f33a9ca44f7bad4698210b480c8e9\",\"name\":\"webmaster kapitalis\",\"url\":\"https:\/\/kapitalis.com\/tunisie\/author\/webmaster-kapitalis\/\"}]}<\/script>\n<!-- \/ Yoast SEO plugin. -->","yoast_head_json":{"title":"La maire islamiste de Tunis Souad Abderrahim n\u2019aime pas Ibn Arabi - Kapitalis","robots":{"index":"index","follow":"follow","max-snippet":"max-snippet:-1","max-image-preview":"max-image-preview:large","max-video-preview":"max-video-preview:-1"},"canonical":"https:\/\/kapitalis.com\/tunisie\/2019\/03\/14\/la-maire-islamiste-de-tunis-souad-abderrahim-naime-pas-ibn-arabi\/","og_locale":"fr_FR","og_type":"article","og_title":"La maire islamiste de Tunis Souad Abderrahim n\u2019aime pas Ibn Arabi - Kapitalis","og_description":"Le secr\u00e9taire d&rsquo;Etat Hatem Ferjani (Nidaa Tounes), \u00e0 droite, applaudit chaleureusement. Il a son excuse: il ne conna\u00eet pas Ibn Arabi.\u00a0\u00a0 Le r\u00e9cent changement de la nomenclature de la Rue Ibn Arabi par la rue de Serbie, \u00e0 Tunis, interpelle par son inopportunit\u00e9 mais surtout par sa port\u00e9e id\u00e9ologique et politique.","og_url":"https:\/\/kapitalis.com\/tunisie\/2019\/03\/14\/la-maire-islamiste-de-tunis-souad-abderrahim-naime-pas-ibn-arabi\/","og_site_name":"Kapitalis","article_publisher":"https:\/\/www.facebook.com\/KapitalisInfo\/","article_published_time":"2019-03-14T13:27:26+00:00","article_modified_time":"2019-03-14T13:35:47+00:00","og_image":[{"width":1200,"height":630,"url":"https:\/\/kapitalis.com\/tunisie\/wp-content\/uploads\/2022\/05\/kapitalis-logo-fb.png","type":"image\/png"}],"author":"webmaster kapitalis","twitter_card":"summary_large_image","twitter_creator":"@KapitalisInfo","twitter_site":"@KapitalisInfo","twitter_misc":{"\u00c9crit par":"webmaster kapitalis","Dur\u00e9e de lecture estim\u00e9e":"1 minute"},"schema":{"@context":"https:\/\/schema.org","@graph":[{"@type":"Article","@id":"https:\/\/kapitalis.com\/tunisie\/2019\/03\/14\/la-maire-islamiste-de-tunis-souad-abderrahim-naime-pas-ibn-arabi\/#article","isPartOf":{"@id":"https:\/\/kapitalis.com\/tunisie\/2019\/03\/14\/la-maire-islamiste-de-tunis-souad-abderrahim-naime-pas-ibn-arabi\/"},"author":{"name":"webmaster kapitalis","@id":"https:\/\/kapitalis.com\/tunisie\/#\/schema\/person\/d71f33a9ca44f7bad4698210b480c8e9"},"headline":"La maire islamiste de Tunis Souad Abderrahim n\u2019aime pas Ibn Arabi","datePublished":"2019-03-14T13:27:26+00:00","dateModified":"2019-03-14T13:35:47+00:00","mainEntityOfPage":{"@id":"https:\/\/kapitalis.com\/tunisie\/2019\/03\/14\/la-maire-islamiste-de-tunis-souad-abderrahim-naime-pas-ibn-arabi\/"},"wordCount":285,"commentCount":17,"publisher":{"@id":"https:\/\/kapitalis.com\/tunisie\/#organization"},"image":{"@id":"https:\/\/kapitalis.com\/tunisie\/2019\/03\/14\/la-maire-islamiste-de-tunis-souad-abderrahim-naime-pas-ibn-arabi\/#primaryimage"},"thumbnailUrl":"","keywords":["Souad Abderrahim","wahhabites"],"articleSection":["POLITIQUE","Tunisie"],"inLanguage":"fr-FR","potentialAction":[{"@type":"CommentAction","name":"Comment","target":["https:\/\/kapitalis.com\/tunisie\/2019\/03\/14\/la-maire-islamiste-de-tunis-souad-abderrahim-naime-pas-ibn-arabi\/#respond"]}]},{"@type":"WebPage","@id":"https:\/\/kapitalis.com\/tunisie\/2019\/03\/14\/la-maire-islamiste-de-tunis-souad-abderrahim-naime-pas-ibn-arabi\/","url":"https:\/\/kapitalis.com\/tunisie\/2019\/03\/14\/la-maire-islamiste-de-tunis-souad-abderrahim-naime-pas-ibn-arabi\/","name":"La maire islamiste de Tunis Souad Abderrahim n\u2019aime pas Ibn Arabi - Kapitalis","isPartOf":{"@id":"https:\/\/kapitalis.com\/tunisie\/#website"},"primaryImageOfPage":{"@id":"https:\/\/kapitalis.com\/tunisie\/2019\/03\/14\/la-maire-islamiste-de-tunis-souad-abderrahim-naime-pas-ibn-arabi\/#primaryimage"},"image":{"@id":"https:\/\/kapitalis.com\/tunisie\/2019\/03\/14\/la-maire-islamiste-de-tunis-souad-abderrahim-naime-pas-ibn-arabi\/#primaryimage"},"thumbnailUrl":"","datePublished":"2019-03-14T13:27:26+00:00","dateModified":"2019-03-14T13:35:47+00:00","breadcrumb":{"@id":"https:\/\/kapitalis.com\/tunisie\/2019\/03\/14\/la-maire-islamiste-de-tunis-souad-abderrahim-naime-pas-ibn-arabi\/#breadcrumb"},"inLanguage":"fr-FR","potentialAction":[{"@type":"ReadAction","target":["https:\/\/kapitalis.com\/tunisie\/2019\/03\/14\/la-maire-islamiste-de-tunis-souad-abderrahim-naime-pas-ibn-arabi\/"]}]},{"@type":"ImageObject","inLanguage":"fr-FR","@id":"https:\/\/kapitalis.com\/tunisie\/2019\/03\/14\/la-maire-islamiste-de-tunis-souad-abderrahim-naime-pas-ibn-arabi\/#primaryimage","url":"","contentUrl":""},{"@type":"BreadcrumbList","@id":"https:\/\/kapitalis.com\/tunisie\/2019\/03\/14\/la-maire-islamiste-de-tunis-souad-abderrahim-naime-pas-ibn-arabi\/#breadcrumb","itemListElement":[{"@type":"ListItem","position":1,"name":"Accueil","item":"https:\/\/kapitalis.com\/tunisie\/"},{"@type":"ListItem","position":2,"name":"La maire islamiste de Tunis Souad Abderrahim n\u2019aime pas Ibn Arabi"}]},{"@type":"WebSite","@id":"https:\/\/kapitalis.com\/tunisie\/#website","url":"https:\/\/kapitalis.com\/tunisie\/","name":"Kapitalis","description":"L&#039;actualit\u00e9 en Tunisie et dans le monde","publisher":{"@id":"https:\/\/kapitalis.com\/tunisie\/#organization"},"potentialAction":[{"@type":"SearchAction","target":{"@type":"EntryPoint","urlTemplate":"https:\/\/kapitalis.com\/tunisie\/?s={search_term_string}"},"query-input":{"@type":"PropertyValueSpecification","valueRequired":true,"valueName":"search_term_string"}}],"inLanguage":"fr-FR"},{"@type":"Organization","@id":"https:\/\/kapitalis.com\/tunisie\/#organization","name":"Kapitalis","url":"https:\/\/kapitalis.com\/tunisie\/","logo":{"@type":"ImageObject","inLanguage":"fr-FR","@id":"https:\/\/kapitalis.com\/tunisie\/#\/schema\/logo\/image\/","url":"https:\/\/kapitalis.com\/tunisie\/wp-content\/uploads\/2022\/05\/Kapitalis-big-size.png","contentUrl":"https:\/\/kapitalis.com\/tunisie\/wp-content\/uploads\/2022\/05\/Kapitalis-big-size.png","width":5000,"height":1500,"caption":"Kapitalis"},"image":{"@id":"https:\/\/kapitalis.com\/tunisie\/#\/schema\/logo\/image\/"},"sameAs":["https:\/\/www.facebook.com\/KapitalisInfo\/","https:\/\/x.com\/KapitalisInfo","https:\/\/www.youtube.com\/channel\/UC-yDYrHyfFBWWZaOw3FPg9Q"]},{"@type":"Person","@id":"https:\/\/kapitalis.com\/tunisie\/#\/schema\/person\/d71f33a9ca44f7bad4698210b480c8e9","name":"webmaster kapitalis","url":"https:\/\/kapitalis.com\/tunisie\/author\/webmaster-kapitalis\/"}]}},"_links":{"self":[{"href":"https:\/\/kapitalis.com\/tunisie\/wp-json\/wp\/v2\/posts\/202326","targetHints":{"allow":["GET"]}}],"collection":[{"href":"https:\/\/kapitalis.com\/tunisie\/wp-json\/wp\/v2\/posts"}],"about":[{"href":"https:\/\/kapitalis.com\/tunisie\/wp-json\/wp\/v2\/types\/post"}],"author":[{"embeddable":true,"href":"https:\/\/kapitalis.com\/tunisie\/wp-json\/wp\/v2\/users\/8"}],"replies":[{"embeddable":true,"href":"https:\/\/kapitalis.com\/tunisie\/wp-json\/wp\/v2\/comments?post=202326"}],"version-history":[{"count":0,"href":"https:\/\/kapitalis.com\/tunisie\/wp-json\/wp\/v2\/posts\/202326\/revisions"}],"wp:featuredmedia":[{"embeddable":true,"href":"https:\/\/kapitalis.com\/tunisie\/wp-json\/wp\/v2\/media\/202324"}],"wp:attachment":[{"href":"https:\/\/kapitalis.com\/tunisie\/wp-json\/wp\/v2\/media?parent=202326"}],"wp:term":[{"taxonomy":"category","embeddable":true,"href":"https:\/\/kapitalis.com\/tunisie\/wp-json\/wp\/v2\/categories?post=202326"},{"taxonomy":"post_tag","embeddable":true,"href":"https:\/\/kapitalis.com\/tunisie\/wp-json\/wp\/v2\/tags?post=202326"}],"curies":[{"name":"wp","href":"https:\/\/api.w.org\/{rel}","templated":true}]}}