{"id":202434,"date":"2019-03-15T09:53:48","date_gmt":"2019-03-15T08:53:48","guid":{"rendered":"http:\/\/kapitalis.com\/tunisie\/?p=202434"},"modified":"2019-03-15T09:53:48","modified_gmt":"2019-03-15T08:53:48","slug":"dr-lotfi-mraihi-va-porter-plainte-contre-said-aidi-pour-accusations-calomnieuses","status":"publish","type":"post","link":"https:\/\/kapitalis.com\/tunisie\/2019\/03\/15\/dr-lotfi-mraihi-va-porter-plainte-contre-said-aidi-pour-accusations-calomnieuses\/","title":{"rendered":"Dr Lotfi M\u2019raihi va porter plainte contre Sa\u00efd A\u00efdi pour accusations calomnieuses"},"content":{"rendered":"<p style=\"text-align: center;\"><img loading=\"lazy\" decoding=\"async\" class=\"alignnone size-full wp-image-147037\" src=\"http:\/\/kapitalis.com\/tunisie\/wp-content\/uploads\/2018\/04\/Lotfi-Mraihi-Said-Aidi.jpg\" alt=\"\" width=\"626\" height=\"380\" \/><\/p>\n<p><em><strong>Dans un communiqu\u00e9 sign\u00e9 de sa porte-parole Dr Meriem Ferchichi, l\u2019Union patriotique r\u00e9publicain (UPR) se f\u00e9licite du jugement de la cour d\u2019appel favorable \u00e0 son secr\u00e9taire g\u00e9n\u00e9ral Dr Lotfi M\u2019raihi dans le proc\u00e8s intent\u00e9 \u00e0 son encontre par le minist\u00e8re de la Sant\u00e9 publique du temps du ministre Said A\u00efdi.<\/strong><\/em><\/p>\n<p><!--more--><\/p>\n<p>Rappelons que ce dernier avait accus\u00e9 Dr M\u2019raihi de divulguer de fausses informations, une plainte qui faisait suite \u00e0 ses r\u00e9v\u00e9lations relatives entre autres \u00e0 l\u2019affaire des <em>\u00abstents\u00bb<\/em> p\u00e9rim\u00e9s et diverses autres malversations.<br \/>\nLa cour d\u2019appel a avalis\u00e9 le jugement prononc\u00e9 en premi\u00e8re instance et r\u00e9fut\u00e9 toute charge \u00e0 l\u2019encontre de Dr M\u2019raihi, pr\u00e9cise l\u2019UPR dans le communiqu\u00e9.<\/p>\n<p>\u00ab<em>D\u00e8s que le jugement sera publi\u00e9, l\u2019UPR portera plainte contre Said A\u00efdi et le minist\u00e8re de la Sant\u00e9 publique pour accusations calomnieuses et demandera r\u00e9paration\u00bb<\/em>, pr\u00e9cise encore le communiqu\u00e9.<\/p>\n<p style=\"text-align: right;\"><strong>I. B.<\/strong><\/p>\n","protected":false},"excerpt":{"rendered":"<p>Dans un communiqu\u00e9 sign\u00e9 de sa porte-parole Dr Meriem Ferchichi, l\u2019Union patriotique r\u00e9publicain (UPR) se f\u00e9licite du jugement de la cour d\u2019appel favorable \u00e0 son secr\u00e9taire g\u00e9n\u00e9ral Dr Lotfi M\u2019raihi dans le proc\u00e8s intent\u00e9 \u00e0 son encontre par le minist\u00e8re de la Sant\u00e9 publique du temps du ministre Said A\u00efdi.<\/p>\n","protected":false},"author":8,"featured_media":0,"comment_status":"open","ping_status":"open","sticky":false,"template":"","format":"standard","meta":{"footnotes":""},"categories":[997,2433],"tags":[15875,2012,28974],"class_list":["post-202434","post","type-post","status-publish","format-standard","hentry","category-politique","category-tunisie","tag-dr-lotfi-mraihi","tag-said-aidi","tag-union-patriotique-republicain"],"yoast_head":"<!-- This site is optimized with the Yoast SEO plugin v26.6 - https:\/\/yoast.com\/wordpress\/plugins\/seo\/ -->\n<title>Dr Lotfi M\u2019raihi va porter plainte contre Sa\u00efd A\u00efdi pour accusations calomnieuses - Kapitalis<\/title>\n<meta name=\"robots\" content=\"index, follow, max-snippet:-1, max-image-preview:large, max-video-preview:-1\" \/>\n<link rel=\"canonical\" href=\"https:\/\/kapitalis.com\/tunisie\/2019\/03\/15\/dr-lotfi-mraihi-va-porter-plainte-contre-said-aidi-pour-accusations-calomnieuses\/\" \/>\n<meta property=\"og:locale\" content=\"fr_FR\" \/>\n<meta property=\"og:type\" content=\"article\" \/>\n<meta property=\"og:title\" content=\"Dr Lotfi M\u2019raihi va porter plainte contre Sa\u00efd A\u00efdi pour accusations calomnieuses - Kapitalis\" \/>\n<meta property=\"og:description\" content=\"Dans un communiqu\u00e9 sign\u00e9 de sa porte-parole Dr Meriem Ferchichi, l\u2019Union patriotique r\u00e9publicain (UPR) se f\u00e9licite du jugement de la cour d\u2019appel favorable \u00e0 son secr\u00e9taire g\u00e9n\u00e9ral Dr Lotfi M\u2019raihi dans le proc\u00e8s intent\u00e9 \u00e0 son encontre par le minist\u00e8re de la Sant\u00e9 publique du temps du ministre Said A\u00efdi.\" \/>\n<meta property=\"og:url\" content=\"https:\/\/kapitalis.com\/tunisie\/2019\/03\/15\/dr-lotfi-mraihi-va-porter-plainte-contre-said-aidi-pour-accusations-calomnieuses\/\" \/>\n<meta property=\"og:site_name\" content=\"Kapitalis\" \/>\n<meta property=\"article:publisher\" content=\"https:\/\/www.facebook.com\/KapitalisInfo\/\" \/>\n<meta property=\"article:published_time\" content=\"2019-03-15T08:53:48+00:00\" \/>\n<meta property=\"og:image\" content=\"http:\/\/kapitalis.com\/tunisie\/wp-content\/uploads\/2018\/04\/Lotfi-Mraihi-Said-Aidi.jpg\" \/>\n<meta name=\"author\" content=\"webmaster kapitalis\" \/>\n<meta name=\"twitter:card\" content=\"summary_large_image\" \/>\n<meta name=\"twitter:creator\" content=\"@KapitalisInfo\" \/>\n<meta name=\"twitter:site\" content=\"@KapitalisInfo\" \/>\n<meta name=\"twitter:label1\" content=\"\u00c9crit par\" \/>\n\t<meta name=\"twitter:data1\" content=\"webmaster kapitalis\" \/>\n\t<meta name=\"twitter:label2\" content=\"Dur\u00e9e de lecture estim\u00e9e\" \/>\n\t<meta name=\"twitter:data2\" content=\"1 minute\" \/>\n<script type=\"application\/ld+json\" class=\"yoast-schema-graph\">{\"@context\":\"https:\/\/schema.org\",\"@graph\":[{\"@type\":\"Article\",\"@id\":\"https:\/\/kapitalis.com\/tunisie\/2019\/03\/15\/dr-lotfi-mraihi-va-porter-plainte-contre-said-aidi-pour-accusations-calomnieuses\/#article\",\"isPartOf\":{\"@id\":\"https:\/\/kapitalis.com\/tunisie\/2019\/03\/15\/dr-lotfi-mraihi-va-porter-plainte-contre-said-aidi-pour-accusations-calomnieuses\/\"},\"author\":{\"name\":\"webmaster kapitalis\",\"@id\":\"https:\/\/kapitalis.com\/tunisie\/#\/schema\/person\/d71f33a9ca44f7bad4698210b480c8e9\"},\"headline\":\"Dr Lotfi M\u2019raihi va porter plainte contre Sa\u00efd A\u00efdi pour accusations calomnieuses\",\"datePublished\":\"2019-03-15T08:53:48+00:00\",\"mainEntityOfPage\":{\"@id\":\"https:\/\/kapitalis.com\/tunisie\/2019\/03\/15\/dr-lotfi-mraihi-va-porter-plainte-contre-said-aidi-pour-accusations-calomnieuses\/\"},\"wordCount\":179,\"commentCount\":0,\"publisher\":{\"@id\":\"https:\/\/kapitalis.com\/tunisie\/#organization\"},\"image\":{\"@id\":\"https:\/\/kapitalis.com\/tunisie\/2019\/03\/15\/dr-lotfi-mraihi-va-porter-plainte-contre-said-aidi-pour-accusations-calomnieuses\/#primaryimage\"},\"thumbnailUrl\":\"http:\/\/kapitalis.com\/tunisie\/wp-content\/uploads\/2018\/04\/Lotfi-Mraihi-Said-Aidi.jpg\",\"keywords\":[\"Dr Lotfi Mra\u00efhi\",\"Sa\u00efd A\u00efdi\",\"Union patriotique r\u00e9publicain\"],\"articleSection\":[\"POLITIQUE\",\"Tunisie\"],\"inLanguage\":\"fr-FR\",\"potentialAction\":[{\"@type\":\"CommentAction\",\"name\":\"Comment\",\"target\":[\"https:\/\/kapitalis.com\/tunisie\/2019\/03\/15\/dr-lotfi-mraihi-va-porter-plainte-contre-said-aidi-pour-accusations-calomnieuses\/#respond\"]}]},{\"@type\":\"WebPage\",\"@id\":\"https:\/\/kapitalis.com\/tunisie\/2019\/03\/15\/dr-lotfi-mraihi-va-porter-plainte-contre-said-aidi-pour-accusations-calomnieuses\/\",\"url\":\"https:\/\/kapitalis.com\/tunisie\/2019\/03\/15\/dr-lotfi-mraihi-va-porter-plainte-contre-said-aidi-pour-accusations-calomnieuses\/\",\"name\":\"Dr Lotfi M\u2019raihi va porter plainte contre Sa\u00efd A\u00efdi pour accusations calomnieuses - Kapitalis\",\"isPartOf\":{\"@id\":\"https:\/\/kapitalis.com\/tunisie\/#website\"},\"primaryImageOfPage\":{\"@id\":\"https:\/\/kapitalis.com\/tunisie\/2019\/03\/15\/dr-lotfi-mraihi-va-porter-plainte-contre-said-aidi-pour-accusations-calomnieuses\/#primaryimage\"},\"image\":{\"@id\":\"https:\/\/kapitalis.com\/tunisie\/2019\/03\/15\/dr-lotfi-mraihi-va-porter-plainte-contre-said-aidi-pour-accusations-calomnieuses\/#primaryimage\"},\"thumbnailUrl\":\"http:\/\/kapitalis.com\/tunisie\/wp-content\/uploads\/2018\/04\/Lotfi-Mraihi-Said-Aidi.jpg\",\"datePublished\":\"2019-03-15T08:53:48+00:00\",\"breadcrumb\":{\"@id\":\"https:\/\/kapitalis.com\/tunisie\/2019\/03\/15\/dr-lotfi-mraihi-va-porter-plainte-contre-said-aidi-pour-accusations-calomnieuses\/#breadcrumb\"},\"inLanguage\":\"fr-FR\",\"potentialAction\":[{\"@type\":\"ReadAction\",\"target\":[\"https:\/\/kapitalis.com\/tunisie\/2019\/03\/15\/dr-lotfi-mraihi-va-porter-plainte-contre-said-aidi-pour-accusations-calomnieuses\/\"]}]},{\"@type\":\"ImageObject\",\"inLanguage\":\"fr-FR\",\"@id\":\"https:\/\/kapitalis.com\/tunisie\/2019\/03\/15\/dr-lotfi-mraihi-va-porter-plainte-contre-said-aidi-pour-accusations-calomnieuses\/#primaryimage\",\"url\":\"http:\/\/kapitalis.com\/tunisie\/wp-content\/uploads\/2018\/04\/Lotfi-Mraihi-Said-Aidi.jpg\",\"contentUrl\":\"http:\/\/kapitalis.com\/tunisie\/wp-content\/uploads\/2018\/04\/Lotfi-Mraihi-Said-Aidi.jpg\"},{\"@type\":\"BreadcrumbList\",\"@id\":\"https:\/\/kapitalis.com\/tunisie\/2019\/03\/15\/dr-lotfi-mraihi-va-porter-plainte-contre-said-aidi-pour-accusations-calomnieuses\/#breadcrumb\",\"itemListElement\":[{\"@type\":\"ListItem\",\"position\":1,\"name\":\"Accueil\",\"item\":\"https:\/\/kapitalis.com\/tunisie\/\"},{\"@type\":\"ListItem\",\"position\":2,\"name\":\"Dr Lotfi M\u2019raihi va porter plainte contre Sa\u00efd A\u00efdi pour accusations calomnieuses\"}]},{\"@type\":\"WebSite\",\"@id\":\"https:\/\/kapitalis.com\/tunisie\/#website\",\"url\":\"https:\/\/kapitalis.com\/tunisie\/\",\"name\":\"Kapitalis\",\"description\":\"L&#039;actualit\u00e9 en Tunisie et dans le monde\",\"publisher\":{\"@id\":\"https:\/\/kapitalis.com\/tunisie\/#organization\"},\"potentialAction\":[{\"@type\":\"SearchAction\",\"target\":{\"@type\":\"EntryPoint\",\"urlTemplate\":\"https:\/\/kapitalis.com\/tunisie\/?s={search_term_string}\"},\"query-input\":{\"@type\":\"PropertyValueSpecification\",\"valueRequired\":true,\"valueName\":\"search_term_string\"}}],\"inLanguage\":\"fr-FR\"},{\"@type\":\"Organization\",\"@id\":\"https:\/\/kapitalis.com\/tunisie\/#organization\",\"name\":\"Kapitalis\",\"url\":\"https:\/\/kapitalis.com\/tunisie\/\",\"logo\":{\"@type\":\"ImageObject\",\"inLanguage\":\"fr-FR\",\"@id\":\"https:\/\/kapitalis.com\/tunisie\/#\/schema\/logo\/image\/\",\"url\":\"https:\/\/kapitalis.com\/tunisie\/wp-content\/uploads\/2022\/05\/Kapitalis-big-size.png\",\"contentUrl\":\"https:\/\/kapitalis.com\/tunisie\/wp-content\/uploads\/2022\/05\/Kapitalis-big-size.png\",\"width\":5000,\"height\":1500,\"caption\":\"Kapitalis\"},\"image\":{\"@id\":\"https:\/\/kapitalis.com\/tunisie\/#\/schema\/logo\/image\/\"},\"sameAs\":[\"https:\/\/www.facebook.com\/KapitalisInfo\/\",\"https:\/\/x.com\/KapitalisInfo\",\"https:\/\/www.youtube.com\/channel\/UC-yDYrHyfFBWWZaOw3FPg9Q\"]},{\"@type\":\"Person\",\"@id\":\"https:\/\/kapitalis.com\/tunisie\/#\/schema\/person\/d71f33a9ca44f7bad4698210b480c8e9\",\"name\":\"webmaster kapitalis\",\"url\":\"https:\/\/kapitalis.com\/tunisie\/author\/webmaster-kapitalis\/\"}]}<\/script>\n<!-- \/ Yoast SEO plugin. -->","yoast_head_json":{"title":"Dr Lotfi M\u2019raihi va porter plainte contre Sa\u00efd A\u00efdi pour accusations calomnieuses - Kapitalis","robots":{"index":"index","follow":"follow","max-snippet":"max-snippet:-1","max-image-preview":"max-image-preview:large","max-video-preview":"max-video-preview:-1"},"canonical":"https:\/\/kapitalis.com\/tunisie\/2019\/03\/15\/dr-lotfi-mraihi-va-porter-plainte-contre-said-aidi-pour-accusations-calomnieuses\/","og_locale":"fr_FR","og_type":"article","og_title":"Dr Lotfi M\u2019raihi va porter plainte contre Sa\u00efd A\u00efdi pour accusations calomnieuses - Kapitalis","og_description":"Dans un communiqu\u00e9 sign\u00e9 de sa porte-parole Dr Meriem Ferchichi, l\u2019Union patriotique r\u00e9publicain (UPR) se f\u00e9licite du jugement de la cour d\u2019appel favorable \u00e0 son secr\u00e9taire g\u00e9n\u00e9ral Dr Lotfi M\u2019raihi dans le proc\u00e8s intent\u00e9 \u00e0 son encontre par le minist\u00e8re de la Sant\u00e9 publique du temps du ministre Said A\u00efdi.","og_url":"https:\/\/kapitalis.com\/tunisie\/2019\/03\/15\/dr-lotfi-mraihi-va-porter-plainte-contre-said-aidi-pour-accusations-calomnieuses\/","og_site_name":"Kapitalis","article_publisher":"https:\/\/www.facebook.com\/KapitalisInfo\/","article_published_time":"2019-03-15T08:53:48+00:00","og_image":[{"url":"http:\/\/kapitalis.com\/tunisie\/wp-content\/uploads\/2018\/04\/Lotfi-Mraihi-Said-Aidi.jpg","type":"","width":"","height":""}],"author":"webmaster kapitalis","twitter_card":"summary_large_image","twitter_creator":"@KapitalisInfo","twitter_site":"@KapitalisInfo","twitter_misc":{"\u00c9crit par":"webmaster kapitalis","Dur\u00e9e de lecture estim\u00e9e":"1 minute"},"schema":{"@context":"https:\/\/schema.org","@graph":[{"@type":"Article","@id":"https:\/\/kapitalis.com\/tunisie\/2019\/03\/15\/dr-lotfi-mraihi-va-porter-plainte-contre-said-aidi-pour-accusations-calomnieuses\/#article","isPartOf":{"@id":"https:\/\/kapitalis.com\/tunisie\/2019\/03\/15\/dr-lotfi-mraihi-va-porter-plainte-contre-said-aidi-pour-accusations-calomnieuses\/"},"author":{"name":"webmaster kapitalis","@id":"https:\/\/kapitalis.com\/tunisie\/#\/schema\/person\/d71f33a9ca44f7bad4698210b480c8e9"},"headline":"Dr Lotfi M\u2019raihi va porter plainte contre Sa\u00efd A\u00efdi pour accusations calomnieuses","datePublished":"2019-03-15T08:53:48+00:00","mainEntityOfPage":{"@id":"https:\/\/kapitalis.com\/tunisie\/2019\/03\/15\/dr-lotfi-mraihi-va-porter-plainte-contre-said-aidi-pour-accusations-calomnieuses\/"},"wordCount":179,"commentCount":0,"publisher":{"@id":"https:\/\/kapitalis.com\/tunisie\/#organization"},"image":{"@id":"https:\/\/kapitalis.com\/tunisie\/2019\/03\/15\/dr-lotfi-mraihi-va-porter-plainte-contre-said-aidi-pour-accusations-calomnieuses\/#primaryimage"},"thumbnailUrl":"http:\/\/kapitalis.com\/tunisie\/wp-content\/uploads\/2018\/04\/Lotfi-Mraihi-Said-Aidi.jpg","keywords":["Dr Lotfi Mra\u00efhi","Sa\u00efd A\u00efdi","Union patriotique r\u00e9publicain"],"articleSection":["POLITIQUE","Tunisie"],"inLanguage":"fr-FR","potentialAction":[{"@type":"CommentAction","name":"Comment","target":["https:\/\/kapitalis.com\/tunisie\/2019\/03\/15\/dr-lotfi-mraihi-va-porter-plainte-contre-said-aidi-pour-accusations-calomnieuses\/#respond"]}]},{"@type":"WebPage","@id":"https:\/\/kapitalis.com\/tunisie\/2019\/03\/15\/dr-lotfi-mraihi-va-porter-plainte-contre-said-aidi-pour-accusations-calomnieuses\/","url":"https:\/\/kapitalis.com\/tunisie\/2019\/03\/15\/dr-lotfi-mraihi-va-porter-plainte-contre-said-aidi-pour-accusations-calomnieuses\/","name":"Dr Lotfi M\u2019raihi va porter plainte contre Sa\u00efd A\u00efdi pour accusations calomnieuses - Kapitalis","isPartOf":{"@id":"https:\/\/kapitalis.com\/tunisie\/#website"},"primaryImageOfPage":{"@id":"https:\/\/kapitalis.com\/tunisie\/2019\/03\/15\/dr-lotfi-mraihi-va-porter-plainte-contre-said-aidi-pour-accusations-calomnieuses\/#primaryimage"},"image":{"@id":"https:\/\/kapitalis.com\/tunisie\/2019\/03\/15\/dr-lotfi-mraihi-va-porter-plainte-contre-said-aidi-pour-accusations-calomnieuses\/#primaryimage"},"thumbnailUrl":"http:\/\/kapitalis.com\/tunisie\/wp-content\/uploads\/2018\/04\/Lotfi-Mraihi-Said-Aidi.jpg","datePublished":"2019-03-15T08:53:48+00:00","breadcrumb":{"@id":"https:\/\/kapitalis.com\/tunisie\/2019\/03\/15\/dr-lotfi-mraihi-va-porter-plainte-contre-said-aidi-pour-accusations-calomnieuses\/#breadcrumb"},"inLanguage":"fr-FR","potentialAction":[{"@type":"ReadAction","target":["https:\/\/kapitalis.com\/tunisie\/2019\/03\/15\/dr-lotfi-mraihi-va-porter-plainte-contre-said-aidi-pour-accusations-calomnieuses\/"]}]},{"@type":"ImageObject","inLanguage":"fr-FR","@id":"https:\/\/kapitalis.com\/tunisie\/2019\/03\/15\/dr-lotfi-mraihi-va-porter-plainte-contre-said-aidi-pour-accusations-calomnieuses\/#primaryimage","url":"http:\/\/kapitalis.com\/tunisie\/wp-content\/uploads\/2018\/04\/Lotfi-Mraihi-Said-Aidi.jpg","contentUrl":"http:\/\/kapitalis.com\/tunisie\/wp-content\/uploads\/2018\/04\/Lotfi-Mraihi-Said-Aidi.jpg"},{"@type":"BreadcrumbList","@id":"https:\/\/kapitalis.com\/tunisie\/2019\/03\/15\/dr-lotfi-mraihi-va-porter-plainte-contre-said-aidi-pour-accusations-calomnieuses\/#breadcrumb","itemListElement":[{"@type":"ListItem","position":1,"name":"Accueil","item":"https:\/\/kapitalis.com\/tunisie\/"},{"@type":"ListItem","position":2,"name":"Dr Lotfi M\u2019raihi va porter plainte contre Sa\u00efd A\u00efdi pour accusations calomnieuses"}]},{"@type":"WebSite","@id":"https:\/\/kapitalis.com\/tunisie\/#website","url":"https:\/\/kapitalis.com\/tunisie\/","name":"Kapitalis","description":"L&#039;actualit\u00e9 en Tunisie et dans le monde","publisher":{"@id":"https:\/\/kapitalis.com\/tunisie\/#organization"},"potentialAction":[{"@type":"SearchAction","target":{"@type":"EntryPoint","urlTemplate":"https:\/\/kapitalis.com\/tunisie\/?s={search_term_string}"},"query-input":{"@type":"PropertyValueSpecification","valueRequired":true,"valueName":"search_term_string"}}],"inLanguage":"fr-FR"},{"@type":"Organization","@id":"https:\/\/kapitalis.com\/tunisie\/#organization","name":"Kapitalis","url":"https:\/\/kapitalis.com\/tunisie\/","logo":{"@type":"ImageObject","inLanguage":"fr-FR","@id":"https:\/\/kapitalis.com\/tunisie\/#\/schema\/logo\/image\/","url":"https:\/\/kapitalis.com\/tunisie\/wp-content\/uploads\/2022\/05\/Kapitalis-big-size.png","contentUrl":"https:\/\/kapitalis.com\/tunisie\/wp-content\/uploads\/2022\/05\/Kapitalis-big-size.png","width":5000,"height":1500,"caption":"Kapitalis"},"image":{"@id":"https:\/\/kapitalis.com\/tunisie\/#\/schema\/logo\/image\/"},"sameAs":["https:\/\/www.facebook.com\/KapitalisInfo\/","https:\/\/x.com\/KapitalisInfo","https:\/\/www.youtube.com\/channel\/UC-yDYrHyfFBWWZaOw3FPg9Q"]},{"@type":"Person","@id":"https:\/\/kapitalis.com\/tunisie\/#\/schema\/person\/d71f33a9ca44f7bad4698210b480c8e9","name":"webmaster kapitalis","url":"https:\/\/kapitalis.com\/tunisie\/author\/webmaster-kapitalis\/"}]}},"_links":{"self":[{"href":"https:\/\/kapitalis.com\/tunisie\/wp-json\/wp\/v2\/posts\/202434","targetHints":{"allow":["GET"]}}],"collection":[{"href":"https:\/\/kapitalis.com\/tunisie\/wp-json\/wp\/v2\/posts"}],"about":[{"href":"https:\/\/kapitalis.com\/tunisie\/wp-json\/wp\/v2\/types\/post"}],"author":[{"embeddable":true,"href":"https:\/\/kapitalis.com\/tunisie\/wp-json\/wp\/v2\/users\/8"}],"replies":[{"embeddable":true,"href":"https:\/\/kapitalis.com\/tunisie\/wp-json\/wp\/v2\/comments?post=202434"}],"version-history":[{"count":0,"href":"https:\/\/kapitalis.com\/tunisie\/wp-json\/wp\/v2\/posts\/202434\/revisions"}],"wp:attachment":[{"href":"https:\/\/kapitalis.com\/tunisie\/wp-json\/wp\/v2\/media?parent=202434"}],"wp:term":[{"taxonomy":"category","embeddable":true,"href":"https:\/\/kapitalis.com\/tunisie\/wp-json\/wp\/v2\/categories?post=202434"},{"taxonomy":"post_tag","embeddable":true,"href":"https:\/\/kapitalis.com\/tunisie\/wp-json\/wp\/v2\/tags?post=202434"}],"curies":[{"name":"wp","href":"https:\/\/api.w.org\/{rel}","templated":true}]}}