{"id":202442,"date":"2019-03-15T10:32:42","date_gmt":"2019-03-15T09:32:42","guid":{"rendered":"http:\/\/kapitalis.com\/tunisie\/?p=202442"},"modified":"2019-03-15T10:32:42","modified_gmt":"2019-03-15T09:32:42","slug":"yan-valery-sera-t-il-lune-des-prochaines-stars-de-lequipe-tunisie","status":"publish","type":"post","link":"https:\/\/kapitalis.com\/tunisie\/2019\/03\/15\/yan-valery-sera-t-il-lune-des-prochaines-stars-de-lequipe-tunisie\/","title":{"rendered":"Yan Valery sera-t-il l&rsquo;une des prochaines stars de l\u2019\u00e9quipe Tunisie ?"},"content":{"rendered":"<p style=\"text-align: center;\"><img loading=\"lazy\" decoding=\"async\" class=\"alignnone size-full wp-image-202444\" src=\"http:\/\/kapitalis.com\/tunisie\/wp-content\/uploads\/2019\/03\/Yan-Valery.jpg\" alt=\"\" width=\"626\" height=\"380\" \/><\/p>\n<p><em><strong>Le jeune lat\u00e9ral droit fran\u00e7ais d\u2019origine tunisienne (du c\u00f4t\u00e9 de sa m\u00e8re) et martiniquaise (du c\u00f4t\u00e9 de son p\u00e8re), Yan Val\u00e9ry, se trouve dans le viseur de l\u2019\u00e9quipe de Tunisie. Mais il a encore la t\u00eate ailleurs.<\/strong> <\/em><\/p>\n<p>Par <strong>Hassen Mzoughi<\/strong><\/p>\n<p><!--more--><\/p>\n<p>R\u00e9v\u00e9l\u00e9 cette saison avec Southampton, club r\u00e9put\u00e9 par son acad\u00e9mie de formation, buteur deux fois lors de ses deux derni\u00e8res sorties en Premier League, contre Manchester United et Tottenham, cet arri\u00e8re droit de 20 ans, qui a d\u00e9j\u00e0 jou\u00e9 en s\u00e9lection nationale fran\u00e7aise des jeunes en U17 et U18, n\u2019est pas en mesure de r\u00e9pondre favorablement \u00e0 l\u2019invitation de la F\u00e9d\u00e9ration tunisienne de football (FTF). Il n\u2019\u00e9tait pas, en tout cas, inclus dans la premi\u00e8re liste du s\u00e9lectionneur Alain Giresse, annonc\u00e9e mardi dernier, 12 mars 2019.<\/p>\n<p>Apr\u00e8s avoir convaincu notamment Mouez Hassen, Yohan Benalouane, Ellyes Skhiri et Sa\u00eef-Eddine Khaoui de dire oui \u00e0 la s\u00e9lection de leur pays d\u2019origine en 2018, la Tunisie vise de nouveaux binationaux en 2019. Parmi eux, ce jeune footballeur talentueux, qui commence \u00e0 faire parler de lui ces derni\u00e8res semaines.<\/p>\n<h3>On cherche \u00e0 convaincre sa m\u00e8re !<\/h3>\n<p>N\u00e9 en France et international tricolore jusqu\u2019en U18, le lat\u00e9ral droit a quitt\u00e9 l\u2019Hexagone et Rennes en 2015 pour rejoindre Southampton. Jusqu\u2019alors jamais utilis\u00e9 en pro, le jeune talent s\u2019est fait un nom cette saison. Titulaire \u00e0 8 reprises en Premier League, il a gagn\u00e9 sa place dans le couloir droit des Saints depuis le mois de d\u00e9cembre, suite \u00e0 la blessure de Ryan Bertrand qui a entra\u00een\u00e9 le repositionnement de C\u00e9dric Soares dans le couloir gauche. Et ses performances ont convaincu la FTF de passer \u00e0 l\u2019action !<\/p>\n<p>Selon des m\u00e9dias tunisiens, le nouveau s\u00e9lectionneur Alain Giresse a contact\u00e9 l\u2019int\u00e9ress\u00e9 et obtenu son accord! Mais ces m\u00e9dias sont peut-\u00eatre all\u00e9s un peu vite en besogne&#8230; Certes les Aigles de Carthage suivent Val\u00e9ry depuis un an et une prise de contact a eu lieu r\u00e9cemment mais la FTF et encore le s\u00e9lectionneur fran\u00e7ais n\u2019ont pas encore persuad\u00e9 ce jeune talent prometteur. Ils cherchent maintenant \u00e0 convaincre sa m\u00e8re mais son p\u00e8re a lui aussi son mot \u00e0 dire. Et c\u2019est loin d\u2019\u00eatre gagn\u00e9.<\/p>\n<p>Alain Giresse avoue que la partie s\u2019annonce compliqu\u00e9e car le joueur vise l\u2019\u00e9quipe de France.<em> \u00abVal\u00e9ry, s\u2019il se projette avec les Bleus, il sait que le poste d\u2019arri\u00e8re-droit n\u2019est pas le plus fourni. On est dans la d\u00e9marche avec lui mais on est confront\u00e9 \u00e0 ce probl\u00e8me de choix personnel\u00bb,<\/em> a admis le technicien.<\/p>\n<h3>Plus de buts que Mohamed Salah !<\/h3>\n<p>La Tunisie voulait tirer parti de sa qualification pour la Coupe du monde 2018 pour convaincre plusieurs joueurs binationaux \u00e0 int\u00e9grer le Club Tunisie tels que Yohan Benalouane, Mouez Hassen, Ellyes Skhiri, Dylan Bronn et Saif-Eddine Khaoui, cherchant \u00e0 imiter le Maroc, qui a adopt\u00e9 une pl\u00e9thore d\u2019\u00e9toiles n\u00e9es \u00e0 l\u2019\u00e9tranger. Mais si ces joueurs ont accept\u00e9 la proposition (sous des conditions), d\u2019autres, plus nombreux, refusent toujours tels Karim Mrabti (24 ans, milieu offensif, Su\u00e8de), Rami Khedira (24 ans, milieu d\u00e9fensif, Allemagne), Salim Khelifi (25 ans, attaquant, Suisse) et\u2026 Yan Val\u00e9ry.<\/p>\n<p>Ce d\u00e9fenseur avait d\u00e9j\u00e0 int\u00e9gr\u00e9 l\u2019\u00e9quipe A de son club en novembre dernier. Avec une bizarrerie statistique remarquable, Valery a maintenant deux fois plus de buts que Mohamed Salah contre les cinq meilleurs clubs de premi\u00e8re division cette saison!<\/p>\n<p>Sachant qu\u2019il n&rsquo;a eu 20 ans que le mois dernier, il est tout \u00e0 fait possible qu\u2019il soit le jeune le plus prometteur de la Premier League en 2019 jusqu\u2019\u00e0 pr\u00e9sent. Et il a encore une grande marge de progression devant lui.<\/p>\n<h3>\u00ab Je veux m\u2019am\u00e9liorer\u00bb<\/h3>\n<p>\u00ab<em>Je veux juste disputer le plus de matchs possible jusqu\u2019\u00e0 la fin de la saison<\/em>\u00bb, a d\u00e9clar\u00e9 le d\u00e9fenseur au site officiel de Southampton. \u00ab<em>Je veux aussi m\u2019am\u00e9liorer parce que je sais que je peux am\u00e9liorer beaucoup de choses en tant que jeune joueur<\/em>\u00bb, a-t-il ajout\u00e9, humble, sage mais, surtout, ambitieux et s\u00fbr de ses capacit\u00e9s.<\/p>\n<p><em>\u00abIl a notre confiance\u00bb,<\/em> a affirm\u00e9 son entra\u00eeneur allemand Hasenhuttl au site officiel de Southampton la semaine derni\u00e8re. Et d\u2019ajouter, tr\u00e8s \u00e9logieux :<em> \u00abJe veux voir un joueur courageux qui croit en lui-m\u00eame. Yan a fait un progr\u00e8s fantastique jusqu\u2019\u00e0 maintenant. D\u00e9fensivement, il est meilleur, et aussi offensivement, c\u2019est exactement ce que nous voulons\u00bb.<\/em><\/p>\n<p>Lat\u00e9ral droit, Val\u00e9ry joue aussi milieu de terrain, et d\u00e9montre un rythme de travail admirable. Il attire de plus en plus l\u2019int\u00e9r\u00eat, la question de son avenir international commence \u00e0 devenir une question urgente. Pour lui avant tout !<\/p>\n","protected":false},"excerpt":{"rendered":"<p>Le jeune lat\u00e9ral droit fran\u00e7ais d\u2019origine tunisienne (du c\u00f4t\u00e9 de sa m\u00e8re) et martiniquaise (du c\u00f4t\u00e9 de son p\u00e8re), Yan Val\u00e9ry, se trouve dans le viseur de l\u2019\u00e9quipe de Tunisie. Mais il a encore la t\u00eate ailleurs. Par Hassen Mzoughi<\/p>\n","protected":false},"author":8,"featured_media":202444,"comment_status":"open","ping_status":"open","sticky":false,"template":"","format":"standard","meta":{"footnotes":""},"categories":[992,999,2433],"tags":[52967,33965,376],"class_list":["post-202442","post","type-post","status-publish","format-standard","has-post-thumbnail","hentry","category-a-la-une","category-sport","category-tunisie","tag-alain-giresse","tag-equipe-de-tunisie","tag-federation-tunisienne-de-football"],"yoast_head":"<!-- This site is optimized with the Yoast SEO plugin v26.6 - https:\/\/yoast.com\/wordpress\/plugins\/seo\/ -->\n<title>Yan Valery sera-t-il l&#039;une des prochaines stars de l\u2019\u00e9quipe Tunisie ? - Kapitalis<\/title>\n<meta name=\"robots\" content=\"index, follow, max-snippet:-1, max-image-preview:large, max-video-preview:-1\" \/>\n<link rel=\"canonical\" href=\"https:\/\/kapitalis.com\/tunisie\/2019\/03\/15\/yan-valery-sera-t-il-lune-des-prochaines-stars-de-lequipe-tunisie\/\" \/>\n<meta property=\"og:locale\" content=\"fr_FR\" \/>\n<meta property=\"og:type\" content=\"article\" \/>\n<meta property=\"og:title\" content=\"Yan Valery sera-t-il l&#039;une des prochaines stars de l\u2019\u00e9quipe Tunisie ? - Kapitalis\" \/>\n<meta property=\"og:description\" content=\"Le jeune lat\u00e9ral droit fran\u00e7ais d\u2019origine tunisienne (du c\u00f4t\u00e9 de sa m\u00e8re) et martiniquaise (du c\u00f4t\u00e9 de son p\u00e8re), Yan Val\u00e9ry, se trouve dans le viseur de l\u2019\u00e9quipe de Tunisie. Mais il a encore la t\u00eate ailleurs. Par Hassen Mzoughi\" \/>\n<meta property=\"og:url\" content=\"https:\/\/kapitalis.com\/tunisie\/2019\/03\/15\/yan-valery-sera-t-il-lune-des-prochaines-stars-de-lequipe-tunisie\/\" \/>\n<meta property=\"og:site_name\" content=\"Kapitalis\" \/>\n<meta property=\"article:publisher\" content=\"https:\/\/www.facebook.com\/KapitalisInfo\/\" \/>\n<meta property=\"article:published_time\" content=\"2019-03-15T09:32:42+00:00\" \/>\n<meta property=\"og:image\" content=\"https:\/\/kapitalis.com\/tunisie\/wp-content\/uploads\/2022\/05\/kapitalis-logo-fb.png\" \/>\n\t<meta property=\"og:image:width\" content=\"1200\" \/>\n\t<meta property=\"og:image:height\" content=\"630\" \/>\n\t<meta property=\"og:image:type\" content=\"image\/png\" \/>\n<meta name=\"author\" content=\"webmaster kapitalis\" \/>\n<meta name=\"twitter:card\" content=\"summary_large_image\" \/>\n<meta name=\"twitter:creator\" content=\"@KapitalisInfo\" \/>\n<meta name=\"twitter:site\" content=\"@KapitalisInfo\" \/>\n<meta name=\"twitter:label1\" content=\"\u00c9crit par\" \/>\n\t<meta name=\"twitter:data1\" content=\"webmaster kapitalis\" \/>\n\t<meta name=\"twitter:label2\" content=\"Dur\u00e9e de lecture estim\u00e9e\" \/>\n\t<meta name=\"twitter:data2\" content=\"4 minutes\" \/>\n<script type=\"application\/ld+json\" class=\"yoast-schema-graph\">{\"@context\":\"https:\/\/schema.org\",\"@graph\":[{\"@type\":\"Article\",\"@id\":\"https:\/\/kapitalis.com\/tunisie\/2019\/03\/15\/yan-valery-sera-t-il-lune-des-prochaines-stars-de-lequipe-tunisie\/#article\",\"isPartOf\":{\"@id\":\"https:\/\/kapitalis.com\/tunisie\/2019\/03\/15\/yan-valery-sera-t-il-lune-des-prochaines-stars-de-lequipe-tunisie\/\"},\"author\":{\"name\":\"webmaster kapitalis\",\"@id\":\"https:\/\/kapitalis.com\/tunisie\/#\/schema\/person\/d71f33a9ca44f7bad4698210b480c8e9\"},\"headline\":\"Yan Valery sera-t-il l&rsquo;une des prochaines stars de l\u2019\u00e9quipe Tunisie ?\",\"datePublished\":\"2019-03-15T09:32:42+00:00\",\"mainEntityOfPage\":{\"@id\":\"https:\/\/kapitalis.com\/tunisie\/2019\/03\/15\/yan-valery-sera-t-il-lune-des-prochaines-stars-de-lequipe-tunisie\/\"},\"wordCount\":827,\"commentCount\":0,\"publisher\":{\"@id\":\"https:\/\/kapitalis.com\/tunisie\/#organization\"},\"image\":{\"@id\":\"https:\/\/kapitalis.com\/tunisie\/2019\/03\/15\/yan-valery-sera-t-il-lune-des-prochaines-stars-de-lequipe-tunisie\/#primaryimage\"},\"thumbnailUrl\":\"\",\"keywords\":[\"Alain Giresse\",\"\u00e9quipe de Tunisie\",\"F\u00e9d\u00e9ration tunisienne de football\"],\"articleSection\":[\"A LA UNE\",\"SPORT\",\"Tunisie\"],\"inLanguage\":\"fr-FR\",\"potentialAction\":[{\"@type\":\"CommentAction\",\"name\":\"Comment\",\"target\":[\"https:\/\/kapitalis.com\/tunisie\/2019\/03\/15\/yan-valery-sera-t-il-lune-des-prochaines-stars-de-lequipe-tunisie\/#respond\"]}]},{\"@type\":\"WebPage\",\"@id\":\"https:\/\/kapitalis.com\/tunisie\/2019\/03\/15\/yan-valery-sera-t-il-lune-des-prochaines-stars-de-lequipe-tunisie\/\",\"url\":\"https:\/\/kapitalis.com\/tunisie\/2019\/03\/15\/yan-valery-sera-t-il-lune-des-prochaines-stars-de-lequipe-tunisie\/\",\"name\":\"Yan Valery sera-t-il l'une des prochaines stars de l\u2019\u00e9quipe Tunisie ? - Kapitalis\",\"isPartOf\":{\"@id\":\"https:\/\/kapitalis.com\/tunisie\/#website\"},\"primaryImageOfPage\":{\"@id\":\"https:\/\/kapitalis.com\/tunisie\/2019\/03\/15\/yan-valery-sera-t-il-lune-des-prochaines-stars-de-lequipe-tunisie\/#primaryimage\"},\"image\":{\"@id\":\"https:\/\/kapitalis.com\/tunisie\/2019\/03\/15\/yan-valery-sera-t-il-lune-des-prochaines-stars-de-lequipe-tunisie\/#primaryimage\"},\"thumbnailUrl\":\"\",\"datePublished\":\"2019-03-15T09:32:42+00:00\",\"breadcrumb\":{\"@id\":\"https:\/\/kapitalis.com\/tunisie\/2019\/03\/15\/yan-valery-sera-t-il-lune-des-prochaines-stars-de-lequipe-tunisie\/#breadcrumb\"},\"inLanguage\":\"fr-FR\",\"potentialAction\":[{\"@type\":\"ReadAction\",\"target\":[\"https:\/\/kapitalis.com\/tunisie\/2019\/03\/15\/yan-valery-sera-t-il-lune-des-prochaines-stars-de-lequipe-tunisie\/\"]}]},{\"@type\":\"ImageObject\",\"inLanguage\":\"fr-FR\",\"@id\":\"https:\/\/kapitalis.com\/tunisie\/2019\/03\/15\/yan-valery-sera-t-il-lune-des-prochaines-stars-de-lequipe-tunisie\/#primaryimage\",\"url\":\"\",\"contentUrl\":\"\"},{\"@type\":\"BreadcrumbList\",\"@id\":\"https:\/\/kapitalis.com\/tunisie\/2019\/03\/15\/yan-valery-sera-t-il-lune-des-prochaines-stars-de-lequipe-tunisie\/#breadcrumb\",\"itemListElement\":[{\"@type\":\"ListItem\",\"position\":1,\"name\":\"Accueil\",\"item\":\"https:\/\/kapitalis.com\/tunisie\/\"},{\"@type\":\"ListItem\",\"position\":2,\"name\":\"Yan Valery sera-t-il l&rsquo;une des prochaines stars de l\u2019\u00e9quipe Tunisie ?\"}]},{\"@type\":\"WebSite\",\"@id\":\"https:\/\/kapitalis.com\/tunisie\/#website\",\"url\":\"https:\/\/kapitalis.com\/tunisie\/\",\"name\":\"Kapitalis\",\"description\":\"L&#039;actualit\u00e9 en Tunisie et dans le monde\",\"publisher\":{\"@id\":\"https:\/\/kapitalis.com\/tunisie\/#organization\"},\"potentialAction\":[{\"@type\":\"SearchAction\",\"target\":{\"@type\":\"EntryPoint\",\"urlTemplate\":\"https:\/\/kapitalis.com\/tunisie\/?s={search_term_string}\"},\"query-input\":{\"@type\":\"PropertyValueSpecification\",\"valueRequired\":true,\"valueName\":\"search_term_string\"}}],\"inLanguage\":\"fr-FR\"},{\"@type\":\"Organization\",\"@id\":\"https:\/\/kapitalis.com\/tunisie\/#organization\",\"name\":\"Kapitalis\",\"url\":\"https:\/\/kapitalis.com\/tunisie\/\",\"logo\":{\"@type\":\"ImageObject\",\"inLanguage\":\"fr-FR\",\"@id\":\"https:\/\/kapitalis.com\/tunisie\/#\/schema\/logo\/image\/\",\"url\":\"https:\/\/kapitalis.com\/tunisie\/wp-content\/uploads\/2022\/05\/Kapitalis-big-size.png\",\"contentUrl\":\"https:\/\/kapitalis.com\/tunisie\/wp-content\/uploads\/2022\/05\/Kapitalis-big-size.png\",\"width\":5000,\"height\":1500,\"caption\":\"Kapitalis\"},\"image\":{\"@id\":\"https:\/\/kapitalis.com\/tunisie\/#\/schema\/logo\/image\/\"},\"sameAs\":[\"https:\/\/www.facebook.com\/KapitalisInfo\/\",\"https:\/\/x.com\/KapitalisInfo\",\"https:\/\/www.youtube.com\/channel\/UC-yDYrHyfFBWWZaOw3FPg9Q\"]},{\"@type\":\"Person\",\"@id\":\"https:\/\/kapitalis.com\/tunisie\/#\/schema\/person\/d71f33a9ca44f7bad4698210b480c8e9\",\"name\":\"webmaster kapitalis\",\"url\":\"https:\/\/kapitalis.com\/tunisie\/author\/webmaster-kapitalis\/\"}]}<\/script>\n<!-- \/ Yoast SEO plugin. -->","yoast_head_json":{"title":"Yan Valery sera-t-il l'une des prochaines stars de l\u2019\u00e9quipe Tunisie ? - Kapitalis","robots":{"index":"index","follow":"follow","max-snippet":"max-snippet:-1","max-image-preview":"max-image-preview:large","max-video-preview":"max-video-preview:-1"},"canonical":"https:\/\/kapitalis.com\/tunisie\/2019\/03\/15\/yan-valery-sera-t-il-lune-des-prochaines-stars-de-lequipe-tunisie\/","og_locale":"fr_FR","og_type":"article","og_title":"Yan Valery sera-t-il l'une des prochaines stars de l\u2019\u00e9quipe Tunisie ? - Kapitalis","og_description":"Le jeune lat\u00e9ral droit fran\u00e7ais d\u2019origine tunisienne (du c\u00f4t\u00e9 de sa m\u00e8re) et martiniquaise (du c\u00f4t\u00e9 de son p\u00e8re), Yan Val\u00e9ry, se trouve dans le viseur de l\u2019\u00e9quipe de Tunisie. Mais il a encore la t\u00eate ailleurs. Par Hassen Mzoughi","og_url":"https:\/\/kapitalis.com\/tunisie\/2019\/03\/15\/yan-valery-sera-t-il-lune-des-prochaines-stars-de-lequipe-tunisie\/","og_site_name":"Kapitalis","article_publisher":"https:\/\/www.facebook.com\/KapitalisInfo\/","article_published_time":"2019-03-15T09:32:42+00:00","og_image":[{"width":1200,"height":630,"url":"https:\/\/kapitalis.com\/tunisie\/wp-content\/uploads\/2022\/05\/kapitalis-logo-fb.png","type":"image\/png"}],"author":"webmaster kapitalis","twitter_card":"summary_large_image","twitter_creator":"@KapitalisInfo","twitter_site":"@KapitalisInfo","twitter_misc":{"\u00c9crit par":"webmaster kapitalis","Dur\u00e9e de lecture estim\u00e9e":"4 minutes"},"schema":{"@context":"https:\/\/schema.org","@graph":[{"@type":"Article","@id":"https:\/\/kapitalis.com\/tunisie\/2019\/03\/15\/yan-valery-sera-t-il-lune-des-prochaines-stars-de-lequipe-tunisie\/#article","isPartOf":{"@id":"https:\/\/kapitalis.com\/tunisie\/2019\/03\/15\/yan-valery-sera-t-il-lune-des-prochaines-stars-de-lequipe-tunisie\/"},"author":{"name":"webmaster kapitalis","@id":"https:\/\/kapitalis.com\/tunisie\/#\/schema\/person\/d71f33a9ca44f7bad4698210b480c8e9"},"headline":"Yan Valery sera-t-il l&rsquo;une des prochaines stars de l\u2019\u00e9quipe Tunisie ?","datePublished":"2019-03-15T09:32:42+00:00","mainEntityOfPage":{"@id":"https:\/\/kapitalis.com\/tunisie\/2019\/03\/15\/yan-valery-sera-t-il-lune-des-prochaines-stars-de-lequipe-tunisie\/"},"wordCount":827,"commentCount":0,"publisher":{"@id":"https:\/\/kapitalis.com\/tunisie\/#organization"},"image":{"@id":"https:\/\/kapitalis.com\/tunisie\/2019\/03\/15\/yan-valery-sera-t-il-lune-des-prochaines-stars-de-lequipe-tunisie\/#primaryimage"},"thumbnailUrl":"","keywords":["Alain Giresse","\u00e9quipe de Tunisie","F\u00e9d\u00e9ration tunisienne de football"],"articleSection":["A LA UNE","SPORT","Tunisie"],"inLanguage":"fr-FR","potentialAction":[{"@type":"CommentAction","name":"Comment","target":["https:\/\/kapitalis.com\/tunisie\/2019\/03\/15\/yan-valery-sera-t-il-lune-des-prochaines-stars-de-lequipe-tunisie\/#respond"]}]},{"@type":"WebPage","@id":"https:\/\/kapitalis.com\/tunisie\/2019\/03\/15\/yan-valery-sera-t-il-lune-des-prochaines-stars-de-lequipe-tunisie\/","url":"https:\/\/kapitalis.com\/tunisie\/2019\/03\/15\/yan-valery-sera-t-il-lune-des-prochaines-stars-de-lequipe-tunisie\/","name":"Yan Valery sera-t-il l'une des prochaines stars de l\u2019\u00e9quipe Tunisie ? - Kapitalis","isPartOf":{"@id":"https:\/\/kapitalis.com\/tunisie\/#website"},"primaryImageOfPage":{"@id":"https:\/\/kapitalis.com\/tunisie\/2019\/03\/15\/yan-valery-sera-t-il-lune-des-prochaines-stars-de-lequipe-tunisie\/#primaryimage"},"image":{"@id":"https:\/\/kapitalis.com\/tunisie\/2019\/03\/15\/yan-valery-sera-t-il-lune-des-prochaines-stars-de-lequipe-tunisie\/#primaryimage"},"thumbnailUrl":"","datePublished":"2019-03-15T09:32:42+00:00","breadcrumb":{"@id":"https:\/\/kapitalis.com\/tunisie\/2019\/03\/15\/yan-valery-sera-t-il-lune-des-prochaines-stars-de-lequipe-tunisie\/#breadcrumb"},"inLanguage":"fr-FR","potentialAction":[{"@type":"ReadAction","target":["https:\/\/kapitalis.com\/tunisie\/2019\/03\/15\/yan-valery-sera-t-il-lune-des-prochaines-stars-de-lequipe-tunisie\/"]}]},{"@type":"ImageObject","inLanguage":"fr-FR","@id":"https:\/\/kapitalis.com\/tunisie\/2019\/03\/15\/yan-valery-sera-t-il-lune-des-prochaines-stars-de-lequipe-tunisie\/#primaryimage","url":"","contentUrl":""},{"@type":"BreadcrumbList","@id":"https:\/\/kapitalis.com\/tunisie\/2019\/03\/15\/yan-valery-sera-t-il-lune-des-prochaines-stars-de-lequipe-tunisie\/#breadcrumb","itemListElement":[{"@type":"ListItem","position":1,"name":"Accueil","item":"https:\/\/kapitalis.com\/tunisie\/"},{"@type":"ListItem","position":2,"name":"Yan Valery sera-t-il l&rsquo;une des prochaines stars de l\u2019\u00e9quipe Tunisie ?"}]},{"@type":"WebSite","@id":"https:\/\/kapitalis.com\/tunisie\/#website","url":"https:\/\/kapitalis.com\/tunisie\/","name":"Kapitalis","description":"L&#039;actualit\u00e9 en Tunisie et dans le monde","publisher":{"@id":"https:\/\/kapitalis.com\/tunisie\/#organization"},"potentialAction":[{"@type":"SearchAction","target":{"@type":"EntryPoint","urlTemplate":"https:\/\/kapitalis.com\/tunisie\/?s={search_term_string}"},"query-input":{"@type":"PropertyValueSpecification","valueRequired":true,"valueName":"search_term_string"}}],"inLanguage":"fr-FR"},{"@type":"Organization","@id":"https:\/\/kapitalis.com\/tunisie\/#organization","name":"Kapitalis","url":"https:\/\/kapitalis.com\/tunisie\/","logo":{"@type":"ImageObject","inLanguage":"fr-FR","@id":"https:\/\/kapitalis.com\/tunisie\/#\/schema\/logo\/image\/","url":"https:\/\/kapitalis.com\/tunisie\/wp-content\/uploads\/2022\/05\/Kapitalis-big-size.png","contentUrl":"https:\/\/kapitalis.com\/tunisie\/wp-content\/uploads\/2022\/05\/Kapitalis-big-size.png","width":5000,"height":1500,"caption":"Kapitalis"},"image":{"@id":"https:\/\/kapitalis.com\/tunisie\/#\/schema\/logo\/image\/"},"sameAs":["https:\/\/www.facebook.com\/KapitalisInfo\/","https:\/\/x.com\/KapitalisInfo","https:\/\/www.youtube.com\/channel\/UC-yDYrHyfFBWWZaOw3FPg9Q"]},{"@type":"Person","@id":"https:\/\/kapitalis.com\/tunisie\/#\/schema\/person\/d71f33a9ca44f7bad4698210b480c8e9","name":"webmaster kapitalis","url":"https:\/\/kapitalis.com\/tunisie\/author\/webmaster-kapitalis\/"}]}},"_links":{"self":[{"href":"https:\/\/kapitalis.com\/tunisie\/wp-json\/wp\/v2\/posts\/202442","targetHints":{"allow":["GET"]}}],"collection":[{"href":"https:\/\/kapitalis.com\/tunisie\/wp-json\/wp\/v2\/posts"}],"about":[{"href":"https:\/\/kapitalis.com\/tunisie\/wp-json\/wp\/v2\/types\/post"}],"author":[{"embeddable":true,"href":"https:\/\/kapitalis.com\/tunisie\/wp-json\/wp\/v2\/users\/8"}],"replies":[{"embeddable":true,"href":"https:\/\/kapitalis.com\/tunisie\/wp-json\/wp\/v2\/comments?post=202442"}],"version-history":[{"count":0,"href":"https:\/\/kapitalis.com\/tunisie\/wp-json\/wp\/v2\/posts\/202442\/revisions"}],"wp:featuredmedia":[{"embeddable":true,"href":"https:\/\/kapitalis.com\/tunisie\/wp-json\/wp\/v2\/media\/202444"}],"wp:attachment":[{"href":"https:\/\/kapitalis.com\/tunisie\/wp-json\/wp\/v2\/media?parent=202442"}],"wp:term":[{"taxonomy":"category","embeddable":true,"href":"https:\/\/kapitalis.com\/tunisie\/wp-json\/wp\/v2\/categories?post=202442"},{"taxonomy":"post_tag","embeddable":true,"href":"https:\/\/kapitalis.com\/tunisie\/wp-json\/wp\/v2\/tags?post=202442"}],"curies":[{"name":"wp","href":"https:\/\/api.w.org\/{rel}","templated":true}]}}